{"id":535386,"date":"2025-08-27T09:45:46","date_gmt":"2025-08-27T13:45:46","guid":{"rendered":"https:\/\/diarioelpopular.com\/?p=535386"},"modified":"2025-08-27T09:45:46","modified_gmt":"2025-08-27T13:45:46","slug":"quien-es-lisa-cook-la-gobernadora-de-la-reserva-federal-a-la-que-trump-ordeno-destituir-por-se-democrata","status":"publish","type":"post","link":"https:\/\/diarioelpopular.com\/index.php\/2025\/08\/27\/quien-es-lisa-cook-la-gobernadora-de-la-reserva-federal-a-la-que-trump-ordeno-destituir-por-se-democrata\/","title":{"rendered":"Qui\u00e9n es Lisa Cook, la gobernadora de la Reserva Federal a la que Trump orden\u00f3 destituir por se dem\u00f3crata"},"content":{"rendered":"<div id=\"attachment_535388\" style=\"width: 646px\" class=\"wp-caption alignnone\"><img loading=\"lazy\" decoding=\"async\" aria-describedby=\"caption-attachment-535388\" class=\"wp-image-535388 size-custom-full-size\" src=\"https:\/\/diarioelpopular.com\/wp-content\/uploads\/2025\/08\/Screen-Shot-2025-08-27-at-9.44.29-AM-636x360.png\" alt=\"\" width=\"636\" height=\"360\" srcset=\"https:\/\/diarioelpopular.com\/wp-content\/uploads\/2025\/08\/Screen-Shot-2025-08-27-at-9.44.29-AM-636x360.png 636w, https:\/\/diarioelpopular.com\/wp-content\/uploads\/2025\/08\/Screen-Shot-2025-08-27-at-9.44.29-AM-300x170.png 300w, https:\/\/diarioelpopular.com\/wp-content\/uploads\/2025\/08\/Screen-Shot-2025-08-27-at-9.44.29-AM-768x435.png 768w, https:\/\/diarioelpopular.com\/wp-content\/uploads\/2025\/08\/Screen-Shot-2025-08-27-at-9.44.29-AM-129x73.png 129w, https:\/\/diarioelpopular.com\/wp-content\/uploads\/2025\/08\/Screen-Shot-2025-08-27-at-9.44.29-AM.png 858w\" sizes=\"auto, (max-width: 636px) 100vw, 636px\" \/><p id=\"caption-attachment-535388\" class=\"wp-caption-text\">La destacada economista se ha convertido en el \u00faltimo blanco de los ataques de Trump contra la Reserva Federal.<\/p><\/div>\n<p>&nbsp;<\/p>\n<div class=\"bbc-19j92fr ebmt73l0\" dir=\"ltr\">\n<ul>\n<li class=\"bbc-hhl7in e17g058b0\" dir=\"ltr\"><em><b>El pulso que Donald Trump mantiene con la Reserva Federal de Estados Unidos no hace m\u00e1s que agudizarse.<\/b><\/em><\/li>\n<\/ul>\n<\/div>\n<div class=\"bbc-19j92fr ebmt73l0\" dir=\"ltr\">\n<p dir=\"ltr\">\n<p class=\"bbc-hhl7in e17g058b0\" dir=\"ltr\">El lunes, Trump anunci\u00f3 su intenci\u00f3n de destituir inmediatamente a Lisa Cook, miembro de la Reserva Federal, asegurando que realiz\u00f3 declaraciones falsas, sin presentar evidencia, en el momento de solicitar unas hipotecas.<\/p>\n<\/div>\n<div class=\"bbc-19j92fr ebmt73l0\" dir=\"ltr\">\n<p class=\"bbc-hhl7in e17g058b0\" dir=\"ltr\">El mandatario asegur\u00f3 que la Constituci\u00f3n le otorga facultades para despedir a Cook, una afirmaci\u00f3n que la afectada ha negado, al tiempo que ha descartado renunciar y ha anunciado la presentaci\u00f3n de una demanda contra la arbitraria decisi\u00f3n de Trump.<\/p>\n<\/div>\n<div class=\"bbc-19j92fr ebmt73l0\" dir=\"ltr\">\n<p class=\"bbc-hhl7in e17g058b0\" dir=\"ltr\">La medida de Trump no tiene precedentes y se produce en un momento en que el mandatario ha aumentado la presi\u00f3n sobre la Fed, como se conoce popularmente a la Reserva Federal, especialmente sobre su presidente, Jerome Powell, para conseguir una reducci\u00f3n de las tasas de inter\u00e9s.<\/p>\n<\/div>\n<section class=\"bbc-geybui\" role=\"region\" aria-label=\"Publicidad 2\" aria-hidden=\"true\" data-e2e=\"advertisement\">\n<div id=\"dotcom-mpu\" class=\"dotcom-ad active\" aria-hidden=\"true\">\n<div class=\"dotcom-ad-inner\">\n<div id=\"dotcom-slot-mpu\" class=\"dotcom-slot\" data-google-query-id=\"CP-wkMmMq48DFWepAAAdFjsU_g\">\n<div id=\"google_ads_iframe_\/4817\/bbcworldservice.live.site.mundo\/mundo_content_1__container__\"><\/div>\n<\/div>\n<\/div>\n<\/div>\n<\/section>\n<figure class=\"bbc-1qn0xuy\">\n<div class=\"bbc-1gbs0ve\">\n<div style=\"width: 1034px\" class=\"wp-caption alignnone\"><img loading=\"lazy\" decoding=\"async\" class=\"bbc-139onq\" src=\"https:\/\/ichef.bbci.co.uk\/ace\/ws\/640\/cpsprodpb\/3034\/live\/f796caf0-8273-11f0-83cc-c5da98c419b8.jpg.webp\" alt=\"Trump junto a Jerome Powell\" width=\"1024\" height=\"683\" \/><p class=\"wp-caption-text\">Fuente de la imagen: Chip Somodevilla\/Getty Images. Trump ha pasado las \u00faltimas semanas amenazando con despedir al presidente del banco central estadounidense.<\/p><\/div>\n<p class=\"bbc-by8ykd\" role=\"text\">\n<\/div>\n<\/figure>\n<div class=\"bbc-19j92fr ebmt73l0\" dir=\"ltr\">\n<h2 id=\"Rompiendo-el-techo-de-cristal\" class=\"bbc-1lgzob2 eglt09e0\" tabindex=\"-1\">Rompiendo el techo de cristal<\/h2>\n<\/div>\n<div class=\"bbc-19j92fr ebmt73l0\" dir=\"ltr\">\n<p class=\"bbc-hhl7in e17g058b0\" dir=\"ltr\">Cook, quien fue profesora de la Escuela de Gobierno de la Universidad de Harvard, es una de los siete miembros de la junta de gobernadores de la Fed y forma parte del comit\u00e9 de 12 miembros responsable de fijar las tasas de inter\u00e9s en EE.UU.<\/p>\n<\/div>\n<div class=\"bbc-19j92fr ebmt73l0\" dir=\"ltr\">\n<p class=\"bbc-hhl7in e17g058b0\" dir=\"ltr\">Cook vot\u00f3 junto con Powell y la mayor\u00eda de los dem\u00e1s miembros del comit\u00e9 a favor de mantener las tasas en EE.UU. en la \u00faltima reuni\u00f3n de la Fed, celebrada a finales de julio.<\/p>\n<\/div>\n<div class=\"bbc-19j92fr ebmt73l0\" dir=\"ltr\">\n<p class=\"bbc-hhl7in e17g058b0\" dir=\"ltr\">La acad\u00e9mica fue nombrada por el predecesor de Trump, el dem\u00f3crata Joe Biden, en 2022 y es la primera mujer afroestadounidense en ocupar el cargo de gobernadora de la Fed. Su mandato concluye en 2038.<\/p>\n<\/div>\n<div class=\"bbc-19j92fr ebmt73l0\" dir=\"ltr\">\n<p class=\"bbc-hhl7in e17g058b0\" dir=\"ltr\">En el pasado, la reconocida economista form\u00f3 parte del Consejo de Asesores Econ\u00f3micos durante la presidencia de Barack Obama (2009-2017) y trabaj\u00f3 en el Departamento del Tesoro.<\/p>\n<p dir=\"ltr\">\n<\/div>\n<figure class=\"bbc-1qn0xuy\">\n<div class=\"bbc-1gbs0ve\">\n<div style=\"width: 1034px\" class=\"wp-caption alignnone\"><img loading=\"lazy\" decoding=\"async\" class=\"bbc-139onq\" src=\"https:\/\/ichef.bbci.co.uk\/ace\/ws\/640\/cpsprodpb\/7c23\/live\/87649ae0-8274-11f0-ab3e-bd52082cd0ae.jpg.webp\" alt=\"Pantallas con indicadores econ\u00f3micos\" width=\"1024\" height=\"683\" \/><p class=\"wp-caption-text\">Fuente de la imagen: Bloomberg v\u00eda Getty Images. Los inversionistas se mantienen a la expectativa de la suerte de Cook.<\/p><\/div>\n<p class=\"bbc-by8ykd\" role=\"text\">\n<\/div>\n<\/figure>\n<div class=\"bbc-19j92fr ebmt73l0\" dir=\"ltr\"><\/div>\n<div class=\"bbc-4quw3x e1rfboeq7\" dir=\"ltr\" data-e2e=\"podcast-promo\">\n<section class=\"e1rfboeq6 bbc-12e4ke4 e1s8ztj50\" role=\"region\" aria-labelledby=\"podcast-promo\">\n<div class=\"bbc-bjn8wh eveec6k2\">\n<p id=\"end-of-podcasts\" class=\"bbc-10a2avq eveec6k0\" tabindex=\"-1\">\n<\/div>\n<\/section>\n<\/div>\n<div class=\"bbc-19j92fr ebmt73l0\" dir=\"ltr\">\n<p class=\"bbc-hhl7in e17g058b0\" dir=\"ltr\">La decisi\u00f3n de Trump de destituir a Cook probablemente plantear\u00e1 cuestiones legales, ya que los expertos indican que la Casa Blanca deber\u00e1 demostrar, en los tribunales, que ten\u00eda motivos suficientes para despedirla.<\/p>\n<\/div>\n<div class=\"bbc-19j92fr ebmt73l0\" dir=\"ltr\">\n<p class=\"bbc-hhl7in e17g058b0\" dir=\"ltr\">La Ley de la Reserva Federal no autoriza al presidente a destituir a ninguno de sus directivos, salvo que haya una &#8220;causa justificada&#8221;.<\/p>\n<\/div>\n<div class=\"bbc-19j92fr ebmt73l0\" dir=\"ltr\">\n<p class=\"bbc-hhl7in e17g058b0\" dir=\"ltr\">&#8220;Por ahora, creo que es bastante cuestionable si existe causa alguna, pero obviamente es en eso en lo que (Trump) se basa, y espero que lo impugne&#8221;, declar\u00f3 la exfiscal Shan Wu a la CNN.<\/p>\n<\/div>\n<div class=\"bbc-19j92fr ebmt73l0\" dir=\"ltr\">\n<p class=\"bbc-hhl7in e17g058b0\" dir=\"ltr\">&#8220;El presidente Trump pretendi\u00f3 despedirme &#8216;con causa justificada&#8217; cuando no existe ninguna causa legal, y no tiene autoridad para hacerlo&#8221;, declar\u00f3 Cook en un comunicado.<\/p>\n<\/div>\n<div class=\"bbc-19j92fr ebmt73l0\" dir=\"ltr\">\n<p class=\"bbc-hhl7in e17g058b0\" dir=\"ltr\">&#8220;No renunciar\u00e9. Continuar\u00e9 desempe\u00f1ando mis funciones para ayudar a la econom\u00eda estadounidense, como lo he hecho desde 2022&#8221;, a\u00f1adi\u00f3.<\/p>\n<\/div>\n<div class=\"bbc-19j92fr ebmt73l0\" dir=\"ltr\">\n<p class=\"bbc-hhl7in e17g058b0\" dir=\"ltr\">Por su parte, el abogado de la directiva, Abbe David Lowell, afirm\u00f3 que &#8220;tomaremos todas las medidas necesarias para evitar el intento de acci\u00f3n ilegal (de Trump)&#8221;.<\/p>\n<\/div>\n<div class=\"bbc-19j92fr ebmt73l0\" dir=\"ltr\">\n<p class=\"bbc-hhl7in e17g058b0\" dir=\"ltr\">M\u00e1s tarde anunci\u00f3 la presentaci\u00f3n de una demanda contra la decisi\u00f3n de Trump, alegando que el mandatario &#8220;no tiene la autoridad&#8221; para despedir a Cook.<\/p>\n<p dir=\"ltr\">\n<\/div>\n<figure class=\"bbc-1qn0xuy\">\n<div class=\"bbc-1gbs0ve\">\n<div style=\"width: 1034px\" class=\"wp-caption alignnone\"><img loading=\"lazy\" decoding=\"async\" class=\"bbc-139onq\" src=\"https:\/\/ichef.bbci.co.uk\/ace\/ws\/640\/cpsprodpb\/96e5\/live\/f0b59400-827d-11f0-a34f-318be3fb0481.jpg.webp\" alt=\"Fachada de la Corte Suprema de EE.UU.\" width=\"1024\" height=\"683\" \/><p class=\"wp-caption-text\">Fuente de la imagen,AFP via Getty Images. Los expertos dudan que Trump pueda destituir a alguno de los directivos de la Fed y pronostican una batalla judicial.<\/p><\/div>\n<p class=\"bbc-by8ykd\" role=\"text\">\n<\/div>\n<\/figure>\n<div class=\"bbc-19j92fr ebmt73l0\" dir=\"ltr\">\n<h2 id=\"Las-razones-de-la-actual-disputa\" class=\"bbc-1lgzob2 eglt09e0\" tabindex=\"-1\">Las razones de la actual disputa<\/h2>\n<\/div>\n<div class=\"bbc-19j92fr ebmt73l0\" dir=\"ltr\">\n<p class=\"bbc-hhl7in e17g058b0\" dir=\"ltr\">Trump public\u00f3 una carta dirigida a Cook en la que le informaba de su decisi\u00f3n de destituirla de la junta directiva de la Reserva Federal con efecto inmediato.<\/p>\n<\/div>\n<div class=\"bbc-19j92fr ebmt73l0\" dir=\"ltr\">\n<p class=\"bbc-hhl7in e17g058b0\" dir=\"ltr\">En la misma, Trump afirma que Cook firm\u00f3 un documento en el que solicitaba una hipoteca y en el que aseguraba que una propiedad en Michigan ser\u00eda su residencia principal durante el pr\u00f3ximo a\u00f1o.<\/p>\n<\/div>\n<div class=\"bbc-19j92fr ebmt73l0\" dir=\"ltr\">\n<p class=\"bbc-hhl7in e17g058b0\" dir=\"ltr\">&#8220;Dos semanas despu\u00e9s, usted firm\u00f3 otro documento para una propiedad en Georgia, declarando que ser\u00eda su residencia principal durante el pr\u00f3ximo a\u00f1o&#8221;, declar\u00f3 Trump.<\/p>\n<\/div>\n<div class=\"bbc-19j92fr ebmt73l0\" dir=\"ltr\">\n<p class=\"bbc-hhl7in e17g058b0\" dir=\"ltr\">&#8220;Es inconcebible que no estuviera al tanto de su primer compromiso al asumir el segundo&#8221;, escribi\u00f3.<\/p>\n<\/div>\n<div class=\"bbc-19j92fr ebmt73l0\" dir=\"ltr\">\n<p class=\"bbc-hhl7in e17g058b0\" dir=\"ltr\">Trump hab\u00eda solicitado la renuncia de Cook la semana pasada por la acusaci\u00f3n de fraude hipotecario, presentada inicialmente en una carta p\u00fablica del regulador de financiaci\u00f3n de la vivienda, Bill Pulte, a la fiscal general Pam Bondi. Pulte es un cercano aliado de Trump.<\/p>\n<\/div>\n<div class=\"bbc-19j92fr ebmt73l0\" dir=\"ltr\">\n<p class=\"bbc-hhl7in e17g058b0\" dir=\"ltr\">El regulador calific\u00f3 las declaraciones de Cook como una &#8220;denuncia penal&#8221; e inst\u00f3 al Departamento de Justicia a investigar. Hasta el momento, no est\u00e1 claro si se ha abierto una investigaci\u00f3n.<\/p>\n<\/div>\n<div class=\"bbc-19j92fr ebmt73l0\" dir=\"ltr\">\n<p class=\"bbc-hhl7in e17g058b0\" dir=\"ltr\">Cook declar\u00f3 la semana pasada que se enter\u00f3 de las acusaciones a trav\u00e9s de los medios de comunicaci\u00f3n, y que el asunto se origin\u00f3 a ra\u00edz de una solicitud de pr\u00e9stamo hipotecario que present\u00f3 hace cuatro a\u00f1os, antes de incorporarse al banco central.<\/p>\n<p dir=\"ltr\">\n<\/div>\n<figure class=\"bbc-1qn0xuy\">\n<div class=\"bbc-1gbs0ve\">\n<div style=\"width: 1034px\" class=\"wp-caption alignnone\"><img loading=\"lazy\" decoding=\"async\" class=\"bbc-139onq\" src=\"https:\/\/ichef.bbci.co.uk\/ace\/ws\/640\/cpsprodpb\/1f3e\/live\/c376b7c0-8274-11f0-a34f-318be3fb0481.jpg.webp\" alt=\"Cook en la reuni\u00f3n del comit\u00e9 de la Fed\" width=\"1024\" height=\"683\" \/><p class=\"wp-caption-text\">Fuente de la imagen,Getty Images. Cook forma parte del comit\u00e9 que decide las tasas de inter\u00e9s, las cuales Trump tiene tiempo demandando que sean recortadas.<\/p><\/div>\n<p class=\"bbc-by8ykd\" role=\"text\">\n<\/div>\n<\/figure>\n<div class=\"bbc-19j92fr ebmt73l0\" dir=\"ltr\">\n<p dir=\"ltr\">\n<p class=\"bbc-hhl7in e17g058b0\" dir=\"ltr\">&#8220;No tengo intenci\u00f3n de permitir que me presionen para que renuncie a mi cargo debido a algunas preguntas planteadas en un tuit&#8221;, afirm\u00f3.<\/p>\n<\/div>\n<div class=\"bbc-19j92fr ebmt73l0\" dir=\"ltr\">\n<p class=\"bbc-hhl7in e17g058b0\" dir=\"ltr\">&#8220;Tengo la intenci\u00f3n de tomar en serio cualquier pregunta sobre mi historial financiero como miembro de la Reserva Federal, por lo que estoy recopilando la informaci\u00f3n precisa para responder a cualquier pregunta leg\u00edtima y proporcionar los hechos&#8221;, agreg\u00f3.<\/p>\n<\/div>\n<div class=\"bbc-19j92fr ebmt73l0\" dir=\"ltr\">\n<p class=\"bbc-hhl7in e17g058b0\" dir=\"ltr\">Si Cook o la Reserva Federal se resisten a la decisi\u00f3n de Trump de destituirla, los expertos sugieren que podr\u00eda desencadenar un enfrentamiento entre el banco central y la Casa Blanca. La Reserva Federal se independiz\u00f3 del gobierno estadounidense en 1951.<\/p>\n<\/div>\n<div class=\"bbc-19j92fr ebmt73l0\" dir=\"ltr\">\n<p class=\"bbc-hhl7in e17g058b0\" dir=\"ltr\">Trump tambi\u00e9n ha insinuado repetidamente la posibilidad de despedir a Powell, a quien ha calificado de &#8220;imb\u00e9cil&#8221; y &#8220;terco e imb\u00e9cil&#8221; por no apoyar sus peticiones de recortes r\u00e1pidos y dr\u00e1sticos de los intereses.<\/p>\n<p dir=\"ltr\">\n<\/div>\n<figure class=\"bbc-1qn0xuy\">\n<div class=\"bbc-1gbs0ve\">\n<div style=\"width: 1034px\" class=\"wp-caption alignnone\"><img loading=\"lazy\" decoding=\"async\" class=\"bbc-139onq\" src=\"https:\/\/ichef.bbci.co.uk\/ace\/ws\/640\/cpsprodpb\/8587\/live\/39b93930-8275-11f0-a34f-318be3fb0481.jpg.webp\" alt=\"Trump con la tabla de aranceles por pa\u00edses\" width=\"1024\" height=\"683\" \/><p class=\"wp-caption-text\">Fuente de la imagen,Chip Somodevilla\/Getty Images. Powell se ha negado a rebajar las tasas de inter\u00e9s ante el temor de los efectos de los aranceles impuestos por Trump.<\/p><\/div>\n<p class=\"bbc-by8ykd\" role=\"text\">\n<\/div>\n<\/figure>\n<div class=\"bbc-19j92fr ebmt73l0\" dir=\"ltr\">\n<h2 id=\"Recortes-en-camino\" class=\"bbc-1lgzob2 eglt09e0\" tabindex=\"-1\">\u00bfRecortes en camino?<\/h2>\n<\/div>\n<div class=\"bbc-19j92fr ebmt73l0\" dir=\"ltr\">\n<p class=\"bbc-hhl7in e17g058b0\" dir=\"ltr\">Pero la semana pasada, Powell aument\u00f3 las expectativas de un posible recorte de las tasas de inter\u00e9s en septiembre. En declaraciones a los banqueros reunidos en Jackson Hole, Wyoming, el funcionario argument\u00f3 que el impacto inflacionario de los aranceles de Trump podr\u00eda ser temporal.<\/p>\n<\/div>\n<div class=\"bbc-19j92fr ebmt73l0\" dir=\"ltr\">\n<p class=\"bbc-hhl7in e17g058b0\" dir=\"ltr\">Los mercados se mantienen a la expectativa, sin grandes sobresaltos.<\/p>\n<\/div>\n<div class=\"bbc-19j92fr ebmt73l0\" dir=\"ltr\">\n<p class=\"bbc-hhl7in e17g058b0\" dir=\"ltr\">&#8220;La pregunta clave para los mercados es si Trump logra reemplazar a Cook, \u00bfpodr\u00eda reestructurar a su gusto la composici\u00f3n de la Fed y c\u00f3mo afectar\u00eda eso la percepci\u00f3n del mercado sobre la inversi\u00f3n en EE.UU.?&#8221;, declar\u00f3 Julia Lee, directiva de la consultora FTSE Russell.<\/p>\n<\/div>\n<div class=\"bbc-19j92fr ebmt73l0\" dir=\"ltr\">\n<p class=\"bbc-hhl7in e17g058b0\" dir=\"ltr\">Shoki Omori, estratega jefe del banco japon\u00e9s Mizuho, expres\u00f3 su preocupaci\u00f3n por la presi\u00f3n que Trump ha estado ejerciendo sobre Powell en las \u00faltimas semanas.<\/p>\n<\/div>\n<div class=\"bbc-19j92fr ebmt73l0\" dir=\"ltr\">\n<p class=\"bbc-hhl7in e17g058b0\" dir=\"ltr\">&#8220;Por ahora, Powell parece estar resistiendo, pero quienquiera que sea su sucesor podr\u00eda simplemente escuchar lo que quiera la Casa Blanca. Y eso no pinta nada bien&#8221;, declar\u00f3.<\/p>\n<\/div>\n","protected":false},"excerpt":{"rendered":"<p>&nbsp; El pulso que Donald Trump mantiene con la Reserva Federal de Estados Unidos no hace m\u00e1s que agudizarse. El lunes, Trump anunci\u00f3 su intenci\u00f3n&hellip;<\/p>\n","protected":false},"author":99,"featured_media":535388,"comment_status":"open","ping_status":"open","sticky":false,"template":"","format":"standard","meta":{"footnotes":""},"categories":[24],"tags":[],"class_list":["post-535386","post","type-post","status-publish","format-standard","has-post-thumbnail","hentry","category-mundo"],"_links":{"self":[{"href":"https:\/\/diarioelpopular.com\/index.php\/wp-json\/wp\/v2\/posts\/535386","targetHints":{"allow":["GET"]}}],"collection":[{"href":"https:\/\/diarioelpopular.com\/index.php\/wp-json\/wp\/v2\/posts"}],"about":[{"href":"https:\/\/diarioelpopular.com\/index.php\/wp-json\/wp\/v2\/types\/post"}],"author":[{"embeddable":true,"href":"https:\/\/diarioelpopular.com\/index.php\/wp-json\/wp\/v2\/users\/99"}],"replies":[{"embeddable":true,"href":"https:\/\/diarioelpopular.com\/index.php\/wp-json\/wp\/v2\/comments?post=535386"}],"version-history":[{"count":1,"href":"https:\/\/diarioelpopular.com\/index.php\/wp-json\/wp\/v2\/posts\/535386\/revisions"}],"predecessor-version":[{"id":535389,"href":"https:\/\/diarioelpopular.com\/index.php\/wp-json\/wp\/v2\/posts\/535386\/revisions\/535389"}],"wp:featuredmedia":[{"embeddable":true,"href":"https:\/\/diarioelpopular.com\/index.php\/wp-json\/wp\/v2\/media\/535388"}],"wp:attachment":[{"href":"https:\/\/diarioelpopular.com\/index.php\/wp-json\/wp\/v2\/media?parent=535386"}],"wp:term":[{"taxonomy":"category","embeddable":true,"href":"https:\/\/diarioelpopular.com\/index.php\/wp-json\/wp\/v2\/categories?post=535386"},{"taxonomy":"post_tag","embeddable":true,"href":"https:\/\/diarioelpopular.com\/index.php\/wp-json\/wp\/v2\/tags?post=535386"}],"curies":[{"name":"wp","href":"https:\/\/api.w.org\/{rel}","templated":true}]}}