{"id":535395,"date":"2025-08-27T10:03:39","date_gmt":"2025-08-27T14:03:39","guid":{"rendered":"https:\/\/diarioelpopular.com\/?p=535395"},"modified":"2025-08-27T10:03:39","modified_gmt":"2025-08-27T14:03:39","slug":"cuando-el-cine-llega-por-primera-vez-a-una-comunidad-sin-luz-en-la-amazonia-peruana","status":"publish","type":"post","link":"https:\/\/diarioelpopular.com\/index.php\/2025\/08\/27\/cuando-el-cine-llega-por-primera-vez-a-una-comunidad-sin-luz-en-la-amazonia-peruana\/","title":{"rendered":"Cuando el cine llega por primera vez a una comunidad sin luz en la Amazonia peruana"},"content":{"rendered":"<div id=\"attachment_535396\" style=\"width: 1210px\" class=\"wp-caption alignnone\"><img loading=\"lazy\" decoding=\"async\" aria-describedby=\"caption-attachment-535396\" class=\"wp-image-535396 size-custom-big-size\" src=\"https:\/\/diarioelpopular.com\/wp-content\/uploads\/2025\/08\/Screen-Shot-2025-08-27-at-10.02.44-AM-1200x673.png\" alt=\"\" width=\"1200\" height=\"673\" srcset=\"https:\/\/diarioelpopular.com\/wp-content\/uploads\/2025\/08\/Screen-Shot-2025-08-27-at-10.02.44-AM-1200x673.png 1200w, https:\/\/diarioelpopular.com\/wp-content\/uploads\/2025\/08\/Screen-Shot-2025-08-27-at-10.02.44-AM-300x168.png 300w, https:\/\/diarioelpopular.com\/wp-content\/uploads\/2025\/08\/Screen-Shot-2025-08-27-at-10.02.44-AM-768x431.png 768w, https:\/\/diarioelpopular.com\/wp-content\/uploads\/2025\/08\/Screen-Shot-2025-08-27-at-10.02.44-AM-636x357.png 636w, https:\/\/diarioelpopular.com\/wp-content\/uploads\/2025\/08\/Screen-Shot-2025-08-27-at-10.02.44-AM-130x73.png 130w, https:\/\/diarioelpopular.com\/wp-content\/uploads\/2025\/08\/Screen-Shot-2025-08-27-at-10.02.44-AM.png 1024w\" sizes=\"auto, (max-width: 1200px) 100vw, 1200px\" \/><p id=\"caption-attachment-535396\" class=\"wp-caption-text\">Proyecci\u00f3n al aire libre, en Cantagallo, Colombia.\u00a0 Foto PeliSolar<\/p><\/div>\n<p>&nbsp;<\/p>\n<p>&nbsp;<\/p>\n<h4 class=\"a_st\"><em>&#8211; PeliSolar es un proyecto cultural, sin asistencia del gobierno, que alimenta su proyector y pantalla inflable de paneles solares instalados en el techo de una camioneta. Antes de cada funci\u00f3n proyectan cortos creados por la comunidad<\/em><\/h4>\n<p>&nbsp;<\/p>\n<p class=\"\">En la noche todo era oscuridad en Paull\u00e1n, un caser\u00edo sin electricidad en la\u00a0<a title=\"https:\/\/elpais.com\/america\/amazonia-sin-fronteras\/2025-04-06\/una-carretera-no-es-una-garantia-el-conflicto-de-los-pueblos-indigenas-en-la-amazonia-peruana.html\" href=\"https:\/\/elpais.com\/america\/amazonia-sin-fronteras\/2025-04-06\/una-carretera-no-es-una-garantia-el-conflicto-de-los-pueblos-indigenas-en-la-amazonia-peruana.html\" target=\"_self\" rel=\"\" data-link-track-dtm=\"\" data-mrf-link=\"https:\/\/elpais.com\/america\/amazonia-sin-fronteras\/2025-04-06\/una-carretera-no-es-una-garantia-el-conflicto-de-los-pueblos-indigenas-en-la-amazonia-peruana.html\">Amazonia peruana<\/a>. El cielo brillaba m\u00e1s que el suelo. Ni faroles ni postes. Solo linternas, fogatas peque\u00f1as y celulares con la bater\u00eda justa. Silencio. Hasta que apareci\u00f3 una manada de forasteros, una pantalla inflable y un proyector. Entonces sobre el pueblo cay\u00f3 un murmullo que agit\u00f3 a todos. La plaza, antes vac\u00eda, se fue llenando. Algunos llegaban con ni\u00f1os en brazos. Otros se sentaban sobre piedras, motos o costales. Nadie hablaba mucho. Era la primera vez que el cine llegaba a ese lugar.<\/p>\n<p class=\"\">El equipo de Mi Primer Festival, una iniciativa cultural con m\u00e1s de una d\u00e9cada llevando pel\u00edculas a ni\u00f1as y ni\u00f1os, viaj\u00f3 hasta ese rinc\u00f3n remoto de la provincia de Atalaya, en Ucayali. La invitaci\u00f3n la hizo Christy Silvano, una joven shipibo-konibo que Beatriz Cisneros, directora del festival, hab\u00eda conocido a\u00f1os antes en Cantagallo, Lima, donde viven muchas familias migrantes de la Amazonia.<\/p>\n<p>&nbsp;<\/p>\n<figure class=\"a_m a_m-h \">\n<p><div style=\"width: 424px\" class=\"wp-caption alignnone\"><img loading=\"lazy\" decoding=\"async\" class=\"_re lazyload a_m-h\" src=\"https:\/\/imagenes.elpais.com\/resizer\/v2\/EL6R4YSRNNELTNIB6RA76NALIM.png?auth=c865982c97e452bba7e63d04d869f6415ea37b54443c1bc4c6b5d5ff7418ad91&amp;width=414\" sizes=\"auto, (min-width:1199px) 1155px,(min-width:1001px) calc(100vw - 44px),(min-width:768px) 767px, 100vw\" srcset=\"https:\/\/imagenes.elpais.com\/resizer\/v2\/EL6R4YSRNNELTNIB6RA76NALIM.png?auth=c865982c97e452bba7e63d04d869f6415ea37b54443c1bc4c6b5d5ff7418ad91&amp;width=414 414w,https:\/\/imagenes.elpais.com\/resizer\/v2\/EL6R4YSRNNELTNIB6RA76NALIM.png?auth=c865982c97e452bba7e63d04d869f6415ea37b54443c1bc4c6b5d5ff7418ad91&amp;width=828 640w,https:\/\/imagenes.elpais.com\/resizer\/v2\/EL6R4YSRNNELTNIB6RA76NALIM.png?auth=c865982c97e452bba7e63d04d869f6415ea37b54443c1bc4c6b5d5ff7418ad91&amp;width=980 1000w,https:\/\/imagenes.elpais.com\/resizer\/v2\/EL6R4YSRNNELTNIB6RA76NALIM.png?auth=c865982c97e452bba7e63d04d869f6415ea37b54443c1bc4c6b5d5ff7418ad91&amp;width=1960 1960w\" alt=\"Taller de 'stop motion' en la comunidad shipibo-konibo, Colombia.\" width=\"414\" height=\"262\" \/><p class=\"wp-caption-text\">Taller de &#8216;stop motion&#8217; en la comunidad shipibo-konibo, Colombia. Foto PeliSolar<\/p><\/div><figcaption class=\"a_m_p\" aria-hidden=\"true\"><\/figcaption><\/figure>\n<p>&nbsp;<\/p>\n<p class=\"\">Sin embargo, y tras un accidentado viaje de m\u00e1s de 20 horas en camioneta, al llegar a Paull\u00e1n el equipo se encontr\u00f3 con un reto enorme: la comunidad carec\u00eda de energ\u00eda el\u00e9ctrica, por lo que no hab\u00eda c\u00f3mo alimentar el proyector y el inflador. Ante las dificultades, se opt\u00f3 por aceptar la ayuda de miembros de la comunidad, quienes consiguieron gasolina y petr\u00f3leo. Fue una soluci\u00f3n de emergencia que tambi\u00e9n evidenci\u00f3 una contradicci\u00f3n: hab\u00edan llegado con una propuesta cultural transformadora, pero depend\u00edan de combustibles f\u00f3siles para hacerla posible. La noche de la funci\u00f3n en Paull\u00e1n dej\u00f3 una huella en Cisneros.<\/p>\n<p class=\"\">\u201cQuer\u00edamos llevar una experiencia transformadora, pero depend\u00edamos de enchufes que no exist\u00edan\u201d, recuerda. Al d\u00eda siguiente, mientras caminaba por el caser\u00edo, vio unos peque\u00f1os paneles solares instalados por una iniciativa previa e imagin\u00f3 un cine itinerante alimentado por energ\u00eda solar. Fue cuando empez\u00f3 una larga b\u00fasqueda que la llev\u00f3 a contactar con iniciativas similares como Cine Solar en Brasil y Cine Toto en M\u00e9xico, que forman parte de una red internacional de cine solar itinerante. Tambi\u00e9n investig\u00f3 experiencias como Mobile Solar Cinema en Sud\u00e1frica, Solar Cinema en Pa\u00edses Bajos y SunPictures en India, lo que le permiti\u00f3 entender no solo la tecnolog\u00eda necesaria, sino tambi\u00e9n los <a title=\"https:\/\/elpais.com\/america-futura\/2023-11-26\/comunidades-energeticas-una-forma-de-resistir-como-consumidores.html\" href=\"https:\/\/elpais.com\/america-futura\/2023-11-26\/comunidades-energeticas-una-forma-de-resistir-como-consumidores.html\" target=\"_self\" rel=\"\" data-link-track-dtm=\"\" data-mrf-link=\"https:\/\/elpais.com\/america-futura\/2023-11-26\/comunidades-energeticas-una-forma-de-resistir-como-consumidores.html\">desaf\u00edos de sostenibilidad<\/a>. \u201cFue un a\u00f1o y medio de reuniones, c\u00e1lculos, dise\u00f1o de modelo, hasta que por fin pudimos lanzarlo en Per\u00fa\u201d, cuenta.<\/p>\n<h3 class=\"\">C\u00f3mo hacer cine sin enchufe<\/h3>\n<p class=\"\">Para hacerlo posible, Cisneros compr\u00f3 una camioneta JAC de gasolina del 2023, chocada en los cuatro lados tras un accidente aparatoso. La encontr\u00f3 completamente inservible y tard\u00f3 m\u00e1s de cuatro meses en repararla. Una vez lo logr\u00f3, sobre su techo instalaron una parrilla dise\u00f1ada para sostener un sistema solar fotovoltaico fijo, capaz de alimentar un proyector, audio y luces. \u201cNo pod\u00edamos poner y quitar los paneles cada vez. Ten\u00eda que resistir el polvo, el barro, las cuestas y cualquier intento de robo\u201d.<\/p>\n<p class=\"\">Antes de cada funci\u00f3n de PeliSolar, se proyectan cortos creados por ni\u00f1as, ni\u00f1os, adolescentes y personas adultas de la comunidad, elaborados en talleres de animaci\u00f3n y\u00a0<i>stop motion<\/i>\u00a0que se desarrollan durante el d\u00eda. \u201cBuscamos que participen activamente. Queremos que vean el\u00a0<a title=\"https:\/\/elpais.com\/elpais\/2013\/05\/30\/opinion\/1369935016_868254.html\" href=\"https:\/\/elpais.com\/elpais\/2013\/05\/30\/opinion\/1369935016_868254.html\" target=\"_self\" rel=\"\" data-link-track-dtm=\"\" data-mrf-link=\"https:\/\/elpais.com\/elpais\/2013\/05\/30\/opinion\/1369935016_868254.html\">cine como una herramienta<\/a>\u00a0para contar sus propias historias\u201d, afirma Cisneros, que explica que la selecci\u00f3n de pel\u00edculas tambi\u00e9n se hace con ese enfoque: historias que se parezcan a las suyas, donde haya monte, r\u00edos, comunidades rurales o lenguas originarias.<\/p>\n<p>&nbsp;<\/p>\n<figure class=\"a_m a_m-h \">\n<p><div style=\"width: 424px\" class=\"wp-caption alignnone\"><img loading=\"lazy\" decoding=\"async\" class=\"_re lazyload a_m-h\" src=\"https:\/\/imagenes.elpais.com\/resizer\/v2\/IH6XQMJ45JBUBCMMI4PKLMA5B4.jpg?auth=800a84142f16d6cc1e6cd86bb4bb2b75d7f79a526a7efa7787aeb3575c26644e&amp;width=414\" sizes=\"auto, (min-width:1199px) 1155px,(min-width:1001px) calc(100vw - 44px),(min-width:768px) 767px, 100vw\" srcset=\"https:\/\/imagenes.elpais.com\/resizer\/v2\/IH6XQMJ45JBUBCMMI4PKLMA5B4.jpg?auth=800a84142f16d6cc1e6cd86bb4bb2b75d7f79a526a7efa7787aeb3575c26644e&amp;width=414 414w,https:\/\/imagenes.elpais.com\/resizer\/v2\/IH6XQMJ45JBUBCMMI4PKLMA5B4.jpg?auth=800a84142f16d6cc1e6cd86bb4bb2b75d7f79a526a7efa7787aeb3575c26644e&amp;width=828 640w,https:\/\/imagenes.elpais.com\/resizer\/v2\/IH6XQMJ45JBUBCMMI4PKLMA5B4.jpg?auth=800a84142f16d6cc1e6cd86bb4bb2b75d7f79a526a7efa7787aeb3575c26644e&amp;width=980 1000w,https:\/\/imagenes.elpais.com\/resizer\/v2\/IH6XQMJ45JBUBCMMI4PKLMA5B4.jpg?auth=800a84142f16d6cc1e6cd86bb4bb2b75d7f79a526a7efa7787aeb3575c26644e&amp;width=1960 1960w\" alt=\"Funci\u00f3n en Paull\u00e1n, Ucayali para una comunidad sin electricidad.\" width=\"414\" height=\"233\" \/><p class=\"wp-caption-text\">Funci\u00f3n en Paull\u00e1n, Ucayali para una comunidad sin electricidad. Foto PeliSolar<\/p><\/div><figcaption class=\"a_m_p\" aria-hidden=\"true\"><\/figcaption><\/figure>\n<p>&nbsp;<\/p>\n<p class=\"\">Para Silvano, hoy promotora cultural de PeliSolar, aquella m\u00edtica proyecci\u00f3n en Paull\u00e1n marc\u00f3 un antes y un despu\u00e9s: \u201cLas ni\u00f1as y ni\u00f1os estaban fascinados. Hab\u00eda gente llorando y otros re\u00edan. Para m\u00ed fue muy fuerte, porque me di cuenta de que tambi\u00e9n estaban recordando cosas, como a sus abuelos, sus cuentos, sus formas de vivir. Eso es lo que hace el cine cuando se parece a ti\u201d<\/p>\n<p class=\"\">PeliSolar ha recorrido desde caser\u00edos de selva hasta zonas perif\u00e9ricas de Lima, la gran capital, donde la falta de electricidad limita buena parte del acceso a la cultura. Seg\u00fan cifras del Instituto Nacional de Estad\u00edstica e Inform\u00e1tica (INEI), un 4,3% de la poblaci\u00f3n a\u00fan no cuenta con el servicio de energ\u00eda el\u00e9ctrica, y un 17,8% de la poblaci\u00f3n rural vive sin acceso a una red de alumbrado p\u00fablico. La mayor\u00eda de estas personas habitan en comunidades aisladas.<\/p>\n<p class=\"\">\u201cDurante a\u00f1os pensamos en la descentralizaci\u00f3n cultural solo en t\u00e9rminos de regiones o provincias. Pero la verdadera brecha est\u00e1 entre quienes tienen y<a title=\"https:\/\/elpais.com\/america-futura\/2025-03-26\/casas-que-asfixian-la-paradoja-energetica-de-america-latina.html\" href=\"https:\/\/elpais.com\/america-futura\/2025-03-26\/casas-que-asfixian-la-paradoja-energetica-de-america-latina.html\" target=\"_self\" rel=\"\" data-link-track-dtm=\"\" data-mrf-link=\"https:\/\/elpais.com\/america-futura\/2025-03-26\/casas-que-asfixian-la-paradoja-energetica-de-america-latina.html\">\u00a0quienes no tienen luz<\/a>\u201d, afirma Ximena Guti\u00e9rrez, gestora de proyectos sociales vinculada a PeliSolar. Para ella, llevar cine a estos lugares es una forma de justicia cultural. \u201cEsto no es \u00fanicamente entretenimiento. Es una herramienta para revalorizar la memoria, la lengua y la identidad. Adem\u00e1s, hacerlo con un sistema que se alimenta de energ\u00eda limpia y accesible refuerza el prop\u00f3sito de crear nuevas conexiones sin depender de viejas infraestructuras\u201d.<\/p>\n<p>&nbsp;<\/p>\n<figure class=\"a_m a_m-h \">\n<p><div style=\"width: 424px\" class=\"wp-caption alignnone\"><img loading=\"lazy\" decoding=\"async\" class=\"_re lazyload a_m-h\" src=\"https:\/\/imagenes.elpais.com\/resizer\/v2\/HKZDHE7O2BCIPOCP6XBPSISCMY.jpeg?auth=97e1d67e974aecb8ff64d43af02c28d52efadb0675dece35bf54b4306ea1ffb3&amp;width=414\" sizes=\"auto, (min-width:1199px) 1155px,(min-width:1001px) calc(100vw - 44px),(min-width:768px) 767px, 100vw\" srcset=\"https:\/\/imagenes.elpais.com\/resizer\/v2\/HKZDHE7O2BCIPOCP6XBPSISCMY.jpeg?auth=97e1d67e974aecb8ff64d43af02c28d52efadb0675dece35bf54b4306ea1ffb3&amp;width=414 414w,https:\/\/imagenes.elpais.com\/resizer\/v2\/HKZDHE7O2BCIPOCP6XBPSISCMY.jpeg?auth=97e1d67e974aecb8ff64d43af02c28d52efadb0675dece35bf54b4306ea1ffb3&amp;width=828 640w,https:\/\/imagenes.elpais.com\/resizer\/v2\/HKZDHE7O2BCIPOCP6XBPSISCMY.jpeg?auth=97e1d67e974aecb8ff64d43af02c28d52efadb0675dece35bf54b4306ea1ffb3&amp;width=980 1000w,https:\/\/imagenes.elpais.com\/resizer\/v2\/HKZDHE7O2BCIPOCP6XBPSISCMY.jpeg?auth=97e1d67e974aecb8ff64d43af02c28d52efadb0675dece35bf54b4306ea1ffb3&amp;width=1960 1960w\" alt=\"El equipo de PeliSolar con la camioneta que transporta los paneles solares.\" width=\"414\" height=\"311\" \/><p class=\"wp-caption-text\">El equipo de PeliSolar con la camioneta que transporta los paneles solares. Foto PeliSolar<\/p><\/div><figcaption class=\"a_m_p\" aria-hidden=\"true\"><\/figcaption><\/figure>\n<p>&nbsp;<\/p>\n<p class=\"\">Para quienes autogestionan PeliSolar, la incorporaci\u00f3n de energ\u00eda renovable rompe con la exclusi\u00f3n energ\u00e9tica y reafirma una visi\u00f3n donde la sostenibilidad es parte del dise\u00f1o. El proyecto aprovecha tecnolog\u00eda asequible y adaptable, crea con lo que hay, repara y transforma. Cada parte del sistema responde a las condiciones del territorio: una camioneta rescatada del desguace, paneles fijos que resisten al polvo y al barro, y talleres pensados para ni\u00f1as, ni\u00f1os y personas de cualquier edad.<\/p>\n<p class=\"\">En su corto tiempo de vida, PeliSolar ha llegado a Paull\u00e1n, en la selva amaz\u00f3nica peruana, y a comunidades urbanas de Lima como Cantagallo, Huachipa, Cieneguilla, Barranco y Manchay. Para este a\u00f1o, se prev\u00e9n nuevas funciones en zonas de la selva central del Per\u00fa, donde iluminar\u00e1n poblados, memoria e ilusiones.<\/p>\n","protected":false},"excerpt":{"rendered":"<p>&nbsp; &nbsp; &#8211; PeliSolar es un proyecto cultural, sin asistencia del gobierno, que alimenta su proyector y pantalla inflable de paneles solares instalados en el&hellip;<\/p>\n","protected":false},"author":99,"featured_media":535396,"comment_status":"open","ping_status":"open","sticky":false,"template":"","format":"standard","meta":{"footnotes":""},"categories":[23],"tags":[],"class_list":["post-535395","post","type-post","status-publish","format-standard","has-post-thumbnail","hentry","category-latinoamerica"],"_links":{"self":[{"href":"https:\/\/diarioelpopular.com\/index.php\/wp-json\/wp\/v2\/posts\/535395","targetHints":{"allow":["GET"]}}],"collection":[{"href":"https:\/\/diarioelpopular.com\/index.php\/wp-json\/wp\/v2\/posts"}],"about":[{"href":"https:\/\/diarioelpopular.com\/index.php\/wp-json\/wp\/v2\/types\/post"}],"author":[{"embeddable":true,"href":"https:\/\/diarioelpopular.com\/index.php\/wp-json\/wp\/v2\/users\/99"}],"replies":[{"embeddable":true,"href":"https:\/\/diarioelpopular.com\/index.php\/wp-json\/wp\/v2\/comments?post=535395"}],"version-history":[{"count":1,"href":"https:\/\/diarioelpopular.com\/index.php\/wp-json\/wp\/v2\/posts\/535395\/revisions"}],"predecessor-version":[{"id":535397,"href":"https:\/\/diarioelpopular.com\/index.php\/wp-json\/wp\/v2\/posts\/535395\/revisions\/535397"}],"wp:featuredmedia":[{"embeddable":true,"href":"https:\/\/diarioelpopular.com\/index.php\/wp-json\/wp\/v2\/media\/535396"}],"wp:attachment":[{"href":"https:\/\/diarioelpopular.com\/index.php\/wp-json\/wp\/v2\/media?parent=535395"}],"wp:term":[{"taxonomy":"category","embeddable":true,"href":"https:\/\/diarioelpopular.com\/index.php\/wp-json\/wp\/v2\/categories?post=535395"},{"taxonomy":"post_tag","embeddable":true,"href":"https:\/\/diarioelpopular.com\/index.php\/wp-json\/wp\/v2\/tags?post=535395"}],"curies":[{"name":"wp","href":"https:\/\/api.w.org\/{rel}","templated":true}]}}