{"id":535417,"date":"2025-08-28T09:21:34","date_gmt":"2025-08-28T13:21:34","guid":{"rendered":"https:\/\/diarioelpopular.com\/?p=535417"},"modified":"2025-08-28T09:21:34","modified_gmt":"2025-08-28T13:21:34","slug":"milei-se-defiende-de-las-acusaciones-y-audios-de-su-hermana-por-corrupcion-todo-es-mentira","status":"publish","type":"post","link":"https:\/\/diarioelpopular.com\/index.php\/2025\/08\/28\/milei-se-defiende-de-las-acusaciones-y-audios-de-su-hermana-por-corrupcion-todo-es-mentira\/","title":{"rendered":"Milei se defiende de las acusaciones y audios de su hermana por corrupci\u00f3n: \u201cTodo es mentira\u201d"},"content":{"rendered":"<div id=\"attachment_535419\" style=\"width: 1210px\" class=\"wp-caption alignnone\"><img loading=\"lazy\" decoding=\"async\" aria-describedby=\"caption-attachment-535419\" class=\"wp-image-535419 size-custom-big-size\" src=\"https:\/\/diarioelpopular.com\/wp-content\/uploads\/2025\/08\/Screen-Shot-2025-08-28-at-9.20.30-AM-1200x763.png\" alt=\"\" width=\"1200\" height=\"763\" srcset=\"https:\/\/diarioelpopular.com\/wp-content\/uploads\/2025\/08\/Screen-Shot-2025-08-28-at-9.20.30-AM-1200x763.png 1200w, https:\/\/diarioelpopular.com\/wp-content\/uploads\/2025\/08\/Screen-Shot-2025-08-28-at-9.20.30-AM-300x191.png 300w, https:\/\/diarioelpopular.com\/wp-content\/uploads\/2025\/08\/Screen-Shot-2025-08-28-at-9.20.30-AM-768x488.png 768w, https:\/\/diarioelpopular.com\/wp-content\/uploads\/2025\/08\/Screen-Shot-2025-08-28-at-9.20.30-AM-85x55.png 85w, https:\/\/diarioelpopular.com\/wp-content\/uploads\/2025\/08\/Screen-Shot-2025-08-28-at-9.20.30-AM-636x404.png 636w, https:\/\/diarioelpopular.com\/wp-content\/uploads\/2025\/08\/Screen-Shot-2025-08-28-at-9.20.30-AM-115x73.png 115w, https:\/\/diarioelpopular.com\/wp-content\/uploads\/2025\/08\/Screen-Shot-2025-08-28-at-9.20.30-AM.png 1024w\" sizes=\"auto, (max-width: 1200px) 100vw, 1200px\" \/><p id=\"caption-attachment-535419\" class=\"wp-caption-text\">Javier Milei y Karina Milei durante un mit\u00edn en Lomas de Zamora, Argentina, este mi\u00e9rcoles. Natacha Pisarenko (AP)<\/p><\/div>\n<p>&nbsp;<\/p>\n<p>&nbsp;<\/p>\n<h4 class=\"a_st\"><em>&#8211; El presidente ultra se refiere por primera vez en forma directa al esc\u00e1ndalo por el presunto pago de sobornos para la compra de medicamentos<\/em><\/h4>\n<p>&nbsp;<\/p>\n<p class=\"\">Mientras siguen apareciendo nuevos audios que denuncian corrupci\u00f3n en su Gobierno, Javier Milei se refiri\u00f3 directamente al caso que mantiene en vilo a Argentina.<\/p>\n<p class=\"\">El esc\u00e1ndalo estall\u00f3 hace una semana, cuando se conocieron grabaciones en las que el\u00a0<a href=\"https:\/\/elpais.com\/argentina\/2025-08-26\/milei-defiende-a-su-hermana-tras-la-denuncia-por-corrupcion-y-acusa-al-kirchnerismo-de-sembrar-el-caos.html\" target=\"_blank\" rel=\"noopener\">exdirector de la Agencia Nacional de Discapacidad (ANDIS)<\/a>,<a href=\"https:\/\/elpais.com\/argentina\/2025-08-26\/milei-defiende-a-su-hermana-tras-la-denuncia-por-corrupcion-y-acusa-al-kirchnerismo-de-sembrar-el-caos.html\" target=\"_blank\" rel=\"noopener\">\u00a0Diego Spagnuolo,<\/a> relataba el pago de sobornos alrededor de la compra estatal de medicamentos para personas con discapacidades.\u00a0El presidente ultra y su entorno, que no acostumbran a medir sus respuestas, mantuvieron un llamativo silencio. Apenas el mandatario ensay\u00f3 el lunes pasado una defensa general de su Administraci\u00f3n y de su hermana,\u00a0<a title=\"https:\/\/elpais.com\/argentina\/2025-08-26\/milei-defiende-a-su-hermana-tras-la-denuncia-por-corrupcion-y-acusa-al-kirchnerismo-de-sembrar-el-caos.html\" href=\"https:\/\/elpais.com\/argentina\/2025-08-26\/milei-defiende-a-su-hermana-tras-la-denuncia-por-corrupcion-y-acusa-al-kirchnerismo-de-sembrar-el-caos.html\" target=\"_self\" rel=\"\" data-link-track-dtm=\"\" data-mrf-link=\"https:\/\/elpais.com\/argentina\/2025-08-26\/milei-defiende-a-su-hermana-tras-la-denuncia-por-corrupcion-y-acusa-al-kirchnerismo-de-sembrar-el-caos.html\">Karina Milei<\/a>, denunciada. Finalmente, este mi\u00e9rcoles Milei habl\u00f3 de los dichos de Spagnuolo: \u201cTodo lo que dice es mentira. Lo vamos a llevar a la justicia y vamos a probar que minti\u00f3\u201d.<\/p>\n<p class=\"\">El presidente ultraderechista respondi\u00f3 as\u00ed a una consulta period\u00edstica del canal\u00a0<i>C5N<\/i>. Fue durante una recorrida de campa\u00f1a en la provincia de Buenos Aires que termin\u00f3 abruptamente:\u00a0<a title=\"https:\/\/elpais.com\/argentina\/2025-08-27\/milei-evacuado-entre-pedradas-de-una-caravana-electoral-en-la-provincia-de-buenos-aires.html\" href=\"https:\/\/elpais.com\/argentina\/2025-08-27\/milei-evacuado-entre-pedradas-de-una-caravana-electoral-en-la-provincia-de-buenos-aires.html\" target=\"_self\" rel=\"\" data-link-track-dtm=\"\" data-mrf-link=\"https:\/\/elpais.com\/argentina\/2025-08-27\/milei-evacuado-entre-pedradas-de-una-caravana-electoral-en-la-provincia-de-buenos-aires.html\">Milei y su hermana debieron ser evacuados<\/a> por sus custodios cuando manifestantes comenzaron a tirarles piedras y otros objetos, en repudio a su presencia en la localidad de Lomas de Zamora, a 10 d\u00edas de las elecciones legislativas provinciales.<\/p>\n<p class=\"\">Si bien la declaraci\u00f3n del presidente busc\u00f3 desautorizar a Spagnuolo, quien fue su abogado personal, termin\u00f3 por admitir que la voz de las grabaciones filtradas pertenece al extitular de la ANDIS. Otros funcionarios de su Gobierno lo hab\u00edan puesto en duda.<\/p>\n<p class=\"\">En los audios difundidos por el canal\u00a0<i>Carnaval stream<\/i>, grabados el a\u00f1o pasado, Spagnuolo describe una red de corrupci\u00f3n que exige\u00a0<a title=\"https:\/\/elpais.com\/argentina\/2025-08-25\/los-casos-de-corrupcion-que-acechan-al-gobierno-de-milei.html\" href=\"https:\/\/elpais.com\/argentina\/2025-08-25\/los-casos-de-corrupcion-que-acechan-al-gobierno-de-milei.html\" target=\"_self\" rel=\"\" data-link-track-dtm=\"\" data-mrf-link=\"https:\/\/elpais.com\/argentina\/2025-08-25\/los-casos-de-corrupcion-que-acechan-al-gobierno-de-milei.html\">sobornos del 8% a los laboratorios farmac\u00e9uticos<\/a>\u00a0a cambio de obtener contratos con la ANDIS.<\/p>\n<p class=\"\">En las maniobras incluye a la secretaria general de la Presidencia, Karina Milei, a su subsecretario de Gesti\u00f3n Institucional, Eduardo\u00a0<i>Lule<\/i>\u00a0Menem, y a la droguer\u00eda Suizo Argentina. Tambi\u00e9n sostiene que el presidente Milei sab\u00eda lo que pasaba y no hizo nada. Tras conocerse los audios, la reacci\u00f3n del Gobierno fue despedir a Spagnuolo y a su segundo.<\/p>\n<p class=\"\">La justicia federal investiga el caso y, entre otras medidas, ya realiz\u00f3 allanamientos en propiedades de los directivos de la Suizo Argentina y secuestr\u00f3 sus tel\u00e9fonos, al igual que el de Spagnuolo. A uno de los empresarios, Emmanuel Kovalivker, la polic\u00eda lo encontr\u00f3 cuando intentaba huir con 266.000 d\u00f3lares y 7 millones de pesos en efectivo.<\/p>\n<p class=\"\">En las \u00faltimas horas se difundieron nuevas grabaciones de Spagnuolo, cuyo origen a\u00fan se desconoce. All\u00ed vuelve a describir los favores para Suizo Argentina y responsabiliza a Lule Memen y Karina Milei. \u201cSon desprolijos y todo eso es Lule. Todo eso es Lule [&#8230;] Est\u00e1 dejando los dedos pegados. Aparte son seis meses que reci\u00e9n llevamos y ya est\u00e1n haciendo este zafarrancho\u201d. Luego, en otro fragmento, menciona despectivamente a la hermana del presidente: \u201cKarina es una mina que hac\u00eda tortas, tiraba las cartas y hoy maneja todo esto, \u00bfc\u00f3mo hac\u00e9s?\u201d.<\/p>\n<p class=\"\">Las cr\u00edticas al Gobierno por el esc\u00e1ndalo arreciaron este mi\u00e9rcoles en el Congreso Nacional. El jefe de Gabinete de Milei, Guillermo Francos, se present\u00f3 ante la C\u00e1mara de Diputados para dar su habitual informe de gesti\u00f3n y, para defender al Ejecutivo, apel\u00f3 a la misma argumentaci\u00f3n esbozada antes por Lule Menem y su primo, Mart\u00edn Menem, presidente de la C\u00e1mara baja.<\/p>\n<p class=\"\">Desde su perspectiva, detr\u00e1s de las denuncias por sobornos est\u00e1 el kirchnerismo. Francos atribuy\u00f3 las acusaciones a \u201cuna operaci\u00f3n pol\u00edtica\u201d sin fundamentos: \u201cEl modus operandi populista, que aparece con m\u00e1s fuerza cuando se acercan las elecciones, y que esconde el deseo de conservar privilegios detr\u00e1s de fines loables, es una pr\u00e1ctica que estamos desmantelando y de no hacerlo nos llevar\u00eda a la quiebra nacional\u201d, dijo.<\/p>\n<p class=\"\">La sesi\u00f3n en Diputados dur\u00f3 unas seis horas y estuvo sazonada \u2014con gritos, insultos y amenazas\u2014 por las disputas internas del fracturado bloque de La Libertad Avanza, el partido de Milei. El ministro coordinador debi\u00f3 escuchar m\u00faltiples cuestionamientos de casi todas las fuerzas pol\u00edticas por las denuncias de corrupci\u00f3n, que se sumaron a las que ya ven\u00eda recibiendo el presidente por haber promocionado\u00a0<a title=\"https:\/\/elpais.com\/argentina\/2025-07-17\/por-que-el-caso-libra-no-le-da-respiro-a-javier-milei.html\" href=\"https:\/\/elpais.com\/argentina\/2025-07-17\/por-que-el-caso-libra-no-le-da-respiro-a-javier-milei.html\" target=\"_self\" rel=\"\" data-link-track-dtm=\"\" data-mrf-link=\"https:\/\/elpais.com\/argentina\/2025-07-17\/por-que-el-caso-libra-no-le-da-respiro-a-javier-milei.html\">la criptomoneda $Libra<\/a>, sospechada de haber sido un fraude.<\/p>\n<p class=\"\">\u201cLa corrupci\u00f3n es transversal a la pol\u00edtica argentina, pero ustedes generaron demasiadas expectativas y no son la excepci\u00f3n. No han dado respuestas precisas a las denuncias\u201d, le dijo a Francos el diputado Juan Manuel L\u00f3pez, de la centrista Coalici\u00f3n C\u00edvica. Desde la centenaria Uni\u00f3n C\u00edvica Radical, que apoy\u00f3 muchas medidas de Milei, Rodrigo De Loredo apunt\u00f3: \u201cLamentablemente, los hechos de corrupci\u00f3n no afectan a los gobiernos cuando hay bonanza econ\u00f3mica. Pero cuando hay ajuste y recesi\u00f3n, s\u00ed afectan. La tr\u00edada de minor\u00eda parlamentaria, crisis econ\u00f3mica y esc\u00e1ndalos de corrupci\u00f3n configura el c\u00f3ctel latinoamericano de la desestabilizaci\u00f3n\u201d, advirti\u00f3.<\/p>\n<p class=\"\">\u201cEl Gobierno tiene que dar respuestas, tiene que haber informaci\u00f3n\u201d, reclam\u00f3 Miguel Pichetto, de Encuentro Federal. \u201cEl silencio de ninguna manera es la forma de afrontar las dificultades\u201d. Solo los legisladores oficialistas de La Libertad Avanza y sus aliados del PRO \u2014el partido del expresidente Mauricio Macri\u2014 defendieron al Gobierno.<\/p>\n","protected":false},"excerpt":{"rendered":"<p>&nbsp; &nbsp; &#8211; El presidente ultra se refiere por primera vez en forma directa al esc\u00e1ndalo por el presunto pago de sobornos para la compra&hellip;<\/p>\n","protected":false},"author":99,"featured_media":535419,"comment_status":"open","ping_status":"open","sticky":false,"template":"","format":"standard","meta":{"footnotes":""},"categories":[23],"tags":[],"class_list":["post-535417","post","type-post","status-publish","format-standard","has-post-thumbnail","hentry","category-latinoamerica"],"_links":{"self":[{"href":"https:\/\/diarioelpopular.com\/index.php\/wp-json\/wp\/v2\/posts\/535417","targetHints":{"allow":["GET"]}}],"collection":[{"href":"https:\/\/diarioelpopular.com\/index.php\/wp-json\/wp\/v2\/posts"}],"about":[{"href":"https:\/\/diarioelpopular.com\/index.php\/wp-json\/wp\/v2\/types\/post"}],"author":[{"embeddable":true,"href":"https:\/\/diarioelpopular.com\/index.php\/wp-json\/wp\/v2\/users\/99"}],"replies":[{"embeddable":true,"href":"https:\/\/diarioelpopular.com\/index.php\/wp-json\/wp\/v2\/comments?post=535417"}],"version-history":[{"count":1,"href":"https:\/\/diarioelpopular.com\/index.php\/wp-json\/wp\/v2\/posts\/535417\/revisions"}],"predecessor-version":[{"id":535420,"href":"https:\/\/diarioelpopular.com\/index.php\/wp-json\/wp\/v2\/posts\/535417\/revisions\/535420"}],"wp:featuredmedia":[{"embeddable":true,"href":"https:\/\/diarioelpopular.com\/index.php\/wp-json\/wp\/v2\/media\/535419"}],"wp:attachment":[{"href":"https:\/\/diarioelpopular.com\/index.php\/wp-json\/wp\/v2\/media?parent=535417"}],"wp:term":[{"taxonomy":"category","embeddable":true,"href":"https:\/\/diarioelpopular.com\/index.php\/wp-json\/wp\/v2\/categories?post=535417"},{"taxonomy":"post_tag","embeddable":true,"href":"https:\/\/diarioelpopular.com\/index.php\/wp-json\/wp\/v2\/tags?post=535417"}],"curies":[{"name":"wp","href":"https:\/\/api.w.org\/{rel}","templated":true}]}}