{"id":535548,"date":"2025-09-01T11:29:02","date_gmt":"2025-09-01T15:29:02","guid":{"rendered":"https:\/\/diarioelpopular.com\/?p=535548"},"modified":"2025-09-01T11:29:02","modified_gmt":"2025-09-01T15:29:02","slug":"este-maton-se-pasa-de-la-raya-jueza-bloquea-intento-de-trump-por-deportar-a-ninos-guatemaltecos","status":"publish","type":"post","link":"https:\/\/diarioelpopular.com\/index.php\/2025\/09\/01\/este-maton-se-pasa-de-la-raya-jueza-bloquea-intento-de-trump-por-deportar-a-ninos-guatemaltecos\/","title":{"rendered":"Este mat\u00f3n se pasa de la raya: Jueza bloquea intento de Trump por deportar a ni\u00f1os guatemaltecos"},"content":{"rendered":"<div id=\"attachment_535550\" style=\"width: 646px\" class=\"wp-caption alignnone\"><img loading=\"lazy\" decoding=\"async\" aria-describedby=\"caption-attachment-535550\" class=\"wp-image-535550 size-custom-full-size\" src=\"https:\/\/diarioelpopular.com\/wp-content\/uploads\/2025\/09\/Screen-Shot-2025-09-01-at-11.28.24-AM-636x355.png\" alt=\"\" width=\"636\" height=\"355\" srcset=\"https:\/\/diarioelpopular.com\/wp-content\/uploads\/2025\/09\/Screen-Shot-2025-09-01-at-11.28.24-AM-636x355.png 636w, https:\/\/diarioelpopular.com\/wp-content\/uploads\/2025\/09\/Screen-Shot-2025-09-01-at-11.28.24-AM-300x167.png 300w, https:\/\/diarioelpopular.com\/wp-content\/uploads\/2025\/09\/Screen-Shot-2025-09-01-at-11.28.24-AM-768x429.png 768w, https:\/\/diarioelpopular.com\/wp-content\/uploads\/2025\/09\/Screen-Shot-2025-09-01-at-11.28.24-AM-131x73.png 131w, https:\/\/diarioelpopular.com\/wp-content\/uploads\/2025\/09\/Screen-Shot-2025-09-01-at-11.28.24-AM.png 860w\" sizes=\"auto, (max-width: 636px) 100vw, 636px\" \/><p id=\"caption-attachment-535550\" class=\"wp-caption-text\">La jueza Sparkle Sooknanan emiti\u00f3 una orden de emergencia que protege a los menores no acompa\u00f1ados de una posible deportaci\u00f3n.<\/p><\/div>\n<p>&nbsp;<\/p>\n<p>&nbsp;<\/p>\n<div class=\"bbc-19j92fr ebmt73l0\" dir=\"ltr\">\n<ul>\n<li class=\"bbc-hhl7in e17g058b0\" dir=\"ltr\"><em><b>Una jueza de Estados Unidos bloque\u00f3 temporalmente un intento del gobierno de Donald Trump de deportar a decenas de ni\u00f1os guatemaltecos no acompa\u00f1ados de regreso a su pa\u00eds de origen.<\/b><\/em><\/li>\n<\/ul>\n<p dir=\"ltr\">\n<\/div>\n<div class=\"bbc-19j92fr ebmt73l0\" dir=\"ltr\">\n<p class=\"bbc-hhl7in e17g058b0\" dir=\"ltr\">La orden fue emitida este domingo por la jueza federal de distrito Sparkle Sooknanan, en respuesta a reportes que se\u00f1alaban que los menores ya hab\u00edan sido subidos a aviones y estaban a punto de ser enviados a Guatemala, donde \u2014seg\u00fan abogados\u2014 corr\u00edan riesgo de sufrir abusos y persecuci\u00f3n.<\/p>\n<\/div>\n<div class=\"bbc-19j92fr ebmt73l0\" dir=\"ltr\">\n<p class=\"bbc-hhl7in e17g058b0\" dir=\"ltr\">Los ni\u00f1os llegaron solos a Estados Unidos y se encuentran bajo custodia del gobierno mientras se eval\u00faan sus solicitudes de inmigraci\u00f3n.<\/p>\n<\/div>\n<div class=\"bbc-19j92fr ebmt73l0\" dir=\"ltr\">\n<h2 id=\"Gobierno-argumenta-que-eran-reunificaciones-familiares\" class=\"bbc-1lgzob2 eglt09e0\" tabindex=\"-1\">Gobierno argumenta que eran &#8220;reunificaciones familiares&#8221;<\/h2>\n<\/div>\n<div class=\"bbc-19j92fr ebmt73l0\" dir=\"ltr\">\n<p class=\"bbc-hhl7in e17g058b0\" dir=\"ltr\">Los abogados del Departamento de Justicia de EE. UU. argumentaron que no se trataba de deportaciones, sino de repatriaciones, con el fin de que los menores pudieran reunirse con sus familias.<\/p>\n<\/div>\n<div class=\"bbc-19j92fr ebmt73l0\" dir=\"ltr\">\n<p class=\"bbc-hhl7in e17g058b0\" dir=\"ltr\">El proceso legal se inici\u00f3 el domingo por la ma\u00f1ana, cuando grupos defensores de los derechos de los inmigrantes solicitaron una orden de emergencia. Alegaron que unos 600 ni\u00f1os podr\u00edan ser subidos a aviones en Texas y enviados a Guatemala.<\/p>\n<\/div>\n<div class=\"bbc-19j92fr ebmt73l0\" dir=\"ltr\">\n<p class=\"bbc-hhl7in e17g058b0\" dir=\"ltr\">La jueza Sooknanan emiti\u00f3 entonces una orden de restricci\u00f3n temporal que imped\u00eda a las autoridades trasladar a un grupo de 10 menores migrantes, de entre 10 y 17 a\u00f1os, a Guatemala.<\/p>\n<p dir=\"ltr\">\n<\/div>\n<figure class=\"bbc-1qn0xuy\">\n<div class=\"bbc-1gbs0ve\">\n<div style=\"width: 4657px\" class=\"wp-caption alignnone\"><img loading=\"lazy\" decoding=\"async\" class=\"bbc-139onq\" src=\"https:\/\/ichef.bbci.co.uk\/ace\/ws\/640\/cpsprodpb\/13a7\/live\/d3fa5e60-86c7-11f0-a54e-2baa1616fafb.jpg.webp\" alt=\"Una migrante guatemalteca sostiene a un ni\u00f1o tras llegar a la Base A\u00e9rea La Aurora en un vuelo de deportaci\u00f3n desde Estados Unidos.\" width=\"4647\" height=\"2614\" \/><p class=\"wp-caption-text\">Fuente de la imagen, Reuters. &#8216;En plena noche, el gobierno arranc\u00f3 a ni\u00f1os vulnerables de sus camas e intent\u00f3 enviarlos de regreso al peligro&#8217;, denunci\u00f3 una ONG.<\/p><\/div>\n<p class=\"bbc-by8ykd\" role=\"text\">\n<\/div>\n<\/figure>\n<div class=\"bbc-19j92fr ebmt73l0\" dir=\"ltr\">\n<p dir=\"ltr\">\n<p class=\"bbc-hhl7in e17g058b0\" dir=\"ltr\">En una audiencia convocada de urgencia esa misma tarde, la jueza \u2014nominada por el presidente Joe Biden\u2014 ampli\u00f3 la orden para proteger a todos los ni\u00f1os no acompa\u00f1ados considerados en riesgo de deportaci\u00f3n. La medida tendr\u00e1 una vigencia de 14 d\u00edas.<\/p>\n<\/div>\n<div class=\"bbc-19j92fr ebmt73l0\" dir=\"ltr\">\n<p class=\"bbc-hhl7in e17g058b0\" dir=\"ltr\">Durante la audiencia, la jueza pidi\u00f3 a los abogados del gobierno de Trump garant\u00edas de que los aviones a\u00fan no hab\u00edan despegado con los ni\u00f1os a bordo.<\/p>\n<\/div>\n<div class=\"bbc-19j92fr ebmt73l0\" dir=\"ltr\">\n<p class=\"bbc-hhl7in e17g058b0\" dir=\"ltr\">El subprocurador adjunto Drew Ensign asegur\u00f3 que todos los vuelos segu\u00edan en suelo estadounidense. A\u00f1adi\u00f3 que uno de los aviones pudo haber despegado, pero regres\u00f3.<\/p>\n<\/div>\n<div class=\"bbc-19j92fr ebmt73l0\" dir=\"ltr\">\n<h2 id=\"Grupos-denuncian-violaci\u00f3n-de-leyes-de-protecci\u00f3n-infantil\" class=\"bbc-1lgzob2 eglt09e0\" tabindex=\"-1\">Grupos denuncian violaci\u00f3n de leyes de protecci\u00f3n infantil<\/h2>\n<\/div>\n<div class=\"bbc-19j92fr ebmt73l0\" dir=\"ltr\">\n<p class=\"bbc-hhl7in e17g058b0\" dir=\"ltr\">Ensign insisti\u00f3 en que los vuelos no formaban parte de una operaci\u00f3n de deportaci\u00f3n, sino de un esfuerzo por reunir a los ni\u00f1os con sus padres u otros familiares en Guatemala.<\/p>\n<\/div>\n<div class=\"bbc-19j92fr ebmt73l0\" dir=\"ltr\">\n<p class=\"bbc-hhl7in e17g058b0\" dir=\"ltr\">Tambi\u00e9n afirm\u00f3 que tanto el gobierno guatemalteco como los familiares de los menores hab\u00edan solicitado dichas reunificaciones. Sin embargo, grupos de defensa aseguraron que eso no era cierto en al menos algunos casos.<\/p>\n<\/div>\n<div class=\"bbc-19j92fr ebmt73l0\" dir=\"ltr\">\n<p class=\"bbc-hhl7in e17g058b0\" dir=\"ltr\">En documentos judiciales, los abogados de los menores argumentaron que la medida violaba leyes federales dise\u00f1adas para proteger a ni\u00f1os que llegan solos a Estados Unidos. A\u00f1adieron que algunos de los menores ten\u00edan casos pendientes ante jueces de inmigraci\u00f3n y que hab\u00edan expresado temores cre\u00edbles sobre su posible devoluci\u00f3n.<\/p>\n<div id=\"attachment_535549\" style=\"width: 646px\" class=\"wp-caption alignnone\"><img loading=\"lazy\" decoding=\"async\" aria-describedby=\"caption-attachment-535549\" class=\"wp-image-535549 size-custom-full-size\" src=\"https:\/\/diarioelpopular.com\/wp-content\/uploads\/2025\/09\/Screen-Shot-2025-09-01-at-11.26.33-AM-636x357.png\" alt=\"\" width=\"636\" height=\"357\" srcset=\"https:\/\/diarioelpopular.com\/wp-content\/uploads\/2025\/09\/Screen-Shot-2025-09-01-at-11.26.33-AM-636x357.png 636w, https:\/\/diarioelpopular.com\/wp-content\/uploads\/2025\/09\/Screen-Shot-2025-09-01-at-11.26.33-AM-300x168.png 300w, https:\/\/diarioelpopular.com\/wp-content\/uploads\/2025\/09\/Screen-Shot-2025-09-01-at-11.26.33-AM-768x431.png 768w, https:\/\/diarioelpopular.com\/wp-content\/uploads\/2025\/09\/Screen-Shot-2025-09-01-at-11.26.33-AM-130x73.png 130w, https:\/\/diarioelpopular.com\/wp-content\/uploads\/2025\/09\/Screen-Shot-2025-09-01-at-11.26.33-AM.png 862w\" sizes=\"auto, (max-width: 636px) 100vw, 636px\" \/><p id=\"caption-attachment-535549\" class=\"wp-caption-text\">Fuente de la imagen, Reuters. Desde que asumi\u00f3 su segundo mandato, Trump ha impulsado medidas m\u00e1s agresivas contra migrantes indocumentados.<\/p><\/div>\n<\/div>\n<figure class=\"bbc-1qn0xuy\">\n<div class=\"bbc-1gbs0ve\"><\/div>\n<\/figure>\n<div class=\"bbc-19j92fr ebmt73l0\" dir=\"ltr\">\n<p class=\"bbc-hhl7in e17g058b0\" dir=\"ltr\">&#8220;En plena noche, durante un fin de semana festivo, el gobierno de Trump arranc\u00f3 a ni\u00f1os vulnerables y asustados de sus camas e intent\u00f3 enviarlos de regreso al peligro en Guatemala&#8221;, dijo Efr\u00e9n C. Olivares, del National Immigration Law Center, organizaci\u00f3n que present\u00f3 la demanda, en un comunicado.<\/p>\n<\/div>\n<div class=\"bbc-19j92fr ebmt73l0\" dir=\"ltr\">\n<p class=\"bbc-hhl7in e17g058b0\" dir=\"ltr\">&#8220;Nos alienta que la corte haya impedido que se cometiera esta injusticia antes de que cientos de ni\u00f1os sufrieran da\u00f1os irreparables&#8221;.<\/p>\n<\/div>\n<div class=\"bbc-19j92fr ebmt73l0\" dir=\"ltr\">\n<p class=\"bbc-hhl7in e17g058b0\" dir=\"ltr\">El asesor de inmigraci\u00f3n de la Casa Blanca, Stephen Miller, critic\u00f3 a la jueza por bloquear los vuelos.<\/p>\n<\/div>\n<div class=\"bbc-19j92fr ebmt73l0\" dir=\"ltr\">\n<p class=\"bbc-hhl7in e17g058b0\" dir=\"ltr\">&#8220;Los menores han declarado por su cuenta que sus padres est\u00e1n en Guatemala&#8221;, escribi\u00f3 en X&#8221;. Pero una jueza dem\u00f3crata se niega a permitir que se re\u00fanan con ellos&#8221;.<\/p>\n<\/div>\n<div class=\"bbc-19j92fr ebmt73l0\" dir=\"ltr\">\n<p class=\"bbc-hhl7in e17g058b0\" dir=\"ltr\">Desde el inicio de su segundo mandato, Trump ha lanzado iniciativas agresivas para expulsar a migrantes indocumentados, una de las promesas clave de su campa\u00f1a que le ha valido amplio respaldo.<\/p>\n<\/div>\n<div class=\"bbc-19j92fr ebmt73l0\" dir=\"ltr\">\n<p class=\"bbc-hhl7in e17g058b0\" dir=\"ltr\">En junio, la Corte Suprema de EE. UU. abri\u00f3 la puerta para que Trump reanudara las deportaciones de migrantes a pa\u00edses distintos al suyo sin permitirles argumentar los riesgos que podr\u00edan enfrentar.<\/p>\n<\/div>\n","protected":false},"excerpt":{"rendered":"<p>&nbsp; &nbsp; Una jueza de Estados Unidos bloque\u00f3 temporalmente un intento del gobierno de Donald Trump de deportar a decenas de ni\u00f1os guatemaltecos no acompa\u00f1ados&hellip;<\/p>\n","protected":false},"author":99,"featured_media":535550,"comment_status":"open","ping_status":"open","sticky":false,"template":"","format":"standard","meta":{"footnotes":""},"categories":[24],"tags":[],"class_list":["post-535548","post","type-post","status-publish","format-standard","has-post-thumbnail","hentry","category-mundo"],"_links":{"self":[{"href":"https:\/\/diarioelpopular.com\/index.php\/wp-json\/wp\/v2\/posts\/535548","targetHints":{"allow":["GET"]}}],"collection":[{"href":"https:\/\/diarioelpopular.com\/index.php\/wp-json\/wp\/v2\/posts"}],"about":[{"href":"https:\/\/diarioelpopular.com\/index.php\/wp-json\/wp\/v2\/types\/post"}],"author":[{"embeddable":true,"href":"https:\/\/diarioelpopular.com\/index.php\/wp-json\/wp\/v2\/users\/99"}],"replies":[{"embeddable":true,"href":"https:\/\/diarioelpopular.com\/index.php\/wp-json\/wp\/v2\/comments?post=535548"}],"version-history":[{"count":1,"href":"https:\/\/diarioelpopular.com\/index.php\/wp-json\/wp\/v2\/posts\/535548\/revisions"}],"predecessor-version":[{"id":535551,"href":"https:\/\/diarioelpopular.com\/index.php\/wp-json\/wp\/v2\/posts\/535548\/revisions\/535551"}],"wp:featuredmedia":[{"embeddable":true,"href":"https:\/\/diarioelpopular.com\/index.php\/wp-json\/wp\/v2\/media\/535550"}],"wp:attachment":[{"href":"https:\/\/diarioelpopular.com\/index.php\/wp-json\/wp\/v2\/media?parent=535548"}],"wp:term":[{"taxonomy":"category","embeddable":true,"href":"https:\/\/diarioelpopular.com\/index.php\/wp-json\/wp\/v2\/categories?post=535548"},{"taxonomy":"post_tag","embeddable":true,"href":"https:\/\/diarioelpopular.com\/index.php\/wp-json\/wp\/v2\/tags?post=535548"}],"curies":[{"name":"wp","href":"https:\/\/api.w.org\/{rel}","templated":true}]}}