{"id":535571,"date":"2025-09-01T12:07:02","date_gmt":"2025-09-01T16:07:02","guid":{"rendered":"https:\/\/diarioelpopular.com\/?p=535571"},"modified":"2025-09-01T12:07:02","modified_gmt":"2025-09-01T16:07:02","slug":"qamiris-la-alta-burguesia-aimara-que-ahora-da-la-espalda-a-la-izquierda-de-evo-morales","status":"publish","type":"post","link":"https:\/\/diarioelpopular.com\/index.php\/2025\/09\/01\/qamiris-la-alta-burguesia-aimara-que-ahora-da-la-espalda-a-la-izquierda-de-evo-morales\/","title":{"rendered":"Qamiris, la alta burgues\u00eda aimara que ahora da la espalda a la izquierda de Evo Morales"},"content":{"rendered":"<div id=\"attachment_535573\" style=\"width: 1210px\" class=\"wp-caption alignnone\"><img loading=\"lazy\" decoding=\"async\" aria-describedby=\"caption-attachment-535573\" class=\"wp-image-535573 size-custom-big-size\" src=\"https:\/\/diarioelpopular.com\/wp-content\/uploads\/2025\/09\/Screen-Shot-2025-09-01-at-12.06.18-PM-1200x605.png\" alt=\"\" width=\"1200\" height=\"605\" srcset=\"https:\/\/diarioelpopular.com\/wp-content\/uploads\/2025\/09\/Screen-Shot-2025-09-01-at-12.06.18-PM-1200x605.png 1200w, https:\/\/diarioelpopular.com\/wp-content\/uploads\/2025\/09\/Screen-Shot-2025-09-01-at-12.06.18-PM-300x151.png 300w, https:\/\/diarioelpopular.com\/wp-content\/uploads\/2025\/09\/Screen-Shot-2025-09-01-at-12.06.18-PM-768x387.png 768w, https:\/\/diarioelpopular.com\/wp-content\/uploads\/2025\/09\/Screen-Shot-2025-09-01-at-12.06.18-PM-1536x774.png 1536w, https:\/\/diarioelpopular.com\/wp-content\/uploads\/2025\/09\/Screen-Shot-2025-09-01-at-12.06.18-PM-636x320.png 636w, https:\/\/diarioelpopular.com\/wp-content\/uploads\/2025\/09\/Screen-Shot-2025-09-01-at-12.06.18-PM-146x73.png 146w, https:\/\/diarioelpopular.com\/wp-content\/uploads\/2025\/09\/Screen-Shot-2025-09-01-at-12.06.18-PM.png 1024w\" sizes=\"auto, (max-width: 1200px) 100vw, 1200px\" \/><p id=\"caption-attachment-535573\" class=\"wp-caption-text\">Mujeres en una fiesta al interior de un cholet en El Alto, Bolivia.\u00a0 Foto Alfredo Zeballos<\/p><\/div>\n<p>&nbsp;<\/p>\n<p>&nbsp;<\/p>\n<h4 class=\"a_st\"><em>&#8211; Las comunidades que se beneficiaron de la movilidad social del MAS votan a Rodrigo Paz en las presidenciales de Bolivia<\/em><\/h4>\n<p>&nbsp;<\/p>\n<p class=\"\">La contundente\u00a0<a title=\"https:\/\/elpais.com\/america\/2025-08-18\/rodrigo-paz-las-razones-detras-de-una-sorpresa-electoral-en-bolivia.html\" href=\"https:\/\/elpais.com\/america\/2025-08-18\/rodrigo-paz-las-razones-detras-de-una-sorpresa-electoral-en-bolivia.html\" target=\"_self\" rel=\"\" data-link-track-dtm=\"\" data-mrf-link=\"https:\/\/elpais.com\/america\/2025-08-18\/rodrigo-paz-las-razones-detras-de-una-sorpresa-electoral-en-bolivia.html\">victoria electoral del Partido Dem\u00f3crata Cristiano (PDC)\u00a0<\/a>en la zona andina boliviana se debe en gran medida a su estrategia para captar a los llamados \u201cnuevos ricos aymaras\u201d o\u00a0<i>qamiris<\/i>. Cerca del 60% de los votos de la ciudad de El Alto, colindante con La Paz y donde se concentra la burgues\u00eda ind\u00edgena, fue para\u00a0<a title=\"https:\/\/elpais.com\/america\/2025-08-18\/rodrigo-paz-pereira-el-heredero-politico-y-candidato-sorpresa-que-busca-su-sitio-en-la-historia-de-bolivia.html\" href=\"https:\/\/elpais.com\/america\/2025-08-18\/rodrigo-paz-pereira-el-heredero-politico-y-candidato-sorpresa-que-busca-su-sitio-en-la-historia-de-bolivia.html\" target=\"_self\" rel=\"\" data-link-track-dtm=\"\" data-mrf-link=\"https:\/\/elpais.com\/america\/2025-08-18\/rodrigo-paz-pereira-el-heredero-politico-y-candidato-sorpresa-que-busca-su-sitio-en-la-historia-de-bolivia.html\">Rodrigo Paz<\/a>, quien pelear\u00e1 la presidencia en una segunda vuelta el 19 de octubre con\u00a0<a title=\"https:\/\/elpais.com\/america\/2025-08-18\/jorge-tuto-quiroga-un-tecnocrata-con-experiencia-que-busca-volver-a-la-cima-del-poder-en-bolivia.html\" href=\"https:\/\/elpais.com\/america\/2025-08-18\/jorge-tuto-quiroga-un-tecnocrata-con-experiencia-que-busca-volver-a-la-cima-del-poder-en-bolivia.html\" target=\"_self\" rel=\"\" data-link-track-dtm=\"\" data-mrf-link=\"https:\/\/elpais.com\/america\/2025-08-18\/jorge-tuto-quiroga-un-tecnocrata-con-experiencia-que-busca-volver-a-la-cima-del-poder-en-bolivia.html\">Jorge Tuto Quiroga<\/a>.<\/p>\n<p class=\"\">Esta urbe de m\u00e1s de un mill\u00f3n de habitantes, casi inexistente hace solo 50 a\u00f1os, fue uno de los bastiones, durante dos d\u00e9cadas, del Movimiento Al Socialismo (MAS), fundado por Evo Morales, que foment\u00f3 el ascenso social de los campesinos que migraron all\u00ed. Con el paso del tiempo se consolid\u00f3 una nueva clase social que ahora exige menos impuestos y mayores facilidades para amasar su fortuna.<\/p>\n<p class=\"\">En aimara,\u00a0<i>qamiri<\/i>\u00a0significa \u201crico o acaudalado\u201d. El conferencista Edgar Morales, hoy jefe de campa\u00f1a del PDC, acu\u00f1\u00f3 el t\u00e9rmino\u00a0<i>qamirismo<\/i>\u00a0para convertirlo en una visi\u00f3n que pregona entre j\u00f3venes,\u00a0<a title=\"https:\/\/elpais.com\/america\/2025-08-19\/la-campana-de-rodrigo-paz-en-bolivia-de-pueblo-en-pueblo-y-un-expolicia-como-vice.html\" href=\"https:\/\/elpais.com\/america\/2025-08-19\/la-campana-de-rodrigo-paz-en-bolivia-de-pueblo-en-pueblo-y-un-expolicia-como-vice.html\" target=\"_self\" rel=\"\" data-link-track-dtm=\"\" data-mrf-link=\"https:\/\/elpais.com\/america\/2025-08-19\/la-campana-de-rodrigo-paz-en-bolivia-de-pueblo-en-pueblo-y-un-expolicia-como-vice.html\">mediante charlas en aimara y en espa\u00f1ol en colegios y universidades<\/a>. \u201cEl\u00a0<i>qamirismo<\/i>\u00a0es una econom\u00eda propia de los aymaras que se caracteriza por el trabajo en familia. El padre, la madre, el hermano, la hija son quienes venden, importan, administran. La ventaja es que no se pagan beneficios sociales que no dejan prosperar a los peque\u00f1os empresarios\u201d, asegura Morales. La entrevista con EL PA\u00cdS ocurre a unas calles de la avenida 16 de julio de El Alto, ep\u00edtome del\u00a0<i>qamirismo<\/i>\u00a0por los lujosos y coloridos edificios\u00a0<a title=\"https:\/\/elpais.com\/internacional\/2021-10-31\/los-cholets-las-casas-de-la-nueva-burguesia-boliviana.html\" href=\"https:\/\/elpais.com\/internacional\/2021-10-31\/los-cholets-las-casas-de-la-nueva-burguesia-boliviana.html\" target=\"_self\" rel=\"\" data-link-track-dtm=\"\" data-mrf-link=\"https:\/\/elpais.com\/internacional\/2021-10-31\/los-cholets-las-casas-de-la-nueva-burguesia-boliviana.html\">conocidos como\u00a0<i>cholets<\/i><\/a>, que los comerciantes ornamentan con orgullo.<\/p>\n<p class=\"\">Los propietarios de estos inmuebles alquilan sus salones de fiesta por hasta 2.000 d\u00f3lares, adem\u00e1s de locales comerciales donde se suelen vender costosas joyas y ropa para las cholas pace\u00f1as. Tambi\u00e9n en la avenida 16 de julio se instala, los jueves y domingos, una feria considerada el mercado popular m\u00e1s grande de Sudam\u00e9rica. M\u00e1s de 10.000 vendedores se extienden por las calles ofreciendo aparatos electr\u00f3nicos, ropa, repuestos, veh\u00edculos, maquinaria ligera y art\u00edculos para el hogar en dos jornadas en las que, seg\u00fan datos del municipio,\u00a0<a title=\"https:\/\/www.educa.com.bo\/geografia-municipios\/feria-16-de-julio\" href=\"https:\/\/www.educa.com.bo\/geografia-municipios\/feria-16-de-julio\" target=\"_blank\" rel=\"noopener\" data-link-track-dtm=\"\" data-mrf-link=\"https:\/\/www.educa.com.bo\/geografia-municipios\/feria-16-de-julio\">se mueven alrededor de dos millones de d\u00f3lares<\/a>.<\/p>\n<p>&nbsp;<\/p>\n<figure class=\"a_m a_m-h \">\n<p><div style=\"width: 424px\" class=\"wp-caption alignnone\"><img loading=\"lazy\" decoding=\"async\" class=\"_re lazyload a_m-h\" src=\"https:\/\/imagenes.elpais.com\/resizer\/v2\/RFN7XUBSEND43HHQJEVUEEXC6E.jpg?auth=587b0fb0dea8deeeb89975aaae03648436e291fdcb2bb3decbdae5afba202ac9&amp;width=414\" sizes=\"auto, (min-width:1199px) 1155px,(min-width:1001px) calc(100vw - 44px),(min-width:768px) 767px, 100vw\" srcset=\"https:\/\/imagenes.elpais.com\/resizer\/v2\/RFN7XUBSEND43HHQJEVUEEXC6E.jpg?auth=587b0fb0dea8deeeb89975aaae03648436e291fdcb2bb3decbdae5afba202ac9&amp;width=414 414w,https:\/\/imagenes.elpais.com\/resizer\/v2\/RFN7XUBSEND43HHQJEVUEEXC6E.jpg?auth=587b0fb0dea8deeeb89975aaae03648436e291fdcb2bb3decbdae5afba202ac9&amp;width=828 640w,https:\/\/imagenes.elpais.com\/resizer\/v2\/RFN7XUBSEND43HHQJEVUEEXC6E.jpg?auth=587b0fb0dea8deeeb89975aaae03648436e291fdcb2bb3decbdae5afba202ac9&amp;width=980 1000w,https:\/\/imagenes.elpais.com\/resizer\/v2\/RFN7XUBSEND43HHQJEVUEEXC6E.jpg?auth=587b0fb0dea8deeeb89975aaae03648436e291fdcb2bb3decbdae5afba202ac9&amp;width=1960 1960w\" alt=\"Un cholet en El Alto, Bolivia, en 2021.\" width=\"414\" height=\"277\" \/><p class=\"wp-caption-text\">Un cholet en El Alto, Bolivia, en 2021. Foto Mariana Eliano<\/p><\/div><figcaption class=\"a_m_p\" aria-hidden=\"true\"><\/figcaption><\/figure>\n<p>&nbsp;<\/p>\n<p class=\"\">La mayor\u00eda de los productos provienen de China, pa\u00eds que\u00a0<a title=\"https:\/\/elpais.com\/internacional\/2013\/12\/21\/actualidad\/1387621499_268142.html\" href=\"https:\/\/elpais.com\/internacional\/2013\/12\/21\/actualidad\/1387621499_268142.html\" target=\"_self\" rel=\"\" data-link-track-dtm=\"\" data-mrf-link=\"https:\/\/elpais.com\/internacional\/2013\/12\/21\/actualidad\/1387621499_268142.html\">el MAS convirti\u00f3 en aliado estrat\u00e9gico<\/a>, transform\u00e1ndolo en el principal origen de las importaciones entre 2014 y 2018. La otra gran parte del comercio llega desde la frontera con Chile y Per\u00fa, marcada por el contrabando. \u201cPara que todos paguen impuestos, tienen que ser m\u00e1s bajos. Un auto que en el exterior cuesta 11.000 d\u00f3lares aqu\u00ed llega a 18.000. Te cobran hasta cuando sales de Bolivia, la Aduana saca dinero de todos lados\u201d, argumenta Morales.<\/p>\n<p class=\"\">Por ello, aunque los\u00a0<i>qamiris<\/i> fueron una base electoral clave para el MAS \u2014que aupado por el boom de las materias primas entre 2006 y 2014 redujo la pobreza a la mitad y aument\u00f3 el consumo urbano\u2014, en los \u00faltimos a\u00f1os han presionado contra medidas tributarias que consideran lesivas. El PDC les ofrece una salida proponiendo aranceles que no superen el 10%. El \u201ccapitalismo para todos\u201d que ha convertido en lema el candidato presidencial Paz Morales lo transforma en \u201c<i>qamirismo<\/i>\u00a0para todos\u201d: \u201cTodos podemos ser\u00a0<i>qamiris<\/i>\u00a0y tener nuestro edificio en la 16 de julio\u201d, dijo el conferencista en una de sus charlas con estudiantes.<\/p>\n<p class=\"\">Otras promesas que han seducido a la burgues\u00eda aimara son cr\u00e9ditos con intereses al 3% (actualmente pueden llegar al 18%) o un \u201cperdonazo tributario\u201d, con el que se condonar\u00edan multas, intereses y sanciones a contribuyentes a cambio de que paguen el capital de la deuda. Morales, quien en realidad quer\u00eda candidatear con su partido Democracia Directa pero no tuvo sustento econ\u00f3mico, sue\u00f1a con otras pol\u00edticas para el <i>qamirismo<\/i>, como institucionalizar la pr\u00e1ctica andina del\u00a0<i>pasanaku<\/i>.<\/p>\n<p class=\"\">El\u00a0<i>pasanaku<\/i>\u00a0es\u00a0<a title=\"https:\/\/elpais.com\/espana\/catalunya\/2025-06-02\/ni-dinero-ni-un-10-de-interes-varias-mujeres-bolivianas-de-barcelona-denuncian-por-estafa-a-una-decoradora.html\" href=\"https:\/\/elpais.com\/espana\/catalunya\/2025-06-02\/ni-dinero-ni-un-10-de-interes-varias-mujeres-bolivianas-de-barcelona-denuncian-por-estafa-a-una-decoradora.html\" target=\"_self\" rel=\"\" data-link-track-dtm=\"\" data-mrf-link=\"https:\/\/elpais.com\/espana\/catalunya\/2025-06-02\/ni-dinero-ni-un-10-de-interes-varias-mujeres-bolivianas-de-barcelona-denuncian-por-estafa-a-una-decoradora.html\">una forma de ahorro rotativo<\/a>\u00a0que se ha extendido hasta las grandes capitales y que Morales describe as\u00ed: \u201cUna persona se encarga de recoger un monto diario fijado de los participantes. El dinero recaudado se entrega a final de mes a los concursantes por turno, en un sorteo celebrado previamente. Generalmente, el beneficiario se va a China con ese dinero a traer mercader\u00eda\u201d.<\/p>\n<p>&nbsp;<\/p>\n<figure class=\"a_m a_m-h \">\n<p><div style=\"width: 424px\" class=\"wp-caption alignnone\"><img loading=\"lazy\" decoding=\"async\" class=\"_re lazyload a_m-h\" src=\"https:\/\/imagenes.elpais.com\/resizer\/v2\/WOCUDDPVJZFOHP2U5PFWMB5O24.jpg?auth=a852788004ee0bb4a40467120acc5e69c0d8971163b1eae2ff3fd60e87883164&amp;width=414\" sizes=\"auto, (min-width:1199px) 1155px,(min-width:1001px) calc(100vw - 44px),(min-width:768px) 767px, 100vw\" srcset=\"https:\/\/imagenes.elpais.com\/resizer\/v2\/WOCUDDPVJZFOHP2U5PFWMB5O24.jpg?auth=a852788004ee0bb4a40467120acc5e69c0d8971163b1eae2ff3fd60e87883164&amp;width=414 414w,https:\/\/imagenes.elpais.com\/resizer\/v2\/WOCUDDPVJZFOHP2U5PFWMB5O24.jpg?auth=a852788004ee0bb4a40467120acc5e69c0d8971163b1eae2ff3fd60e87883164&amp;width=828 640w,https:\/\/imagenes.elpais.com\/resizer\/v2\/WOCUDDPVJZFOHP2U5PFWMB5O24.jpg?auth=a852788004ee0bb4a40467120acc5e69c0d8971163b1eae2ff3fd60e87883164&amp;width=980 1000w,https:\/\/imagenes.elpais.com\/resizer\/v2\/WOCUDDPVJZFOHP2U5PFWMB5O24.jpg?auth=a852788004ee0bb4a40467120acc5e69c0d8971163b1eae2ff3fd60e87883164&amp;width=1960 1960w\" alt=\"Habitantes de El Alto, Bolivia, en febrero.\" width=\"414\" height=\"285\" \/><p class=\"wp-caption-text\">Habitantes de El Alto, Bolivia, en febrero. Foto Juan Karita (AP)<\/p><\/div><figcaption class=\"a_m_p\" aria-hidden=\"true\"><\/figcaption><\/figure>\n<p>&nbsp;<\/p>\n<p class=\"\">El investigador de la Universidad Mayor de San Andr\u00e9s (UMSA) Lorgio Orellana dice en un an\u00e1lisis reciente que la visi\u00f3n del\u00a0<i>qamirismo<\/i>\u00a0se encuentra en las \u201cant\u00edpodas\u201d de aquel movimiento de organizaciones sociales, campesinas y obreras\u00a0<a title=\"https:\/\/elpais.com\/america\/2025-08-16\/la-izquierda-de-evo-morales-se-asoma-al-abismo-20-anos-despues-del-primer-triunfo.html\" href=\"https:\/\/elpais.com\/america\/2025-08-16\/la-izquierda-de-evo-morales-se-asoma-al-abismo-20-anos-despues-del-primer-triunfo.html\" target=\"_self\" rel=\"\" data-link-track-dtm=\"\" data-mrf-link=\"https:\/\/elpais.com\/america\/2025-08-16\/la-izquierda-de-evo-morales-se-asoma-al-abismo-20-anos-despues-del-primer-triunfo.html\">que fue el MAS<\/a>. \u201cSi en las etapas iniciales del proceso de cambio el peso predominante lo ten\u00edan las clases trabajadoras aimaras y quechuas, hoy es principalmente el qamirismo la ideolog\u00eda dirigente\u201d. Para Edgar Morales, sin embargo, el aimara siempre ha sido econ\u00f3micamente\u00a0<i>qamiri<\/i>: \u201cEn nuestro idioma no hay una palabra que represente su oposici\u00f3n, como sucede en el castellano con rico-pobre\u201d.<\/p>\n<p class=\"\">Prueba de ello, asegura, es la fama de arduos trabajadores que se han ganado los aimaras que migran a Brasil o Argentina. Existe una tendencia al mayor ahorro posible y a trabajar la mayor cantidad de horas posibles. \u201cSolo derrochan en un momento y es en las fiestas. Gastan miles de d\u00f3lares en salones, bebidas y bandas internacionales. En un d\u00eda disfrutan lo que han ganado en todo el a\u00f1o\u201d, concluye entre risas.<\/p>\n","protected":false},"excerpt":{"rendered":"<p>&nbsp; &nbsp; &#8211; Las comunidades que se beneficiaron de la movilidad social del MAS votan a Rodrigo Paz en las presidenciales de Bolivia &nbsp; La&hellip;<\/p>\n","protected":false},"author":99,"featured_media":535573,"comment_status":"open","ping_status":"open","sticky":false,"template":"","format":"standard","meta":{"footnotes":""},"categories":[23],"tags":[],"class_list":["post-535571","post","type-post","status-publish","format-standard","has-post-thumbnail","hentry","category-latinoamerica"],"_links":{"self":[{"href":"https:\/\/diarioelpopular.com\/index.php\/wp-json\/wp\/v2\/posts\/535571","targetHints":{"allow":["GET"]}}],"collection":[{"href":"https:\/\/diarioelpopular.com\/index.php\/wp-json\/wp\/v2\/posts"}],"about":[{"href":"https:\/\/diarioelpopular.com\/index.php\/wp-json\/wp\/v2\/types\/post"}],"author":[{"embeddable":true,"href":"https:\/\/diarioelpopular.com\/index.php\/wp-json\/wp\/v2\/users\/99"}],"replies":[{"embeddable":true,"href":"https:\/\/diarioelpopular.com\/index.php\/wp-json\/wp\/v2\/comments?post=535571"}],"version-history":[{"count":1,"href":"https:\/\/diarioelpopular.com\/index.php\/wp-json\/wp\/v2\/posts\/535571\/revisions"}],"predecessor-version":[{"id":535574,"href":"https:\/\/diarioelpopular.com\/index.php\/wp-json\/wp\/v2\/posts\/535571\/revisions\/535574"}],"wp:featuredmedia":[{"embeddable":true,"href":"https:\/\/diarioelpopular.com\/index.php\/wp-json\/wp\/v2\/media\/535573"}],"wp:attachment":[{"href":"https:\/\/diarioelpopular.com\/index.php\/wp-json\/wp\/v2\/media?parent=535571"}],"wp:term":[{"taxonomy":"category","embeddable":true,"href":"https:\/\/diarioelpopular.com\/index.php\/wp-json\/wp\/v2\/categories?post=535571"},{"taxonomy":"post_tag","embeddable":true,"href":"https:\/\/diarioelpopular.com\/index.php\/wp-json\/wp\/v2\/tags?post=535571"}],"curies":[{"name":"wp","href":"https:\/\/api.w.org\/{rel}","templated":true}]}}