{"id":535592,"date":"2025-09-02T09:27:40","date_gmt":"2025-09-02T13:27:40","guid":{"rendered":"https:\/\/diarioelpopular.com\/?p=535592"},"modified":"2025-09-02T09:28:09","modified_gmt":"2025-09-02T13:28:09","slug":"trump-contra-los-trabajadores-despidos-masivos-eliminacion-de-protecciones-y-trabas-a-la-sindicalizacion","status":"publish","type":"post","link":"https:\/\/diarioelpopular.com\/index.php\/2025\/09\/02\/trump-contra-los-trabajadores-despidos-masivos-eliminacion-de-protecciones-y-trabas-a-la-sindicalizacion\/","title":{"rendered":"Trump contra los trabajadores: despidos masivos, eliminaci\u00f3n de protecciones y trabas a la sindicalizaci\u00f3n"},"content":{"rendered":"<p><img loading=\"lazy\" decoding=\"async\" class=\"alignnone size-custom-full-size wp-image-535594\" src=\"https:\/\/diarioelpopular.com\/wp-content\/uploads\/2025\/09\/Screen-Shot-2025-09-02-at-9.26.59-AM-636x420.png\" alt=\"\" width=\"636\" height=\"420\" srcset=\"https:\/\/diarioelpopular.com\/wp-content\/uploads\/2025\/09\/Screen-Shot-2025-09-02-at-9.26.59-AM-636x420.png 636w, https:\/\/diarioelpopular.com\/wp-content\/uploads\/2025\/09\/Screen-Shot-2025-09-02-at-9.26.59-AM-300x198.png 300w, https:\/\/diarioelpopular.com\/wp-content\/uploads\/2025\/09\/Screen-Shot-2025-09-02-at-9.26.59-AM-768x507.png 768w, https:\/\/diarioelpopular.com\/wp-content\/uploads\/2025\/09\/Screen-Shot-2025-09-02-at-9.26.59-AM-85x55.png 85w, https:\/\/diarioelpopular.com\/wp-content\/uploads\/2025\/09\/Screen-Shot-2025-09-02-at-9.26.59-AM-1536x1015.png 1536w, https:\/\/diarioelpopular.com\/wp-content\/uploads\/2025\/09\/Screen-Shot-2025-09-02-at-9.26.59-AM-1200x793.png 1200w, https:\/\/diarioelpopular.com\/wp-content\/uploads\/2025\/09\/Screen-Shot-2025-09-02-at-9.26.59-AM-111x73.png 111w, https:\/\/diarioelpopular.com\/wp-content\/uploads\/2025\/09\/Screen-Shot-2025-09-02-at-9.26.59-AM.png 1024w\" sizes=\"auto, (max-width: 636px) 100vw, 636px\" \/><\/p>\n<p>&nbsp;<\/p>\n<h4 class=\"a_st\"><em>&#8211; Mientras los sindicatos acusan a Trump de ser el m\u00e1s hostil en temas laborales, el D\u00eda del Trabajo en Estados Unidos acoge m\u00e1s de mil protestas bajo el lema \u201ctrabajadores por encima de los milmillonarios\u201d<\/em><\/h4>\n<p>&nbsp;<\/p>\n<p class=\"\">Hace un a\u00f1o, el entonces candidato a la presidencia por el Partido Republicano cortejaba a los votantes asegurando que defender\u00eda los intereses de los trabajadores americanos.<\/p>\n<p class=\"\">En los siete meses que han pasado desde el regreso de Donald Trump a la Casa Blanca, sin embargo, el balance es completamente diferente y la lista de las \u00f3rdenes ejecutivas en contra de los trabajadores ha hecho que <a title=\"https:\/\/elpais.com\/internacional\/2025-08-01\/trump-despide-a-su-responsable-de-estadisticas-laborales-despues-de-que-publicara-una-desaceleracion-del-empleo.html\" href=\"https:\/\/elpais.com\/internacional\/2025-08-01\/trump-despide-a-su-responsable-de-estadisticas-laborales-despues-de-que-publicara-una-desaceleracion-del-empleo.html\" target=\"_self\" rel=\"\" data-link-track-dtm=\"\" data-mrf-link=\"https:\/\/elpais.com\/internacional\/2025-08-01\/trump-despide-a-su-responsable-de-estadisticas-laborales-despues-de-que-publicara-una-desaceleracion-del-empleo.html\">el Gobierno Trump<\/a>\u00a0sea definido ya como el m\u00e1s hostil de todos los tiempos en t\u00e9rminos laborales.<\/p>\n<p class=\"\">Bajo el lema \u201cTrabajadores por encima de los milmillonarios\u201d m\u00e1s de mil protestas convocadas por los sindicatos y organizaciones civiles en m\u00e1s de 900 ciudades se produjeron este lunes para conmemorar el D\u00eda del Trabajo, m\u00e1s conocido como\u00a0<i>Labor Day<\/i>, en Estados Unidos. La consigna, lanzada por la coalici\u00f3n May Day Strong, sirvi\u00f3 para condensar la denuncia de c\u00f3mo Donald Trump est\u00e1 asediando a los trabajadores del pa\u00eds a trav\u00e9s de sus despidos masivos de empleados federales, la eliminaci\u00f3n de protecciones \u2014salariales o de otro tipo\u2014 trabas a la sindicalizaci\u00f3n, supresi\u00f3n de beneficios como acceso a la asistencia m\u00e9dica y a la educaci\u00f3n, o hasta con su agenda de deportaciones.<\/p>\n<p class=\"\">\u201cEste es un momento sin igual en la historia de nuestro movimiento laboral y de nuestro pa\u00eds\u201d, declar\u00f3 Liz Shuler, presidente de la AFL-CIO, la principal federaci\u00f3n sindical estadounidense, en su discurso de este a\u00f1o sobre el estado de los sindicatos. \u201c\u00bfPor qu\u00e9 mi trabajo, mi familia, mi futuro, mi comunidad, los servicios con los que cuento, se ven repentinamente amenazados y arrebatados? Cada a\u00f1o pensamos en una palabra que represente el estado de los sindicatos en este momento: fuerte, en ascenso&#8230; Este a\u00f1o, solo hay una respuesta posible: la situaci\u00f3n de los trabajadores de este pa\u00eds est\u00e1 siendo atacada\u201d, afirm\u00f3 Shuler.<\/p>\n<p class=\"\">La \u00faltima medida del magnate en materia laboral ha ido de nuevo contra los empleados federales. El jueves, Trump firm\u00f3 una orden ejecutiva que ordena a ciertas agencias, como la NASA, el Servicio Meteorol\u00f3gico Nacional y la Oficina de Recuperaci\u00f3n, que pongan fin a los convenios colectivos con los sindicatos que representan a los empleados federales. El Departamento de Asuntos de Veteranos ya hab\u00eda solicitado la eliminaci\u00f3n de las protecciones para m\u00e1s de 400.000 de sus trabajadores.<\/p>\n<p class=\"\">Por su relaci\u00f3n directa con el Gobierno, los funcionarios federales se encuentran entre los m\u00e1s afectados del mercado laboral por las pol\u00edticas de Trump. Desde el comienzo del mandato, sufrieron el zarpazo del DOGE (Departamento de Eficiencia Gubernamental), creado en su primer d\u00eda de regreso al poder por el presidente y comandado por el ahora desacreditado\u00a0<a title=\"https:\/\/elpais.com\/videos\/2025-05-29\/la-etapa-de-elon-musk-en-la-casa-blanca-de-donald-trump-en-seis-momentos.html?autoplay=1\" href=\"https:\/\/elpais.com\/videos\/2025-05-29\/la-etapa-de-elon-musk-en-la-casa-blanca-de-donald-trump-en-seis-momentos.html?autoplay=1\" target=\"_self\" rel=\"\" data-link-track-dtm=\"\" data-mrf-link=\"https:\/\/elpais.com\/videos\/2025-05-29\/la-etapa-de-elon-musk-en-la-casa-blanca-de-donald-trump-en-seis-momentos.html\">Elon Musk<\/a>, cuya misi\u00f3n fue despedir a miles de funcionarios y cerrar agencias federales para cortar dr\u00e1sticamente el gasto. Su efectividad ha sido cuestionable, pues la reducci\u00f3n de costos nunca lleg\u00f3 a los niveles publicitados inicialmente. El caos sembrado en las agencias diezmadas y los trabajadores despedidos, en cambio, s\u00ed se ha sentido crudamente.<\/p>\n<p>&nbsp;<\/p>\n<figure class=\"a_m a_m-h \">\n<p><div style=\"width: 424px\" class=\"wp-caption alignnone\"><img loading=\"lazy\" decoding=\"async\" class=\"_re lazyload a_m-h\" src=\"https:\/\/imagenes.elpais.com\/resizer\/v2\/EX5R46ENHVMWBJX4DNUZ5E6T4U.jpg?auth=2905b856b496389d7ff68757f00b020387ac403240e55bad2a15e07207ff1534&amp;width=414\" sizes=\"auto, (min-width:1199px) 1155px,(min-width:1001px) calc(100vw - 44px),(min-width:768px) 767px, 100vw\" srcset=\"https:\/\/imagenes.elpais.com\/resizer\/v2\/EX5R46ENHVMWBJX4DNUZ5E6T4U.jpg?auth=2905b856b496389d7ff68757f00b020387ac403240e55bad2a15e07207ff1534&amp;width=414 414w,https:\/\/imagenes.elpais.com\/resizer\/v2\/EX5R46ENHVMWBJX4DNUZ5E6T4U.jpg?auth=2905b856b496389d7ff68757f00b020387ac403240e55bad2a15e07207ff1534&amp;width=828 640w,https:\/\/imagenes.elpais.com\/resizer\/v2\/EX5R46ENHVMWBJX4DNUZ5E6T4U.jpg?auth=2905b856b496389d7ff68757f00b020387ac403240e55bad2a15e07207ff1534&amp;width=980 1000w,https:\/\/imagenes.elpais.com\/resizer\/v2\/EX5R46ENHVMWBJX4DNUZ5E6T4U.jpg?auth=2905b856b496389d7ff68757f00b020387ac403240e55bad2a15e07207ff1534&amp;width=1960 1960w\" alt=\"Protesta por el d\u00eda del trabajo en la Torre Trump, Chicago, el 1 de septiembre.\" width=\"414\" height=\"277\" \/><p class=\"wp-caption-text\">Protesta por el D\u00eda del Trabajo en la Torre Trump, Chicago, el 1 de septiembre. Foto Anthony Vazquez (AP)<\/p><\/div><figcaption class=\"a_m_p\" aria-hidden=\"true\"><\/figcaption><\/figure>\n<p>&nbsp;<\/p>\n<p class=\"\">Estos despidos, junto con la p\u00e9rdida de beneficios que han acompa\u00f1ado a los recortes presupuestarios, han impulsado la afiliaci\u00f3n de los trabajadores a los sindicatos. Es el caso del Servicio de Parques Nacionales de California, que ha perdido aproximadamente una cuarta parte de su personal. Despu\u00e9s de dos a\u00f1os en los que los sindicatos no consiguieron convencer a los trabajadores para afiliarse, m\u00e1s del 97% de los empleados de los parques de Yosemite, Sequoia y Kings Canyon votaron este verano a favor de sindicalizarse. M\u00e1s de 600 empleados, entre ellos guardabosques, bi\u00f3logos, bomberos y recaudadores de impuestos, ahora est\u00e1n representados por la Federaci\u00f3n Nacional de Empleados Federales.<\/p>\n<p class=\"\">Pero tambi\u00e9n los trabajadores de empresas que sirven a la Administraci\u00f3n han visto sus derechos mermados. El magnate elimin\u00f3 el pago m\u00ednimo de 17,75 d\u00f3lares por hora que su antecesor, Joe Biden, estableci\u00f3 para que las compa\u00f1\u00edas contratistas pagaran a sus trabajadores. La medida puede suponer un recorte salarial para los trabajadores de m\u00e1s de 9.200 d\u00f3lares anuales, seg\u00fan estiman los expertos.<\/p>\n<p class=\"\">\u201cLa Administraci\u00f3n Trump afirma que sus acciones est\u00e1n aumentando los salarios de la clase trabajadora cuando, en realidad, est\u00e1n empoderando a las corporaciones para reducir los salarios de millones de trabajadores al eliminar las protecciones del salario m\u00ednimo para los contratistas federales, los trabajadores discapacitados y los trabajadores dom\u00e9sticos que brindan atenci\u00f3n domiciliaria y cuidado infantil\u201d, opina Aurelia Glass, analista pol\u00edtica del Center for American Progress. La propuesta del Gobierno de excluir tambi\u00e9n a los trabajadores dom\u00e9sticos como cuidadores de ancianos y enfermeras del derecho a recibir un m\u00ednimo pago por sus servicios ha recibido numerosas cr\u00edticas en la consulta p\u00fablica.<\/p>\n<h3 class=\"\">1,2 millones de trabajadores menos<\/h3>\n<p class=\"\">Los migrantes ocupan el 43% de los puestos de asistencia a domicilio y ya hay dificultades para cubrir las vacantes que quedan por las deportaciones de los extranjeros. La situaci\u00f3n que se ha creado contradice el discurso recurrente de Trump de que\u00a0<a title=\"https:\/\/elpais.com\/us\/migracion\/2025-06-18\/los-empresarios-alertan-del-peligro-de-recuperar-las-redadas-en-hoteles-restaurantes-y-granjas.html\" href=\"https:\/\/elpais.com\/us\/migracion\/2025-06-18\/los-empresarios-alertan-del-peligro-de-recuperar-las-redadas-en-hoteles-restaurantes-y-granjas.html\" target=\"_self\" rel=\"\" data-link-track-dtm=\"\" data-mrf-link=\"https:\/\/elpais.com\/us\/migracion\/2025-06-18\/los-empresarios-alertan-del-peligro-de-recuperar-las-redadas-en-hoteles-restaurantes-y-granjas.html\">los migrantes estaban quit\u00e1ndoles los puestos de trabajo a los estadounidenses.<\/a>\u00a0Con ese argumento, en un pa\u00eds en el que el desempleo se encuentra por debajo del 4%, ha querido reforzar su campa\u00f1a de deportaciones. El resultado, sin embargo, es que muchas industrias y servicios sufren ahora de\u00a0<a title=\"https:\/\/elpais.com\/us\/economia\/2025-06-12\/trump-admite-la-escasez-de-trabajadores-que-genera-su-politica-migratoria-y-promete-cambios.html#?rel=mas\" href=\"https:\/\/elpais.com\/us\/economia\/2025-06-12\/trump-admite-la-escasez-de-trabajadores-que-genera-su-politica-migratoria-y-promete-cambios.html#?rel=mas\" target=\"_self\" rel=\"\" data-link-track-dtm=\"\" data-mrf-link=\"https:\/\/elpais.com\/us\/economia\/2025-06-12\/trump-admite-la-escasez-de-trabajadores-que-genera-su-politica-migratoria-y-promete-cambios.html\">falta de mano de obra<\/a>. La cruzada del republicano para lograr la mayor deportaci\u00f3n de la historia ha sacado del mercado laboral a 1,2 millones de trabajadores, de acuerdo con datos preliminares.<\/p>\n<p class=\"\">Los trabajadores que se quedan despu\u00e9s de que sus colegas migrantes se vayan se quejan de que tienen que trabajar m\u00e1s horas o tienen que capacitar a reci\u00e9n llegados sin experiencia.<\/p>\n<p>&nbsp;<\/p>\n<figure class=\"a_m a_m-h \">\n<p><div style=\"width: 424px\" class=\"wp-caption alignnone\"><img loading=\"lazy\" decoding=\"async\" class=\"_re lazyload a_m-h\" src=\"https:\/\/imagenes.elpais.com\/resizer\/v2\/2VAAGRXWWZLTZB2R2QQFEOLULM.jpg?auth=2f870a67afee2c9ebdbe31916d071065ccec1d94cbd63a7cd3b454a58b539a27&amp;width=414\" sizes=\"auto, (min-width:1199px) 1155px,(min-width:1001px) calc(100vw - 44px),(min-width:768px) 767px, 100vw\" srcset=\"https:\/\/imagenes.elpais.com\/resizer\/v2\/2VAAGRXWWZLTZB2R2QQFEOLULM.jpg?auth=2f870a67afee2c9ebdbe31916d071065ccec1d94cbd63a7cd3b454a58b539a27&amp;width=414 414w,https:\/\/imagenes.elpais.com\/resizer\/v2\/2VAAGRXWWZLTZB2R2QQFEOLULM.jpg?auth=2f870a67afee2c9ebdbe31916d071065ccec1d94cbd63a7cd3b454a58b539a27&amp;width=828 640w,https:\/\/imagenes.elpais.com\/resizer\/v2\/2VAAGRXWWZLTZB2R2QQFEOLULM.jpg?auth=2f870a67afee2c9ebdbe31916d071065ccec1d94cbd63a7cd3b454a58b539a27&amp;width=980 1000w,https:\/\/imagenes.elpais.com\/resizer\/v2\/2VAAGRXWWZLTZB2R2QQFEOLULM.jpg?auth=2f870a67afee2c9ebdbe31916d071065ccec1d94cbd63a7cd3b454a58b539a27&amp;width=1960 1960w\" alt=\"Marcha en Chicago, Illinois, el 1 de septiembre.\" width=\"414\" height=\"276\" \/><p class=\"wp-caption-text\">Marcha en Chicago, Illinois, el 1 de septiembre.\u00a0 \u00a0 \u00a0 \u00a0 \u00a0 \u00a0 \u00a0 \u00a0 \u00a0 \u00a0 \u00a0 \u00a0 \u00a0 \u00a0 \u00a0Foto Jim Vondruska (REUTERS)<\/p><\/div><figcaption class=\"a_m_p\" aria-hidden=\"true\"><\/figcaption><\/figure>\n<p>&nbsp;<\/p>\n<p class=\"\">Los efectos de las expulsiones eran inevitables, ya que los inmigrantes representan casi el 20% de la fuerza laboral estadounidense. En algunos sectores el da\u00f1o causado por las detenciones es a\u00fan mayor, como en el caso del sector agr\u00edcola, donde los migrantes cubren los puestos de trabajo que los estadounidenses no quieren ocupar. Seg\u00fan datos de Pew, el 45% de los trabajadores agr\u00edcolas, pesqueros y forestales son migrantes.<\/p>\n<p class=\"\">El sector de la construcci\u00f3n es otro de los m\u00e1s afectados por la campa\u00f1a antiinmigrante del republicano y los contratistas advierten de que la situaci\u00f3n es grave. \u201cLa situaci\u00f3n se est\u00e1 agravando con las redadas y con los rumores de redadas que impiden que la gente acuda a las obras. Incluso se los llevan cuando est\u00e1n en medio de las obras que son necesarias\u201d, declar\u00f3 Ken Simonson, economista de la Asociaci\u00f3n de Contratistas Generales de Am\u00e9rica, en una entrevista con Telemundo.<\/p>\n<p class=\"\">Seg\u00fan Simonson, el empleo en la construcci\u00f3n se ha estancado o retrocedido en muchas \u00e1reas por diversas razones, pero el endurecimiento de las leyes migratorias ha sido un factor determinante. Un 30% de los trabajadores de la construcci\u00f3n son migrantes y los empresarios no encuentran c\u00f3mo sustituirlos. El n\u00famero de empleos en la construcci\u00f3n se ha reducido a la mitad en las \u00e1reas metropolitanas, seg\u00fan los datos de esa asociaci\u00f3n. La mayor p\u00e9rdida, con 7.200 empleos, se registr\u00f3 en la zona de Riverside-San Bernardino-Ontario, California.<\/p>\n<p class=\"\">A pesar de las advertencias que hasta los empresarios de diversos sectores han hecho para que la Administraci\u00f3n cambie el ataque que est\u00e1 padeciendo la fuerza laboral del pa\u00eds, la Casa Blanca, en contra de los abundantes datos y testimonios, sigue instalado en su mensaje de campa\u00f1a: \u201cNinguna Administraci\u00f3n ha luchado tanto por el trabajador americano. Feliz D\u00eda del Trabajo\u201d.<\/p>\n<p>&nbsp;<\/p>\n<figure class=\"a_m a_m-h \">\n<p><div style=\"width: 424px\" class=\"wp-caption alignnone\"><img loading=\"lazy\" decoding=\"async\" class=\"_re lazyload a_m-h\" src=\"https:\/\/imagenes.elpais.com\/resizer\/v2\/W5UIHJWN4JNTJPD774PYR4T724.jpg?auth=27bc2e4735453351cc507e33a9da830b61c4894f0b99107f1062600dc7a0fa21&amp;width=414\" sizes=\"auto, (min-width:1199px) 1155px,(min-width:1001px) calc(100vw - 44px),(min-width:768px) 767px, 100vw\" srcset=\"https:\/\/imagenes.elpais.com\/resizer\/v2\/W5UIHJWN4JNTJPD774PYR4T724.jpg?auth=27bc2e4735453351cc507e33a9da830b61c4894f0b99107f1062600dc7a0fa21&amp;width=414 414w,https:\/\/imagenes.elpais.com\/resizer\/v2\/W5UIHJWN4JNTJPD774PYR4T724.jpg?auth=27bc2e4735453351cc507e33a9da830b61c4894f0b99107f1062600dc7a0fa21&amp;width=828 640w,https:\/\/imagenes.elpais.com\/resizer\/v2\/W5UIHJWN4JNTJPD774PYR4T724.jpg?auth=27bc2e4735453351cc507e33a9da830b61c4894f0b99107f1062600dc7a0fa21&amp;width=980 1000w,https:\/\/imagenes.elpais.com\/resizer\/v2\/W5UIHJWN4JNTJPD774PYR4T724.jpg?auth=27bc2e4735453351cc507e33a9da830b61c4894f0b99107f1062600dc7a0fa21&amp;width=1960 1960w\" alt=\"Marcha 'Workers Over Billionaires' en Atlanta, Georgia.\" width=\"414\" height=\"276\" \/><p class=\"wp-caption-text\">Marcha &#8216;Workers Over Billionaires&#8217; en Atlanta, Georgia.\u00a0 \u00a0 \u00a0 \u00a0 \u00a0 \u00a0 \u00a0Foto ERIK S. LESSER (EFE)<\/p><\/div><figcaption class=\"a_m_p\" aria-hidden=\"true\"><\/figcaption><\/figure>\n","protected":false},"excerpt":{"rendered":"<p>&nbsp; &#8211; Mientras los sindicatos acusan a Trump de ser el m\u00e1s hostil en temas laborales, el D\u00eda del Trabajo en Estados Unidos acoge m\u00e1s&hellip;<\/p>\n","protected":false},"author":99,"featured_media":535594,"comment_status":"open","ping_status":"open","sticky":false,"template":"","format":"standard","meta":{"footnotes":""},"categories":[24],"tags":[],"class_list":["post-535592","post","type-post","status-publish","format-standard","has-post-thumbnail","hentry","category-mundo"],"_links":{"self":[{"href":"https:\/\/diarioelpopular.com\/index.php\/wp-json\/wp\/v2\/posts\/535592","targetHints":{"allow":["GET"]}}],"collection":[{"href":"https:\/\/diarioelpopular.com\/index.php\/wp-json\/wp\/v2\/posts"}],"about":[{"href":"https:\/\/diarioelpopular.com\/index.php\/wp-json\/wp\/v2\/types\/post"}],"author":[{"embeddable":true,"href":"https:\/\/diarioelpopular.com\/index.php\/wp-json\/wp\/v2\/users\/99"}],"replies":[{"embeddable":true,"href":"https:\/\/diarioelpopular.com\/index.php\/wp-json\/wp\/v2\/comments?post=535592"}],"version-history":[{"count":2,"href":"https:\/\/diarioelpopular.com\/index.php\/wp-json\/wp\/v2\/posts\/535592\/revisions"}],"predecessor-version":[{"id":535596,"href":"https:\/\/diarioelpopular.com\/index.php\/wp-json\/wp\/v2\/posts\/535592\/revisions\/535596"}],"wp:featuredmedia":[{"embeddable":true,"href":"https:\/\/diarioelpopular.com\/index.php\/wp-json\/wp\/v2\/media\/535594"}],"wp:attachment":[{"href":"https:\/\/diarioelpopular.com\/index.php\/wp-json\/wp\/v2\/media?parent=535592"}],"wp:term":[{"taxonomy":"category","embeddable":true,"href":"https:\/\/diarioelpopular.com\/index.php\/wp-json\/wp\/v2\/categories?post=535592"},{"taxonomy":"post_tag","embeddable":true,"href":"https:\/\/diarioelpopular.com\/index.php\/wp-json\/wp\/v2\/tags?post=535592"}],"curies":[{"name":"wp","href":"https:\/\/api.w.org\/{rel}","templated":true}]}}