{"id":535616,"date":"2025-09-02T12:38:57","date_gmt":"2025-09-02T16:38:57","guid":{"rendered":"https:\/\/diarioelpopular.com\/?p=535616"},"modified":"2025-09-02T12:38:57","modified_gmt":"2025-09-02T16:38:57","slug":"un-tribunal-federal-declara-ilegal-el-despliegue-de-la-guardia-nacional-en-los-angeles","status":"publish","type":"post","link":"https:\/\/diarioelpopular.com\/index.php\/2025\/09\/02\/un-tribunal-federal-declara-ilegal-el-despliegue-de-la-guardia-nacional-en-los-angeles\/","title":{"rendered":"Un tribunal federal declara ilegal el despliegue de la Guardia Nacional en Los \u00c1ngeles"},"content":{"rendered":"<div id=\"attachment_535617\" style=\"width: 1210px\" class=\"wp-caption alignnone\"><img loading=\"lazy\" decoding=\"async\" aria-describedby=\"caption-attachment-535617\" class=\"wp-image-535617 size-custom-big-size\" src=\"https:\/\/diarioelpopular.com\/wp-content\/uploads\/2025\/09\/Screen-Shot-2025-09-02-at-12.38.01-PM-1200x788.png\" alt=\"\" width=\"1200\" height=\"788\" srcset=\"https:\/\/diarioelpopular.com\/wp-content\/uploads\/2025\/09\/Screen-Shot-2025-09-02-at-12.38.01-PM-1200x788.png 1200w, https:\/\/diarioelpopular.com\/wp-content\/uploads\/2025\/09\/Screen-Shot-2025-09-02-at-12.38.01-PM-300x197.png 300w, https:\/\/diarioelpopular.com\/wp-content\/uploads\/2025\/09\/Screen-Shot-2025-09-02-at-12.38.01-PM-768x504.png 768w, https:\/\/diarioelpopular.com\/wp-content\/uploads\/2025\/09\/Screen-Shot-2025-09-02-at-12.38.01-PM-85x55.png 85w, https:\/\/diarioelpopular.com\/wp-content\/uploads\/2025\/09\/Screen-Shot-2025-09-02-at-12.38.01-PM-1536x1009.png 1536w, https:\/\/diarioelpopular.com\/wp-content\/uploads\/2025\/09\/Screen-Shot-2025-09-02-at-12.38.01-PM-636x418.png 636w, https:\/\/diarioelpopular.com\/wp-content\/uploads\/2025\/09\/Screen-Shot-2025-09-02-at-12.38.01-PM-111x73.png 111w, https:\/\/diarioelpopular.com\/wp-content\/uploads\/2025\/09\/Screen-Shot-2025-09-02-at-12.38.01-PM.png 1024w\" sizes=\"auto, (max-width: 1200px) 100vw, 1200px\" \/><p id=\"caption-attachment-535617\" class=\"wp-caption-text\">Tropas de la Guardia Nacional desplegadas en el centro de Los \u00c1ngeles el pasado 10 de junio. Foto Eric Thayer (AP)<\/p><\/div>\n<p>&nbsp;<\/p>\n<p>&nbsp;<\/p>\n<h4 class=\"a_st\"><em>&#8211; El juez considera que la orden de Trump viola la ley que proh\u00edbe a los soldados ejercer funciones policiales<\/em><\/h4>\n<p>&nbsp;<\/p>\n<p class=\"\">Contin\u00faan\u00a0<a title=\"https:\/\/elpais.com\/internacional\/2025-08-29\/un-tribunal-de-apelaciones-anula-la-mayoria-de-los-aranceles-de-trump.html\" href=\"https:\/\/elpais.com\/internacional\/2025-08-29\/un-tribunal-de-apelaciones-anula-la-mayoria-de-los-aranceles-de-trump.html\" target=\"_self\" rel=\"\" data-link-track-dtm=\"\" data-mrf-link=\"https:\/\/elpais.com\/internacional\/2025-08-29\/un-tribunal-de-apelaciones-anula-la-mayoria-de-los-aranceles-de-trump.html\">los reveses judiciales para Donald Trump<\/a>. Un tribunal federal ha declarado ilegal este martes el\u00a0<a title=\"https:\/\/elpais.com\/internacional\/2025-09-02\/un-tribunal-federal-declara-ilegal-el-despliegue-de-la-guardia-nacional-en-los-angeles.html\" href=\"https:\/\/elpais.com\/internacional\/2025-09-02\/un-tribunal-federal-declara-ilegal-el-despliegue-de-la-guardia-nacional-en-los-angeles.html\" target=\"_self\" rel=\"\" data-link-track-dtm=\"\" data-mrf-link=\"https:\/\/elpais.com\/internacional\/2025-09-02\/un-tribunal-federal-declara-ilegal-el-despliegue-de-la-guardia-nacional-en-los-angeles.html\">despliegue de las tropas de la Guardia Nacional en Los \u00c1ngeles<\/a>\u00a0que el presidente estadounidense orden\u00f3 el pasado junio para labores de seguridad p\u00fablica.<\/p>\n<p class=\"\">El juez Charles Breyer considera que esa medida viola la ley que proh\u00edbe al ej\u00e9rcito cumplir funciones policiales, y ha prohibido que los soldados desplegados participen en patrullas, detenciones, registros o en la gesti\u00f3n de disturbios y multitudes. La medida, sin embargo, no entrar\u00e1 en vigor hasta el pr\u00f3ximo d\u00eda 12 de septiembre, para dar tiempo al Gobierno para apelar.<\/p>\n<p class=\"\">Seg\u00fan ha determinado el juez, en respuesta a una demanda interpuesta por el gobernador de California, Gavin Newsom, el uso de las tropas federales para esas funciones equivale a crear \u201cuna fuerza de polic\u00eda nacional que tiene como jefe al presidente\u201d. Eso viola la ley Posse Comitatus, firmada en 1878 y que proh\u00edbe a las tropas desempe\u00f1ar funciones de mantenimiento del orden. Esa ley se basa en la tradici\u00f3n estadounidense que considera la\u00a0<a title=\"https:\/\/elpais.com\/internacional\/2025-08-27\/tropas-en-washington-y-destituciones-en-la-reserva-federal-trump-abraza-la-deriva-autoritaria-en-estados-unidos.html\" href=\"https:\/\/elpais.com\/internacional\/2025-08-27\/tropas-en-washington-y-destituciones-en-la-reserva-federal-trump-abraza-la-deriva-autoritaria-en-estados-unidos.html\" target=\"_self\" rel=\"\" data-link-track-dtm=\"\" data-mrf-link=\"https:\/\/elpais.com\/internacional\/2025-08-27\/tropas-en-washington-y-destituciones-en-la-reserva-federal-trump-abraza-la-deriva-autoritaria-en-estados-unidos.html\">intervenci\u00f3n militar en asuntos civiles<\/a>\u00a0como una amenaza contra la democracia y las libertades.<\/p>\n<p class=\"\">\u201cLas pruebas presentadas en el juicio establecieron que los demandados recurrieron sistem\u00e1ticamente al uso de soldados armados (cuyas identidades estaban oscurecidas por el blindaje) y veh\u00edculos militares para establecer per\u00edmetros de protecci\u00f3n y barreras al tr\u00e1fico, participar en el control de multitudes y, en general, demostrar una presencia militar en torno a Los \u00c1ngeles. En suma, los demandados violaron la ley Posse Comitatus\u201d, expone Breyer.<\/p>\n<p class=\"\">El juez se\u00f1ala que una excepci\u00f3n la representa la ley contra la Insurrecci\u00f3n, de 218 a\u00f1os de antig\u00fcedad, que autoriza al presidente a desplegar a la Guardia Nacional en caso de rebeld\u00eda contra el Gobierno en alguno de los Estados de la Uni\u00f3n. Esa ley matiza que la orden presidencial debe llegar \u201ca petici\u00f3n de la legislatura (del Estado afectado), o del gobernador si la legislatura no puede reunirse\u201d, pero tambi\u00e9n concede al presidente la potestad de enviar tropas de la Guardia Nacional si lo considera necesario para combatir esa insurrecci\u00f3n.<\/p>\n<p class=\"\">Trump orden\u00f3 el despliegue de 2.000 soldados de la Guardia Nacional en Los \u00c1ngeles pese a\u00a0<a title=\"https:\/\/about:blank\" href=\"https:\/\/about:blank\/\" target=\"_self\" rel=\"\" data-link-track-dtm=\"\">la oposici\u00f3n de Newsom<\/a> el pasado junio, para responder a las manifestaciones contra su dura y discriminatoria pol\u00edtica migratoria, muy en particular contra las redadas en busca de inmigrantes irregulares en esa ciudad. La Guardia Nacional fue desplegada espec\u00edficamente para proteger edificios federales, incluido el centro de detenci\u00f3n de la ciudad, donde se <a title=\"https:\/\/elpais.com\/mexico\/2025-06-09\/claudia-sheinbaum-replica-a-trump-los-mexicanos-que-viven-en-estados-unidos-son-trabajadores-honestos.html\" href=\"https:\/\/elpais.com\/mexico\/2025-06-09\/claudia-sheinbaum-replica-a-trump-los-mexicanos-que-viven-en-estados-unidos-son-trabajadores-honestos.html\" target=\"_self\" rel=\"\" data-link-track-dtm=\"\" data-mrf-link=\"https:\/\/elpais.com\/mexico\/2025-06-09\/claudia-sheinbaum-replica-a-trump-los-mexicanos-que-viven-en-estados-unidos-son-trabajadores-honestos.html\">concentraron los manifestantes<\/a>.<\/p>\n<p class=\"\">Desde que orden\u00f3 ese despliegue, Trump suele jactarse , err\u00f3neamente, de que, si no lo hubiera hecho, Los \u00c1ngeles se hubiera sumido en el caos y hoy d\u00eda ser\u00eda una ciudad \u201ccompletamente destruida\u201d.<\/p>\n<p class=\"\">Tras el despliegue de la Guardia Nacional en junio, Trump orden\u00f3 una medida similar en Washington el 11 de agosto. En el caso de la capital, el presidente argumentaba, de forma equivocada, que los niveles de violencia estaban tan desbocados que era necesaria la declaraci\u00f3n de una emergencia nacional.<\/p>\n<p class=\"\">Pero en Washington los niveles de violencia, seg\u00fan los datos oficiales, cayeron en 2024 a los niveles m\u00e1s bajos de los \u00faltimos a\u00f1os. Altos cargos dem\u00f3cratas, incluido el propio Newsom \u2014convertido en la cara m\u00e1s visible de la oposici\u00f3n pol\u00edtica a Trump\u2014 apuntan que pese a lo que sostiene el presidente, hay mayor incidencia de sucesos violentos en ciudades gobernadas por republicanos que en urbes de mayor\u00eda dem\u00f3crata.<\/p>\n<p class=\"\">La decisi\u00f3n del juez Breyer llega cuando Trump amenaza con ordenar el despliegue de la Guardia Nacional en otras ciudades que son gobernadas por dem\u00f3cratas. Trump ha mencionado en concreto Nueva York y Baltimore, y especialmente Chicago, de la que asegura que ser\u00e1 la siguiente. El alcalde de esa ciudad, Brandon Johnson, ya ha proclamado una orden para prohibir a la Polic\u00eda local colaborar con la Guardia Nacional en tareas de patrulla o con los agentes de inmigraci\u00f3n en misiones de b\u00fasqueda y detenci\u00f3n de extranjeros en situaci\u00f3n irregular.<\/p>\n<p class=\"\">\u201cNo queremos ver tanques en nuestras calles. No queremos ver familias separadas\u201d, declaraba Johnson el s\u00e1bado. \u201cNo queremos abuelas tiradas en la trasera de furgonetas sin ning\u00fan emblema. No queremos ver a los sin techo en Chicago acosados o desaparecidos por agentes federales\u201d.<\/p>\n<p class=\"\">Pero Trump insiste en arremeter contra una de las ciudades m\u00e1s furibundamente dem\u00f3cratas de todo el pa\u00eds. \u201cAl menos 54 personas recibieron disparos en Chicago este fin de semana. Los \u00faltimos dos fines de semana fueron similares. Chicago es la ciudad peor y m\u00e1s peligrosa del mundo, de lejos\u201d, sosten\u00eda este martes en un mensaje en su red social, Truth.<\/p>\n<p class=\"\">\u201cVoy a resolver el problema de la delincuencia r\u00e1pido, como lo hice en DC. Chicago volver\u00e1 a ser seguro de nuevo, y pronto\u201d, promet\u00eda Trump en su texto.<\/p>\n","protected":false},"excerpt":{"rendered":"<p>&nbsp; &nbsp; &#8211; El juez considera que la orden de Trump viola la ley que proh\u00edbe a los soldados ejercer funciones policiales &nbsp; Contin\u00faan\u00a0los reveses&hellip;<\/p>\n","protected":false},"author":99,"featured_media":535617,"comment_status":"open","ping_status":"open","sticky":false,"template":"","format":"standard","meta":{"footnotes":""},"categories":[24],"tags":[],"class_list":["post-535616","post","type-post","status-publish","format-standard","has-post-thumbnail","hentry","category-mundo"],"_links":{"self":[{"href":"https:\/\/diarioelpopular.com\/index.php\/wp-json\/wp\/v2\/posts\/535616","targetHints":{"allow":["GET"]}}],"collection":[{"href":"https:\/\/diarioelpopular.com\/index.php\/wp-json\/wp\/v2\/posts"}],"about":[{"href":"https:\/\/diarioelpopular.com\/index.php\/wp-json\/wp\/v2\/types\/post"}],"author":[{"embeddable":true,"href":"https:\/\/diarioelpopular.com\/index.php\/wp-json\/wp\/v2\/users\/99"}],"replies":[{"embeddable":true,"href":"https:\/\/diarioelpopular.com\/index.php\/wp-json\/wp\/v2\/comments?post=535616"}],"version-history":[{"count":1,"href":"https:\/\/diarioelpopular.com\/index.php\/wp-json\/wp\/v2\/posts\/535616\/revisions"}],"predecessor-version":[{"id":535618,"href":"https:\/\/diarioelpopular.com\/index.php\/wp-json\/wp\/v2\/posts\/535616\/revisions\/535618"}],"wp:featuredmedia":[{"embeddable":true,"href":"https:\/\/diarioelpopular.com\/index.php\/wp-json\/wp\/v2\/media\/535617"}],"wp:attachment":[{"href":"https:\/\/diarioelpopular.com\/index.php\/wp-json\/wp\/v2\/media?parent=535616"}],"wp:term":[{"taxonomy":"category","embeddable":true,"href":"https:\/\/diarioelpopular.com\/index.php\/wp-json\/wp\/v2\/categories?post=535616"},{"taxonomy":"post_tag","embeddable":true,"href":"https:\/\/diarioelpopular.com\/index.php\/wp-json\/wp\/v2\/tags?post=535616"}],"curies":[{"name":"wp","href":"https:\/\/api.w.org\/{rel}","templated":true}]}}