{"id":535685,"date":"2025-09-04T10:26:19","date_gmt":"2025-09-04T14:26:19","guid":{"rendered":"https:\/\/diarioelpopular.com\/?p=535685"},"modified":"2025-09-04T10:26:19","modified_gmt":"2025-09-04T14:26:19","slug":"que-se-sabe-del-accidente-del-historico-funicular-de-lisboa-que-dejo-al-menos-16-muertos","status":"publish","type":"post","link":"https:\/\/diarioelpopular.com\/index.php\/2025\/09\/04\/que-se-sabe-del-accidente-del-historico-funicular-de-lisboa-que-dejo-al-menos-16-muertos\/","title":{"rendered":"Qu\u00e9 se sabe del accidente del hist\u00f3rico funicular de Lisboa que dej\u00f3 al menos 16 muertos"},"content":{"rendered":"<div id=\"attachment_535686\" style=\"width: 646px\" class=\"wp-caption alignnone\"><img loading=\"lazy\" decoding=\"async\" aria-describedby=\"caption-attachment-535686\" class=\"wp-image-535686 size-custom-full-size\" src=\"https:\/\/diarioelpopular.com\/wp-content\/uploads\/2025\/09\/Screen-Shot-2025-09-04-at-10.25.41-AM-636x358.png\" alt=\"\" width=\"636\" height=\"358\" srcset=\"https:\/\/diarioelpopular.com\/wp-content\/uploads\/2025\/09\/Screen-Shot-2025-09-04-at-10.25.41-AM-636x358.png 636w, https:\/\/diarioelpopular.com\/wp-content\/uploads\/2025\/09\/Screen-Shot-2025-09-04-at-10.25.41-AM-300x169.png 300w, https:\/\/diarioelpopular.com\/wp-content\/uploads\/2025\/09\/Screen-Shot-2025-09-04-at-10.25.41-AM-768x432.png 768w, https:\/\/diarioelpopular.com\/wp-content\/uploads\/2025\/09\/Screen-Shot-2025-09-04-at-10.25.41-AM-130x73.png 130w, https:\/\/diarioelpopular.com\/wp-content\/uploads\/2025\/09\/Screen-Shot-2025-09-04-at-10.25.41-AM.png 856w\" sizes=\"auto, (max-width: 636px) 100vw, 636px\" \/><p id=\"caption-attachment-535686\" class=\"wp-caption-text\">Funcionarios inspeccionan el funicular accidentado.<\/p><\/div>\n<p>&nbsp;<\/p>\n<div class=\"bbc-19j92fr ebmt73l0\" dir=\"ltr\">\n<ul>\n<li class=\"bbc-hhl7in e17g058b0\" dir=\"ltr\"><em><b>Lisboa est\u00e1 consternada por la tragedia que este mi\u00e9rcoles tuvo lugar en una de sus atracciones tur\u00edsticas m\u00e1s emblem\u00e1ticas: el Elevador de la Gloria.<\/b><\/em><\/li>\n<\/ul>\n<\/div>\n<div class=\"bbc-19j92fr ebmt73l0\" dir=\"ltr\">\n<p dir=\"ltr\">\n<p class=\"bbc-hhl7in e17g058b0\" dir=\"ltr\">Al menos 16 personas murieron y 23 resultaron heridas, luego de que uno de los famosos funiculares amarillos que suben y bajan por las empinadas colinas de la capital de Portugal se descarril\u00f3 y se estrell\u00f3 contra un edificio, inform\u00f3 la prensa local.<\/p>\n<\/div>\n<div class=\"bbc-19j92fr ebmt73l0\" dir=\"ltr\">\n<p class=\"bbc-hhl7in e17g058b0\" dir=\"ltr\">Las causas del accidente est\u00e1n por esclarecerse, aunque las autoridades lusas ya han iniciado las investigaciones.<\/p>\n<\/div>\n<div class=\"bbc-19j92fr ebmt73l0\" dir=\"ltr\">\n<p class=\"bbc-hhl7in e17g058b0\" dir=\"ltr\">Asimismo, como medida de precauci\u00f3n, han suspendido los servicios de los aparatos restantes para someterlos a una revisi\u00f3n.<\/p>\n<\/div>\n<div class=\"bbc-19j92fr ebmt73l0\" dir=\"ltr\">\n<p class=\"bbc-hhl7in e17g058b0\" dir=\"ltr\">A continuaci\u00f3n, informamos lo que se sabe del suceso:<\/p>\n<\/div>\n<section class=\"bbc-1o3v5ug\" role=\"region\" data-e2e=\"recommendations-heading\" aria-labelledby=\"recommendations-heading\">\n<div class=\"bbc-bjn8wh eveec6k2\"><\/div>\n<\/section>\n<figure class=\"bbc-1qn0xuy\">\n<div class=\"bbc-1gbs0ve\">\n<div style=\"width: 1033px\" class=\"wp-caption alignnone\"><img loading=\"lazy\" decoding=\"async\" class=\"bbc-139onq\" src=\"https:\/\/ichef.bbci.co.uk\/ace\/ws\/640\/cpsprodpb\/3015\/live\/6e644ac0-8979-11f0-93a9-c9fc9cc74be9.jpg.webp\" alt=\"Unos polic\u00edas cerca del sitio del siniestro.\" width=\"1023\" height=\"575\" \/><p class=\"wp-caption-text\">Fuente de la imagen: Horacio Villalobos\/Getty Images. El accidente del funicular dej\u00f3 16 muertos y m\u00e1s de una veintena de heridos, de acuerdo con las \u00faltimas informaciones oficiales.<\/p><\/div>\n<p class=\"bbc-by8ykd\" role=\"text\">\n<\/div>\n<\/figure>\n<div class=\"bbc-19j92fr ebmt73l0\" dir=\"ltr\">\n<h2 id=\"Fuera-de-control\" class=\"bbc-1lgzob2 eglt09e0\" tabindex=\"-1\">Fuera de control<\/h2>\n<\/div>\n<div class=\"bbc-19j92fr ebmt73l0\" dir=\"ltr\">\n<p class=\"bbc-hhl7in e17g058b0\" dir=\"ltr\">El accidente ocurri\u00f3 alrededor de las 18:05 del mi\u00e9rcoles (hora local) y afect\u00f3 a uno de los funiculares que conecta la c\u00e9ntrica plaza de los Restauradores con el afamado Barrio Alto, informaron las autoridades.<\/p>\n<\/div>\n<div class=\"bbc-19j92fr ebmt73l0\" dir=\"ltr\">\n<p class=\"bbc-hhl7in e17g058b0\" dir=\"ltr\">Seg\u00fan la prensa local, testigos presenciales aseguraron que el veh\u00edculo siniestrado se desliz\u00f3 por la empinada calle &#8220;fuera de control, sin frenos&#8221;.<\/p>\n<\/div>\n<div class=\"bbc-19j92fr ebmt73l0\" dir=\"ltr\">\n<p class=\"bbc-hhl7in e17g058b0\" dir=\"ltr\">M\u00e1s de 60 efectivos de los servicios de emergencia y 22 veh\u00edculos se desplegaron en el lugar.<\/p>\n<\/div>\n<div class=\"bbc-19j92fr ebmt73l0\" dir=\"ltr\">\n<p class=\"bbc-hhl7in e17g058b0\" dir=\"ltr\">Pero antes de que los equipos de socorro arribaran al sitio, vecinos y transe\u00fantes asistieron a los afectados.<\/p>\n<\/div>\n<div class=\"bbc-19j92fr ebmt73l0\" dir=\"ltr\">\n<p class=\"bbc-hhl7in e17g058b0\" dir=\"ltr\">&#8220;Escuch\u00e9 a los ni\u00f1os y fui a ayudarlos. El funicular estaba llen\u00edsimo de gente&#8221;, relat\u00f3 Teresa D&#8217;Av\u00f3 al\u00a0<i class=\"bbc-h1y5j7 eih42320\">Jornal da Not\u00edcias<\/i>.<\/p>\n<p dir=\"ltr\">\n<\/div>\n<figure class=\"bbc-1qn0xuy\">\n<div class=\"bbc-1gbs0ve\"><img loading=\"lazy\" decoding=\"async\" class=\"bbc-139onq\" src=\"https:\/\/ichef.bbci.co.uk\/ace\/ws\/640\/cpsprodpb\/2403\/live\/7062bd60-897a-11f0-84c8-99de564f0440.jpg.webp\" sizes=\"auto, (min-width: 1008px) 760px, 100vw\" srcset=\"https:\/\/ichef.bbci.co.uk\/ace\/ws\/240\/cpsprodpb\/2403\/live\/7062bd60-897a-11f0-84c8-99de564f0440.jpg.webp 240w, https:\/\/ichef.bbci.co.uk\/ace\/ws\/320\/cpsprodpb\/2403\/live\/7062bd60-897a-11f0-84c8-99de564f0440.jpg.webp 320w, https:\/\/ichef.bbci.co.uk\/ace\/ws\/480\/cpsprodpb\/2403\/live\/7062bd60-897a-11f0-84c8-99de564f0440.jpg.webp 480w, https:\/\/ichef.bbci.co.uk\/ace\/ws\/624\/cpsprodpb\/2403\/live\/7062bd60-897a-11f0-84c8-99de564f0440.jpg.webp 624w, https:\/\/ichef.bbci.co.uk\/ace\/ws\/800\/cpsprodpb\/2403\/live\/7062bd60-897a-11f0-84c8-99de564f0440.jpg.webp 800w\" alt=\"Unos investigadores en el sitio del accidente del funicular de Lisboa.\" width=\"1024\" height=\"639\" \/><\/p>\n<p class=\"bbc-by8ykd\" role=\"text\"><span class=\"bbc-m04vo2\">Fuente de la imagen,<\/span><span lang=\"en-GB\">Horacio Villalobos\/Getty Images. <\/span>Las autoridades ya han iniciado las investigaciones para determinar las causas del accidente.<\/p>\n<\/div>\n<\/figure>\n<div class=\"bbc-19j92fr ebmt73l0\" dir=\"ltr\">\n<p dir=\"ltr\">\n<p class=\"bbc-hhl7in e17g058b0\" dir=\"ltr\">Cada veh\u00edculo puede llevar a unas 43 personas, entre sentadas y de pie.<\/p>\n<\/div>\n<div class=\"bbc-19j92fr ebmt73l0\" dir=\"ltr\">\n<p class=\"bbc-hhl7in e17g058b0\" dir=\"ltr\">Las autoridades indicaron que era demasiado pronto para determinar la causa del incidente.<\/p>\n<\/div>\n<div class=\"bbc-19j92fr ebmt73l0\" dir=\"ltr\">\n<p class=\"bbc-hhl7in e17g058b0\" dir=\"ltr\">Sin embargo, la prensa lusa report\u00f3 que la rotura del cable que sirve para mover a los vagones a trav\u00e9s de las pronunciadas cuestas de la ciudad podr\u00eda ser la raz\u00f3n por la cual el vag\u00f3n perdi\u00f3 el control, golpe\u00f3 con otro aparato similar que se encontraba en una parada cercana y termin\u00f3 colisionando contra un edificio cercano.<\/p>\n<\/div>\n<div class=\"bbc-19j92fr ebmt73l0\" dir=\"ltr\">\n<p class=\"bbc-hhl7in e17g058b0\" dir=\"ltr\">Las im\u00e1genes del sitio del suceso mostraron un vag\u00f3n amarillo volcado, casi completamente destruido.<\/p>\n<\/div>\n<div class=\"bbc-19j92fr ebmt73l0\" dir=\"ltr\">\n<p class=\"bbc-hhl7in e17g058b0\" dir=\"ltr\">Se pod\u00eda ver a la gente huyendo a pie de la zona mientras el humo cubr\u00eda la calle adoquinada.<\/p>\n<\/div>\n<div class=\"bbc-19j92fr ebmt73l0\" dir=\"ltr\">\n<h2 id=\"Qu\u00e9-se-sabe-de-las-v\u00edctimas\" class=\"bbc-1lgzob2 eglt09e0\" tabindex=\"-1\">\u00bfQu\u00e9 se sabe de las v\u00edctimas?<\/h2>\n<\/div>\n<figure class=\"bbc-1qn0xuy\">\n<div class=\"bbc-1gbs0ve\">\n<div style=\"width: 1034px\" class=\"wp-caption alignnone\"><img loading=\"lazy\" decoding=\"async\" class=\"bbc-139onq\" src=\"https:\/\/ichef.bbci.co.uk\/ace\/ws\/640\/cpsprodpb\/d69e\/live\/d7e59c50-897a-11f0-b391-6936825093bd.jpg.webp\" alt=\"Rueda de prensa de la jefe de Protecci\u00f3n Civil de Lisboa el 4 de septiembre de 2025.\" width=\"1024\" height=\"683\" \/><p class=\"wp-caption-text\">Fuente de la imagen,Horacio Villalobos\/Getty Images. La jefa de Protecci\u00f3n Civil de Lisboa, Margarida Castro, inform\u00f3 que entre las v\u00edctimas hay nacionales de 10 pa\u00edses.<\/p><\/div>\n<p class=\"bbc-by8ykd\" role=\"text\">\n<\/div>\n<\/figure>\n<div class=\"bbc-19j92fr ebmt73l0\" dir=\"ltr\">\n<p dir=\"ltr\">\n<p class=\"bbc-hhl7in e17g058b0\" dir=\"ltr\">El servicio de emergencias m\u00e9dicas de Portugal, en un principio, inform\u00f3 que 15 personas murieron y otras 18 resultaron heridas. No obstante, en horas de la ma\u00f1ana del jueves Margarida Castro, directora de Protecci\u00f3n Civil de Lisboa, elev\u00f3 el saldo a 17 fallecidos y 23 lesionados, inform\u00f3 el\u00a0<i class=\"bbc-h1y5j7 eih42320\">Diario da Not\u00edcias<\/i>.<\/p>\n<\/div>\n<div class=\"bbc-19j92fr ebmt73l0\" dir=\"ltr\">\n<p class=\"bbc-hhl7in e17g058b0\" dir=\"ltr\">Sin embargo, horas despu\u00e9s, el primer ministro del pa\u00eds, Luis Montenegro, rebaj\u00f3 la cifra a 16.<\/p>\n<\/div>\n<div class=\"bbc-19j92fr ebmt73l0\" dir=\"ltr\">\n<p class=\"bbc-hhl7in e17g058b0\" dir=\"ltr\">&#8220;Es una de las peores tragedias humanas de nuestra historia reciente&#8221;, dijo el mandatario durante una rueda de prensa.<\/p>\n<\/div>\n<div class=\"bbc-19j92fr ebmt73l0\" dir=\"ltr\">\n<p class=\"bbc-hhl7in e17g058b0\" dir=\"ltr\">La directora de Protecci\u00f3n Civil de Lisboa asegur\u00f3 que todas las v\u00edctimas mortales eran adultos y que eran ciudadanos de al menos diez pa\u00edses.<\/p>\n<\/div>\n<div class=\"bbc-19j92fr ebmt73l0\" dir=\"ltr\">\n<p class=\"bbc-hhl7in e17g058b0\" dir=\"ltr\">&#8220;Cuatro son de nacionalidad portuguesa, dos alemanes, dos espa\u00f1oles, uno coreano, un caboverdiano, un canadiense, un italiano, una francesa, un suizo, un marroqu\u00ed&#8221;, declar\u00f3 Castro.<\/p>\n<\/div>\n<div class=\"bbc-19j92fr ebmt73l0\" dir=\"ltr\">\n<p class=\"bbc-hhl7in e17g058b0\" dir=\"ltr\">El conductor del aparato, Andr\u00e9 Jorge Gon\u00e7alves Marques, figura entre los fallecidos.<\/p>\n<p dir=\"ltr\">\n<\/div>\n<figure class=\"bbc-1qn0xuy\">\n<div class=\"bbc-1gbs0ve\"><img loading=\"lazy\" decoding=\"async\" class=\"bbc-139onq\" src=\"https:\/\/ichef.bbci.co.uk\/ace\/ws\/640\/cpsprodpb\/4aee\/live\/72096780-8985-11f0-9cf6-cbf3e73ce2b9.png.webp\" sizes=\"auto, (min-width: 1008px) 760px, 100vw\" srcset=\"https:\/\/ichef.bbci.co.uk\/ace\/ws\/240\/cpsprodpb\/4aee\/live\/72096780-8985-11f0-9cf6-cbf3e73ce2b9.png.webp 240w, https:\/\/ichef.bbci.co.uk\/ace\/ws\/320\/cpsprodpb\/4aee\/live\/72096780-8985-11f0-9cf6-cbf3e73ce2b9.png.webp 320w, https:\/\/ichef.bbci.co.uk\/ace\/ws\/480\/cpsprodpb\/4aee\/live\/72096780-8985-11f0-9cf6-cbf3e73ce2b9.png.webp 480w, https:\/\/ichef.bbci.co.uk\/ace\/ws\/624\/cpsprodpb\/4aee\/live\/72096780-8985-11f0-9cf6-cbf3e73ce2b9.png.webp 624w, https:\/\/ichef.bbci.co.uk\/ace\/ws\/800\/cpsprodpb\/4aee\/live\/72096780-8985-11f0-9cf6-cbf3e73ce2b9.png.webp 800w\" alt=\"Gr\u00e1fico del accidente\" width=\"1280\" height=\"1156\" \/><\/div>\n<\/figure>\n<div class=\"bbc-19j92fr ebmt73l0\" dir=\"ltr\">\n<p dir=\"ltr\">\n<p class=\"bbc-hhl7in e17g058b0\" dir=\"ltr\">Sobre los heridos, la prensa local inform\u00f3 que al menos tres se encuentran en estado grave.<\/p>\n<\/div>\n<div class=\"bbc-19j92fr ebmt73l0\" dir=\"ltr\">\n<p class=\"bbc-hhl7in e17g058b0\" dir=\"ltr\">Algunos de los heridos leves ya fueron dados de alta, entre ellos un ni\u00f1o y una mujer embarazada, aseguraron los responsables del Hospital San Jos\u00e9, uno de los centros que recibi\u00f3 a los lesionados.<\/p>\n<\/div>\n<div class=\"bbc-19j92fr ebmt73l0\" dir=\"ltr\">\n<p class=\"bbc-hhl7in e17g058b0\" dir=\"ltr\">El alcalde de Lisboa, Carlos Moedas, ha declarado tres d\u00edas de luto.<\/p>\n<\/div>\n<div class=\"bbc-19j92fr ebmt73l0\" dir=\"ltr\">\n<p class=\"bbc-hhl7in e17g058b0\" dir=\"ltr\">&#8220;Expreso mis m\u00e1s sinceras condolencias a todos los familiares y amigos de las v\u00edctimas. Lisboa est\u00e1 de luto&#8221;, escribi\u00f3 en su cuenta de X.<\/p>\n<\/div>\n<div class=\"bbc-19j92fr ebmt73l0\" dir=\"ltr\">\n<p class=\"bbc-hhl7in e17g058b0\" dir=\"ltr\">Las muestras de solidaridad con Portugal han comenzado a llegar. As\u00ed, el Parlamento Europeo decidi\u00f3 que sus banderas permanezcan a media asta durante este jueves como &#8220;se\u00f1al de duelo&#8221;.<\/p>\n<\/div>\n<div class=\"bbc-19j92fr ebmt73l0\" dir=\"ltr\">\n<p class=\"bbc-hhl7in e17g058b0\" dir=\"ltr\">El presidente del Gobierno espa\u00f1ol, Pedro S\u00e1nchez, declar\u00f3 estar &#8220;consternado por el terrible accidente&#8221;.<\/p>\n<\/div>\n<div class=\"bbc-19j92fr ebmt73l0\" dir=\"ltr\">\n<p class=\"bbc-hhl7in e17g058b0\" dir=\"ltr\">&#8220;Todo nuestro afecto y solidaridad con las familias de las v\u00edctimas y con el pueblo portugu\u00e9s en este dif\u00edcil momento&#8221;, escribi\u00f3 en un comunicado en X.<\/p>\n<p dir=\"ltr\">\n<\/div>\n<figure class=\"bbc-1qn0xuy\">\n<div class=\"bbc-1gbs0ve\">\n<div style=\"width: 1034px\" class=\"wp-caption alignnone\"><img loading=\"lazy\" decoding=\"async\" class=\"bbc-139onq\" src=\"https:\/\/ichef.bbci.co.uk\/ace\/ws\/640\/cpsprodpb\/08ac\/live\/852df650-897b-11f0-b391-6936825093bd.jpg.webp\" alt=\"Ambulancias cerca de la zona del siniestro\" width=\"1024\" height=\"683\" \/><p class=\"wp-caption-text\">Fuente de la imagen,Horacio Villalobos\/Getty Images. Decenas de param\u00e9dicos, bomberos y polic\u00edas se movilizaron para atender a los heridos.<\/p><\/div>\n<p class=\"bbc-by8ykd\" role=\"text\">\n<\/div>\n<\/figure>\n<div class=\"bbc-19j92fr ebmt73l0\" dir=\"ltr\">\n<h2 id=\"Qu\u00e9-es-el-Elevador-de-la-Gloria\" class=\"bbc-1lgzob2 eglt09e0\" tabindex=\"-1\">\u00bfQu\u00e9 es el Elevador de la Gloria?<\/h2>\n<\/div>\n<div class=\"bbc-19j92fr ebmt73l0\" dir=\"ltr\">\n<p class=\"bbc-hhl7in e17g058b0\" dir=\"ltr\">El Elevador de la Gloria es un tipo de sistema ferroviario que permite subir y bajar pendientes pronunciadas de Lisboa.<\/p>\n<\/div>\n<div class=\"bbc-19j92fr ebmt73l0\" dir=\"ltr\">\n<p class=\"bbc-hhl7in e17g058b0\" dir=\"ltr\">Este funicular entr\u00f3 en funcionamiento en 1885 y fue electrificado tres d\u00e9cadas despu\u00e9s, y junto a otros funiculares tradicionales es una de las mayores atracciones tur\u00edsticas de Lisboa. En 2002, fue declarado monumento nacional.<\/p>\n<\/div>\n<div class=\"bbc-19j92fr ebmt73l0\" dir=\"ltr\">\n<p class=\"bbc-hhl7in e17g058b0\" dir=\"ltr\">Sus famosos vagones de color amarillo brillante no solo sirven de inspiraci\u00f3n para los recuerdos que los comerciantes venden a los visitantes, sino que tambi\u00e9n son un medio de transporte fundamental para sortear las empinadas y empedradas calles de la urbe.<\/p>\n<\/div>\n<div class=\"bbc-19j92fr ebmt73l0\" dir=\"ltr\">\n<p class=\"bbc-hhl7in e17g058b0\" dir=\"ltr\">&#8220;Es muy \u00fatil especialmente para las personas con movilidad reducida, ya que les permite subir f\u00e1cilmente una cuesta&#8221;, afirm\u00f3 Fabiana Pavel, presidenta de una asociaci\u00f3n de vecinos de Lisboa.<\/p>\n<\/div>\n<div class=\"bbc-19j92fr ebmt73l0\" dir=\"ltr\">\n<p class=\"bbc-hhl7in e17g058b0\" dir=\"ltr\">El accidente se registr\u00f3 justo cuando muchos padres regresaban a sus casas con sus hijos tras un d\u00eda de escuela.<\/p>\n<\/div>\n<div class=\"bbc-19j92fr ebmt73l0\" dir=\"ltr\">\n<p class=\"bbc-hhl7in e17g058b0\" dir=\"ltr\">El veh\u00edculo afectado forma parte de la l\u00ednea que recorre unos 275 metros desde la plaza de los Restauradores, en el centro de Lisboa y cerca de la avenida da Libertade, hasta las pintorescas calles del Barrio Alto. El trayecto dura solo tres minutos.<\/p>\n<\/div>\n<div class=\"bbc-19j92fr ebmt73l0\" dir=\"ltr\">\n<p class=\"bbc-hhl7in e17g058b0\" dir=\"ltr\">A diferencia de los funiculares tradicionales, los del Elevador de Gloria funcionan con motores el\u00e9ctricos y est\u00e1n unidos en sus extremos opuestos por un cable de tracci\u00f3n, lo que significa que, al descender uno, su peso levanta al otro.<\/p>\n<\/div>\n<div class=\"bbc-19j92fr ebmt73l0\" dir=\"ltr\">\n<p class=\"bbc-hhl7in e17g058b0\" dir=\"ltr\">Esta no es la primera vez que este elevador sufre un accidente. El 7 de mayo de 2018 descarril\u00f3 pero sin causar heridos, report\u00f3 en su momento el diario luso\u00a0<i class=\"bbc-h1y5j7 eih42320\">P\u00fablico<\/i>.<\/p>\n<p dir=\"ltr\">\n<\/div>\n<figure class=\"bbc-1qn0xuy\">\n<div class=\"bbc-1gbs0ve\">\n<div style=\"width: 1034px\" class=\"wp-caption alignnone\"><img loading=\"lazy\" decoding=\"async\" class=\"bbc-139onq\" src=\"https:\/\/ichef.bbci.co.uk\/ace\/ws\/640\/cpsprodpb\/64d0\/live\/b1a5a110-897b-11f0-9cf6-cbf3e73ce2b9.jpg.webp\" alt=\"Turistas se fotograf\u00edan junto a uno de los funiculares en 2024.\" width=\"1024\" height=\"687\" \/><p class=\"wp-caption-text\">Fuente de la imagen, Corbis via Getty Images. Con 140 a\u00f1os de operaci\u00f3n, el Elevador de la Gloria es uno de los grandes atractivos tur\u00edsticos de la capital lusa.<\/p><\/div>\n<p class=\"bbc-by8ykd\" role=\"text\">\n<\/div>\n<\/figure>\n<div class=\"bbc-19j92fr ebmt73l0\" dir=\"ltr\">\n<p dir=\"ltr\">\n<p class=\"bbc-hhl7in e17g058b0\" dir=\"ltr\">La rotura de este cable a la que algunos en el pa\u00eds vienen apuntando como la presunta responsable de la tragedia.<\/p>\n<\/div>\n<div class=\"bbc-19j92fr ebmt73l0\" dir=\"ltr\">\n<p class=\"bbc-hhl7in e17g058b0\" dir=\"ltr\">&#8220;Creemos que este accidente requiere una investigaci\u00f3n rigurosa de sus causas&#8221;, afirm\u00f3 Manuel Leal, dirigente de la Federaci\u00f3n de Sindicatos de los Trabajadores de los Transportes y Comunicaciones y de los Sindicatos de Trabajadores de los Transportes Ferroviarios y Urbanos de Portugal al diario <i class=\"bbc-h1y5j7 eih42320\">Jornal Da Not\u00edcias<\/i>.<\/p>\n<\/div>\n<div class=\"bbc-19j92fr ebmt73l0\" dir=\"ltr\">\n<p class=\"bbc-hhl7in e17g058b0\" dir=\"ltr\">&#8220;Los trabajadores llevan tiempo denunciando que el mantenimiento de los elevadores debe volver a ser responsabilidad de los trabajadores de Carris (la empresa p\u00fablica que los gestiona) y no confiarse a empresas externas&#8221;, afirm\u00f3.<\/p>\n<\/div>\n<div class=\"bbc-19j92fr ebmt73l0\" dir=\"ltr\">\n<p class=\"bbc-hhl7in e17g058b0\" dir=\"ltr\">El mantenimiento era realizado por la empresa privada MNTC. Sin embargo, el contrato que esta firma privada ten\u00eda con Carris expir\u00f3 en agosto pasado, public\u00f3 el <i class=\"bbc-h1y5j7 eih42320\">Diario de Not\u00edcias<\/i>.<\/p>\n<\/div>\n<div class=\"bbc-19j92fr ebmt73l0\" dir=\"ltr\">\n<p class=\"bbc-hhl7in e17g058b0\" dir=\"ltr\">Seg\u00fan el dirigente sindical, desde hace tiempo algunos empleados han formulado quejas en relaci\u00f3n con la tensi\u00f3n de los cables, pero los directivos de la empresa p\u00fablica aseguraron que todos los protocolos de mantenimiento se han cumplido escrupulosamente.<\/p>\n<\/div>\n<div class=\"bbc-19j92fr ebmt73l0\" dir=\"ltr\">\n<p class=\"bbc-hhl7in e17g058b0\" dir=\"ltr\">&#8220;El mantenimiento general, que se realiza cada cuatro a\u00f1os, tuvo lugar en 2022; la reparaci\u00f3n provisional, que se realiza cada dos a\u00f1os, en este caso, la \u00faltima se realiz\u00f3 en 2024&#8221;, se lee en su sitio <i class=\"bbc-h1y5j7 eih42320\">web<\/i>.<\/p>\n<\/div>\n<div class=\"bbc-19j92fr ebmt73l0\" dir=\"ltr\">\n<p class=\"bbc-hhl7in e17g058b0\" dir=\"ltr\">Mientras se aclara lo ocurrido, las autoridades lisboetas han decidido suspender las operaciones de los restantes funiculares y someterlos a revisiones t\u00e9cnicas.<\/p>\n<\/div>\n<div class=\"bbc-19j92fr ebmt73l0\" dir=\"ltr\">\n<p class=\"bbc-hhl7in e17g058b0\" dir=\"ltr\"><i class=\"bbc-h1y5j7 eih42320\">*con informaci\u00f3n de Emily Atkinson, Malu Cursino, Sofia Ferreira Santos y Patrick Jackson<\/i><\/p>\n<p dir=\"ltr\">\n<\/div>\n<figure class=\"bbc-1qn0xuy\">\n<div class=\"bbc-1gbs0ve\"><img loading=\"lazy\" decoding=\"async\" class=\"bbc-139onq\" src=\"https:\/\/ichef.bbci.co.uk\/ace\/ws\/640\/cpsprodpb\/2398\/live\/090ea4b0-897c-11f0-b391-6936825093bd.jpg.webp\" sizes=\"auto, (min-width: 1008px) 760px, 100vw\" srcset=\"https:\/\/ichef.bbci.co.uk\/ace\/ws\/240\/cpsprodpb\/2398\/live\/090ea4b0-897c-11f0-b391-6936825093bd.jpg.webp 240w, https:\/\/ichef.bbci.co.uk\/ace\/ws\/320\/cpsprodpb\/2398\/live\/090ea4b0-897c-11f0-b391-6936825093bd.jpg.webp 320w, https:\/\/ichef.bbci.co.uk\/ace\/ws\/480\/cpsprodpb\/2398\/live\/090ea4b0-897c-11f0-b391-6936825093bd.jpg.webp 480w, https:\/\/ichef.bbci.co.uk\/ace\/ws\/624\/cpsprodpb\/2398\/live\/090ea4b0-897c-11f0-b391-6936825093bd.jpg.webp 624w, https:\/\/ichef.bbci.co.uk\/ace\/ws\/800\/cpsprodpb\/2398\/live\/090ea4b0-897c-11f0-b391-6936825093bd.jpg.webp 800w\" alt=\"Unos viajeros dentro de unos de los funiculares.\" width=\"1024\" height=\"683\" \/><\/p>\n<p class=\"bbc-by8ykd\" role=\"text\"><span class=\"bbc-m04vo2\">Fuente de la imagen,<\/span><span lang=\"en-GB\">Corbis via Getty Images. <\/span>Los elevadores facilitan el transporte de las personas por las empinadas cuestas de la capital portuguesa.<\/p>\n<\/div>\n<\/figure>\n","protected":false},"excerpt":{"rendered":"<p>&nbsp; Lisboa est\u00e1 consternada por la tragedia que este mi\u00e9rcoles tuvo lugar en una de sus atracciones tur\u00edsticas m\u00e1s emblem\u00e1ticas: el Elevador de la Gloria.&hellip;<\/p>\n","protected":false},"author":99,"featured_media":535686,"comment_status":"open","ping_status":"open","sticky":false,"template":"","format":"standard","meta":{"footnotes":""},"categories":[24],"tags":[],"class_list":["post-535685","post","type-post","status-publish","format-standard","has-post-thumbnail","hentry","category-mundo"],"_links":{"self":[{"href":"https:\/\/diarioelpopular.com\/index.php\/wp-json\/wp\/v2\/posts\/535685","targetHints":{"allow":["GET"]}}],"collection":[{"href":"https:\/\/diarioelpopular.com\/index.php\/wp-json\/wp\/v2\/posts"}],"about":[{"href":"https:\/\/diarioelpopular.com\/index.php\/wp-json\/wp\/v2\/types\/post"}],"author":[{"embeddable":true,"href":"https:\/\/diarioelpopular.com\/index.php\/wp-json\/wp\/v2\/users\/99"}],"replies":[{"embeddable":true,"href":"https:\/\/diarioelpopular.com\/index.php\/wp-json\/wp\/v2\/comments?post=535685"}],"version-history":[{"count":1,"href":"https:\/\/diarioelpopular.com\/index.php\/wp-json\/wp\/v2\/posts\/535685\/revisions"}],"predecessor-version":[{"id":535687,"href":"https:\/\/diarioelpopular.com\/index.php\/wp-json\/wp\/v2\/posts\/535685\/revisions\/535687"}],"wp:featuredmedia":[{"embeddable":true,"href":"https:\/\/diarioelpopular.com\/index.php\/wp-json\/wp\/v2\/media\/535686"}],"wp:attachment":[{"href":"https:\/\/diarioelpopular.com\/index.php\/wp-json\/wp\/v2\/media?parent=535685"}],"wp:term":[{"taxonomy":"category","embeddable":true,"href":"https:\/\/diarioelpopular.com\/index.php\/wp-json\/wp\/v2\/categories?post=535685"},{"taxonomy":"post_tag","embeddable":true,"href":"https:\/\/diarioelpopular.com\/index.php\/wp-json\/wp\/v2\/tags?post=535685"}],"curies":[{"name":"wp","href":"https:\/\/api.w.org\/{rel}","templated":true}]}}