{"id":535701,"date":"2025-09-04T11:06:42","date_gmt":"2025-09-04T15:06:42","guid":{"rendered":"https:\/\/diarioelpopular.com\/?p=535701"},"modified":"2025-09-04T11:06:42","modified_gmt":"2025-09-04T15:06:42","slug":"alejandro-toledo-suma-su-segunda-condena-trece-anos-y-cuatro-meses-de-carcel-por-un-entramado-de-corrupcion","status":"publish","type":"post","link":"https:\/\/diarioelpopular.com\/index.php\/2025\/09\/04\/alejandro-toledo-suma-su-segunda-condena-trece-anos-y-cuatro-meses-de-carcel-por-un-entramado-de-corrupcion\/","title":{"rendered":"Alejandro Toledo suma su segunda condena: trece a\u00f1os y cuatro meses de c\u00e1rcel por un entramado de corrupci\u00f3n"},"content":{"rendered":"<div id=\"attachment_535702\" style=\"width: 1210px\" class=\"wp-caption alignnone\"><img loading=\"lazy\" decoding=\"async\" aria-describedby=\"caption-attachment-535702\" class=\"wp-image-535702 size-custom-big-size\" src=\"https:\/\/diarioelpopular.com\/wp-content\/uploads\/2025\/09\/Screen-Shot-2025-09-04-at-11.05.55-AM-1200x790.png\" alt=\"\" width=\"1200\" height=\"790\" srcset=\"https:\/\/diarioelpopular.com\/wp-content\/uploads\/2025\/09\/Screen-Shot-2025-09-04-at-11.05.55-AM-1200x790.png 1200w, https:\/\/diarioelpopular.com\/wp-content\/uploads\/2025\/09\/Screen-Shot-2025-09-04-at-11.05.55-AM-300x198.png 300w, https:\/\/diarioelpopular.com\/wp-content\/uploads\/2025\/09\/Screen-Shot-2025-09-04-at-11.05.55-AM-768x506.png 768w, https:\/\/diarioelpopular.com\/wp-content\/uploads\/2025\/09\/Screen-Shot-2025-09-04-at-11.05.55-AM-85x55.png 85w, https:\/\/diarioelpopular.com\/wp-content\/uploads\/2025\/09\/Screen-Shot-2025-09-04-at-11.05.55-AM-1536x1011.png 1536w, https:\/\/diarioelpopular.com\/wp-content\/uploads\/2025\/09\/Screen-Shot-2025-09-04-at-11.05.55-AM-636x419.png 636w, https:\/\/diarioelpopular.com\/wp-content\/uploads\/2025\/09\/Screen-Shot-2025-09-04-at-11.05.55-AM-111x73.png 111w, https:\/\/diarioelpopular.com\/wp-content\/uploads\/2025\/09\/Screen-Shot-2025-09-04-at-11.05.55-AM.png 1024w\" sizes=\"auto, (max-width: 1200px) 100vw, 1200px\" \/><p id=\"caption-attachment-535702\" class=\"wp-caption-text\">Alejandro Toledo en la corte de Lima, Per\u00fa, el 21 de octubre de 2024. Foto Guadalupe Pardo (AP)<\/p><\/div>\n<p>&nbsp;<\/p>\n<p>&nbsp;<\/p>\n<h4 class=\"a_st\"><em>&#8211; El Poder Judicial, adem\u00e1s, ordena la excarcelaci\u00f3n del tambi\u00e9n expresidente peruano, Mart\u00edn Vizcarra, acusado de haber recibido sobornos, y de Betssy Ch\u00e1vez, exprimera ministra de Pedro Castillo, quien se encontraba en huelga de hambre<\/em><\/h4>\n<p>&nbsp;<\/p>\n<p class=\"\">Doce a\u00f1os despu\u00e9s de la denuncia period\u00edstica que puso en duda<a title=\"https:\/\/elpais.com\/internacional\/2023-05-14\/alejandro-toledo-y-eliane-karp-hasta-que-la-justicia-nos-separe.html\" href=\"https:\/\/elpais.com\/internacional\/2023-05-14\/alejandro-toledo-y-eliane-karp-hasta-que-la-justicia-nos-separe.html\" target=\"_self\" rel=\"\" data-link-track-dtm=\"\" data-mrf-link=\"https:\/\/elpais.com\/internacional\/2023-05-14\/alejandro-toledo-y-eliane-karp-hasta-que-la-justicia-nos-separe.html\">\u00a0las adquisiciones inmobiliarias de la expareja presidencial, Alejandro Toledo y Eliane Karp<\/a>, el Poder Judicial determin\u00f3 su culpabilidad por el delito de lavado de activos agravado.<\/p>\n<p class=\"\">El pol\u00edtico que a inicios de los dos mil simboliz\u00f3 el retorno de la democracia, capitalizando sus rasgos andinos, ha sido sentenciado a 13 a\u00f1os y cuatro meses de c\u00e1rcel por haber creado una empresa offshore en Costa Rica llamada Ecoteva Consulting Group, cuya due\u00f1a era nada menos que su suegra (la belga-jud\u00eda Eva Fernenbug), para blanquear dinero mal habido.<\/p>\n<p class=\"\">Se trata de la segunda condena que pesa sobre el exl\u00edder de la agrupaci\u00f3n Per\u00fa Posible. La primera la recibi\u00f3 en octubre de 2024, cuando<a title=\"https:\/\/elpais.com\/america\/2024-10-22\/el-expresidente-peruano-alejandro-toledo-condenado-a-mas-de-20-por-el-caso-lava-jato.html\" href=\"https:\/\/elpais.com\/america\/2024-10-22\/el-expresidente-peruano-alejandro-toledo-condenado-a-mas-de-20-por-el-caso-lava-jato.html\" target=\"_self\" rel=\"\" data-link-track-dtm=\"\" data-mrf-link=\"https:\/\/elpais.com\/america\/2024-10-22\/el-expresidente-peruano-alejandro-toledo-condenado-a-mas-de-20-por-el-caso-lava-jato.html\">\u00a0el Poder Judicial le impuso 20 a\u00f1os y seis meses de c\u00e1rcel por los delitos de colusi\u00f3n y lavado de activos<\/a>\u00a0al concluir que, durante su mandato (2001-2006), se embols\u00f3 35 millones de d\u00f3lares por favorecer a la constructora brasile\u00f1a Odebrecht en la concesi\u00f3n de los tramos 2 y 3 de la Carretera Interoce\u00e1nica Sur. El caso Ecoteva cierra el c\u00edrculo de transferencias millonarias, donde tambi\u00e9n est\u00e1 implicada la firma brasile\u00f1a Camargo y Correa.<\/p>\n<p class=\"\">La suerte de Alejandro Toledo cambi\u00f3 en los primeros meses de 2023, cuando no pudo dilatar m\u00e1s su proceso de extradici\u00f3n desde los Estados Unidos. Su defensa interpuso incontables recursos para frenar su regreso al Per\u00fa. Fueron seis a\u00f1os en los que el economista aleg\u00f3 un deteriorado estado de salud, el caos pol\u00edtico e incluso discriminaci\u00f3n racial para salir bien librado. Desde abril de 2023, Toledo se encuentra recluido en Barbadillo, el \u00fanico penal en el continente que acoge a exgobernantes.<\/p>\n<p class=\"\">El hombre que lider\u00f3 la hist\u00f3rica \u201cMarcha de los Cuatro Suyos\u201d para derrocar a Alberto Fujimori asisti\u00f3 a la audiencia de este mi\u00e9rcoles de manera virtual. En las \u00faltimas semanas, protagoniz\u00f3 incidentes al interrumpir las sesiones, a<a title=\"https:\/\/elpais.com\/america\/2024-07-15\/alejandro-toledo-la-discutible-veracidad-de-un-paciente-preso.html\" href=\"https:\/\/elpais.com\/america\/2024-07-15\/alejandro-toledo-la-discutible-veracidad-de-un-paciente-preso.html\" target=\"_self\" rel=\"\" data-link-track-dtm=\"\" data-mrf-link=\"https:\/\/elpais.com\/america\/2024-07-15\/alejandro-toledo-la-discutible-veracidad-de-un-paciente-preso.html\">duciendo descompensaciones y dolores en el pecho<\/a>. Esta segunda condena no es acumulativa. La pena de Toledo culminar\u00e1 el 22 de octubre de 2043, cuando tenga 97 a\u00f1os. La Fiscal\u00eda ha pedido 16 a\u00f1os de c\u00e1rcel para su esposa, Eliane Karp, quien est\u00e1 exiliada en Israel. Todav\u00eda no se ha determinado su responsabilidad penal.<\/p>\n<p class=\"\">Por otro lado, el Poder Judicial orden\u00f3 la excarcelaci\u00f3n inmediata del expresidente Mart\u00edn Vizcarra, acusado de haber recibido sobornos cuando era gobernador regional de Moquegua. El sucesor de Pedro Pablo Kuczynski permaneci\u00f3 preso durante veinti\u00fan d\u00edas convulsos en los que fue trasladado de Barbadillo a una prisi\u00f3n para reos comunes, en medio de cr\u00edticas. Finalmente, el Ejecutivo recul\u00f3 y lo envi\u00f3 de vuelta a Barbadillo, donde fue vecino de Alejandro Toledo, Pedro Castillo y Ollanta Humala. Los analistas pol\u00edticos sostienen que este encierro transitorio podr\u00eda fortalecerlo, m\u00e1s all\u00e1 de que est\u00e9 impedido de postular a las elecciones generales de 2026. Cuenta con tres inhabilitaciones para ocupar cargos p\u00fablicos.<\/p>\n<p class=\"\">\u201cHoy se impuso la verdad y la legalidad: la medida arbitraria de prisi\u00f3n preventiva dictada en mi contra ha sido revocada. Fui privado de mi libertad, enfrentando un traslado injustificado y atentados a mi dignidad que vulneraron mis derechos y generaron incertidumbre sobre mi integridad personal. Esta decisi\u00f3n del tribunal corrige un error que nunca debi\u00f3 cometerse\u201d, poste\u00f3 su defensa en sus redes sociales.<\/p>\n<p class=\"\">En otro fallo que ha levantado polvo en la escena nacional, el Poder Judicial tambi\u00e9n orden\u00f3 la liberaci\u00f3n de Betssy Ch\u00e1vez, la \u00faltima primera ministra de Pedro Castillo, sindicada de haber orquestado el ef\u00edmero autogolpe del 7 de diciembre de 2022. Ch\u00e1vez s<a title=\"https:\/\/elpais.com\/america\/2025-08-27\/la-ex-primera-ministra-de-pedro-castilo-cumple-cinco-dias-en-huelga-de-hambre-seca.html\" href=\"https:\/\/elpais.com\/america\/2025-08-27\/la-ex-primera-ministra-de-pedro-castilo-cumple-cinco-dias-en-huelga-de-hambre-seca.html\" target=\"_self\" rel=\"\" data-link-track-dtm=\"\" data-mrf-link=\"https:\/\/elpais.com\/america\/2025-08-27\/la-ex-primera-ministra-de-pedro-castilo-cumple-cinco-dias-en-huelga-de-hambre-seca.html\">e hallaba en huelga de hambre seca desde el viernes 22 de agosto<\/a>, como medida de protesta al asegurar que era torturada y acosada en el penal Anexo Mujeres de Chorrillos. La Justicia determin\u00f3 irregularidades en la prolongaci\u00f3n de su prisi\u00f3n preventiva. \u201cEl secuestro pol\u00edtico de nuestra compa\u00f1era lleg\u00f3 a su fin. Hoy conquista su justa libertad, s\u00edmbolo de la resistencia frente a la dictadura. El pueblo la necesita junto a nuestro presidente Pedro Castillo\u201d, poste\u00f3 su abogado, Ra\u00fal Noblecilla. Jornada de excarcelaciones en Per\u00fa.<\/p>\n","protected":false},"excerpt":{"rendered":"<p>&nbsp; &nbsp; &#8211; El Poder Judicial, adem\u00e1s, ordena la excarcelaci\u00f3n del tambi\u00e9n expresidente peruano, Mart\u00edn Vizcarra, acusado de haber recibido sobornos, y de Betssy Ch\u00e1vez,&hellip;<\/p>\n","protected":false},"author":99,"featured_media":535702,"comment_status":"open","ping_status":"open","sticky":false,"template":"","format":"standard","meta":{"footnotes":""},"categories":[23],"tags":[],"class_list":["post-535701","post","type-post","status-publish","format-standard","has-post-thumbnail","hentry","category-latinoamerica"],"_links":{"self":[{"href":"https:\/\/diarioelpopular.com\/index.php\/wp-json\/wp\/v2\/posts\/535701","targetHints":{"allow":["GET"]}}],"collection":[{"href":"https:\/\/diarioelpopular.com\/index.php\/wp-json\/wp\/v2\/posts"}],"about":[{"href":"https:\/\/diarioelpopular.com\/index.php\/wp-json\/wp\/v2\/types\/post"}],"author":[{"embeddable":true,"href":"https:\/\/diarioelpopular.com\/index.php\/wp-json\/wp\/v2\/users\/99"}],"replies":[{"embeddable":true,"href":"https:\/\/diarioelpopular.com\/index.php\/wp-json\/wp\/v2\/comments?post=535701"}],"version-history":[{"count":1,"href":"https:\/\/diarioelpopular.com\/index.php\/wp-json\/wp\/v2\/posts\/535701\/revisions"}],"predecessor-version":[{"id":535703,"href":"https:\/\/diarioelpopular.com\/index.php\/wp-json\/wp\/v2\/posts\/535701\/revisions\/535703"}],"wp:featuredmedia":[{"embeddable":true,"href":"https:\/\/diarioelpopular.com\/index.php\/wp-json\/wp\/v2\/media\/535702"}],"wp:attachment":[{"href":"https:\/\/diarioelpopular.com\/index.php\/wp-json\/wp\/v2\/media?parent=535701"}],"wp:term":[{"taxonomy":"category","embeddable":true,"href":"https:\/\/diarioelpopular.com\/index.php\/wp-json\/wp\/v2\/categories?post=535701"},{"taxonomy":"post_tag","embeddable":true,"href":"https:\/\/diarioelpopular.com\/index.php\/wp-json\/wp\/v2\/tags?post=535701"}],"curies":[{"name":"wp","href":"https:\/\/api.w.org\/{rel}","templated":true}]}}