{"id":535736,"date":"2025-09-05T10:25:00","date_gmt":"2025-09-05T14:25:00","guid":{"rendered":"https:\/\/diarioelpopular.com\/?p=535736"},"modified":"2025-09-05T10:25:00","modified_gmt":"2025-09-05T14:25:00","slug":"el-congreso-rechaza-un-veto-de-milei-y-repone-la-ley-de-emergencia-en-discapacidad","status":"publish","type":"post","link":"https:\/\/diarioelpopular.com\/index.php\/2025\/09\/05\/el-congreso-rechaza-un-veto-de-milei-y-repone-la-ley-de-emergencia-en-discapacidad\/","title":{"rendered":"El Congreso rechaza un veto de Milei y repone la ley de emergencia en discapacidad"},"content":{"rendered":"<div id=\"attachment_535737\" style=\"width: 1210px\" class=\"wp-caption alignnone\"><img loading=\"lazy\" decoding=\"async\" aria-describedby=\"caption-attachment-535737\" class=\"wp-image-535737 size-custom-big-size\" src=\"https:\/\/diarioelpopular.com\/wp-content\/uploads\/2025\/09\/Screen-Shot-2025-09-05-at-10.24.10-AM-1200x797.png\" alt=\"\" width=\"1200\" height=\"797\" srcset=\"https:\/\/diarioelpopular.com\/wp-content\/uploads\/2025\/09\/Screen-Shot-2025-09-05-at-10.24.10-AM-1200x797.png 1200w, https:\/\/diarioelpopular.com\/wp-content\/uploads\/2025\/09\/Screen-Shot-2025-09-05-at-10.24.10-AM-300x199.png 300w, https:\/\/diarioelpopular.com\/wp-content\/uploads\/2025\/09\/Screen-Shot-2025-09-05-at-10.24.10-AM-768x510.png 768w, https:\/\/diarioelpopular.com\/wp-content\/uploads\/2025\/09\/Screen-Shot-2025-09-05-at-10.24.10-AM-85x55.png 85w, https:\/\/diarioelpopular.com\/wp-content\/uploads\/2025\/09\/Screen-Shot-2025-09-05-at-10.24.10-AM-636x423.png 636w, https:\/\/diarioelpopular.com\/wp-content\/uploads\/2025\/09\/Screen-Shot-2025-09-05-at-10.24.10-AM-110x73.png 110w, https:\/\/diarioelpopular.com\/wp-content\/uploads\/2025\/09\/Screen-Shot-2025-09-05-at-10.24.10-AM.png 1024w\" sizes=\"auto, (max-width: 1200px) 100vw, 1200px\" \/><p id=\"caption-attachment-535737\" class=\"wp-caption-text\">Protesta en contra del veto, cerca del Congreso Nacional en Buenos Aires, el 20 de agosto. Foto NurPhoto (NurPhoto v\u00eda Getty Images)<\/p><\/div>\n<p>&nbsp;<\/p>\n<p>&nbsp;<\/p>\n<h4 class=\"a_st\" style=\"text-align: center;\"><em>&#8211; Por primera vez en 22 a\u00f1os y con amplia mayor\u00eda, el Parlamento argentino insiste con una norma que hab\u00eda sido anulada por el Ejecutivo<\/em><\/h4>\n<p>&nbsp;<\/p>\n<p class=\"\">Javier Milei bate r\u00e9cords en materia parlamentaria. Hace un a\u00f1o se convirti\u00f3 en el primer presidente argentino al que el Congreso le rechaz\u00f3 un decreto de necesidad y urgencia. Ahora, en una nueva derrota para el Gobierno ultra, el Parlamento desestim\u00f3 con amplia mayor\u00eda un veto del mandatario y reafirm\u00f3 la aprobaci\u00f3n de\u00a0<a title=\"https:\/\/elpais.com\/argentina\/2025-08-22\/audios-allanamientos-y-un-alto-cargo-despedido-un-caso-de-corrupcion-acecha-a-milei-y-su-hermana.html\" href=\"https:\/\/elpais.com\/argentina\/2025-08-22\/audios-allanamientos-y-un-alto-cargo-despedido-un-caso-de-corrupcion-acecha-a-milei-y-su-hermana.html\" target=\"_self\" rel=\"\" data-link-track-dtm=\"\" data-mrf-link=\"https:\/\/elpais.com\/argentina\/2025-08-22\/audios-allanamientos-y-un-alto-cargo-despedido-un-caso-de-corrupcion-acecha-a-milei-y-su-hermana.html\">la ley de emergencia en discapacidad<\/a>. Hac\u00eda 22 a\u00f1os que los legisladores no insist\u00edan en una ley vetada por el Poder Ejecutivo.<\/p>\n<p class=\"\">La norma sancionada se propone garantizar el financiamiento de las pensiones para personas con discapacidades, as\u00ed como actualizar cada mes los aranceles del sistema de prestaciones, en uno de los sectores del Estado sacrificados por la motosierra presidencial en el altar del super\u00e1vit fiscal.<\/p>\n<div id=\"elpais_gpt-INTEXT\" data-google-query-id=\"CIeFxO3owY8DFYippgQdRQw8tg\">\n<div>\n<p class=\"\">En la plaza ubicada frente al hist\u00f3rico edificio del Congreso, en pleno centro de la ciudad de Buenos Aires, los abrazos y los gritos, el llanto y las sonrisas de alegr\u00eda arremolinaban a personas con distintas discapacidades, a sus familiares y a sus terapeutas. Se hab\u00edan reunido desde la ma\u00f1ana de este jueves para aguardar el resultado de la sesi\u00f3n que se desarrollaba dentro del Senado. La espera de casi seis horas vali\u00f3 la pena y pudieron celebrar el resultado de una votaci\u00f3n que no dej\u00f3 dudas.<\/p>\n<p class=\"\">Toda la oposici\u00f3n, desde las diferentes l\u00edneas del peronismo hasta la Uni\u00f3n C\u00edvica Radical y partidos provinciales, vot\u00f3\u00a0<a title=\"https:\/\/elpais.com\/argentina\/2025-09-04\/milei-viaja-a-los-angeles-para-reunirse-con-empresarios-inversores-y-una-astronauta.html\" href=\"https:\/\/elpais.com\/argentina\/2025-09-04\/milei-viaja-a-los-angeles-para-reunirse-con-empresarios-inversores-y-una-astronauta.html\" target=\"_self\" rel=\"\" data-link-track-dtm=\"\" data-mrf-link=\"https:\/\/elpais.com\/argentina\/2025-09-04\/milei-viaja-a-los-angeles-para-reunirse-con-empresarios-inversores-y-una-astronauta.html\">contra el veto de Milei<\/a>. La soledad de La Libertad Avanza, el partido del presidente, fue apenas matizada por el apoyo de parte del PRO, la agrupaci\u00f3n del exmandatario Mauricio Macri. Como corolario, 63 senadores se pronunciaron a favor de sostener la emergencia en discapacidad, solo 7 en contra.<\/p>\n<p class=\"\">El nuevo traspi\u00e9 del Gobierno, que este a\u00f1o cosecha derrota tras derrota en el Congreso, se produjo en un momento delicado para la ultraderecha. El domingo se realizar\u00e1n las elecciones legislativas en la provincia de Buenos Aires, un tradicional basti\u00f3n del peronismo, y a fines del mes que viene se har\u00e1n los comicios nacionales para renovar el Parlamento.<\/p>\n<p class=\"\">Milei aspira a mejorar su magra representaci\u00f3n legislativa, pero, adem\u00e1s de a sus adversarios pol\u00edticos, enfrenta tambi\u00e9n los embates de una situaci\u00f3n econ\u00f3mica inestable y de un esc\u00e1ndalo por presunta corrupci\u00f3n en su administraci\u00f3n. Justamente, en el \u00e1rea de atenci\u00f3n a la discapacidad.<\/p>\n<p class=\"\">La ley que dicta la emergencia en discapacidad hasta el 31 de diciembre de 2026 hab\u00eda sido aprobada en julio pasado, para revertir el ajuste del Gobierno, tanto los recortes en la asistencia como la cancelaci\u00f3n de m\u00e1s de 100.000 pensiones.\u00a0<a title=\"https:\/\/elpais.com\/argentina\/2025-07-25\/el-veto-de-milei-amenaza-a-atencion-a-las-personas-con-discapacidad.html\" href=\"https:\/\/elpais.com\/argentina\/2025-07-25\/el-veto-de-milei-amenaza-a-atencion-a-las-personas-con-discapacidad.html\" target=\"_self\" rel=\"\" data-link-track-dtm=\"\" data-mrf-link=\"https:\/\/elpais.com\/argentina\/2025-07-25\/el-veto-de-milei-amenaza-a-atencion-a-las-personas-con-discapacidad.html\">Milei hab\u00eda vetado la ley a principios de agosto<\/a>, argumentando que se trataba de un ataque opositor al super\u00e1vit fiscal, al que considera central para su gesti\u00f3n. De acuerdo con un estudio de la Oficina de Presupuesto del Congreso, el impacto fiscal de la ley de emergencia en discapacidad ser\u00eda de entre el 0,22% y el 0,42% del PIB.<\/p>\n<p class=\"\">Hace dos semanas la C\u00e1mara de Diputados hab\u00eda rechazado el veto y, para derogarlo, solo faltaba la adhesi\u00f3n del Senado. \u201cEn Argentina hay unos 5 millones de personas con discapacidades, cerca del 10% de la poblaci\u00f3n\u201d, dijo el senador peronista Pablo Bensusan. \u201cEl presidente vet\u00f3 que esas personas puedan acceder a una pensi\u00f3n y a un aumento razonable de las prestaciones que reciben. Es brutal, inhumano\u201d, agreg\u00f3. \u201cUn Gobierno que dice que no tiene plata para las terapias de las personas con discapacidades, pero s\u00ed tiene para los negociados y las coimas no solo es inmoral, es criminal\u201d, apunt\u00f3 Guadalupe Tagliaferri, del PRO.<\/p>\n<p class=\"\">Todo el debate fue sobrevolado por el caso de los denunciados sobornos que cobrar\u00edan altos funcionarios en la compra de medicamentos para la Agencia de Discapacidad. Los hechos se conocieron a trav\u00e9s de audios filtrados en los que el propio extitular de la Agencia, Diego Spagnuolo, revelaba la operatoria e involucraba a la hermana del presidente,\u00a0<a href=\"https:\/\/elpais.com\/argentina\/2025-09-03\/milei-se-abraza-a-la-teoria-del-complot-para-proteger-a-su-hermana-de-las-acusaciones-de-corrupcion.html\" target=\"_blank\" rel=\"noopener\">Karina Milei<\/a>, secretaria general de la Presidencia.<\/p>\n<p class=\"\">Casi no hubo discursos en defensa del veto. Carmen \u00c1lvarez Rivero, del PRO, sostuvo que la postura mayoritaria era \u201cun plan de desestabilizaci\u00f3n contra el presidente Milei\u201d, asegur\u00f3 que la ley era innecesaria y le pidi\u00f3 al Ministerio de Salud que aprobara un aumento de los aranceles para las prestaciones por discapacidad.<\/p>\n<p class=\"\">\u201cSi el Congreso planea empecinarse en aumentar el gasto de forma negligente, vamos a vetar cada cosa que inventen\u201d, hab\u00eda advertido Milei. \u201cSi no logramos sostener los vetos, los vamos a judicializar. Y si no los podemos judicializar, vamos a recortar el gasto en otro lado\u201d, hab\u00eda amenazado. Ahora que el Congreso rechaz\u00f3 el veto presidencial, algo que no suced\u00eda desde marzo de 2003, cuando gobernaba en forma interina el peronista Eduardo Duhalde, habr\u00e1 que ver cu\u00e1l es la respuesta del presidente. En un contexto electoral y con un tema sensible para la opini\u00f3n p\u00fablica.<\/p>\n<h3 class=\"\">Un l\u00edmite a los decretos<\/h3>\n<p class=\"\">El rechazo al veto no fue la \u00fanica mala noticia que le depar\u00f3 el Senado a Milei. La C\u00e1mara alta tambi\u00e9n dio media sanci\u00f3n a una ley que busca limitar el poder de los decretos presidenciales.<\/p>\n<p class=\"\">Hoy, en Argentina, los decretos de necesidad y urgencia (DNU) se rigen por una norma sancionada en 2006, impulsada por la entonces senadora y luego presidenta Cristina Kirchner. Esa ley indica que los DNU son v\u00e1lidos siempre que no sean rechazados por ambas c\u00e1maras del Congreso. Incluso si no son tratados por los legisladores.<\/p>\n<p class=\"\">El proyecto aprobado este jueves propone que los DNU deben contar con el apoyo de Diputados y Senadores en un plazo de 90 d\u00edas. Sin ese respaldo parlamentario expreso, quedan derogados. \u201cLos DNU son instrumentos de excepci\u00f3n que contravienen la separaci\u00f3n de poderes\u201d, argument\u00f3 la senadora peronista Alejandra Vigo, de Hacemos por C\u00f3rdoba. \u201cTratar esta modificaci\u00f3n evita la tentaci\u00f3n de gobernar con la suma del poder p\u00fablico\u201d, remarc\u00f3.<\/p>\n<p class=\"\">La propuesta obtuvo el voto favorable de 56 senadores, mientras que 8 votaron en contra y 2 se abstuvieron. El debate continuar\u00e1 en la C\u00e1mara baja. De convertirse en ley, implicar\u00e1 una seria restricci\u00f3n para una herramienta a la que los presidentes argentinos han recurrido en forma reiterada en las \u00faltimas d\u00e9cadas y a la que Milei ha apelado casi tanto como a la motosierra: desde su asunci\u00f3n en diciembre de 2023, ha dictado\u00a0<a title=\"https:\/\/elpais.com\/argentina\/2023-12-29\/argentina-comienza-a-aplicar-las-mas-de-300-reformas-de-milei-que-abren-la-puerta-al-desguace-del-estado.html\" href=\"https:\/\/elpais.com\/argentina\/2023-12-29\/argentina-comienza-a-aplicar-las-mas-de-300-reformas-de-milei-que-abren-la-puerta-al-desguace-del-estado.html\" target=\"_self\" rel=\"\" data-link-track-dtm=\"\" data-mrf-link=\"https:\/\/elpais.com\/argentina\/2023-12-29\/argentina-comienza-a-aplicar-las-mas-de-300-reformas-de-milei-que-abren-la-puerta-al-desguace-del-estado.html\">m\u00e1s de 60 decretos de necesidad y urgencia<\/a>.<\/p>\n<\/div>\n<\/div>\n","protected":false},"excerpt":{"rendered":"<p>&nbsp; &nbsp; &#8211; Por primera vez en 22 a\u00f1os y con amplia mayor\u00eda, el Parlamento argentino insiste con una norma que hab\u00eda sido anulada por&hellip;<\/p>\n","protected":false},"author":99,"featured_media":535737,"comment_status":"open","ping_status":"open","sticky":false,"template":"","format":"standard","meta":{"footnotes":""},"categories":[23],"tags":[],"class_list":["post-535736","post","type-post","status-publish","format-standard","has-post-thumbnail","hentry","category-latinoamerica"],"_links":{"self":[{"href":"https:\/\/diarioelpopular.com\/index.php\/wp-json\/wp\/v2\/posts\/535736","targetHints":{"allow":["GET"]}}],"collection":[{"href":"https:\/\/diarioelpopular.com\/index.php\/wp-json\/wp\/v2\/posts"}],"about":[{"href":"https:\/\/diarioelpopular.com\/index.php\/wp-json\/wp\/v2\/types\/post"}],"author":[{"embeddable":true,"href":"https:\/\/diarioelpopular.com\/index.php\/wp-json\/wp\/v2\/users\/99"}],"replies":[{"embeddable":true,"href":"https:\/\/diarioelpopular.com\/index.php\/wp-json\/wp\/v2\/comments?post=535736"}],"version-history":[{"count":1,"href":"https:\/\/diarioelpopular.com\/index.php\/wp-json\/wp\/v2\/posts\/535736\/revisions"}],"predecessor-version":[{"id":535738,"href":"https:\/\/diarioelpopular.com\/index.php\/wp-json\/wp\/v2\/posts\/535736\/revisions\/535738"}],"wp:featuredmedia":[{"embeddable":true,"href":"https:\/\/diarioelpopular.com\/index.php\/wp-json\/wp\/v2\/media\/535737"}],"wp:attachment":[{"href":"https:\/\/diarioelpopular.com\/index.php\/wp-json\/wp\/v2\/media?parent=535736"}],"wp:term":[{"taxonomy":"category","embeddable":true,"href":"https:\/\/diarioelpopular.com\/index.php\/wp-json\/wp\/v2\/categories?post=535736"},{"taxonomy":"post_tag","embeddable":true,"href":"https:\/\/diarioelpopular.com\/index.php\/wp-json\/wp\/v2\/tags?post=535736"}],"curies":[{"name":"wp","href":"https:\/\/api.w.org\/{rel}","templated":true}]}}