{"id":535740,"date":"2025-09-05T10:34:34","date_gmt":"2025-09-05T14:34:34","guid":{"rendered":"https:\/\/diarioelpopular.com\/?p=535740"},"modified":"2025-09-05T10:34:34","modified_gmt":"2025-09-05T14:34:34","slug":"trump-pone-fin-a-cuatro-anos-ininterrumpidos-de-creacion-de-empleo-en-estados-unidos","status":"publish","type":"post","link":"https:\/\/diarioelpopular.com\/index.php\/2025\/09\/05\/trump-pone-fin-a-cuatro-anos-ininterrumpidos-de-creacion-de-empleo-en-estados-unidos\/","title":{"rendered":"Trump pone fin a cuatro a\u00f1os ininterrumpidos de creaci\u00f3n de empleo en Estados Unidos"},"content":{"rendered":"<div id=\"attachment_535741\" style=\"width: 1210px\" class=\"wp-caption alignnone\"><img loading=\"lazy\" decoding=\"async\" aria-describedby=\"caption-attachment-535741\" class=\"wp-image-535741 size-custom-big-size\" src=\"https:\/\/diarioelpopular.com\/wp-content\/uploads\/2025\/09\/Screen-Shot-2025-09-05-at-10.33.52-AM-1200x802.png\" alt=\"\" width=\"1200\" height=\"802\" srcset=\"https:\/\/diarioelpopular.com\/wp-content\/uploads\/2025\/09\/Screen-Shot-2025-09-05-at-10.33.52-AM-1200x802.png 1200w, https:\/\/diarioelpopular.com\/wp-content\/uploads\/2025\/09\/Screen-Shot-2025-09-05-at-10.33.52-AM-300x201.png 300w, https:\/\/diarioelpopular.com\/wp-content\/uploads\/2025\/09\/Screen-Shot-2025-09-05-at-10.33.52-AM-768x513.png 768w, https:\/\/diarioelpopular.com\/wp-content\/uploads\/2025\/09\/Screen-Shot-2025-09-05-at-10.33.52-AM-636x425.png 636w, https:\/\/diarioelpopular.com\/wp-content\/uploads\/2025\/09\/Screen-Shot-2025-09-05-at-10.33.52-AM-109x73.png 109w, https:\/\/diarioelpopular.com\/wp-content\/uploads\/2025\/09\/Screen-Shot-2025-09-05-at-10.33.52-AM.png 1024w\" sizes=\"auto, (max-width: 1200px) 100vw, 1200px\" \/><p id=\"caption-attachment-535741\" class=\"wp-caption-text\">Un trabajador en la bolsa de Nueva York, el jueves.\u00a0 Foto Jeenah Moon (REUTERS)<\/p><\/div>\n<p>&nbsp;<\/p>\n<p>&nbsp;<\/p>\n<h4 class=\"a_st\" style=\"text-align: center;\"><em><strong>&#8211; El debilitamiento del mercado laboral apuntala las previsiones de una rebaja de tipos de la Reserva Federal<\/strong><\/em><\/h4>\n<p>&nbsp;<\/p>\n<p class=\"\">Donald Trump regres\u00f3 a la Casa Blanca alardeando con la promesa de disparar la creaci\u00f3n de empleo. No ha sido as\u00ed: el mercado laboral se debilita y, por primera vez desde la pandemia, empieza a arrojar datos negativos.<\/p>\n<p class=\"\">Seg\u00fan los indicadores conocidos este viernes, a una an\u00e9mica creaci\u00f3n de empleo en agosto, de apenas 22.000 puestos de trabajo no agr\u00edcolas, muy por debajo de las expectativas, se suman revisiones que indican que en junio se destruyeron 13.000 puestos de trabajo, la primera ca\u00edda de la ocupaci\u00f3n en m\u00e1s de cuatro a\u00f1os. La tasa de paro en agosto se situ\u00f3 en el 4,3%, la m\u00e1s alta desde octubre de 2021.<\/p>\n<p class=\"\">La econom\u00eda estadounidense cre\u00f3 empleo en todos y cada uno de los cuatro a\u00f1os de mandato de Joe Biden, durante los que se batieron r\u00e9cords de generaci\u00f3n de nuevos ocupados, lo que\u00a0 a ciegas Trump niega. La \u00faltima p\u00e9rdida de puestos de trabajo se remontaba al \u00faltimo mes completo del primer mandato de Donald Trump en la Casa Blanca. Con la err\u00e1tica pol\u00edtica econ\u00f3mica y comercial del republicano y la incertidumbre generada por sus absurdas medidas, la serie de 53 meses de creaci\u00f3n de empleo se rompi\u00f3 en junio, seg\u00fan los datos revisados.<\/p>\n<p class=\"\">Los datos que ha hecho p\u00fablicos este viernes\u00a0<a title=\"https:\/\/www.bls.gov\/\" href=\"https:\/\/www.bls.gov\/\" target=\"_self\" rel=\"\" data-link-track-dtm=\"\" data-mrf-link=\"https:\/\/www.bls.gov\/\">la Oficina de Estad\u00edsticas Laborales (BLS, por sus siglas en ingl\u00e9s)<\/a>\u00a0representan un nuevo indicio de que el mercado laboral se deteriora en la primera econom\u00eda del mundo, y allanan el camino para un recorte de los tipos de inter\u00e9s en la reuni\u00f3n de este mes de la Reserva Federal. A todas luces, la pregunta en el Comit\u00e9 Federal de Mercado Abierto no ser\u00e1 si se deben rebajar los tipos, sino cu\u00e1nto y cu\u00e1ntas veces en los pr\u00f3ximos meses.<\/p>\n<p class=\"\">Los economistas hab\u00edan previsto una creaci\u00f3n en torno a los 75.000 empleos en agosto. Las revisiones de los datos de los meses previos tambi\u00e9n confirman un mercado laboral m\u00e1s d\u00e9bil de lo previsto. En junio, la cifra pasa de un crecimiento de 14.000 empleos a un recorte de 13.000. En julio, se pasa de 73.000 empleos a 79.000. Combinados, la creaci\u00f3n de empleo en ambos meses es de 21.000 puestos de trabajo menos de lo calculado inicialmente.<\/p>\n<p class=\"\">El informe es el primero despu\u00e9s de las decepcionantes cifras de julio, que irritaron de tal modo a Donald Trump, que <a title=\"https:\/\/elpais.com\/internacional\/2025-08-01\/trump-despide-a-su-responsable-de-estadisticas-laborales-despues-de-que-publicara-una-desaceleracion-del-empleo.html\" href=\"https:\/\/elpais.com\/internacional\/2025-08-01\/trump-despide-a-su-responsable-de-estadisticas-laborales-despues-de-que-publicara-una-desaceleracion-del-empleo.html\" target=\"_self\" rel=\"\" data-link-track-dtm=\"\" data-mrf-link=\"https:\/\/elpais.com\/internacional\/2025-08-01\/trump-despide-a-su-responsable-de-estadisticas-laborales-despues-de-que-publicara-una-desaceleracion-del-empleo.html\">casi de inmediato decidi\u00f3 despedir a la directora de la Oficina de Estad\u00edsticas Laborales<\/a> (BLS, por sus siglas en ingl\u00e9s). Las cifras revisadas se revelan ahora peores que las publicadas originalmente.<\/p>\n<p class=\"\">Los datos tambi\u00e9n son los primeros desde que entraron en vigor, el 1 de agosto, los aranceles globales que el republicano ha impuesto al resto del mundo entre promesas, a\u00fan no materializadas, de que la medida desatar\u00eda una avalancha de creaci\u00f3n de puestos de trabajo en el sector manufacturero nacional.<\/p>\n<p class=\"\">El inquilino de la Casa Blanca sostiene que a\u00fan pasar\u00e1n meses hasta que los datos oficiales arrojen \u201ccifras reales\u201d. Los analistas atribuyen la debilidad en el mercado laboral, en parte, al efecto de los grav\u00e1menes y a la agresiva pol\u00edtica migratoria de la Administraci\u00f3n republicana.<\/p>\n<p class=\"\">El Gobierno estadounidense y la Reserva Federal vigilaban de cerca este informe, una nueva se\u00f1al de que el mercado laboral se deteriora y la econom\u00eda empieza a dar se\u00f1ales de debilidad. La firma ADP, uno de los gigantes en la elaboraci\u00f3n de n\u00f3minas, hab\u00eda informado el jueves de una mera creaci\u00f3n de 54.000 empleos en el sector privado en agosto. El bufete Challenger, Gray and Christmas hab\u00eda informado de que en lo que va de a\u00f1o las empresas han anunciado ya m\u00e1s despidos que en cualquier otro a\u00f1o desde el par\u00f3n de 2020, en pleno estallido de la pandemia de covid. Las cifras de trabajadores que cambian de empleo se han desplomado, en un indicio de que se recortan las oportunidades. Por primera vez desde 2021 en el pa\u00eds hay m\u00e1s parados registrados que empleos disponibles.<\/p>\n<p class=\"\">Todo ello son se\u00f1ales de que el boom laboral tras la pandemia parece desvanecerse, mientras la econom\u00eda no arroja indicios de arrancar. Algo preocupante para Trump, que bas\u00f3 su campa\u00f1a electoral en promesas de mejorar la marcha de la econom\u00eda.<\/p>\n","protected":false},"excerpt":{"rendered":"<p>&nbsp; &nbsp; &#8211; El debilitamiento del mercado laboral apuntala las previsiones de una rebaja de tipos de la Reserva Federal &nbsp; Donald Trump regres\u00f3 a&hellip;<\/p>\n","protected":false},"author":99,"featured_media":535741,"comment_status":"open","ping_status":"open","sticky":false,"template":"","format":"standard","meta":{"footnotes":""},"categories":[24],"tags":[],"class_list":["post-535740","post","type-post","status-publish","format-standard","has-post-thumbnail","hentry","category-mundo"],"_links":{"self":[{"href":"https:\/\/diarioelpopular.com\/index.php\/wp-json\/wp\/v2\/posts\/535740","targetHints":{"allow":["GET"]}}],"collection":[{"href":"https:\/\/diarioelpopular.com\/index.php\/wp-json\/wp\/v2\/posts"}],"about":[{"href":"https:\/\/diarioelpopular.com\/index.php\/wp-json\/wp\/v2\/types\/post"}],"author":[{"embeddable":true,"href":"https:\/\/diarioelpopular.com\/index.php\/wp-json\/wp\/v2\/users\/99"}],"replies":[{"embeddable":true,"href":"https:\/\/diarioelpopular.com\/index.php\/wp-json\/wp\/v2\/comments?post=535740"}],"version-history":[{"count":1,"href":"https:\/\/diarioelpopular.com\/index.php\/wp-json\/wp\/v2\/posts\/535740\/revisions"}],"predecessor-version":[{"id":535742,"href":"https:\/\/diarioelpopular.com\/index.php\/wp-json\/wp\/v2\/posts\/535740\/revisions\/535742"}],"wp:featuredmedia":[{"embeddable":true,"href":"https:\/\/diarioelpopular.com\/index.php\/wp-json\/wp\/v2\/media\/535741"}],"wp:attachment":[{"href":"https:\/\/diarioelpopular.com\/index.php\/wp-json\/wp\/v2\/media?parent=535740"}],"wp:term":[{"taxonomy":"category","embeddable":true,"href":"https:\/\/diarioelpopular.com\/index.php\/wp-json\/wp\/v2\/categories?post=535740"},{"taxonomy":"post_tag","embeddable":true,"href":"https:\/\/diarioelpopular.com\/index.php\/wp-json\/wp\/v2\/tags?post=535740"}],"curies":[{"name":"wp","href":"https:\/\/api.w.org\/{rel}","templated":true}]}}