{"id":535744,"date":"2025-09-05T10:39:27","date_gmt":"2025-09-05T14:39:27","guid":{"rendered":"https:\/\/diarioelpopular.com\/?p=535744"},"modified":"2025-09-05T10:39:27","modified_gmt":"2025-09-05T14:39:27","slug":"los-cadaveres-del-ice-14-migrantes-3-de-ellos-mexicanos-han-muerto-bajo-custodia-en-el-primer-ano-de-trump","status":"publish","type":"post","link":"https:\/\/diarioelpopular.com\/index.php\/2025\/09\/05\/los-cadaveres-del-ice-14-migrantes-3-de-ellos-mexicanos-han-muerto-bajo-custodia-en-el-primer-ano-de-trump\/","title":{"rendered":"Los cad\u00e1veres del ICE: 14 migrantes, 3 de ellos mexicanos, han muerto bajo custodia en el primer a\u00f1o de Trump"},"content":{"rendered":"<div id=\"attachment_535745\" style=\"width: 1210px\" class=\"wp-caption alignnone\"><img loading=\"lazy\" decoding=\"async\" aria-describedby=\"caption-attachment-535745\" class=\"wp-image-535745 size-custom-big-size\" src=\"https:\/\/diarioelpopular.com\/wp-content\/uploads\/2025\/09\/Screen-Shot-2025-09-05-at-10.38.43-AM-1200x681.png\" alt=\"\" width=\"1200\" height=\"681\" srcset=\"https:\/\/diarioelpopular.com\/wp-content\/uploads\/2025\/09\/Screen-Shot-2025-09-05-at-10.38.43-AM-1200x681.png 1200w, https:\/\/diarioelpopular.com\/wp-content\/uploads\/2025\/09\/Screen-Shot-2025-09-05-at-10.38.43-AM-300x170.png 300w, https:\/\/diarioelpopular.com\/wp-content\/uploads\/2025\/09\/Screen-Shot-2025-09-05-at-10.38.43-AM-768x436.png 768w, https:\/\/diarioelpopular.com\/wp-content\/uploads\/2025\/09\/Screen-Shot-2025-09-05-at-10.38.43-AM-1536x872.png 1536w, https:\/\/diarioelpopular.com\/wp-content\/uploads\/2025\/09\/Screen-Shot-2025-09-05-at-10.38.43-AM-636x361.png 636w, https:\/\/diarioelpopular.com\/wp-content\/uploads\/2025\/09\/Screen-Shot-2025-09-05-at-10.38.43-AM-129x73.png 129w, https:\/\/diarioelpopular.com\/wp-content\/uploads\/2025\/09\/Screen-Shot-2025-09-05-at-10.38.43-AM.png 1024w\" sizes=\"auto, (max-width: 1200px) 100vw, 1200px\" \/><p id=\"caption-attachment-535745\" class=\"wp-caption-text\">Abelardo Avellaneda Delgado ten\u00eda 68 a\u00f1os.<\/p><\/div>\n<p>&nbsp;<\/p>\n<p>&nbsp;<\/p>\n<h4 class=\"a_st\"><em>&#8211; Desde 2019, 69 migrantes han perdido la vida mientras estaban a resguardo del Servicio de Control de Inmigraci\u00f3n y Aduanas de los Estados Unidos<\/em><\/h4>\n<p>&nbsp;<\/p>\n<p class=\"\">Se llamaba Lorenzo Antonio Batrez Vargas. Era mexicano, ten\u00eda 32 a\u00f1os y fue declarado muerto el 31 de agosto, mientras estaba detenido en el Central Arizona Correctional Complex en Florence. Batrez se une a una lista infame. Desde 2019, 69 <a title=\"https:\/\/elpais.com\/mexico\/2025-06-13\/la-muerte-de-un-mexicano-bajo-la-custodia-del-ice-abre-un-nuevo-frente-en-la-tensa-relacion-entre-mexico-y-estados-unidos.html\" href=\"https:\/\/elpais.com\/mexico\/2025-06-13\/la-muerte-de-un-mexicano-bajo-la-custodia-del-ice-abre-un-nuevo-frente-en-la-tensa-relacion-entre-mexico-y-estados-unidos.html\" target=\"_self\" rel=\"\" data-link-track-dtm=\"\" data-mrf-link=\"https:\/\/elpais.com\/mexico\/2025-06-13\/la-muerte-de-un-mexicano-bajo-la-custodia-del-ice-abre-un-nuevo-frente-en-la-tensa-relacion-entre-mexico-y-estados-unidos.html\">migrantes han muerto mientras estaban bajo custodia del Servicio de Control de Inmigraci\u00f3n y Aduanas de los Estados Unidos<\/a>, ICE por sus siglas en ingl\u00e9s. Solo desde que Donald Trump gan\u00f3 las elecciones en noviembre de 2024, han habido 14 personas muertas en centros del ICE, tres de ellas mexicanas.<\/p>\n<p class=\"\">A Lorenzo le llamaban\u00a0<i>Lenchito<\/i>. De acuerdo con una p\u00e1gina de <a title=\"https:\/\/www.gofundme.com\/f\/support-lenchitos-family-in-their-time-of-grief \" href=\"https:\/\/www.gofundme.com\/f\/support-lenchitos-family-in-their-time-of-grief\" target=\"_blank\" rel=\"noopener\" data-link-track-dtm=\"\" data-mrf-link=\"https:\/\/www.gofundme.com\/f\/support-lenchitos-family-in-their-time-of-grief\">recaudaci\u00f3n de fondos<\/a>\u00a0que su familia en Estados Unidos ha organizado para trasladar su cad\u00e1ver y organizar su entierro, muri\u00f3 solo y probablemente debido a complicaciones derivadas de la Covid-19, sin recibir \u201cla atenci\u00f3n m\u00e9dica que \u00e9l se merec\u00eda\u201d. \u201cNinguna familia deber\u00eda tener que preguntarse si la vida de su ser querido podr\u00eda haberse librado con m\u00e1s compasi\u00f3n, m\u00e1s cuidado o m\u00e1s justicia\u201d, desea el texto.<\/p>\n<div>\n<p class=\"\">Su nombre se suma a los de Chaofeng Ge, Tien Xuan Phan, Isidro P\u00e9rez, Johnny Noviello, Jes\u00fas Molina Veya, Abelardo Avelleneda Delgado, Marie Ange Blaise, Nguyen Nhon Ngoc, Brayan Rayo Garz\u00f3n, Maksym Chernyak, Serawit Gezahegn Dejene, Genry Ruiz Guillen y Ramesh Amechand. Migrantes de M\u00e9xico, Guyana, Canad\u00e1, Ucrania, Etiop\u00eda, China, El Salvador o Hait\u00ed, desde los 27 hasta los 75 a\u00f1os, muchos con d\u00e9cadas llamando hogar a Estados Unidos.<\/p>\n<p class=\"\">Es el caso de Isidro P\u00e9rez, ciudadano cubano de 75 a\u00f1os, que tras entrar en el pa\u00eds en 1966 fue detenido el pasado 5 de junio en Cayo Largo (Florida) y trasladado a un centro en Miami. En menos de un mes, muri\u00f3 de lo que se describe como un infarto. Tambi\u00e9n del mexicano Jes\u00fas Molina Veya, que a sus 46 a\u00f1os ya hab\u00eda sido expulsado dos veces de Estados Unidos y, tras ser detenido en abril en Atlanta, se suicid\u00f3 el 7 de junio.<\/p>\n<p class=\"\">\u201cEstamos ante una pol\u00edtica y pedagog\u00eda de la crueldad, que si bien lleva ya 35 a\u00f1os, s\u00ed parece que una de las aristas del gobierno en Estados Unidos es la l\u00f3gica de espectacularizar esta crueldad y utiliza, como artistas de reparto, a los migrantes en situaci\u00f3n irregular\u201d, explica Amarela Varela, estudiosa de la migraci\u00f3n y profesora de la Universidad Aut\u00f3noma de la Ciudad de M\u00e9xico. \u201cY, aunque haya matices, es la misma pol\u00edtica con los republicanos y con los dem\u00f3cratas; no lo invent\u00f3 Trump, solo lo est\u00e1 volviendo m\u00e1s cruel\u201d.<\/p>\n<div class=\"a_gph\">\n<div id=\"datawrapper-vis-tkAQR\" class=\"datawrapper-script-embed vis-height-fixed vis-column-chart\">\n<p class=\"\">Desde 2019, 69 personas han fallecido bajo custodia del ICE, de acuerdo con los datos de la propia agencia. Solo el a\u00f1o 2020, el \u00faltimo de la primera etapa de Donald Trump como presidente, supera el inicio de su segundo mandato. En ese ejercicio fiscal, que va del 1 de octubre al 30 de septiembre, fallecieron 21 migrantes a los que las autoridades de Estados Unidos deber\u00edan haber protegido.<\/p>\n<p class=\"\">A lo ancho y largo de Estados Unidos hay m\u00e1s de 200 centros de detenci\u00f3n para migrantes. Estos incluyen c\u00e1rceles p\u00fablicas y privadas y ahora mismo tienen retenidas\u00a0<a title=\"https:\/\/tracreports.org\/immigration\/quickfacts\/detention.html\" href=\"https:\/\/tracreports.org\/immigration\/quickfacts\/detention.html\" target=\"_blank\" rel=\"noopener\" data-link-track-dtm=\"\" data-mrf-link=\"https:\/\/tracreports.org\/immigration\/quickfacts\/detention.html\">a 61.000 personas<\/a>, casi el doble de las 37.000 que hab\u00eda cuando Trump volvi\u00f3 al poder. El 70% no tiene sentencia y, de los que s\u00ed est\u00e1n condenados, un n\u00famero significativo es por delitos menores tipo saltarse normas de tr\u00e1fico.<\/p>\n<p class=\"\">No puede decirse que Trump no est\u00e9 cumpliendo sus promesas. Uno de los pilares de su plataforma electoral fue ofrecer aplicar una pol\u00edtica de mano de hierro contra la migraci\u00f3n. \u201cEl primer d\u00eda lanzar\u00e9 el mayor programa de deportaci\u00f3n en la historia de Estados Unidos para sacar a los criminales\u201d, dijo en su cierre de campa\u00f1a. <a title=\"https:\/\/elpais.com\/us\/2025-01-20\/envio-de-tropas-a-la-frontera-y-restricciones-a-la-ciudadania-las-primeras-medidas-migratorias-de-trump.html \" href=\"https:\/\/elpais.com\/us\/2025-01-20\/envio-de-tropas-a-la-frontera-y-restricciones-a-la-ciudadania-las-primeras-medidas-migratorias-de-trump.html\" target=\"_self\" rel=\"\" data-link-track-dtm=\"\" data-mrf-link=\"https:\/\/elpais.com\/us\/2025-01-20\/envio-de-tropas-a-la-frontera-y-restricciones-a-la-ciudadania-las-primeras-medidas-migratorias-de-trump.html\">Nada m\u00e1s jurar el cargo<\/a>, firm\u00f3 una orden ejecutiva que declar\u00f3 en emergencia nacional la frontera con M\u00e9xico; cerr\u00f3 la entrada en su territorio a los solicitantes de asilo, anunci\u00f3 otra vez un muro f\u00edsico y mand\u00f3 a agentes de la ley a ser una barrera humana; orden\u00f3 comenzar las detenciones de todos los migrantes en situaci\u00f3n irregular y presentar contra ellos cargos penales, adem\u00e1s de buscar un camino legal para quitarle la ciudadan\u00eda por nacimiento a sus hijos&#8230;<\/p>\n<p class=\"\">Desde entonces, se declar\u00f3 temporada de caza de seres humanos. Los agentes del ICE vigilan las zonas cercanas a colegios, secundarias y centros de trabajo de todo el pa\u00eds para buscar v\u00edctimas; hubo cargas policiales contra jornaleros mientras recog\u00edan las cosechas de los campos estadounidenses \u2014mataron a un trabajador mexicano\u2014, se han anunciado operativos federales en las ciudades y jurisdicciones que se niegan a cooperar con estas pol\u00edticas&#8230; La lista es demasiado larga, pero la iron\u00eda\u00a0<a title=\"https:\/\/elpais.com\/us\/economia\/2025-06-12\/trump-admite-la-escasez-de-trabajadores-que-genera-su-politica-migratoria-y-promete-cambios.html \" href=\"https:\/\/elpais.com\/us\/economia\/2025-06-12\/trump-admite-la-escasez-de-trabajadores-que-genera-su-politica-migratoria-y-promete-cambios.html\" target=\"_self\" rel=\"\" data-link-track-dtm=\"\" data-mrf-link=\"https:\/\/elpais.com\/us\/economia\/2025-06-12\/trump-admite-la-escasez-de-trabajadores-que-genera-su-politica-migratoria-y-promete-cambios.html\">lleg\u00f3 el pasado junio<\/a>, cuando Trump reconoci\u00f3 que las deportaciones masivas estaban afectando a sectores como la agricultura y la hosteler\u00eda, que dependen justamente de la fuerza laboral migrante.<\/p>\n<p>&nbsp;<\/p>\n<figure class=\"a_m a_m-h \">\n<p><div style=\"width: 424px\" class=\"wp-caption alignnone\"><img loading=\"lazy\" decoding=\"async\" class=\"_re lazyload a_m-h\" src=\"https:\/\/imagenes.elpais.com\/resizer\/v2\/ZU2YYAOJINHPXOOGFMQUCQ33H4.jpg?auth=ad0b35ab50fa4901be0684b751af425fc0a2e95123332b2d93d4317f41e69759&amp;width=414\" sizes=\"auto, (min-width:1199px) 1155px,(min-width:1001px) calc(100vw - 44px),(min-width:768px) 767px, 100vw\" srcset=\"https:\/\/imagenes.elpais.com\/resizer\/v2\/ZU2YYAOJINHPXOOGFMQUCQ33H4.jpg?auth=ad0b35ab50fa4901be0684b751af425fc0a2e95123332b2d93d4317f41e69759&amp;width=414 414w,https:\/\/imagenes.elpais.com\/resizer\/v2\/ZU2YYAOJINHPXOOGFMQUCQ33H4.jpg?auth=ad0b35ab50fa4901be0684b751af425fc0a2e95123332b2d93d4317f41e69759&amp;width=828 640w,https:\/\/imagenes.elpais.com\/resizer\/v2\/ZU2YYAOJINHPXOOGFMQUCQ33H4.jpg?auth=ad0b35ab50fa4901be0684b751af425fc0a2e95123332b2d93d4317f41e69759&amp;width=980 1000w,https:\/\/imagenes.elpais.com\/resizer\/v2\/ZU2YYAOJINHPXOOGFMQUCQ33H4.jpg?auth=ad0b35ab50fa4901be0684b751af425fc0a2e95123332b2d93d4317f41e69759&amp;width=1960 1960w\" alt=\"Personas detenidas en el centro de detenci\u00f3n privado GEO Group ICE Processing en Adelanto, California, el 10 de julio.\" width=\"414\" height=\"277\" \/><p class=\"wp-caption-text\">Personas detenidas en el centro de detenci\u00f3n privado GEO Group ICE Processing en Adelanto, California, el 10 de julio.\u00a0 \u00a0 \u00a0 \u00a0 \u00a0 \u00a0 \u00a0 \u00a0 \u00a0Foto PATRICK T. FALLON (AFP via Getty Images)<\/p><\/div><figcaption class=\"a_m_p\" aria-hidden=\"true\"><\/figcaption><\/figure>\n<p>&nbsp;<\/p>\n<p class=\"\">\u201cTrump est\u00e1 al otro lado del muro, pero las pol\u00edticas migratorias de Estados Unidos llevan 30 a\u00f1os export\u00e1ndose a Am\u00e9rica Latina a base de chantajear a los gobiernos de cualquier signo pol\u00edtico\u201d, reflexiona la acad\u00e9mica Varela. M\u00e9xico, uno de los corredores migrantes m\u00e1s transitados del planeta, atravesado por miles de ellos de todo el mundo que buscan llegar a Estados Unidos, no es una excepci\u00f3n.<\/p>\n<p class=\"\">Con el presidente Enrique Pe\u00f1a Nieto se instaur\u00f3 el Programa Frontera Sur, que buscaba parar a los migrantes nada m\u00e1s entrasen por Guatemala y, aunque Andr\u00e9s Manuel L\u00f3pez Obrador comenz\u00f3 su sexenio (2018-2024) con la promesa de un trato m\u00e1s humanitario hacia los \u201chermanos migrantes\u201d, Trump amenaz\u00f3 con imponer aranceles si M\u00e9xico no cumpl\u00eda sus exigencias. El pa\u00eds pas\u00f3 de detener a 180.000 migrantes al a\u00f1o en 2018 a 1,2 millones en 2024. Adem\u00e1s, el trato inhumano en los centros de detenci\u00f3n de M\u00e9xico se hizo patente con la\u00a0<a title=\"https:\/\/elpais.com\/mexico\/2023-04-02\/encerrados-con-las-llamas-son-un-chingo-de-migrantes-como-van-a-salir.html\" href=\"https:\/\/elpais.com\/mexico\/2023-04-02\/encerrados-con-las-llamas-son-un-chingo-de-migrantes-como-van-a-salir.html\" target=\"_self\" rel=\"\" data-link-track-dtm=\"\" data-mrf-link=\"https:\/\/elpais.com\/mexico\/2023-04-02\/encerrados-con-las-llamas-son-un-chingo-de-migrantes-como-van-a-salir.html\">muerte de 40 personas durante un incendio en una Estaci\u00f3n Migratoria de Ciudad Ju\u00e1rez<\/a>. Queda por ver c\u00f3mo ir\u00e1 el sexenio de Claudia Sheinbaum, pero de momento hay una bajada en estas cifras.<\/p>\n<p class=\"\">En Estados Unidos, cada vez que un migrante muere en un centro de detenci\u00f3n de ICE, la agencia manda un comunicado. Todos cierran con una misma menci\u00f3n: \u201cEl ICE mantiene su compromiso de garantizar que todas las personas bajo su custodia residan en entornos seguros, protegidos y humanos\u201d. No parece que est\u00e9n cumpliendo con ese trabajo.<\/p>\n<\/div>\n<\/div>\n<\/div>\n","protected":false},"excerpt":{"rendered":"<p>&nbsp; &nbsp; &#8211; Desde 2019, 69 migrantes han perdido la vida mientras estaban a resguardo del Servicio de Control de Inmigraci\u00f3n y Aduanas de los&hellip;<\/p>\n","protected":false},"author":99,"featured_media":535745,"comment_status":"open","ping_status":"open","sticky":false,"template":"","format":"standard","meta":{"footnotes":""},"categories":[24],"tags":[],"class_list":["post-535744","post","type-post","status-publish","format-standard","has-post-thumbnail","hentry","category-mundo"],"_links":{"self":[{"href":"https:\/\/diarioelpopular.com\/index.php\/wp-json\/wp\/v2\/posts\/535744","targetHints":{"allow":["GET"]}}],"collection":[{"href":"https:\/\/diarioelpopular.com\/index.php\/wp-json\/wp\/v2\/posts"}],"about":[{"href":"https:\/\/diarioelpopular.com\/index.php\/wp-json\/wp\/v2\/types\/post"}],"author":[{"embeddable":true,"href":"https:\/\/diarioelpopular.com\/index.php\/wp-json\/wp\/v2\/users\/99"}],"replies":[{"embeddable":true,"href":"https:\/\/diarioelpopular.com\/index.php\/wp-json\/wp\/v2\/comments?post=535744"}],"version-history":[{"count":1,"href":"https:\/\/diarioelpopular.com\/index.php\/wp-json\/wp\/v2\/posts\/535744\/revisions"}],"predecessor-version":[{"id":535746,"href":"https:\/\/diarioelpopular.com\/index.php\/wp-json\/wp\/v2\/posts\/535744\/revisions\/535746"}],"wp:featuredmedia":[{"embeddable":true,"href":"https:\/\/diarioelpopular.com\/index.php\/wp-json\/wp\/v2\/media\/535745"}],"wp:attachment":[{"href":"https:\/\/diarioelpopular.com\/index.php\/wp-json\/wp\/v2\/media?parent=535744"}],"wp:term":[{"taxonomy":"category","embeddable":true,"href":"https:\/\/diarioelpopular.com\/index.php\/wp-json\/wp\/v2\/categories?post=535744"},{"taxonomy":"post_tag","embeddable":true,"href":"https:\/\/diarioelpopular.com\/index.php\/wp-json\/wp\/v2\/tags?post=535744"}],"curies":[{"name":"wp","href":"https:\/\/api.w.org\/{rel}","templated":true}]}}