{"id":535777,"date":"2025-09-06T11:24:54","date_gmt":"2025-09-06T15:24:54","guid":{"rendered":"https:\/\/diarioelpopular.com\/?p=535777"},"modified":"2025-09-06T11:24:54","modified_gmt":"2025-09-06T15:24:54","slug":"sin-salvaguardas-para-la-produccion-de-minerales-en-america-latina-la-transicion-energetica-no-sera-justa","status":"publish","type":"post","link":"https:\/\/diarioelpopular.com\/index.php\/2025\/09\/06\/sin-salvaguardas-para-la-produccion-de-minerales-en-america-latina-la-transicion-energetica-no-sera-justa\/","title":{"rendered":"Sin salvaguardas para la producci\u00f3n de minerales en Am\u00e9rica Latina, la transici\u00f3n energ\u00e9tica no ser\u00e1 justa"},"content":{"rendered":"<div id=\"attachment_535778\" style=\"width: 646px\" class=\"wp-caption alignnone\"><img loading=\"lazy\" decoding=\"async\" aria-describedby=\"caption-attachment-535778\" class=\"wp-image-535778 size-custom-full-size\" src=\"https:\/\/diarioelpopular.com\/wp-content\/uploads\/2025\/09\/Screen-Shot-2025-09-06-at-11.23.03-AM-636x428.png\" alt=\"\" width=\"636\" height=\"428\" srcset=\"https:\/\/diarioelpopular.com\/wp-content\/uploads\/2025\/09\/Screen-Shot-2025-09-06-at-11.23.03-AM-636x428.png 636w, https:\/\/diarioelpopular.com\/wp-content\/uploads\/2025\/09\/Screen-Shot-2025-09-06-at-11.23.03-AM-300x202.png 300w, https:\/\/diarioelpopular.com\/wp-content\/uploads\/2025\/09\/Screen-Shot-2025-09-06-at-11.23.03-AM-768x517.png 768w, https:\/\/diarioelpopular.com\/wp-content\/uploads\/2025\/09\/Screen-Shot-2025-09-06-at-11.23.03-AM-80x55.png 80w, https:\/\/diarioelpopular.com\/wp-content\/uploads\/2025\/09\/Screen-Shot-2025-09-06-at-11.23.03-AM-109x73.png 109w, https:\/\/diarioelpopular.com\/wp-content\/uploads\/2025\/09\/Screen-Shot-2025-09-06-at-11.23.03-AM.png 880w\" sizes=\"auto, (max-width: 636px) 100vw, 636px\" \/><p id=\"caption-attachment-535778\" class=\"wp-caption-text\">Mina de litio en Ara\u00e7ua\u00ed (Brasil), el 20 de agosto. Foto EFE\/Andr\u00e9 Coelho<\/p><\/div>\n<p>&nbsp;<\/p>\n<h4 class=\"a_st\"><em>&#8211; Ante la creciente presi\u00f3n de actores del norte global, que demandan m\u00e1s recursos y que a menudo no asumen responsabilidades, la regi\u00f3n debe actuar de forma coordinada<\/em><\/h4>\n<p>&nbsp;<\/p>\n<p class=\"\">A nivel mundial, el<i>\u00a0<\/i>actual auge minero proyecta un crecimiento de la demanda que podr\u00eda triplicarse a 2030 y cuadruplicarse a 2040, con una parte importante concentrada en\u00a0<a title=\"https:\/\/elpais.com\/economia\/negocios\/2023-08-19\/grandes-potencias-pelean-por-el-control-de-los-metales-esenciales-para-la-transicion-energetica.html\" href=\"https:\/\/elpais.com\/economia\/negocios\/2023-08-19\/grandes-potencias-pelean-por-el-control-de-los-metales-esenciales-para-la-transicion-energetica.html\" target=\"_self\" rel=\"\" data-link-track-dtm=\"\" data-mrf-link=\"https:\/\/elpais.com\/economia\/negocios\/2023-08-19\/grandes-potencias-pelean-por-el-control-de-los-metales-esenciales-para-la-transicion-energetica.html\">pa\u00edses del norte global<\/a>, seg\u00fan las proyecciones de la Agencia Internacional de Energ\u00eda. Am\u00e9rica Latina, por su parte, concentra 48% del litio, 34% de plata, 26% de cobre, 23% de grafito y 20% de molibdeno, todos ellos minerales clave para las tecnolog\u00edas de generaci\u00f3n, distribuci\u00f3n y almacenamiento de energ\u00edas renovables.<\/p>\n<p class=\"\">\u00bfY por qu\u00e9 deber\u00eda importarnos esto? Porque, aunque la regi\u00f3n tiene un enorme potencial para liderar la transici\u00f3n energ\u00e9tica, la miner\u00eda sigue siendo una actividad\u00a0<a title=\"https:\/\/elpais.com\/america-futura\/2025-06-11\/la-crisis-climatica-agrava-la-desigualdad-en-america-latina.html\" href=\"https:\/\/elpais.com\/america-futura\/2025-06-11\/la-crisis-climatica-agrava-la-desigualdad-en-america-latina.html\" target=\"_self\" rel=\"\" data-link-track-dtm=\"\" data-mrf-link=\"https:\/\/elpais.com\/america-futura\/2025-06-11\/la-crisis-climatica-agrava-la-desigualdad-en-america-latina.html\">altamente contaminante<\/a> y socialmente disruptiva. Su explotaci\u00f3n ha alimentado una creciente conflictividad socioambiental derivada del enfrentamiento entre visiones de desarrollo impuestas por gobiernos y empresas, y las\u00a0<a title=\"https:\/\/elpais.com\/america-futura\/2025-08-19\/los-indigenas-de-la-amazonia-presentan-sus-demandas-previo-a-la-cumbre-de-lula-petro-y-delegados-de-los-ocho-paises-de-la-region.html\" href=\"https:\/\/elpais.com\/america-futura\/2025-08-19\/los-indigenas-de-la-amazonia-presentan-sus-demandas-previo-a-la-cumbre-de-lula-petro-y-delegados-de-los-ocho-paises-de-la-region.html\" target=\"_self\" rel=\"\" data-link-track-dtm=\"\" data-mrf-link=\"https:\/\/elpais.com\/america-futura\/2025-08-19\/los-indigenas-de-la-amazonia-presentan-sus-demandas-previo-a-la-cumbre-de-lula-petro-y-delegados-de-los-ocho-paises-de-la-region.html\">cosmovisiones de comunidades<\/a>\u00a0locales e ind\u00edgenas que defienden otras formas de habitar y cuidar el territorio. Es una tensi\u00f3n que no solo compromete la integridad de los ecosistemas, sino que tambi\u00e9n perpet\u00faa modelos econ\u00f3micos basados en actividades de bajo valor agregado.<\/p>\n<p class=\"\">Por eso, requerimos de una\u00a0<a title=\"https:\/\/elpais.com\/america-futura\/2025-08-23\/la-cumbre-presidencial-amazonica-de-bogota-cierra-sin-freno-a-los-combustibles-fosiles-pero-con-impulso-para-los-indigenas.html\" href=\"https:\/\/elpais.com\/america-futura\/2025-08-23\/la-cumbre-presidencial-amazonica-de-bogota-cierra-sin-freno-a-los-combustibles-fosiles-pero-con-impulso-para-los-indigenas.html\" target=\"_self\" rel=\"\" data-link-track-dtm=\"\" data-mrf-link=\"https:\/\/elpais.com\/america-futura\/2025-08-23\/la-cumbre-presidencial-amazonica-de-bogota-cierra-sin-freno-a-los-combustibles-fosiles-pero-con-impulso-para-los-indigenas.html\">transici\u00f3n<\/a>\u00a0bien pensada, que reconozca los riesgos asociados a esta demanda creciente de minerales, que disponga de mecanismos para gestionarlos y que sirva de espacio para transformar las reglas de juego sobre c\u00f3mo se extraen, distribuyen y gestionan los recursos.<\/p>\n<p class=\"\">La buena noticia es que a nivel internacional ha cobrado relevancia la importancia de promover un marco de salvaguardas para la producci\u00f3n de minerales para la transici\u00f3n energ\u00e9tica, con base en los principios y recomendaciones emitidos en septiembre de 2024 por el Panel del Secretario General de las Naciones Unidas sobre minerales <a title=\"https:\/\/elpais.com\/america-futura\/2024-10-30\/un-plan-para-que-la-sed-de-minerales-clave-para-la-transicion-energetica-no-acabe-con-los-ecosistemas.html\" href=\"https:\/\/elpais.com\/america-futura\/2024-10-30\/un-plan-para-que-la-sed-de-minerales-clave-para-la-transicion-energetica-no-acabe-con-los-ecosistemas.html\" target=\"_self\" rel=\"\" data-link-track-dtm=\"\" data-mrf-link=\"https:\/\/elpais.com\/america-futura\/2024-10-30\/un-plan-para-que-la-sed-de-minerales-clave-para-la-transicion-energetica-no-acabe-con-los-ecosistemas.html\">esenciales para la transici\u00f3n energ\u00e9tica.<\/a><\/p>\n<p class=\"\">La premisa de estas salvaguardas es que estos minerales son indispensables para alcanzar los objetivos del Acuerdo de Par\u00eds y atender la crisis clim\u00e1tica, pero tambi\u00e9n representan una oportunidad para mejorar el bienestar de millones de personas, especialmente en pa\u00edses del sur global.<\/p>\n<p class=\"\">A continuaci\u00f3n, subrayamos cuatro dimensiones clave de estas salvaguardas, que constituyen condiciones necesarias para una miner\u00eda compatible con principios de justicia social y ambiental:<\/p>\n<ol>\n<li>Ambiental: muchos de los yacimientos de minerales se localizan en ecosistemas fr\u00e1giles. El 16% de las minas de minerales para la transici\u00f3n a nivel mundial se ubican en zonas con alto estr\u00e9s h\u00eddrico y m\u00e1s del 21% de los conflictos socioambientales registrados a nivel global est\u00e1n vinculados a la miner\u00eda, en particular en las llamadas zonas de sacrificio, como Tocopilla y Mejillones en Chile. Por lo tanto, la planificaci\u00f3n territorial y las evaluaciones de impacto ambiental acumulativas y participativas son esenciales.<\/li>\n<li>Social: la participaci\u00f3n de comunidades locales e ind\u00edgenas debe estar garantizada a lo largo de todo el ciclo de vida de los proyectos, dado que m\u00e1s del 40% de los conflictos mineros en Am\u00e9rica Latina involucran a estas comunidades, lo que refleja una falla estructural en la consulta previa y en los mecanismos de participaci\u00f3n. De ah\u00ed la necesidad de garantizar procesos de participaci\u00f3n efectivos que respondan a obligaciones legales y que tambi\u00e9n mejoren la calidad de las decisiones, reduzcan los conflictos y fortalezcan la corresponsabilidad en la gesti\u00f3n de impactos y beneficios.<\/li>\n<li>Econ\u00f3mica: Am\u00e9rica Latina cuenta con abundantes minerales, pero tambi\u00e9n con econom\u00edas que dependen de la exportaci\u00f3n de materias primas sin valor agregado. Por lo tanto, se requiere impulsar una mayor diversificaci\u00f3n de ingresos y procesos de integraci\u00f3n regional para reducir esa vulnerabilidad.<\/li>\n<li>Gobernanza: en la regi\u00f3n persisten brechas significativas en la transparencia y rendici\u00f3n de cuentas en el sector minero. En muchos casos se evidencian capturas institucionales y conflictos de inter\u00e9s que limitan las capacidades de monitoreo y cumplimiento de la ley, sobre todo a nivel local. Por ello, las salvaguardas deben incluir medidas concretas para fortalecer las capacidades t\u00e9cnicas y financieras de las autoridades ambientales y sociales, asegurar mecanismos de control independientes, fomentar la coordinaci\u00f3n interinstitucional y garantizar el acceso p\u00fablico a la informaci\u00f3n.<\/li>\n<\/ol>\n<p class=\"\">Por todo lo anterior, es urgente que los gobiernos de Am\u00e9rica Latina y las empresas mineras asuman el compromiso de incorporar salvaguardas vinculantes que garanticen que la producci\u00f3n de minerales para la transici\u00f3n energ\u00e9tica se realice bajo principios de justicia social y ambiental, adaptados a los marcos jur\u00eddicos nacionales.<\/p>\n<p class=\"\">La Conferencia de Cambio Clim\u00e1tico de Naciones Unidas\u00a0<a title=\"https:\/\/elpais.com\/america-futura\/2025-03-03\/los-indigenas-quieren-copresidir-la-cop30-los-tendra-en-cuenta-la-primera-cumbre-climatica-amazonica.html\" href=\"https:\/\/elpais.com\/america-futura\/2025-03-03\/los-indigenas-quieren-copresidir-la-cop30-los-tendra-en-cuenta-la-primera-cumbre-climatica-amazonica.html\" target=\"_self\" rel=\"\" data-link-track-dtm=\"\" data-mrf-link=\"https:\/\/elpais.com\/america-futura\/2025-03-03\/los-indigenas-quieren-copresidir-la-cop30-los-tendra-en-cuenta-la-primera-cumbre-climatica-amazonica.html\">(COP30)<\/a>\u00a0que se realizar\u00e1 en noviembre, ofrece una oportunidad \u00fanica para que la regi\u00f3n ubique este tema en el centro de la agenda clim\u00e1tica global y se presente con una voz unificada. Ante la creciente presi\u00f3n de\u00a0<a title=\"https:\/\/elpais.com\/economia\/negocios\/2025-04-19\/minerales-criticos-el-futuro-esta-bajo-tierra-y-hay-una-lucha-sin-cuartel-por-su-control.html\" href=\"https:\/\/elpais.com\/economia\/negocios\/2025-04-19\/minerales-criticos-el-futuro-esta-bajo-tierra-y-hay-una-lucha-sin-cuartel-por-su-control.html\" target=\"_self\" rel=\"\" data-link-track-dtm=\"\" data-mrf-link=\"https:\/\/elpais.com\/economia\/negocios\/2025-04-19\/minerales-criticos-el-futuro-esta-bajo-tierra-y-hay-una-lucha-sin-cuartel-por-su-control.html\">actores del norte global<\/a>, que demandan m\u00e1s minerales y mayores est\u00e1ndares, pero que a menudo no asumen responsabilidades proporcionales, Am\u00e9rica Latina debe actuar de forma coordinada para defender sus intereses, fortalecer su capacidad de negociaci\u00f3n y evitar una carrera hacia el fondo. De no hacerlo, cada pa\u00eds seguir\u00e1 enfrentando en solitario los dilemas de este nuevo ciclo extractivo, arriesgando sus territorios y comunidades.<\/p>\n","protected":false},"excerpt":{"rendered":"<p>&nbsp; &#8211; Ante la creciente presi\u00f3n de actores del norte global, que demandan m\u00e1s recursos y que a menudo no asumen responsabilidades, la regi\u00f3n debe&hellip;<\/p>\n","protected":false},"author":99,"featured_media":535778,"comment_status":"open","ping_status":"open","sticky":false,"template":"","format":"standard","meta":{"footnotes":""},"categories":[23],"tags":[],"class_list":["post-535777","post","type-post","status-publish","format-standard","has-post-thumbnail","hentry","category-latinoamerica"],"_links":{"self":[{"href":"https:\/\/diarioelpopular.com\/index.php\/wp-json\/wp\/v2\/posts\/535777","targetHints":{"allow":["GET"]}}],"collection":[{"href":"https:\/\/diarioelpopular.com\/index.php\/wp-json\/wp\/v2\/posts"}],"about":[{"href":"https:\/\/diarioelpopular.com\/index.php\/wp-json\/wp\/v2\/types\/post"}],"author":[{"embeddable":true,"href":"https:\/\/diarioelpopular.com\/index.php\/wp-json\/wp\/v2\/users\/99"}],"replies":[{"embeddable":true,"href":"https:\/\/diarioelpopular.com\/index.php\/wp-json\/wp\/v2\/comments?post=535777"}],"version-history":[{"count":1,"href":"https:\/\/diarioelpopular.com\/index.php\/wp-json\/wp\/v2\/posts\/535777\/revisions"}],"predecessor-version":[{"id":535779,"href":"https:\/\/diarioelpopular.com\/index.php\/wp-json\/wp\/v2\/posts\/535777\/revisions\/535779"}],"wp:featuredmedia":[{"embeddable":true,"href":"https:\/\/diarioelpopular.com\/index.php\/wp-json\/wp\/v2\/media\/535778"}],"wp:attachment":[{"href":"https:\/\/diarioelpopular.com\/index.php\/wp-json\/wp\/v2\/media?parent=535777"}],"wp:term":[{"taxonomy":"category","embeddable":true,"href":"https:\/\/diarioelpopular.com\/index.php\/wp-json\/wp\/v2\/categories?post=535777"},{"taxonomy":"post_tag","embeddable":true,"href":"https:\/\/diarioelpopular.com\/index.php\/wp-json\/wp\/v2\/tags?post=535777"}],"curies":[{"name":"wp","href":"https:\/\/api.w.org\/{rel}","templated":true}]}}