{"id":535806,"date":"2025-09-07T11:37:27","date_gmt":"2025-09-07T15:37:27","guid":{"rendered":"https:\/\/diarioelpopular.com\/?p=535806"},"modified":"2025-09-07T11:37:27","modified_gmt":"2025-09-07T15:37:27","slug":"sheinbaum-suelta-la-mano-de-lopez-obrador-en-su-segundo-ano-de-presidencia","status":"publish","type":"post","link":"https:\/\/diarioelpopular.com\/index.php\/2025\/09\/07\/sheinbaum-suelta-la-mano-de-lopez-obrador-en-su-segundo-ano-de-presidencia\/","title":{"rendered":"Sheinbaum suelta la mano de L\u00f3pez Obrador en su segundo a\u00f1o de presidencia"},"content":{"rendered":"<div id=\"attachment_535807\" style=\"width: 1210px\" class=\"wp-caption alignnone\"><img loading=\"lazy\" decoding=\"async\" aria-describedby=\"caption-attachment-535807\" class=\"wp-image-535807 size-custom-big-size\" src=\"https:\/\/diarioelpopular.com\/wp-content\/uploads\/2025\/09\/Screen-Shot-2025-09-07-at-11.36.46-AM-1200x758.png\" alt=\"\" width=\"1200\" height=\"758\" srcset=\"https:\/\/diarioelpopular.com\/wp-content\/uploads\/2025\/09\/Screen-Shot-2025-09-07-at-11.36.46-AM-1200x758.png 1200w, https:\/\/diarioelpopular.com\/wp-content\/uploads\/2025\/09\/Screen-Shot-2025-09-07-at-11.36.46-AM-300x189.png 300w, https:\/\/diarioelpopular.com\/wp-content\/uploads\/2025\/09\/Screen-Shot-2025-09-07-at-11.36.46-AM-768x485.png 768w, https:\/\/diarioelpopular.com\/wp-content\/uploads\/2025\/09\/Screen-Shot-2025-09-07-at-11.36.46-AM-85x55.png 85w, https:\/\/diarioelpopular.com\/wp-content\/uploads\/2025\/09\/Screen-Shot-2025-09-07-at-11.36.46-AM-636x402.png 636w, https:\/\/diarioelpopular.com\/wp-content\/uploads\/2025\/09\/Screen-Shot-2025-09-07-at-11.36.46-AM-116x73.png 116w, https:\/\/diarioelpopular.com\/wp-content\/uploads\/2025\/09\/Screen-Shot-2025-09-07-at-11.36.46-AM.png 1024w\" sizes=\"auto, (max-width: 1200px) 100vw, 1200px\" \/><p id=\"caption-attachment-535807\" class=\"wp-caption-text\">Claudia Sheinbaum en Palacio Nacional, el 1 de septiembre.\u00a0 Foto Aurea Del Rosario<\/p><\/div>\n<p>&nbsp;<\/p>\n<p>&nbsp;<\/p>\n<div class=\"a_e_txt _df\">\n<h4 class=\"a_st\"><em>&#8211; La mandataria estrena sus primeros presupuestos y apuntala su estrategia de seguridad, ya con la herencia resuelta de la reforma judicial<\/em><\/h4>\n<\/div>\n<div class=\"a_e_m\"><\/div>\n<div><\/div>\n<div>\n<p class=\"\">Despu\u00e9s de un a\u00f1o en el Gobierno, ya nadie duda del sello propio de Claudia Sheinbaum. Lejos quedan los fantasmas que agitaba la oposici\u00f3n de que la primera mujer al frente del pa\u00eds iba a ser un t\u00edtere de su predecesor. La tarea era gigantesca: <a title=\"https:\/\/elpais.com\/mexico\/2024-10-01\/lopez-obrador-el-ultimo-de-su-especie.html\" href=\"https:\/\/elpais.com\/mexico\/2024-10-01\/lopez-obrador-el-ultimo-de-su-especie.html\" target=\"_self\" rel=\"\" data-link-track-dtm=\"\" data-mrf-link=\"https:\/\/elpais.com\/mexico\/2024-10-01\/lopez-obrador-el-ultimo-de-su-especie.html\">Andr\u00e9s Manuel L\u00f3pez Obrador\u00a0<\/a>fue, adem\u00e1s de presidente hasta 2024, el l\u00edder de la izquierda mexicana. La mandataria, que ha definido su sexenio como el segundo piso de la transformaci\u00f3n, sigue invocando a su mentor; ella lo llama \u201ccontinuidad con cambios\u201d. Pero lo cierto es que Sheinbaum va a iniciar su segundo a\u00f1o de presidencia ya con la herencia de la reforma judicial resuelta, con una estrategia de seguridad muy diferente apuntalada y con el estreno formalmente de sus primeros presupuestos econ\u00f3micos. La presidenta vuela sola.<\/p>\n<p class=\"\">Este lunes, Sheinbaum present\u00f3 su primer informe de Gobierno. Del documento de m\u00e1s de mil p\u00e1ginas que entreg\u00f3 al Senado,\u00a0<a title=\"https:\/\/elpais.com\/mexico\/2025-09-01\/sheinbaum-presume-de-logros-en-su-primer-informe-de-gobierno-estamos-viviendo-un-momento-estelar-de-nuestra-historia.html\" href=\"https:\/\/elpais.com\/mexico\/2025-09-01\/sheinbaum-presume-de-logros-en-su-primer-informe-de-gobierno-estamos-viviendo-un-momento-estelar-de-nuestra-historia.html\" target=\"_self\" rel=\"\" data-link-track-dtm=\"\" data-mrf-link=\"https:\/\/elpais.com\/mexico\/2025-09-01\/sheinbaum-presume-de-logros-en-su-primer-informe-de-gobierno-estamos-viviendo-un-momento-estelar-de-nuestra-historia.html\">la mandataria remarc\u00f3 lo que considera sus principales logros<\/a> en un acto en el patio de Palacio Nacional, respaldada por el poder legislativo y judicial, donde su partido, Morena, es el claro protagonista. Apenas algunos gobernadores de la oposici\u00f3n pon\u00edan en el evento la nota discordante al apabullante movimiento guinda. Nada m\u00e1s comenzar su discurso, Sheinbaum reivindic\u00f3 el ser la primera mujer en rendir cuentas a la naci\u00f3n; record\u00f3 despu\u00e9s que su administraci\u00f3n era el \u201cfruto de la voluntad colectiva que durante d\u00e9cadas resisti\u00f3, luch\u00f3 y so\u00f1\u00f3 con un pa\u00eds con justicia\u201d, y antes de empezar a enumerar sus resultados, enunci\u00f3 que estaban \u201csustentados en la gran haza\u00f1a del presidente L\u00f3pez Obrador\u201d.<\/p>\n<p class=\"\">\u201cLa presidente es ella, pero es sobre todo nosotros. En su informe, habl\u00f3 primero de las mujeres, despu\u00e9s del movimiento, y hasta el tercer lugar, habl\u00f3 de Andr\u00e9s Manuel L\u00f3pez Obrador\u201d, apunta la analista Vanessa Romero, que considera que la autonom\u00eda de Sheinbaum se complementa con una lealtad profunda al movimiento que fund\u00f3 el expresidente y, por tanto, al expresidente. \u201cElla se ha separado de \u00e9l en temas de seguridad, medicamentos, huachicol, o en programas en los que claramente \u00e9l no fue suficientemente lejos, o fall\u00f3. Pero esa diferencia ejecutora no puede ser considerada como una separaci\u00f3n con Andr\u00e9s Manuel\u201d, valora la abogada.<\/p>\n<p class=\"\">Sheinbaum ha cerrado su primer ciclo pol\u00edtico con una popularidad alt\u00edsima, del 79%,\u00a0<a title=\"https:\/\/elpais.com\/mexico\/2025-09-01\/sheinbaum-llega-a-su-primer-balance-de-gobierno-con-un-apoyo-del-79-a-su-gestion.html#?rel=mas\" href=\"https:\/\/elpais.com\/mexico\/2025-09-01\/sheinbaum-llega-a-su-primer-balance-de-gobierno-con-un-apoyo-del-79-a-su-gestion.html#?rel=mas\" target=\"_self\" rel=\"\" data-link-track-dtm=\"\" data-mrf-link=\"https:\/\/elpais.com\/mexico\/2025-09-01\/sheinbaum-llega-a-su-primer-balance-de-gobierno-con-un-apoyo-del-79-a-su-gestion.html\">seg\u00fan una encuesta de Enkoll<\/a>. Un apoyo incluso mayor al que cosech\u00f3 L\u00f3pez Obrador al final de su primer a\u00f1o (que llegaba al 73%). En una pregunta espec\u00edfica, la mitad de los encuestados cree que su inicio de gobierno ha sido mejor que el que tuvo el expresidente. Eso en un a\u00f1o en el que la mandataria ha enfrentado la pol\u00e9mica de la reforma judicial (que dej\u00f3 aprobada y encargada L\u00f3pez Obrador), el tira y afloja con Donald Trump y la guerra desatada en Sinaloa.<\/p>\n<p class=\"\">Ahora, con la inaudita elecci\u00f3n judicial completada \u2014faltan por ver sus consecuencias\u2014 y con el respiro de haber firmado\u00a0<a title=\"https:\/\/elpais.com\/mexico\/2025-09-03\/marco-rubio-no-hay-ningun-gobierno-que-este-cooperando-mas-con-nosotros-que-el-gobierno-de-sheinbaum.html\" href=\"https:\/\/elpais.com\/mexico\/2025-09-03\/marco-rubio-no-hay-ningun-gobierno-que-este-cooperando-mas-con-nosotros-que-el-gobierno-de-sheinbaum.html\" target=\"_self\" rel=\"\" data-link-track-dtm=\"\" data-mrf-link=\"https:\/\/elpais.com\/mexico\/2025-09-03\/marco-rubio-no-hay-ningun-gobierno-que-este-cooperando-mas-con-nosotros-que-el-gobierno-de-sheinbaum.html\">un acuerdo en seguridad con el Gobierno de Estados Unidos<\/a>, a la presidente se le despeja el camino. El pr\u00f3ximo lunes presenta su propio proyecto de presupuesto. \u201cTiene ya autonom\u00eda presupuestal. Aunque el margen de manejo no supera el 10% \u2014todo el resto del presupuesto ya est\u00e1 comprometido\u2014 es importante porque eso le va a permitir generar sus propias estrategias al redirigir el presupuesto&#8221;, apunta el polit\u00f3logo de la UNAM Alberto Espejel. <a title=\"https:\/\/elpais.com\/mexico\/elecciones-mexicanas\/2024-10-01\/claudia-sheinbaum-el-poder-tranquilo.html\" href=\"https:\/\/elpais.com\/mexico\/elecciones-mexicanas\/2024-10-01\/claudia-sheinbaum-el-poder-tranquilo.html\" target=\"_blank\" rel=\"noopener\" data-link-track-dtm=\"\" data-mrf-link=\"https:\/\/elpais.com\/mexico\/elecciones-mexicanas\/2024-10-01\/claudia-sheinbaum-el-poder-tranquilo.html\">Sheinbaum, de formaci\u00f3n cient\u00edfica<\/a>, ha adelantado este viernes que va a haber m\u00e1s apoyo para la ciencia.<\/p>\n<p class=\"\">En la academia se estudia, explica Espejel, que cuando los l\u00edderes tienen un capital pol\u00edtico propio y un presupuesto independiente es cuando tienden a separarse de su predecesor, lo que \u201cno tiene por qu\u00e9 suponer una ruptura\u201d. \u201cSheinbaum est\u00e1 dejando su propia huella. Ha estado ocurriendo de manera muy gradual y va a ser m\u00e1s notorio en adelante, tambi\u00e9n porque L\u00f3pez Obrador ha cumplido lo que prometi\u00f3 y no ha aparecido. Eso ha dejado un margen de acci\u00f3n, un espacio, un vac\u00edo que ha podido llenar Sheinbaum y sus estrategias\u201d, considera Espejel.<\/p>\n<h3 class=\"\">El despu\u00e9s de los abrazos<\/h3>\n<p class=\"\">La cifra que m\u00e1s ha presumido Claudia Sheinbaum en las \u00faltimas semanas no es una comparaci\u00f3n con Felipe Calder\u00f3n o Enrique Pe\u00f1a Nieto. Desde septiembre de 2024 a junio de 2025, los homicidios han ca\u00eddo un 25%, remarcan la presidenta y su gabinete en cada ocasi\u00f3n, creando la imagen de que s\u00ed, que la nueva estrategia de seguridad funciona. La mandataria ha buscado\u00a0<a title=\"https:\/\/elpais.com\/mexico\/2025-05-01\/morena-desbloquea-el-plan-maestro-de-sheinbaum-contra-la-delincuencia.html\" href=\"https:\/\/elpais.com\/mexico\/2025-05-01\/morena-desbloquea-el-plan-maestro-de-sheinbaum-contra-la-delincuencia.html\" target=\"_self\" rel=\"\" data-link-track-dtm=\"\" data-mrf-link=\"https:\/\/elpais.com\/mexico\/2025-05-01\/morena-desbloquea-el-plan-maestro-de-sheinbaum-contra-la-delincuencia.html\">un plan maestro<\/a>, con Omar Garc\u00eda Harfuch\u00a0<a title=\"https:\/\/elpais.com\/mexico\/2024-07-05\/garcia-harfuch-la-seguridad-de-mexico-en-manos-del-policia-de-sheinbaum-al-que-intentaron-matar.html\" href=\"https:\/\/elpais.com\/mexico\/2024-07-05\/garcia-harfuch-la-seguridad-de-mexico-en-manos-del-policia-de-sheinbaum-al-que-intentaron-matar.html\" target=\"_self\" rel=\"\" data-link-track-dtm=\"\" data-mrf-link=\"https:\/\/elpais.com\/mexico\/2024-07-05\/garcia-harfuch-la-seguridad-de-mexico-en-manos-del-policia-de-sheinbaum-al-que-intentaron-matar.html\">como el omnipresente zar de Seguridad<\/a>, con el que aspira a bajar las cifras de un pa\u00eds asediado.<\/p>\n<p class=\"\">La famosa frase de Andr\u00e9s Manuel L\u00f3pez Obrador de \u201cabrazos y no balazos\u201d qued\u00f3 sepultada por un sexenio al que se lleg\u00f3 a los 100 asesinatos diarios. El expresidente que estaba centrado en lo que llamaba \u201cla atenci\u00f3n a las causas\u201d dej\u00f3 un hueco en el que todav\u00eda es<a title=\"https:\/\/elpais.com\/mexico\/2025-07-30\/las-politicas-de-sheinbaum-mejoran-levemente-la-percepcion-ciudadana-sobre-la-inseguridad.html\" href=\"https:\/\/elpais.com\/mexico\/2025-07-30\/las-politicas-de-sheinbaum-mejoran-levemente-la-percepcion-ciudadana-sobre-la-inseguridad.html\" target=\"_self\" rel=\"\" data-link-track-dtm=\"\" data-mrf-link=\"https:\/\/elpais.com\/mexico\/2025-07-30\/las-politicas-de-sheinbaum-mejoran-levemente-la-percepcion-ciudadana-sobre-la-inseguridad.html\">\u00a0la principal preocupaci\u00f3n de los mexicanos<\/a>. Ante eso,<a title=\"https:\/\/elpais.com\/mexico\/2025-07-14\/sheinbaum-profundiza-la-lucha-contra-la-violencia-en-busca-de-un-sello-propio.html\" href=\"https:\/\/elpais.com\/mexico\/2025-07-14\/sheinbaum-profundiza-la-lucha-contra-la-violencia-en-busca-de-un-sello-propio.html\" target=\"_self\" rel=\"\" data-link-track-dtm=\"\" data-mrf-link=\"https:\/\/elpais.com\/mexico\/2025-07-14\/sheinbaum-profundiza-la-lucha-contra-la-violencia-en-busca-de-un-sello-propio.html\">\u00a0el nuevo Gobierno peg\u00f3 un volantazo<\/a>: \u201cOmar Garc\u00eda Harfuch habla de una estrategia \u2018inteligente\u2019, de llegar a puntos estrat\u00e9gicos y hacer detenciones prioritarias\u201d, explica Iliana Padilla, investigadora de Seguridad de la ENES Juriquilla de la UNAM: \u201cEllos han hablado de inteligencia e investigaci\u00f3n y de entrar a campo con esta fuerza militarizada [la Guardia Nacional]\u201d.<\/p>\n<p class=\"\">Sheinbaum se mueve en un escenario muy diferente al que tuvo que enfrentarse L\u00f3pez Obrador. \u201cLa pol\u00edtica exterior de Donald Trump de identificar a seis grupos del crimen organizado como terroristas, sin duda tiene consecuencias en las estrategias que Sheibaum tiene que implementar\u201d, apunta Padilla, \u201cha tenido que poner una distancia al abrazo no balazos, para optar por los balazos, al menos para una presencia militar muy fuerte, por ejemplo en Sinaloa, y la persecuci\u00f3n de las cabezas de los grupos\u201d. A estas acciones no las ha orillado solo Trump, sino tambi\u00e9n las presiones internas de <a title=\"https:\/\/elpais.com\/mexico\/2025-07-07\/la-maldita-normalidad-en-sinaloa.html\" href=\"https:\/\/elpais.com\/mexico\/2025-07-07\/la-maldita-normalidad-en-sinaloa.html\" target=\"_blank\" rel=\"noopener\" data-link-track-dtm=\"\" data-mrf-link=\"https:\/\/elpais.com\/mexico\/2025-07-07\/la-maldita-normalidad-en-sinaloa.html\">los ciudadanos que viven bajo el fuego cruzado<\/a>, desde hace un a\u00f1o, por la guerra fratricida del Cartel de Sinaloa.<\/p>\n<p class=\"\">Todav\u00eda es muy pronto para valorar los resultados, considera la investigadora de Seguridad de la UNAM, tanto para ver si s\u00ed se mantiene esa reducci\u00f3n de homicidios para cambiar la tendencia ascendente desde hace a\u00f1os, como para perfilar qu\u00e9 estrategias se van a consolidar en el nuevo sexenio. Teniendo en cuenta que Sheinbaum s\u00ed ha mantenido la estrategia militarizada que instruy\u00f3 su predecesor, al incorporar \u2014con grandes resistencias\u2014 la Guardia Nacional a la Secretar\u00eda de la Defensa, y parte de la atenci\u00f3n a las causas, centrada en las becas y programas sociales.<\/p>\n<p class=\"\">\u201cEl peso de L\u00f3pez Obrador se sigue notando: Sheinbaum es un perfil pol\u00edtico que se construy\u00f3 con \u00e9l\u201d, apunta Espejel, \u201centonces las bases las ha puesto \u00e9l, por ejemplo, el traer a la esfera p\u00fablica el tema de la pobreza, \u00e9l lo construy\u00f3 desde jefatura de Gobierno en la Ciudad de M\u00e9xico y mucho antes: por el bien de todos primero los pobres. Y Sheinbaum no ha desmontado los programas sociales, al contrario, ha inyectado m\u00e1s dinero\u201d. La presidenta ha desplegado un desembolso \u201chist\u00f3rico\u201d, seg\u00fan sus propias palabras, para lo que denomina \u201cel plan social m\u00e1s ambicioso de la historia de M\u00e9xico\u201d. \u201cLa ampliaci\u00f3n de los programas sociales es un prop\u00f3sito de convicci\u00f3n de que la gente viva a\u00fan mejor con ella que con L\u00f3pez Obrador\u201d, a\u00f1ade Vanessa Romero, \u201centonces, uno de los par\u00e1metros hist\u00f3ricos va a ser la reducci\u00f3n de la pobreza, ella necesita seguir mejorando los ingresos de la gente\u201d.<\/p>\n<\/div>\n","protected":false},"excerpt":{"rendered":"<p>&nbsp; &nbsp; &#8211; La mandataria estrena sus primeros presupuestos y apuntala su estrategia de seguridad, ya con la herencia resuelta de la reforma judicial Despu\u00e9s&hellip;<\/p>\n","protected":false},"author":99,"featured_media":535807,"comment_status":"open","ping_status":"open","sticky":false,"template":"","format":"standard","meta":{"footnotes":""},"categories":[23],"tags":[],"class_list":["post-535806","post","type-post","status-publish","format-standard","has-post-thumbnail","hentry","category-latinoamerica"],"_links":{"self":[{"href":"https:\/\/diarioelpopular.com\/index.php\/wp-json\/wp\/v2\/posts\/535806","targetHints":{"allow":["GET"]}}],"collection":[{"href":"https:\/\/diarioelpopular.com\/index.php\/wp-json\/wp\/v2\/posts"}],"about":[{"href":"https:\/\/diarioelpopular.com\/index.php\/wp-json\/wp\/v2\/types\/post"}],"author":[{"embeddable":true,"href":"https:\/\/diarioelpopular.com\/index.php\/wp-json\/wp\/v2\/users\/99"}],"replies":[{"embeddable":true,"href":"https:\/\/diarioelpopular.com\/index.php\/wp-json\/wp\/v2\/comments?post=535806"}],"version-history":[{"count":1,"href":"https:\/\/diarioelpopular.com\/index.php\/wp-json\/wp\/v2\/posts\/535806\/revisions"}],"predecessor-version":[{"id":535808,"href":"https:\/\/diarioelpopular.com\/index.php\/wp-json\/wp\/v2\/posts\/535806\/revisions\/535808"}],"wp:featuredmedia":[{"embeddable":true,"href":"https:\/\/diarioelpopular.com\/index.php\/wp-json\/wp\/v2\/media\/535807"}],"wp:attachment":[{"href":"https:\/\/diarioelpopular.com\/index.php\/wp-json\/wp\/v2\/media?parent=535806"}],"wp:term":[{"taxonomy":"category","embeddable":true,"href":"https:\/\/diarioelpopular.com\/index.php\/wp-json\/wp\/v2\/categories?post=535806"},{"taxonomy":"post_tag","embeddable":true,"href":"https:\/\/diarioelpopular.com\/index.php\/wp-json\/wp\/v2\/tags?post=535806"}],"curies":[{"name":"wp","href":"https:\/\/api.w.org\/{rel}","templated":true}]}}