{"id":535810,"date":"2025-09-07T11:41:16","date_gmt":"2025-09-07T15:41:16","guid":{"rendered":"https:\/\/diarioelpopular.com\/?p=535810"},"modified":"2025-09-07T11:41:16","modified_gmt":"2025-09-07T15:41:16","slug":"milei-libra-en-buenos-aires-la-primera-gran-batalla-electoral-contra-el-kirchnerismo","status":"publish","type":"post","link":"https:\/\/diarioelpopular.com\/index.php\/2025\/09\/07\/milei-libra-en-buenos-aires-la-primera-gran-batalla-electoral-contra-el-kirchnerismo\/","title":{"rendered":"Milei libra en Buenos Aires la primera gran batalla electoral contra el kirchnerismo"},"content":{"rendered":"<div id=\"attachment_535811\" style=\"width: 1210px\" class=\"wp-caption alignnone\"><img loading=\"lazy\" decoding=\"async\" aria-describedby=\"caption-attachment-535811\" class=\"wp-image-535811 size-custom-big-size\" src=\"https:\/\/diarioelpopular.com\/wp-content\/uploads\/2025\/09\/Screen-Shot-2025-09-07-at-11.40.20-AM-1200x809.png\" alt=\"\" width=\"1200\" height=\"809\" srcset=\"https:\/\/diarioelpopular.com\/wp-content\/uploads\/2025\/09\/Screen-Shot-2025-09-07-at-11.40.20-AM-1200x809.png 1200w, https:\/\/diarioelpopular.com\/wp-content\/uploads\/2025\/09\/Screen-Shot-2025-09-07-at-11.40.20-AM-300x202.png 300w, https:\/\/diarioelpopular.com\/wp-content\/uploads\/2025\/09\/Screen-Shot-2025-09-07-at-11.40.20-AM-768x518.png 768w, https:\/\/diarioelpopular.com\/wp-content\/uploads\/2025\/09\/Screen-Shot-2025-09-07-at-11.40.20-AM-636x429.png 636w, https:\/\/diarioelpopular.com\/wp-content\/uploads\/2025\/09\/Screen-Shot-2025-09-07-at-11.40.20-AM-80x55.png 80w, https:\/\/diarioelpopular.com\/wp-content\/uploads\/2025\/09\/Screen-Shot-2025-09-07-at-11.40.20-AM-108x73.png 108w, https:\/\/diarioelpopular.com\/wp-content\/uploads\/2025\/09\/Screen-Shot-2025-09-07-at-11.40.20-AM.png 1024w\" sizes=\"auto, (max-width: 1200px) 100vw, 1200px\" \/><p id=\"caption-attachment-535811\" class=\"wp-caption-text\">Foto archivo. Cristina Fern\u00e1ndez de Kirchner y Javier Milei en Buenos Aires, Argentina, el 10 de diciembre de 2023. Foto Fernando Gens (Getty Images)<\/p><\/div>\n<p>&nbsp;<\/p>\n<p>&nbsp;<\/p>\n<h4 class=\"a_st\"><em>&#8211; El presidente ultraderechista llega a la elecci\u00f3n a legisladores en la provincia m\u00e1s grande del pa\u00eds golpeado por una denuncia de corrupci\u00f3n contra su hermana<\/em><\/h4>\n<p>&nbsp;<\/p>\n<p class=\"\">Javier Milei ha convertido una elecci\u00f3n menor, la de legisladores y concejales locales, en una batalla a todo o nada contra\u00a0<a title=\"https:\/\/elpais.com\/argentina\/2025-09-03\/el-peronismo-planta-cara-a-milei-en-su-bastion-de-buenos-aires.html\" href=\"https:\/\/elpais.com\/argentina\/2025-09-03\/el-peronismo-planta-cara-a-milei-en-su-bastion-de-buenos-aires.html\" target=\"_self\" rel=\"\" data-link-track-dtm=\"\" data-mrf-link=\"https:\/\/elpais.com\/argentina\/2025-09-03\/el-peronismo-planta-cara-a-milei-en-su-bastion-de-buenos-aires.html\">el peronismo kirchnerista<\/a>, pl\u00e9tora del mal en Argentina seg\u00fan su lectura de la pol\u00edtica. La cita es este domingo en Buenos Aires, la provincia m\u00e1s grande y m\u00e1s poblada del pa\u00eds, y tambi\u00e9n el \u00faltimo refugio de los herederos de Juan Per\u00f3n,<a title=\"https:\/\/elpais.com\/argentina\/2025-06-23\/el-peronismo-busca-a-los-herederos-politicos-de-cristina-kirchner.html\" href=\"https:\/\/elpais.com\/argentina\/2025-06-23\/el-peronismo-busca-a-los-herederos-politicos-de-cristina-kirchner.html\" target=\"_self\" rel=\"\" data-link-track-dtm=\"\" data-mrf-link=\"https:\/\/elpais.com\/argentina\/2025-06-23\/el-peronismo-busca-a-los-herederos-politicos-de-cristina-kirchner.html\">\u00a0encarnados en Axel Kicillof<\/a>, el gobernador, y Cristina Kirchner, dos veces presidente y ahora <a title=\"https:\/\/elpais.com\/argentina\/2025-06-17\/cristina-kirchner-inicia-seis-anos-de-prision-domiciliaria-por-corrupcion.html\" href=\"https:\/\/elpais.com\/argentina\/2025-06-17\/cristina-kirchner-inicia-seis-anos-de-prision-domiciliaria-por-corrupcion.html\" target=\"_self\" rel=\"\" data-link-track-dtm=\"\" data-mrf-link=\"https:\/\/elpais.com\/argentina\/2025-06-17\/cristina-kirchner-inicia-seis-anos-de-prision-domiciliaria-por-corrupcion.html\">presa en su casa por corrupci\u00f3n.<\/a>\u00a0Los sondeos dan un empate t\u00e9cnico, como recuerda Milei, aunque en todas las proyecciones la diferencia m\u00ednima es a favor del peronismo.<\/p>\n<p class=\"\">\u201cSi conseguimos muy buenos resultados en las elecciones de la provincia de Buenos Aires, podr\u00edamos estar poni\u00e9ndole el \u00faltimo clavo al caj\u00f3n al kirchnerismo\u201d, insisti\u00f3 una y otra vez Milei durante la campa\u00f1a, la \u00faltima esta misma semana, durante una entrevista con Louis Sarkozy, hijo del expresidente franc\u00e9s.<\/p>\n<div id=\"elpais_gpt-INTEXT\" data-google-query-id=\"CN7h7-H9xo8DFQSBpgQdXAEZrA\">\n<div id=\"google_ads_iframe_7811748\/elpais_argentina_web_5__container__\" class=\"primisslate\">\n<div id=\"primis_container_div_68bda6eba975c\">\n<p class=\"\">La apuesta por Buenos Aires es de alt\u00edsimo riesgo para el libertario. Por tratarse de una elecci\u00f3n local, el poder territorial de los intendentes de los 135 municipios provinciales pesa m\u00e1s que el arrastre que pueda tener una figura nacional. Casi siete de cada diez bonaerenses viven en localidades gobernadas por el peronismo.<\/p>\n<p class=\"\">Con todo, Milei y su partido, La Libertad Avanza (LLA), esperan celebrar el lunes. El resultado m\u00e1s previsible es que el peronismo gane en el total de votos \u2014es favorito en la primera y la segunda secci\u00f3n, donde votan 10 millones de personas\u2014 pero La Libertad Avanza gane en entre cinco y seis de las ocho secciones electorales en que est\u00e1 dividida la provincia. De ser as\u00ed, Milei podr\u00e1 decir que el mapa de Buenos Aires es m\u00e1s violeta \u2014el color de su partido\u2014 que azul, una foto que, espera, lo ayude a encarar con algo m\u00e1s de m\u00fasculo la batalla de fondo: las elecciones para renovar diputados y senadores nacionales que se celebrar\u00e1n en octubre.<\/p>\n<p class=\"\">Si no predomina el violeta, las consecuencias son a\u00fan imprevisibles, aunque siempre negativas. Y Milei tendr\u00e1 mucho que ver con eso.\u00a0<a title=\"https:\/\/elpais.com\/argentina\/2025-09-05\/milei-clama-por-el-voto-libertario-en-un-cierre-de-campana-desangelado.html\" href=\"https:\/\/elpais.com\/argentina\/2025-09-05\/milei-clama-por-el-voto-libertario-en-un-cierre-de-campana-desangelado.html\" target=\"_self\" rel=\"\" data-link-track-dtm=\"\" data-mrf-link=\"https:\/\/elpais.com\/argentina\/2025-09-05\/milei-clama-por-el-voto-libertario-en-un-cierre-de-campana-desangelado.html\">En el cierre de campa\u00f1a, el pasado jueves<\/a>, el presidente advirti\u00f3 que el kirchnerismo quiere hacer creer a los votantes \u201cque en esta elecci\u00f3n no se juega nada\u201d. \u201cSi no vas a votar, ellos ganan, porque por cada uno de nosotros que se queda en casa van cinco de ellos. Este domingo, and\u00e1 y vot\u00e1, and\u00e1 y vot\u00e1\u201d, clam\u00f3 elevando el tono sobre el escenario.<\/p>\n<p class=\"\">Para convencer a los indecisos, vaticin\u00f3 todo tipo de cat\u00e1strofes econ\u00f3micas y sociales en caso de una derrota, consecuencia de lo que llama \u201cel riesgo kuka\u201d, por el kirchnerismo. Condiment\u00f3 el mapa de sus desvelos con presuntos planes peronistas de magnicidio y una \u201copereta\u201d montada contra su hermana, envuelta desde hace dos semanas en\u00a0<a title=\"https:\/\/elpais.com\/argentina\/2025-08-26\/sobornos-con-medicamentos-un-golpe-al-centro-del-poder-de-milei.html\" href=\"https:\/\/elpais.com\/argentina\/2025-08-26\/sobornos-con-medicamentos-un-golpe-al-centro-del-poder-de-milei.html\" target=\"_self\" rel=\"\" data-link-track-dtm=\"\" data-mrf-link=\"https:\/\/elpais.com\/argentina\/2025-08-26\/sobornos-con-medicamentos-un-golpe-al-centro-del-poder-de-milei.html\">un esc\u00e1ndalo de corrupci\u00f3n<\/a>\u00a0en la compra de medicamentos para discapacitados.<\/p>\n<p class=\"\">Si este domingo finalmente gana el kirchnerismo, el Gobierno tendr\u00e1 por delante el arduo trabajo de convencer a los inversores, cada vez menos entusiasmados con el\u00a0<a title=\"https:\/\/elpais.com\/argentina\/2025-09-06\/milei-apuesta-a-la-intervencion-del-estado-para-contener-al-dolar-frente-al-peso.html\" href=\"https:\/\/elpais.com\/argentina\/2025-09-06\/milei-apuesta-a-la-intervencion-del-estado-para-contener-al-dolar-frente-al-peso.html\" target=\"_self\" rel=\"\" data-link-track-dtm=\"\" data-mrf-link=\"https:\/\/elpais.com\/argentina\/2025-09-06\/milei-apuesta-a-la-intervencion-del-estado-para-contener-al-dolar-frente-al-peso.html\">plan econ\u00f3mico de Milei<\/a>, de que el desastre no ser\u00e1 tal y que tiene todo bajo control.<\/p>\n<p class=\"\">El control es, justamente, lo que parece haber perdido el Gobierno durante los \u00faltimos d\u00edas. El ataque contra<a title=\"https:\/\/elpais.com\/argentina\/2025-08-31\/karina-milei-la-mano-que-teje-el-poder-en-argentina.html\" href=\"https:\/\/elpais.com\/argentina\/2025-08-31\/karina-milei-la-mano-que-teje-el-poder-en-argentina.html\" target=\"_self\" rel=\"\" data-link-track-dtm=\"\" data-mrf-link=\"https:\/\/elpais.com\/argentina\/2025-08-31\/karina-milei-la-mano-que-teje-el-poder-en-argentina.html\">\u00a0Karina Milei, sost\u00e9n pol\u00edtico y, sobre todo, emocional del presidente<\/a>, se origin\u00f3 dentro de la Casa Rosada en la voz grabada sin consentimiento de un alto funcionario quejoso de los negocios sucios en su cartera. D\u00edas despu\u00e9s, ya era la voz de Karina Milei la que sonaba grabada en todos los canales de televisi\u00f3n. Aunque nada de lo que se le escuch\u00f3 decir supon\u00eda un delito, el hecho de que la persona m\u00e1s importante del Gobierno hab\u00eda sido espiada en su propio despacho dej\u00f3 al c\u00edrculo del poder presidencial perplejo y sin respuesta.<\/p>\n<p class=\"\">La primera reacci\u00f3n no pareci\u00f3 la mejor: \u201cEl Jefe\u201d, como llama el presidente a su hermana, consigui\u00f3 que un juez de dudosa reputaci\u00f3n\u00a0<a title=\"https:\/\/elpais.com\/argentina\/2025-09-02\/milei-consigue-que-un-juez-prohiba-la-difusion-de-audios-de-su-hermana-grabados-en-la-casa-rosada.html\" href=\"https:\/\/elpais.com\/argentina\/2025-09-02\/milei-consigue-que-un-juez-prohiba-la-difusion-de-audios-de-su-hermana-grabados-en-la-casa-rosada.html\" target=\"_self\" rel=\"\" data-link-track-dtm=\"\" data-mrf-link=\"https:\/\/elpais.com\/argentina\/2025-09-02\/milei-consigue-que-un-juez-prohiba-la-difusion-de-audios-de-su-hermana-grabados-en-la-casa-rosada.html\">prohibiese la difusi\u00f3n de nuevos audios<\/a>, sin saber siquiera si estos exist\u00edan. A\u00fan a la defensiva, Milei debi\u00f3 resistir denuncias de censura previa y uso pol\u00edtico de la justicia, dos de los males que prometi\u00f3 exterminar como parte de su guerra \u201ccontra la casta\u201d.<\/p>\n<p class=\"\">La econom\u00eda, que en Argentina siempre va unida a la pol\u00edtica, no ayud\u00f3 demasiado a mejorar las expectativas electorales del Gobierno. El equipo econ\u00f3mico hace lo imposible para\u00a0<a title=\"https:\/\/elpais.com\/argentina\/2025-07-16\/el-gobierno-de-milei-se-enfrenta-a-los-bancos-e-interviene-para-controlar-la-cotizacion-del-dolar.html\" href=\"https:\/\/elpais.com\/argentina\/2025-07-16\/el-gobierno-de-milei-se-enfrenta-a-los-bancos-e-interviene-para-controlar-la-cotizacion-del-dolar.html\" target=\"_self\" rel=\"\" data-link-track-dtm=\"\" data-mrf-link=\"https:\/\/elpais.com\/argentina\/2025-07-16\/el-gobierno-de-milei-se-enfrenta-a-los-bancos-e-interviene-para-controlar-la-cotizacion-del-dolar.html\">contener una disparada del tipo de cambio q<\/a>ue ponga en riesgo el mayor logro de Milei, el control de la inflaci\u00f3n. El Banco Central ha debido ofrecer tasas de inter\u00e9s que casi triplican el IPC anual proyectado para convencer a los bancos de que no dolaricen sus tenencias en pesos. Cuando eso fue insuficiente,\u00a0<a title=\"https:\/\/elpais.com\/argentina\/2025-09-02\/milei-cambia-de-estrategia-y-vende-dolares-del-tesoro-para-sostener-el-peso-antes-de-las-elecciones.html\" href=\"https:\/\/elpais.com\/argentina\/2025-09-02\/milei-cambia-de-estrategia-y-vende-dolares-del-tesoro-para-sostener-el-peso-antes-de-las-elecciones.html\" target=\"_self\" rel=\"\" data-link-track-dtm=\"\" data-mrf-link=\"https:\/\/elpais.com\/argentina\/2025-09-02\/milei-cambia-de-estrategia-y-vende-dolares-del-tesoro-para-sostener-el-peso-antes-de-las-elecciones.html\">decidi\u00f3 intervenir con fondos del Tesoro\u00a0<\/a>en el mercado de cambios y puso fin, de facto, al sistema de flotaci\u00f3n entre bandas que hab\u00eda prometido defender como parte de un acuerdo con el Fondo Monetario Internacional (FMI).<\/p>\n<p class=\"\">A las malas noticias econ\u00f3micas y las sospechas de corrupci\u00f3n, Milei debi\u00f3 sumar una revuelta opositora en el Congreso, que con votos incluso de partidos aliados<a title=\"https:\/\/elpais.com\/argentina\/2025-09-04\/el-congreso-rechaza-un-veto-de-milei-y-repone-la-ley-de-emergencia-en-discapacidad.html\" href=\"https:\/\/elpais.com\/argentina\/2025-09-04\/el-congreso-rechaza-un-veto-de-milei-y-repone-la-ley-de-emergencia-en-discapacidad.html\" target=\"_self\" rel=\"\" data-link-track-dtm=\"\" data-mrf-link=\"https:\/\/elpais.com\/argentina\/2025-09-04\/el-congreso-rechaza-un-veto-de-milei-y-repone-la-ley-de-emergencia-en-discapacidad.html\">\u00a0aprob\u00f3 leyes que el Gobierno consider\u00f3 un atentado<\/a>\u00a0contra su pol\u00edtica de super\u00e1vit fiscal. Milei esperaba llegar en mejor forma a este domingo electoral, pero los vientos han cambiado para \u00e9l. Cu\u00e1nto impactar\u00e1 eso en las urnas est\u00e1 por verse.<\/p>\n<aside class=\"a_ei\"><\/aside>\n<\/div>\n<\/div>\n<\/div>\n","protected":false},"excerpt":{"rendered":"<p>&nbsp; &nbsp; &#8211; El presidente ultraderechista llega a la elecci\u00f3n a legisladores en la provincia m\u00e1s grande del pa\u00eds golpeado por una denuncia de corrupci\u00f3n&hellip;<\/p>\n","protected":false},"author":99,"featured_media":535811,"comment_status":"open","ping_status":"open","sticky":false,"template":"","format":"standard","meta":{"footnotes":""},"categories":[23],"tags":[],"class_list":["post-535810","post","type-post","status-publish","format-standard","has-post-thumbnail","hentry","category-latinoamerica"],"_links":{"self":[{"href":"https:\/\/diarioelpopular.com\/index.php\/wp-json\/wp\/v2\/posts\/535810","targetHints":{"allow":["GET"]}}],"collection":[{"href":"https:\/\/diarioelpopular.com\/index.php\/wp-json\/wp\/v2\/posts"}],"about":[{"href":"https:\/\/diarioelpopular.com\/index.php\/wp-json\/wp\/v2\/types\/post"}],"author":[{"embeddable":true,"href":"https:\/\/diarioelpopular.com\/index.php\/wp-json\/wp\/v2\/users\/99"}],"replies":[{"embeddable":true,"href":"https:\/\/diarioelpopular.com\/index.php\/wp-json\/wp\/v2\/comments?post=535810"}],"version-history":[{"count":1,"href":"https:\/\/diarioelpopular.com\/index.php\/wp-json\/wp\/v2\/posts\/535810\/revisions"}],"predecessor-version":[{"id":535812,"href":"https:\/\/diarioelpopular.com\/index.php\/wp-json\/wp\/v2\/posts\/535810\/revisions\/535812"}],"wp:featuredmedia":[{"embeddable":true,"href":"https:\/\/diarioelpopular.com\/index.php\/wp-json\/wp\/v2\/media\/535811"}],"wp:attachment":[{"href":"https:\/\/diarioelpopular.com\/index.php\/wp-json\/wp\/v2\/media?parent=535810"}],"wp:term":[{"taxonomy":"category","embeddable":true,"href":"https:\/\/diarioelpopular.com\/index.php\/wp-json\/wp\/v2\/categories?post=535810"},{"taxonomy":"post_tag","embeddable":true,"href":"https:\/\/diarioelpopular.com\/index.php\/wp-json\/wp\/v2\/tags?post=535810"}],"curies":[{"name":"wp","href":"https:\/\/api.w.org\/{rel}","templated":true}]}}