{"id":535830,"date":"2025-09-08T08:47:31","date_gmt":"2025-09-08T12:47:31","guid":{"rendered":"https:\/\/diarioelpopular.com\/?p=535830"},"modified":"2025-09-08T08:47:31","modified_gmt":"2025-09-08T12:47:31","slug":"la-escasez-de-mano-de-obra-por-la-cruzada-migratoria-de-trump-agranda-las-grietas-en-el-sector-de-la-construccion","status":"publish","type":"post","link":"https:\/\/diarioelpopular.com\/index.php\/2025\/09\/08\/la-escasez-de-mano-de-obra-por-la-cruzada-migratoria-de-trump-agranda-las-grietas-en-el-sector-de-la-construccion\/","title":{"rendered":"La escasez de mano de obra por la cruzada migratoria de Trump agranda las grietas en el sector de la construcci\u00f3n"},"content":{"rendered":"<div id=\"attachment_535831\" style=\"width: 1210px\" class=\"wp-caption alignnone\"><img loading=\"lazy\" decoding=\"async\" aria-describedby=\"caption-attachment-535831\" class=\"wp-image-535831 size-custom-big-size\" src=\"https:\/\/diarioelpopular.com\/wp-content\/uploads\/2025\/09\/Screen-Shot-2025-09-08-at-8.46.48-AM-1200x721.png\" alt=\"\" width=\"1200\" height=\"721\" srcset=\"https:\/\/diarioelpopular.com\/wp-content\/uploads\/2025\/09\/Screen-Shot-2025-09-08-at-8.46.48-AM-1200x721.png 1200w, https:\/\/diarioelpopular.com\/wp-content\/uploads\/2025\/09\/Screen-Shot-2025-09-08-at-8.46.48-AM-300x180.png 300w, https:\/\/diarioelpopular.com\/wp-content\/uploads\/2025\/09\/Screen-Shot-2025-09-08-at-8.46.48-AM-768x462.png 768w, https:\/\/diarioelpopular.com\/wp-content\/uploads\/2025\/09\/Screen-Shot-2025-09-08-at-8.46.48-AM-636x382.png 636w, https:\/\/diarioelpopular.com\/wp-content\/uploads\/2025\/09\/Screen-Shot-2025-09-08-at-8.46.48-AM-121x73.png 121w, https:\/\/diarioelpopular.com\/wp-content\/uploads\/2025\/09\/Screen-Shot-2025-09-08-at-8.46.48-AM.png 1024w\" sizes=\"auto, (max-width: 1200px) 100vw, 1200px\" \/><p id=\"caption-attachment-535831\" class=\"wp-caption-text\">Trabajadores de la construcci\u00f3n en Alabama, en una foto de archivo.\u00a0 Foto Megan Smith (REUTERS)<\/p><\/div>\n<p>&nbsp;<\/p>\n<p>&nbsp;<\/p>\n<h4 class=\"a_st\"><em>&#8211; La Reserva Federal, las cifras oficiales de empleo y las organizaciones empresariales dan fe del enorme impacto negativo en el sector<\/em><\/h4>\n<p>&nbsp;<\/p>\n<p class=\"\">El verano ha sido muy fr\u00edo para el mercado laboral en Estados Unidos. No solo se crearon apenas 22.000 nuevos puestos de trabajo netos en agosto, sino que adem\u00e1s por primera vez desde diciembre de 2020\u00a0<a title=\"https:\/\/elpais.com\/economia\/2025-09-05\/trump-pone-fin-a-cuatro-anos-ininterrumpidos-de-creacion-de-empleo-en-estados-unidos.html\" href=\"https:\/\/elpais.com\/economia\/2025-09-05\/trump-pone-fin-a-cuatro-anos-ininterrumpidos-de-creacion-de-empleo-en-estados-unidos.html\" target=\"_self\" rel=\"\" data-link-track-dtm=\"\" data-mrf-link=\"https:\/\/elpais.com\/economia\/2025-09-05\/trump-pone-fin-a-cuatro-anos-ininterrumpidos-de-creacion-de-empleo-en-estados-unidos.html\">se destruy\u00f3 empleo en junio<\/a>. El inicio del invierno en el empleo ya era un hecho desde hac\u00eda tiempo en algunos sectores de la econom\u00eda como la manufactura o el sector minero y petrolero. Tambi\u00e9n en la construcci\u00f3n en la que el viernes se verific\u00f3 la p\u00e9rdida de empleo en los tres \u00faltimos meses. Es un \u00e1rea en la que alrededor del 34% de los trabajadores nacieron en el extranjero y los embates de la pol\u00edtica antimigratoria est\u00e1n abriendo una profunda grieta que afecta no solo a estos trabajadores for\u00e1neos sino tambi\u00e9n a los nacionales, a las empresas del sector y a los proyectos en marcha.<\/p>\n<p class=\"\">De esta situaci\u00f3n dan fe un buen n\u00famero de firmas del sector de la construcci\u00f3n en\u00a0<a title=\"https:\/\/www.agc.org\/sites\/default\/files\/users\/user21902\/2025%20Workforce%20Survey%20Analysis%20(3).pdf\" href=\"https:\/\/www.agc.org\/sites\/default\/files\/users\/user21902\/2025%20Workforce%20Survey%20Analysis%20(3).pdf\" target=\"_blank\" rel=\"noopener\" data-link-track-dtm=\"\" data-mrf-link=\"https:\/\/www.agc.org\/sites\/default\/files\/users\/user21902\/2025%20Workforce%20Survey%20Analysis%20(3).pdf\">una encuesta de finales de agosto<\/a>\u00a0hecha por la Asociaci\u00f3n General de Contratistas de Am\u00e9rica y el Centro Nacional para la Educaci\u00f3n e Investigaci\u00f3n en Construcci\u00f3n (AGCE y NCCER respectivamente). Casi un tercio de las empresas dicen haberse visto afectadas directa o indirectamente por las autoridades de inmigraci\u00f3n en los \u00faltimos seis meses, lo que agrava el problema del 92% de los encuestados, que reportan problemas para encontrar trabajadores. Espec\u00edficamente, el 5% de los encuestados dice que sus obras han sido objeto de\u00a0<a title=\"https:\/\/elpais.com\/us\/migracion\/2025-09-05\/mas-de-450-personas-son-detenidas-en-una-macrorredada-en-una-planta-de-hyundai-en-georgia.html\" href=\"https:\/\/elpais.com\/us\/migracion\/2025-09-05\/mas-de-450-personas-son-detenidas-en-una-macrorredada-en-una-planta-de-hyundai-en-georgia.html\" target=\"_self\" rel=\"\" data-link-track-dtm=\"\" data-mrf-link=\"https:\/\/elpais.com\/us\/migracion\/2025-09-05\/mas-de-450-personas-son-detenidas-en-una-macrorredada-en-una-planta-de-hyundai-en-georgia.html\">redadas por agentes de inmigraci\u00f3n<\/a>, pero adem\u00e1s el 10% ha visto c\u00f3mo sus trabajadores han abandonado por los rumores de posibles acciones de las autoridades.<\/p>\n<p class=\"\">Las redadas no solo afectan a los que no tienen autorizaci\u00f3n para trabajar. El economista jefe de AGCE, Ken Simonson, explica que muchos inmigrantes con autorizaci\u00f3n para trabajar\u00a0<a title=\"https:\/\/elpais.com\/us\/migracion\/2025-07-06\/miedo-en-la-parada-los-pocos-jornaleros-migrantes-que-siguen-buscando-empleo-en-el-estacionamiento-de-un-home-depot.html\" href=\"https:\/\/elpais.com\/us\/migracion\/2025-07-06\/miedo-en-la-parada-los-pocos-jornaleros-migrantes-que-siguen-buscando-empleo-en-el-estacionamiento-de-un-home-depot.html\" target=\"_self\" rel=\"\" data-link-track-dtm=\"\" data-mrf-link=\"https:\/\/elpais.com\/us\/migracion\/2025-07-06\/miedo-en-la-parada-los-pocos-jornaleros-migrantes-que-siguen-buscando-empleo-en-el-estacionamiento-de-un-home-depot.html\">temen tambi\u00e9n al Servicio de Inmigraci\u00f3n y Control de Aduanas (ICE)<\/a> por c\u00f3mo puede afectar una redada a sus familiares u otras comunidades cercanas en riesgo si fueran arrestados por una detenci\u00f3n masiva. Un 20% de los encuestados dice que sus subcontratistas han perdido empleados tambi\u00e9n. Los estados m\u00e1s afectados son los de Georgia, Virginia, Alabama, Nebraska y Carolina del Sur.<\/p>\n<p class=\"\">La complicaci\u00f3n derivada de la acci\u00f3n del ICE la ha certificado tambi\u00e9n la Reserva Federal. La semana pasada la autoridad monetaria public\u00f3 su \u00faltimo informe de condiciones econ\u00f3micas regionales, el llamado Libro Beige, y en \u00e9l se hace referencia m\u00e1s de una docena de veces a los problemas que la acci\u00f3n antimigratoria est\u00e1 creando en el mercado laboral en los doce distritos de la Fed.<\/p>\n<p class=\"\">\u201cLa mitad de los distritos notaron que sus contactos han reportado una reducci\u00f3n de la disponibilidad de mano de obra inmigrante en Nueva York, Richmond, St. Louis y San Francisco resaltando su impacto en la industria de la construcci\u00f3n\u201d, se lee en el informe. En concreto, en el caso de la Reserva Federal de Nueva York se se\u00f1ala que la ca\u00edda de trabajadores inmigrantes ha dado lugar a retrasos en los proyectos. Se est\u00e1n buscando soluciones. \u201cAlgunos empleadores est\u00e1n optando por ofrecer semanas de cuatro d\u00edas laborales para retener trabajadores\u201d.<\/p>\n<p class=\"\">En el caso de la Fed de Richmond (que engloba a Carolina del Norte y del Sur, Virginia, Maryland, Washington D. C. y la mayor parte de Virginia Oeste), se observa que en este sector se han incrementado las dificultades para encontrar trabajadores entre los inmigrantes. \u201cY [las constructoras] no son optimistas con respecto a una mayor posibilidad de mano de obra en el futuro\u201d, se lee en el Libro Beige.<\/p>\n<p class=\"\">La falta de mano de obra inmigrante no solo no abre las puertas a los trabajadores nacionales en el sector, sino que afecta a estos trabajadores negativamente. Ben Zipperer, economista del Economic Policy Institute (EPI), un centro de estudios de corte progresista, explica en\u00a0<a title=\"https:\/\/www.epi.org\/publication\/trumps-deportation-agenda-will-destroy-millions-of-jobs-both-immigrants-and-u-s-born-workers-would-suffer-job-losses-particularly-in-construction-and-child-care\/\" href=\"https:\/\/www.epi.org\/publication\/trumps-deportation-agenda-will-destroy-millions-of-jobs-both-immigrants-and-u-s-born-workers-would-suffer-job-losses-particularly-in-construction-and-child-care\/\" target=\"_blank\" rel=\"noopener\" data-link-track-dtm=\"\" data-mrf-link=\"https:\/\/www.epi.org\/publication\/trumps-deportation-agenda-will-destroy-millions-of-jobs-both-immigrants-and-u-s-born-workers-would-suffer-job-losses-particularly-in-construction-and-child-care\/\">un reciente informe<\/a>\u00a0sobre el empleo en la construcci\u00f3n y en el cuidado infantil que las deportaciones afectan tambi\u00e9n a los trabajadores nacionales de varias maneras.<\/p>\n<p class=\"\">Una de las m\u00e1s notables es que se quiebra la complementariedad y los v\u00ednculos que hay en trabajos con mano de obra for\u00e1nea y nativa. Se rompe la cadena de trabajo. \u201cCuando hay menos inmigrantes expertos en tejados y estructura b\u00e1sica de construcci\u00f3n de viviendas, va a haber menos trabajo para los electricistas y fontaneros nacidos en Estados Unidos\u201d, aclara en un ejemplo trasladable a otras industrias y que es transversal a varios sectores. La reducci\u00f3n de la poblaci\u00f3n inmigrante y sus actividades restan tambi\u00e9n consumo e inversi\u00f3n, lo que reduce la creaci\u00f3n de empleo.<\/p>\n<p class=\"\">Las cifras oficiales de demanda y ofertas de empleo, contrataciones y renuncias que elabora la Oficina de Estad\u00edsticas Laborales (BLS) terminan de completar el cuadro laboral golpeado por el ICE.\u00a0<a title=\"https:\/\/www.bls.gov\/news.release\/jolts.t04.htm\" href=\"https:\/\/www.bls.gov\/news.release\/jolts.t04.htm\" target=\"_blank\" rel=\"noopener\" data-link-track-dtm=\"\" data-mrf-link=\"https:\/\/www.bls.gov\/news.release\/jolts.t04.htm\">El llamado informe JOLTS<\/a>\u00a0de julio refleja c\u00f3mo se reducen las ofertas de empleo en general en el pa\u00eds, pero, a contracorriente, en el sector de la construcci\u00f3n crecieron. En concreto, pasaron de las 242.000 en junio a las 306.000 un mes m\u00e1s tarde. Son 77.000 ofertas laborales m\u00e1s que en el mismo mes del a\u00f1o pasado.<\/p>\n<p class=\"\">Los economistas del sector reconocen que estos son datos muy vol\u00e1tiles, pero Anirban Basal, economista jefe de Contratistas y Constructores Asociados (ABC), explicaba en una nota que las ofertas han subido al mayor nivel en m\u00e1s de un a\u00f1o. \u201cDada la continuada ca\u00edda en el gasto de construcci\u00f3n no residencial, este aumento de ofertas es atribuible a la pol\u00edtica migratoria y sus efectos en la fuerza laboral y no en el incremento de demanda de trabajadores de construcci\u00f3n\u201d.<\/p>\n<p class=\"\">Simonson de AGCE dice que en estas ofertas suele haber muchas anticipaciones de empleos que se necesitan cubrir para otras fases en construcci\u00f3n, pero hay otros datos que muestran tambi\u00e9n un deterioro para el sector en el informe JOLTS como el referido a las personas que dejan su trabajo porque tienen posibilidad de uno mejor. El cambio de trabajos para estos empleados es el menor en los \u00faltimos nueve a\u00f1os, lo que sugiere que hay preocupaci\u00f3n por la seguridad laboral en un entorno dif\u00edcil para la mano de obra y presi\u00f3n por los costos arancelarios. \u201cNo se ven oportunidades\u201d, afirma Simonson.<\/p>\n<p class=\"\">Este economista dice que la actual falta de mano de obra es el motivo principal por el que proyectos de todo tipo est\u00e1n sufriendo retrasos porque no hay suficientes trabajadores cualificados para contratar. El 78% de las firmas consultadas por AGCE y NCCER dicen que tienen al menos un proyecto que ha sido retrasado durante los \u00faltimos 12 meses y el 45% atribuye la causa a la falta de trabajadores y la que tienen sus subcontratistas.<\/p>\n","protected":false},"excerpt":{"rendered":"<p>&nbsp; &nbsp; &#8211; La Reserva Federal, las cifras oficiales de empleo y las organizaciones empresariales dan fe del enorme impacto negativo en el sector &nbsp;&hellip;<\/p>\n","protected":false},"author":99,"featured_media":535831,"comment_status":"open","ping_status":"open","sticky":false,"template":"","format":"standard","meta":{"footnotes":""},"categories":[24],"tags":[],"class_list":["post-535830","post","type-post","status-publish","format-standard","has-post-thumbnail","hentry","category-mundo"],"_links":{"self":[{"href":"https:\/\/diarioelpopular.com\/index.php\/wp-json\/wp\/v2\/posts\/535830","targetHints":{"allow":["GET"]}}],"collection":[{"href":"https:\/\/diarioelpopular.com\/index.php\/wp-json\/wp\/v2\/posts"}],"about":[{"href":"https:\/\/diarioelpopular.com\/index.php\/wp-json\/wp\/v2\/types\/post"}],"author":[{"embeddable":true,"href":"https:\/\/diarioelpopular.com\/index.php\/wp-json\/wp\/v2\/users\/99"}],"replies":[{"embeddable":true,"href":"https:\/\/diarioelpopular.com\/index.php\/wp-json\/wp\/v2\/comments?post=535830"}],"version-history":[{"count":1,"href":"https:\/\/diarioelpopular.com\/index.php\/wp-json\/wp\/v2\/posts\/535830\/revisions"}],"predecessor-version":[{"id":535832,"href":"https:\/\/diarioelpopular.com\/index.php\/wp-json\/wp\/v2\/posts\/535830\/revisions\/535832"}],"wp:featuredmedia":[{"embeddable":true,"href":"https:\/\/diarioelpopular.com\/index.php\/wp-json\/wp\/v2\/media\/535831"}],"wp:attachment":[{"href":"https:\/\/diarioelpopular.com\/index.php\/wp-json\/wp\/v2\/media?parent=535830"}],"wp:term":[{"taxonomy":"category","embeddable":true,"href":"https:\/\/diarioelpopular.com\/index.php\/wp-json\/wp\/v2\/categories?post=535830"},{"taxonomy":"post_tag","embeddable":true,"href":"https:\/\/diarioelpopular.com\/index.php\/wp-json\/wp\/v2\/tags?post=535830"}],"curies":[{"name":"wp","href":"https:\/\/api.w.org\/{rel}","templated":true}]}}