{"id":535834,"date":"2025-09-08T08:53:55","date_gmt":"2025-09-08T12:53:55","guid":{"rendered":"https:\/\/diarioelpopular.com\/?p=535834"},"modified":"2025-09-08T08:53:55","modified_gmt":"2025-09-08T12:53:55","slug":"contrabando-asesinatos-y-nepotismo-asi-operaba-la-red-de-huachicol-fiscal-del-vicealmirante-farias-laguna","status":"publish","type":"post","link":"https:\/\/diarioelpopular.com\/index.php\/2025\/09\/08\/contrabando-asesinatos-y-nepotismo-asi-operaba-la-red-de-huachicol-fiscal-del-vicealmirante-farias-laguna\/","title":{"rendered":"Contrabando, asesinatos y nepotismo: as\u00ed operaba la red de huachicol fiscal del vicealmirante Far\u00edas Laguna"},"content":{"rendered":"<div id=\"attachment_535835\" style=\"width: 1210px\" class=\"wp-caption alignnone\"><img loading=\"lazy\" decoding=\"async\" aria-describedby=\"caption-attachment-535835\" class=\"wp-image-535835 size-custom-big-size\" src=\"https:\/\/diarioelpopular.com\/wp-content\/uploads\/2025\/09\/Screen-Shot-2025-09-08-at-8.53.13-AM-1200x779.png\" alt=\"\" width=\"1200\" height=\"779\" srcset=\"https:\/\/diarioelpopular.com\/wp-content\/uploads\/2025\/09\/Screen-Shot-2025-09-08-at-8.53.13-AM-1200x779.png 1200w, https:\/\/diarioelpopular.com\/wp-content\/uploads\/2025\/09\/Screen-Shot-2025-09-08-at-8.53.13-AM-300x195.png 300w, https:\/\/diarioelpopular.com\/wp-content\/uploads\/2025\/09\/Screen-Shot-2025-09-08-at-8.53.13-AM-768x499.png 768w, https:\/\/diarioelpopular.com\/wp-content\/uploads\/2025\/09\/Screen-Shot-2025-09-08-at-8.53.13-AM-85x55.png 85w, https:\/\/diarioelpopular.com\/wp-content\/uploads\/2025\/09\/Screen-Shot-2025-09-08-at-8.53.13-AM-636x413.png 636w, https:\/\/diarioelpopular.com\/wp-content\/uploads\/2025\/09\/Screen-Shot-2025-09-08-at-8.53.13-AM-112x73.png 112w, https:\/\/diarioelpopular.com\/wp-content\/uploads\/2025\/09\/Screen-Shot-2025-09-08-at-8.53.13-AM.png 1024w\" sizes=\"auto, (max-width: 1200px) 100vw, 1200px\" \/><p id=\"caption-attachment-535835\" class=\"wp-caption-text\">Manuel Roberto Far\u00edas Laguna, en una imagen sin datar. Foto SEMAR<\/p><\/div>\n<p>&nbsp;<\/p>\n<p>&nbsp;<\/p>\n<h4 class=\"a_st\"><strong><em>&#8211; El marino est\u00e1 supuestamente involucrado en la muerte de un contralamirante que le denunci\u00f3 ante su t\u00edo, el exsecretario naval Ojeda Luj\u00e1n<\/em><\/strong><\/h4>\n<p>&nbsp;<\/p>\n<p class=\"\">Era noviembre de 2024. El contralmirante Fernando Rub\u00e9n Guerrero Alc\u00e1ntar iba conduciendo su camioneta roja por el centro de Manzanillo, en el estado de Colima. En una de las avenidas, dos sicarios lo interceptaron en una moto y vaciaron sus cargadores, acabando con su vida.<\/p>\n<p class=\"\">En su momento, se especul\u00f3 si\u00a0<a title=\"https:\/\/elpais.com\/mexico\/2024-11-09\/asesinado-en-manzanillo-el-contraalmirante-de-la-marina-fernando-ruben-guerrero.html\" href=\"https:\/\/elpais.com\/mexico\/2024-11-09\/asesinado-en-manzanillo-el-contraalmirante-de-la-marina-fernando-ruben-guerrero.html\" target=\"_self\" rel=\"\" data-link-track-dtm=\"\" data-mrf-link=\"https:\/\/elpais.com\/mexico\/2024-11-09\/asesinado-en-manzanillo-el-contraalmirante-de-la-marina-fernando-ruben-guerrero.html\">el asesinato del funcionario de la Secretar\u00eda de Marina<\/a>\u00a0ten\u00eda que ver con varios decomisos de precursores para drogas sint\u00e9ticas en el puerto de esta ciudad, principal entrada y la salida al comercio con China. Este domingo, el diario\u00a0<i>Reforma<\/i>, citando fuentes de la Fiscal\u00eda General de la Rep\u00fablica, aseguraba que en realidad fue debido a que hab\u00eda denunciado ante el entonces titular de la Marina, el almirante Rafael Ojeda Luj\u00e1n, la red de corrupci\u00f3n en las aduanas comandada por sus sobrinos pol\u00edticos, los hermanos Far\u00edas Laguna; la misma que se anunci\u00f3 su desmantelamiento este fin de semana con la detenci\u00f3n\u00a0<a title=\"https:\/\/elpais.com\/mexico\/2025-09-07\/sheinbaum-asesta-el-mayor-golpe-a-la-corrupcion-en-su-gobierno-con-la-detencion-de-14-funcionarios-y-empresarios-entre-ellos-6-marinos.html\" href=\"https:\/\/elpais.com\/mexico\/2025-09-07\/sheinbaum-asesta-el-mayor-golpe-a-la-corrupcion-en-su-gobierno-con-la-detencion-de-14-funcionarios-y-empresarios-entre-ellos-6-marinos.html\" target=\"_self\" rel=\"\" data-link-track-dtm=\"\" data-mrf-link=\"https:\/\/elpais.com\/mexico\/2025-09-07\/sheinbaum-asesta-el-mayor-golpe-a-la-corrupcion-en-su-gobierno-con-la-detencion-de-14-funcionarios-y-empresarios-entre-ellos-6-marinos.html\">de 14 personas relacionadas con el contrabando de combustible<\/a>.<\/p>\n<p class=\"\">Entre los arrestados, la pieza mayor es\u00a0<a title=\"https:\/\/elpais.com\/mexico\/2025-09-07\/manuel-roberto-farias-laguna-de-sonar-como-posible-secretario-de-marina-a-ser-detenido-por-traficar-huachicol.html\" href=\"https:\/\/elpais.com\/mexico\/2025-09-07\/manuel-roberto-farias-laguna-de-sonar-como-posible-secretario-de-marina-a-ser-detenido-por-traficar-huachicol.html\" target=\"_self\" rel=\"\" data-link-track-dtm=\"\" data-mrf-link=\"https:\/\/elpais.com\/mexico\/2025-09-07\/manuel-roberto-farias-laguna-de-sonar-como-posible-secretario-de-marina-a-ser-detenido-por-traficar-huachicol.html\">el vicealmirante Manuel Roberto Far\u00edas Laguna<\/a>, pero seg\u00fan dijo este domingo en una rueda de prensa el secretario de Seguridad Omar Garc\u00eda Harfuch, hay otros seis marinos, tres empresarios y cinco exfuncionarios de aduanas. Las autoridades han asegurado que habr\u00e1 m\u00e1s detenciones y que algunos de los involucrados est\u00e1n pr\u00f3fugos. Se puede suponer que se refieren a Fernando Far\u00edas Laguna, hermano del vicealmirante y tambi\u00e9n marino de alto rango.<\/p>\n<p class=\"\">Las acusaciones p\u00fablicas de que los Far\u00edas Laguna eran los cabecillas de un grupo criminal dentro de la Marina, protegidos por su cercan\u00eda con el almirante Ojeda Luj\u00e1n, se remontan al menos a noviembre de 2022. Varias notas en prensa dec\u00edan que eran \u201clos encargados de la toma de decisiones sobre el ejercicio del presupuesto\u201d y tambi\u00e9n que met\u00edan mano \u201cen los ascensos, promociones, agregadur\u00edas y comisiones\u201d.<\/p>\n<p>&nbsp;<\/p>\n<figure class=\"a_m a_m-h \">\n<p><div style=\"width: 424px\" class=\"wp-caption alignnone\"><img loading=\"lazy\" decoding=\"async\" class=\"_re lazyload a_m-h\" src=\"https:\/\/imagenes.elpais.com\/resizer\/v2\/ZAROXRB74VISPL4OF6AE2DVNSU.jpg?auth=6df8518fbde5108750020cdf7374ad1eaa84974d48353919af325594d964ba22&amp;width=414\" sizes=\"auto, (min-width:1199px) 1155px,(min-width:1001px) calc(100vw - 44px),(min-width:768px) 767px, 100vw\" srcset=\"https:\/\/imagenes.elpais.com\/resizer\/v2\/ZAROXRB74VISPL4OF6AE2DVNSU.jpg?auth=6df8518fbde5108750020cdf7374ad1eaa84974d48353919af325594d964ba22&amp;width=414 414w,https:\/\/imagenes.elpais.com\/resizer\/v2\/ZAROXRB74VISPL4OF6AE2DVNSU.jpg?auth=6df8518fbde5108750020cdf7374ad1eaa84974d48353919af325594d964ba22&amp;width=828 640w,https:\/\/imagenes.elpais.com\/resizer\/v2\/ZAROXRB74VISPL4OF6AE2DVNSU.jpg?auth=6df8518fbde5108750020cdf7374ad1eaa84974d48353919af325594d964ba22&amp;width=980 1000w,https:\/\/imagenes.elpais.com\/resizer\/v2\/ZAROXRB74VISPL4OF6AE2DVNSU.jpg?auth=6df8518fbde5108750020cdf7374ad1eaa84974d48353919af325594d964ba22&amp;width=1960 1960w\" alt=\"Omar Garc\u00eda Harfuch durante una rueda de prensa en Ciudad de M\u00e9xico, este domingo.\" width=\"414\" height=\"277\" \/><p class=\"wp-caption-text\">Omar Garc\u00eda Harfuch durante una rueda de prensa en Ciudad de M\u00e9xico, este domingo. Foto Quetzalli Nicte-Ha (REUTERS)<\/p><\/div><figcaption class=\"a_m_p\" aria-hidden=\"true\"><\/figcaption><\/figure>\n<p>&nbsp;<\/p>\n<p class=\"\">Harfuch ha defendido a la Secretar\u00eda de Marina como instituci\u00f3n y a Ojeda Luj\u00e1n en lo personal, con un discurso similar al de que unas manzanas podridas no estropean el cesto completo. Tambi\u00e9n el fiscal general de la Rep\u00fablica, Alejandro Gertz Manero, lanz\u00f3 un salvavidas al almirante, asegurando que hace dos a\u00f1os se acerc\u00f3 con ellos para pedirles que investigaran a algunos de los marinos que estaban en puestos de aduanas. Esta fue otra de las m\u00faltiples instituciones que se militarizaron durante el sexenio de Andr\u00e9s Manuel L\u00f3pez Obrador, que lo justific\u00f3 con la idea, parece que err\u00f3nea, de que las Fuerzas Armadas son incorruptibles.<\/p>\n<p class=\"\">A mediados de junio, el contralmirante Guerrero Alc\u00e1ntar redact\u00f3 una carta para Ojeda Luj\u00e1n, secretario de la Marina de 2018 a 2024, el periodo completo de L\u00f3pez Obrador.\u00a0<span style=\"box-sizing: border-box; margin: 0px; padding: 0px;\">Seg\u00fan dice\u00a0<em>Reforma<\/em>, que ha tenido acceso a los documentos de la investigaci\u00f3n, en ella denunciaba a Far\u00edas Laguna, sobrino pol\u00edtico de Ojeda, por manejar las designaciones de marinos para que gente de su confianza acabara en puestos clave de aduanas para poder operar su red de contrabando.<\/span>\u00a0Guerrero lleg\u00f3 a reunirse con el almirante Raymundo Morales, sucesor de Ojeda, el 10 de octubre. Luego se fue de vacaciones, avisando a la Marina de d\u00f3nde exactamente iba a estar esos d\u00edas en Manzanillo y Mazatl\u00e1n. La investigaci\u00f3n hipotetiza que los autores materiales hasta podr\u00edan ser miembros de la Secretar\u00eda y que el asesinato, con el mismo\u00a0<i>modus operandi\u00a0<\/i>y armas, de Magaly Nava Ramos, empleada de la Fiscal\u00eda General en Colima, tambi\u00e9n est\u00e1 relacionado.<\/p>\n<p>&nbsp;<\/p>\n<figure class=\"a_m a_m-h \">\n<p><div style=\"width: 424px\" class=\"wp-caption alignnone\"><img loading=\"lazy\" decoding=\"async\" class=\"_re lazyload a_m-h\" src=\"https:\/\/imagenes.elpais.com\/resizer\/v2\/VQCBXIZD6JAYTBH5UWRS7SWZE4.jpg?auth=dc83aa9ce2eb13dc3bbd3f2d39ff5e1e093fc0b9d8ba5dbed679004048cbd5a0&amp;width=414\" sizes=\"auto, (min-width:1199px) 1155px,(min-width:1001px) calc(100vw - 44px),(min-width:768px) 767px, 100vw\" srcset=\"https:\/\/imagenes.elpais.com\/resizer\/v2\/VQCBXIZD6JAYTBH5UWRS7SWZE4.jpg?auth=dc83aa9ce2eb13dc3bbd3f2d39ff5e1e093fc0b9d8ba5dbed679004048cbd5a0&amp;width=414 414w,https:\/\/imagenes.elpais.com\/resizer\/v2\/VQCBXIZD6JAYTBH5UWRS7SWZE4.jpg?auth=dc83aa9ce2eb13dc3bbd3f2d39ff5e1e093fc0b9d8ba5dbed679004048cbd5a0&amp;width=828 640w,https:\/\/imagenes.elpais.com\/resizer\/v2\/VQCBXIZD6JAYTBH5UWRS7SWZE4.jpg?auth=dc83aa9ce2eb13dc3bbd3f2d39ff5e1e093fc0b9d8ba5dbed679004048cbd5a0&amp;width=980 1000w,https:\/\/imagenes.elpais.com\/resizer\/v2\/VQCBXIZD6JAYTBH5UWRS7SWZE4.jpg?auth=dc83aa9ce2eb13dc3bbd3f2d39ff5e1e093fc0b9d8ba5dbed679004048cbd5a0&amp;width=1960 1960w\" alt=\"Huachicol fiscal\" width=\"414\" height=\"233\" \/><p class=\"wp-caption-text\">Un miembro de la Marina monta guardia en el puerto de Tampico, Tamaulipas, en marzo de 2025. Foto SEDENA<\/p><\/div><figcaption class=\"a_m_p\" aria-hidden=\"true\"><\/figcaption><\/figure>\n<p>&nbsp;<\/p>\n<p class=\"\">En la conferencia de prensa, Garc\u00eda Harfuch explic\u00f3 que la investigaci\u00f3n desvel\u00f3 tent\u00e1culos de esta red de contrabando de combustible en Nuevo Le\u00f3n, Tamaulipas, Veracruz y Ciudad de M\u00e9xico. Aunque seg\u00fan Gertz Manero el trabajo de investigaci\u00f3n comenz\u00f3 hace dos a\u00f1os, el fiscal reconoci\u00f3 que fueron dos casos espec\u00edficos, el del barco Challenge Procyan en Tamaulipas y el de un predio en Ensenada, Baja California, de donde deriv\u00f3 la detenci\u00f3n de Far\u00edas Laguna y sus compinches. Estas dos fueron\u00a0<a title=\"https:\/\/elpais.com\/mexico\/2025-07-07\/mexico-da-el-mayor-golpe-contra-el-huachicol-desde-la-llegada-de-sheinbaum-mas-de-15-millones-de-litros-asegurados-en-coahuila.html\" href=\"https:\/\/elpais.com\/mexico\/2025-07-07\/mexico-da-el-mayor-golpe-contra-el-huachicol-desde-la-llegada-de-sheinbaum-mas-de-15-millones-de-litros-asegurados-en-coahuila.html\" target=\"_self\" rel=\"\" data-link-track-dtm=\"\" data-mrf-link=\"https:\/\/elpais.com\/mexico\/2025-07-07\/mexico-da-el-mayor-golpe-contra-el-huachicol-desde-la-llegada-de-sheinbaum-mas-de-15-millones-de-litros-asegurados-en-coahuila.html\">las mayores incautaciones de combustible de contrabando, con 10 millones y ocho millones de litros<\/a>, respectivamente.<\/p>\n<p class=\"\">Popularmente conocido como<a title=\"https:\/\/elpais.com\/mexico\/2025-06-09\/el-huachicol-fiscal-un-boquete-de-mas-de-9000-millones-de-dolares-al-ano-para-las-finanzas-mexicanas.html\" href=\"https:\/\/elpais.com\/mexico\/2025-06-09\/el-huachicol-fiscal-un-boquete-de-mas-de-9000-millones-de-dolares-al-ano-para-las-finanzas-mexicanas.html\" target=\"_self\" rel=\"\" data-link-track-dtm=\"\" data-mrf-link=\"https:\/\/elpais.com\/mexico\/2025-06-09\/el-huachicol-fiscal-un-boquete-de-mas-de-9000-millones-de-dolares-al-ano-para-las-finanzas-mexicanas.html\">\u00a0huachicol fiscal<\/a>, este delito consiste en introducir en el pa\u00eds gasolinas y otros hidrocarburos, usando documentaci\u00f3n aduanal falsa, para no pagar impuestos. Justamente el mejor ejemplo para entender c\u00f3mo funciona es el Challenge Procyan. En marzo de este a\u00f1o, este buque cisterna atrac\u00f3 en el puerto de Tampico, Tamaulipas. Seg\u00fan la documentaci\u00f3n que present\u00f3, ven\u00eda desde Texas, con sus bodegas llenas de aceites lubricantes. Pero su informaci\u00f3n ten\u00eda inconsistencias y, tras ser inspeccionada, se descubri\u00f3 que su carga era en realidad di\u00e9sel. Es decir, hab\u00edan dicho transportar un l\u00edquido no sujeto al Impuesto Especial sobre Producci\u00f3n y Servicios (IEPS).<\/p>\n<p>&nbsp;<\/p>\n<figure class=\"a_m a_m-h \">\n<p><div style=\"width: 424px\" class=\"wp-caption alignnone\"><img loading=\"lazy\" decoding=\"async\" class=\"_re lazyload a_m-h\" src=\"https:\/\/imagenes.elpais.com\/resizer\/v2\/K6FIU4NPG5LGZPTRAMAZDZYHRU.jpg?auth=05fca3af099d4cd5ef525d979a621cdd539732b4ac93560f0b4c1f38897d0170&amp;width=414\" sizes=\"auto, (min-width:1199px) 1155px,(min-width:1001px) calc(100vw - 44px),(min-width:768px) 767px, 100vw\" srcset=\"https:\/\/imagenes.elpais.com\/resizer\/v2\/K6FIU4NPG5LGZPTRAMAZDZYHRU.jpg?auth=05fca3af099d4cd5ef525d979a621cdd539732b4ac93560f0b4c1f38897d0170&amp;width=414 414w,https:\/\/imagenes.elpais.com\/resizer\/v2\/K6FIU4NPG5LGZPTRAMAZDZYHRU.jpg?auth=05fca3af099d4cd5ef525d979a621cdd539732b4ac93560f0b4c1f38897d0170&amp;width=828 640w,https:\/\/imagenes.elpais.com\/resizer\/v2\/K6FIU4NPG5LGZPTRAMAZDZYHRU.jpg?auth=05fca3af099d4cd5ef525d979a621cdd539732b4ac93560f0b4c1f38897d0170&amp;width=980 1000w,https:\/\/imagenes.elpais.com\/resizer\/v2\/K6FIU4NPG5LGZPTRAMAZDZYHRU.jpg?auth=05fca3af099d4cd5ef525d979a621cdd539732b4ac93560f0b4c1f38897d0170&amp;width=1960 1960w\" alt=\"Alejandro Gertz Manero, Raymundo Morales y Omar Garc\u00eda Harfuch en la Fiscal\u00eda General de la Rep\u00fablica.\" width=\"414\" height=\"277\" \/><p class=\"wp-caption-text\">Alejandro Gertz Manero, Raymundo Morales y Omar Garc\u00eda Harfuch en la Fiscal\u00eda General de la Rep\u00fablica.\u00a0 \u00a0 \u00a0 \u00a0 \u00a0 \u00a0 \u00a0 \u00a0 \u00a0 \u00a0 \u00a0 \u00a0 \u00a0 \u00a0 \u00a0Foto Quetzalli Nicte-Ha (REUTERS)<\/p><\/div><figcaption class=\"a_m_p\" aria-hidden=\"true\"><\/figcaption><\/figure>\n<p>&nbsp;<\/p>\n<p class=\"\">Derivado de este hallazgo, las autoridades realizaron un cateo en un predio cercano a la ciudad de Altamira,\u00a0<a title=\"https:\/\/www.gob.mx\/semar\/prensa\/en-tamaulipas-se-realizo-el-aseguramiento-historico-de-10-millones-de-litros-de-hidrocarburo-394418\" href=\"https:\/\/www.gob.mx\/semar\/prensa\/en-tamaulipas-se-realizo-el-aseguramiento-historico-de-10-millones-de-litros-de-hidrocarburo-394418\" target=\"_blank\" rel=\"noopener\" data-link-track-dtm=\"\" data-mrf-link=\"https:\/\/www.gob.mx\/semar\/prensa\/en-tamaulipas-se-realizo-el-aseguramiento-historico-de-10-millones-de-litros-de-hidrocarburo-394418\">donde incautaron 10 millones de litros de di\u00e9sel<\/a>, 192 contenedores y 32 veh\u00edculos. A los pocos d\u00edas, tres funcionarios del puerto y de la Aduana de Tampico fueron cesados. Uno de ellos, Francisco Javier Antonio Mart\u00ednez, fue tambi\u00e9n detenido estos d\u00edas. La organizaci\u00f3n\u00a0<i>Mexicanos contra la Corrupci\u00f3n y la Impunidad<\/i>\u00a0revel\u00f3 que era socio de los due\u00f1os de Intanza, la empresa que import\u00f3 el huachicol asegurado.<\/p>\n<p class=\"\">Hasta ahora no se ten\u00eda conocimiento de que el decomiso de ocho millones de litros en un predio en Ensenada, Baja California, el pasado marzo estaba relacionado con esta red. Seg\u00fan se comentaron entonces las instituciones, recibieron varias denuncias ciudadanas de que en un predio en la autopista que une Rosarito con Ensenada. Tras lograr una orden de cateo, entraron al descampado e incautaron un centenar de contenedores llenos de gasolina m\u00e1s 46 camiones cisterna. En total, estimaron casi ocho millones de litros de carburante. Seg\u00fan reconoci\u00f3 en redes sociales, el terreno es propiedad de Gerardo Novelo Osuna, antiguo senador por el partido Morena, que lo ten\u00eda alquilado a un tercero.<\/p>\n<p class=\"\">Este 2025, el IEPS se ha movido en un rango entre 5,4 y 7 pesos el litro, seg\u00fan el tipo de petrol\u00edfero. Esto significa que los 18 millones de litros asegurados supusieron un desfalco a las arcas mexicanas de, al menos, 97 millones de pesos. Y, aunque parezca mucho dinero, es una nimiedad si se analiza el panorama completo: la consultora Petro Intelligence calcul\u00f3 que el da\u00f1o al erario p\u00fablico por el contrabando de combustible es de 177.000 millones de pesos al a\u00f1o.<\/p>\n","protected":false},"excerpt":{"rendered":"<p>&nbsp; &nbsp; &#8211; El marino est\u00e1 supuestamente involucrado en la muerte de un contralamirante que le denunci\u00f3 ante su t\u00edo, el exsecretario naval Ojeda Luj\u00e1n&hellip;<\/p>\n","protected":false},"author":99,"featured_media":535835,"comment_status":"open","ping_status":"open","sticky":false,"template":"","format":"standard","meta":{"footnotes":""},"categories":[23],"tags":[],"class_list":["post-535834","post","type-post","status-publish","format-standard","has-post-thumbnail","hentry","category-latinoamerica"],"_links":{"self":[{"href":"https:\/\/diarioelpopular.com\/index.php\/wp-json\/wp\/v2\/posts\/535834","targetHints":{"allow":["GET"]}}],"collection":[{"href":"https:\/\/diarioelpopular.com\/index.php\/wp-json\/wp\/v2\/posts"}],"about":[{"href":"https:\/\/diarioelpopular.com\/index.php\/wp-json\/wp\/v2\/types\/post"}],"author":[{"embeddable":true,"href":"https:\/\/diarioelpopular.com\/index.php\/wp-json\/wp\/v2\/users\/99"}],"replies":[{"embeddable":true,"href":"https:\/\/diarioelpopular.com\/index.php\/wp-json\/wp\/v2\/comments?post=535834"}],"version-history":[{"count":1,"href":"https:\/\/diarioelpopular.com\/index.php\/wp-json\/wp\/v2\/posts\/535834\/revisions"}],"predecessor-version":[{"id":535836,"href":"https:\/\/diarioelpopular.com\/index.php\/wp-json\/wp\/v2\/posts\/535834\/revisions\/535836"}],"wp:featuredmedia":[{"embeddable":true,"href":"https:\/\/diarioelpopular.com\/index.php\/wp-json\/wp\/v2\/media\/535835"}],"wp:attachment":[{"href":"https:\/\/diarioelpopular.com\/index.php\/wp-json\/wp\/v2\/media?parent=535834"}],"wp:term":[{"taxonomy":"category","embeddable":true,"href":"https:\/\/diarioelpopular.com\/index.php\/wp-json\/wp\/v2\/categories?post=535834"},{"taxonomy":"post_tag","embeddable":true,"href":"https:\/\/diarioelpopular.com\/index.php\/wp-json\/wp\/v2\/tags?post=535834"}],"curies":[{"name":"wp","href":"https:\/\/api.w.org\/{rel}","templated":true}]}}