{"id":535838,"date":"2025-09-08T08:58:46","date_gmt":"2025-09-08T12:58:46","guid":{"rendered":"https:\/\/diarioelpopular.com\/?p=535838"},"modified":"2025-09-08T08:58:46","modified_gmt":"2025-09-08T12:58:46","slug":"noboa-recorta-las-politicas-de-genero-en-medio-de-un-aumento-de-los-de-feminicidios","status":"publish","type":"post","link":"https:\/\/diarioelpopular.com\/index.php\/2025\/09\/08\/noboa-recorta-las-politicas-de-genero-en-medio-de-un-aumento-de-los-de-feminicidios\/","title":{"rendered":"Noboa recorta las pol\u00edticas de g\u00e9nero en medio de un aumento de los de feminicidios"},"content":{"rendered":"<div id=\"attachment_535839\" style=\"width: 1210px\" class=\"wp-caption alignnone\"><img loading=\"lazy\" decoding=\"async\" aria-describedby=\"caption-attachment-535839\" class=\"wp-image-535839 size-custom-big-size\" src=\"https:\/\/diarioelpopular.com\/wp-content\/uploads\/2025\/09\/Screen-Shot-2025-09-08-at-8.57.51-AM-1200x877.png\" alt=\"\" width=\"1200\" height=\"877\" srcset=\"https:\/\/diarioelpopular.com\/wp-content\/uploads\/2025\/09\/Screen-Shot-2025-09-08-at-8.57.51-AM-1200x877.png 1200w, https:\/\/diarioelpopular.com\/wp-content\/uploads\/2025\/09\/Screen-Shot-2025-09-08-at-8.57.51-AM-300x219.png 300w, https:\/\/diarioelpopular.com\/wp-content\/uploads\/2025\/09\/Screen-Shot-2025-09-08-at-8.57.51-AM-768x561.png 768w, https:\/\/diarioelpopular.com\/wp-content\/uploads\/2025\/09\/Screen-Shot-2025-09-08-at-8.57.51-AM-636x465.png 636w, https:\/\/diarioelpopular.com\/wp-content\/uploads\/2025\/09\/Screen-Shot-2025-09-08-at-8.57.51-AM-100x73.png 100w, https:\/\/diarioelpopular.com\/wp-content\/uploads\/2025\/09\/Screen-Shot-2025-09-08-at-8.57.51-AM.png 1024w\" sizes=\"auto, (max-width: 1200px) 100vw, 1200px\" \/><p id=\"caption-attachment-535839\" class=\"wp-caption-text\">Manifestaci\u00f3n contra la eliminaci\u00f3n del Ministerio de la Mujer, en Cuenca, Ecuador, el 28 de julio. Foto RRSS<\/p><\/div>\n<p>&nbsp;<\/p>\n<p>&nbsp;<\/p>\n<h4 class=\"a_st\"><em>&#8211; La fusi\u00f3n del Ministerio de la Mujer y Derechos Humanos ha encendido las protestas de las organizaciones sociales<\/em><\/h4>\n<p>&nbsp;<\/p>\n<p class=\"\">La alerta lleg\u00f3 desde una escuela de Quito. Una ni\u00f1a de doce a\u00f1os mostraba signos de abuso sexual en su casa. Lo que vino despu\u00e9s fue una revelaci\u00f3n espeluznante, relata Geraldina Guerra, presidente de <a title=\"https:\/\/www.fundacionaldea.org\/noticias-aldea\/tag\/Feminicidios\" href=\"https:\/\/www.fundacionaldea.org\/noticias-aldea\/tag\/Feminicidios\" target=\"_blank\" rel=\"noopener\" data-link-track-dtm=\"\" data-mrf-link=\"https:\/\/www.fundacionaldea.org\/noticias-aldea\/tag\/Feminicidios\">ALDEA, la organizaci\u00f3n que mapea los femicidios en Ecuador<\/a>: \u201cEl peritaje forense identific\u00f3 a doce agresores sexuales, todos amigos del hermano y a \u00e9l mismo, que son integrantes de una banda criminal que opera en el sector\u201d, explica Guerra, que atendi\u00f3 la alerta. La violencia de g\u00e9nero en el pa\u00eds sudamericano se multiplica, se ensa\u00f1a y adquiere formas m\u00e1s crueles, m\u00e1s perversas. Y sus v\u00edctimas son cada vez m\u00e1s j\u00f3venes.<\/p>\n<p class=\"\">En este escenario, el presidente Daniel Noboa ha tomado una decisi\u00f3n que ha encendido las alarmas entre organizaciones feministas y de derechos humanos. El mandatario fusion\u00f3 el Ministerio de la Mujer y Derechos Humanos con el de Gobierno. La medida fue parte del \u201cmachetazo\u201d anunciado por el Ejecutivo el 25 de julio, dentro de un plan de recorte institucional para cumplir con los compromisos adquiridos con el Fondo Monetario Internacional (FMI), que\u00a0<a href=\"https:\/\/elpais.com\/america\/2025-07-26\/noboa-reduce-de-20-a-14-los-ministerios-y-despide-a-5000-empleados-publicos-en-ecuador.html\" target=\"_blank\" rel=\"noopener\">redujo de 20 a 14 los ministerios.<\/a><\/p>\n<p class=\"\">La medida diluye la \u00fanica entidad estatal encargada de velar por los derechos de las mujeres y que ten\u00eda como misi\u00f3n dirigir el sistema de protecci\u00f3n de derechos de g\u00e9nero. Todo esto ocurre justo cuando la violencia alcanza nuevos hitos.<\/p>\n<p class=\"\">Solo en el primer semestre del a\u00f1o, m\u00e1s de 200 mujeres fueron asesinadas por razones de g\u00e9nero; al menos 12 de ellas eran ni\u00f1as o adolescentes. Se trata de las cifras m\u00e1s altas desde que se tipific\u00f3 este delito. \u201cLa violencia ha sido constante, pero lo que vivimos ahora no tiene precedente\u201d, dice Guerra. \u201cEs tan alarmante el aumento que ni siquiera alcanzamos a registrar todos los casos\u201d. La respuesta institucional, sin embargo, se reduce. La pol\u00edtica p\u00fablica se repliega justo cuando m\u00e1s se la necesita, dejando a miles de mujeres en un estado de abandono estructural que, cada d\u00eda, se traduce en nuevas v\u00edctimas.<\/p>\n<p class=\"\">Desde el inicio, el Gobierno de Daniel Noboa dio se\u00f1ales de su intenci\u00f3n de desmantelar lo poco que se ha construido en\u00a0<a title=\"https:\/\/elpais.com\/america\/2024-06-17\/el-borrado-del-ministerio-de-la-mujer-en-ecuador-ahora-asume-politica-criminal.html\" href=\"https:\/\/elpais.com\/america\/2024-06-17\/el-borrado-del-ministerio-de-la-mujer-en-ecuador-ahora-asume-politica-criminal.html\" target=\"_self\" rel=\"\" data-link-track-dtm=\"\" data-mrf-link=\"https:\/\/elpais.com\/america\/2024-06-17\/el-borrado-del-ministerio-de-la-mujer-en-ecuador-ahora-asume-politica-criminal.html\">materia de protecci\u00f3n de derechos de las mujeres<\/a>, reflexiona la activista. Una de las primeras alertas fue la reducci\u00f3n del 23% del presupuesto destinado al Ministerio de la Mujer en 2024. Pas\u00f3 de 17 millones de d\u00f3lares a 13,2, una cifra insuficiente incluso para sostener los programas b\u00e1sicos de prevenci\u00f3n de la violencia de g\u00e9nero.<\/p>\n<p class=\"\">\u201cHemos retrocedido 30 a\u00f1os. Ahora tenemos que volver a pelear por lo b\u00e1sico: que los derechos de las mujeres sean una prioridad\u201d, denuncia Guerra, visiblemente preocupada por el colapso de los sistemas de protecci\u00f3n. No hay suficientes servicios para atender a las v\u00edctimas, y los pocos que quedan apenas logran sostenerse.<\/p>\n<aside class=\"a_ei\"><\/aside>\n<p class=\"\">El caso de la ni\u00f1a de doce a\u00f1os que fue explotada sexualmente por su hermano lo evidencia con crudeza. \u201cEl juez tuvo que devolverla al mismo hogar donde estaba su agresor. Las casas de acogida estaban colapsadas y no pod\u00edan recibirla. No le qued\u00f3 otra opci\u00f3n que dictaminar la reinserci\u00f3n familiar\u201d, explica. El sistema, que hab\u00eda reaccionado desde la escuela con un protocolo de emergencia, qued\u00f3 en riesgo frente a un caso de alta peligrosidad. La ni\u00f1a, sus docentes y quienes la protegieron quedaron expuestos a represalias por parte de la pandilla que la violent\u00f3.<\/p>\n<p class=\"\">Y no es un caso aislado. En Sucumb\u00edos, una provincia amaz\u00f3nica golpeada por el narcotr\u00e1fico, Amparo Pe\u00f1afiel dirige una casa de acogida que sobrevive con presupuestos m\u00ednimos. All\u00ed lleg\u00f3 una mujer que tuvo que ser incluida en el sistema de protecci\u00f3n de v\u00edctimas y testigos de la Fiscal\u00eda porque su agresor era cabecilla de una organizaci\u00f3n criminal. \u201cTen\u00eda tanto miedo que no hablaba. Sab\u00eda que su vida estaba en riesgo y que al hablar pod\u00eda poner en peligro tambi\u00e9n a todas las mujeres que compart\u00edan la casa\u201d, relata Pe\u00f1afiel.<\/p>\n<p class=\"\">Desde que se anunci\u00f3 la fusi\u00f3n del Ministerio de la Mujer con el de Gobierno, colectivos feministas han salido a las calles a protestar. Exigen claridad sobre c\u00f3mo funcionar\u00e1 ahora el sistema que deb\u00eda protegerlas. Este peri\u00f3dico solicit\u00f3 informaci\u00f3n al Ministerio de Gobierno y a la Secretar\u00eda de Comunicaci\u00f3n de la Presidencia, pero no obtuvo respuesta. Mientras tanto, las casas de acogida llevan ya 59 d\u00edas sin recibir los recursos p\u00fablicos que les asigna el Estado. Sin fondos, la atenci\u00f3n a mujeres sobrevivientes de violencia est\u00e1 en riesgo. En un pa\u00eds donde cada d\u00eda hay una nueva v\u00edctima, la falta de pol\u00edtica p\u00fablica puede ser tan letal como los agresores.<\/p>\n","protected":false},"excerpt":{"rendered":"<p>&nbsp; &nbsp; &#8211; La fusi\u00f3n del Ministerio de la Mujer y Derechos Humanos ha encendido las protestas de las organizaciones sociales &nbsp; La alerta lleg\u00f3&hellip;<\/p>\n","protected":false},"author":99,"featured_media":535839,"comment_status":"open","ping_status":"open","sticky":false,"template":"","format":"standard","meta":{"footnotes":""},"categories":[23],"tags":[],"class_list":["post-535838","post","type-post","status-publish","format-standard","has-post-thumbnail","hentry","category-latinoamerica"],"_links":{"self":[{"href":"https:\/\/diarioelpopular.com\/index.php\/wp-json\/wp\/v2\/posts\/535838","targetHints":{"allow":["GET"]}}],"collection":[{"href":"https:\/\/diarioelpopular.com\/index.php\/wp-json\/wp\/v2\/posts"}],"about":[{"href":"https:\/\/diarioelpopular.com\/index.php\/wp-json\/wp\/v2\/types\/post"}],"author":[{"embeddable":true,"href":"https:\/\/diarioelpopular.com\/index.php\/wp-json\/wp\/v2\/users\/99"}],"replies":[{"embeddable":true,"href":"https:\/\/diarioelpopular.com\/index.php\/wp-json\/wp\/v2\/comments?post=535838"}],"version-history":[{"count":1,"href":"https:\/\/diarioelpopular.com\/index.php\/wp-json\/wp\/v2\/posts\/535838\/revisions"}],"predecessor-version":[{"id":535840,"href":"https:\/\/diarioelpopular.com\/index.php\/wp-json\/wp\/v2\/posts\/535838\/revisions\/535840"}],"wp:featuredmedia":[{"embeddable":true,"href":"https:\/\/diarioelpopular.com\/index.php\/wp-json\/wp\/v2\/media\/535839"}],"wp:attachment":[{"href":"https:\/\/diarioelpopular.com\/index.php\/wp-json\/wp\/v2\/media?parent=535838"}],"wp:term":[{"taxonomy":"category","embeddable":true,"href":"https:\/\/diarioelpopular.com\/index.php\/wp-json\/wp\/v2\/categories?post=535838"},{"taxonomy":"post_tag","embeddable":true,"href":"https:\/\/diarioelpopular.com\/index.php\/wp-json\/wp\/v2\/tags?post=535838"}],"curies":[{"name":"wp","href":"https:\/\/api.w.org\/{rel}","templated":true}]}}