{"id":535876,"date":"2025-09-09T09:44:39","date_gmt":"2025-09-09T13:44:39","guid":{"rendered":"https:\/\/diarioelpopular.com\/?p=535876"},"modified":"2025-09-09T09:44:39","modified_gmt":"2025-09-09T13:44:39","slug":"se-veian-muchos-muertos-en-la-selva-los-cientos-de-cuerpos-recuperados-en-el-darien-que-las-autoridades-de-panama-tratan-de-identificar","status":"publish","type":"post","link":"https:\/\/diarioelpopular.com\/index.php\/2025\/09\/09\/se-veian-muchos-muertos-en-la-selva-los-cientos-de-cuerpos-recuperados-en-el-darien-que-las-autoridades-de-panama-tratan-de-identificar\/","title":{"rendered":"&#8220;Se ve\u00edan muchos muertos en la selva&#8221;: los cientos de cuerpos recuperados en el Dari\u00e9n que las autoridades de Panam\u00e1 tratan de identificar"},"content":{"rendered":"<div id=\"attachment_535878\" style=\"width: 646px\" class=\"wp-caption alignnone\"><img loading=\"lazy\" decoding=\"async\" aria-describedby=\"caption-attachment-535878\" class=\"wp-image-535878 size-custom-full-size\" src=\"https:\/\/diarioelpopular.com\/wp-content\/uploads\/2025\/09\/Screen-Shot-2025-09-09-at-9.43.51-AM-636x358.png\" alt=\"\" width=\"636\" height=\"358\" srcset=\"https:\/\/diarioelpopular.com\/wp-content\/uploads\/2025\/09\/Screen-Shot-2025-09-09-at-9.43.51-AM-636x358.png 636w, https:\/\/diarioelpopular.com\/wp-content\/uploads\/2025\/09\/Screen-Shot-2025-09-09-at-9.43.51-AM-300x169.png 300w, https:\/\/diarioelpopular.com\/wp-content\/uploads\/2025\/09\/Screen-Shot-2025-09-09-at-9.43.51-AM-768x432.png 768w, https:\/\/diarioelpopular.com\/wp-content\/uploads\/2025\/09\/Screen-Shot-2025-09-09-at-9.43.51-AM-130x73.png 130w, https:\/\/diarioelpopular.com\/wp-content\/uploads\/2025\/09\/Screen-Shot-2025-09-09-at-9.43.51-AM.png 860w\" sizes=\"auto, (max-width: 636px) 100vw, 636px\" \/><p id=\"caption-attachment-535878\" class=\"wp-caption-text\">Una migrante herida es transportada a un campamento humanitario en el Dari\u00e9n en septiembre de 2024.<\/p><\/div>\n<p>&nbsp;<\/p>\n<p>&nbsp;<\/p>\n<div class=\"bbc-19j92fr ebmt73l0\" dir=\"ltr\">\n<ul>\n<li class=\"bbc-hhl7in e17g058b0\" dir=\"ltr\"><em><b>La migraci\u00f3n masiva que se produjo en los \u00faltimos a\u00f1os a trav\u00e9s de la inh\u00f3spita selva del Dari\u00e9n, en Centroam\u00e9rica, se cobr\u00f3 el precio m\u00e1s alto para muchas familias.<\/b><\/em><\/li>\n<\/ul>\n<\/div>\n<div class=\"bbc-19j92fr ebmt73l0\" dir=\"ltr\">\n<p dir=\"ltr\">\n<p class=\"bbc-hhl7in e17g058b0\" dir=\"ltr\">Por Dar\u00edo Brooks<\/p>\n<p class=\"bbc-hhl7in e17g058b0\" dir=\"ltr\">Cientos de migrantes perdieron la vida en las peligrosas rutas que atraviesan esta regi\u00f3n de Panam\u00e1 que hace frontera con Colombia, que tan solo entre 2022 y 2024 casi un mill\u00f3n de hombres, mujeres y ni\u00f1os cruzaron a pie en su intento por llegar a Estados Unidos.<\/p>\n<\/div>\n<div class=\"bbc-19j92fr ebmt73l0\" dir=\"ltr\">\n<p class=\"bbc-hhl7in e17g058b0\" dir=\"ltr\">Autoridades y grupos humanitarios afirman que es dif\u00edcil calcular el n\u00famero de vidas que quedaron en el camino: algunos cuerpos han sido recuperados, pero muchos de los fallecidos fueron enterrados en la selva por los propios migrantes y otros quedaron abandonados a la intemperie.<\/p>\n<\/div>\n<div class=\"bbc-19j92fr ebmt73l0\" dir=\"ltr\">\n<p class=\"bbc-hhl7in e17g058b0\" dir=\"ltr\">&#8220;Muchos\u2026 casi todos con los que pude hablar, reportaban que hab\u00edan visto muchos cuerpos de migrantes fallecidos a lo largo del tr\u00e1nsito en la selva&#8221;, asegura Edwin Viales, monitor regional para las Am\u00e9ricas del Proyecto Migrantes Desaparecidos de la Organizaci\u00f3n Internacional para las Migraciones (OIM) de la ONU.<\/p>\n<\/div>\n<section class=\"bbc-geybui\" role=\"region\" aria-label=\"Publicidad 2\" aria-hidden=\"true\" data-e2e=\"advertisement\">\n<div id=\"dotcom-mpu\" class=\"dotcom-ad active\" aria-hidden=\"true\">\n<div class=\"dotcom-ad-inner\"><\/div>\n<\/div>\n<\/section>\n<div class=\"bbc-19j92fr ebmt73l0\" dir=\"ltr\">\n<p class=\"bbc-hhl7in e17g058b0\" dir=\"ltr\">&#8220;Un migrante venezolano cont\u00f3 que hab\u00eda intentado ayudar a una mujer africana en la selva. Pero \u00e9l, al venir con familia y otros miembros de su grupo, no pod\u00eda quedarse a atenderla. Y la mujer africana falleci\u00f3 ah\u00ed en la selva. Tristemente es una de las din\u00e1micas comunes. Muchos relatos convergen en la p\u00e9rdida de compa\u00f1eros de viaje&#8221;, explica Viales.<\/p>\n<\/div>\n<div class=\"bbc-19j92fr ebmt73l0\" dir=\"ltr\">\n<p class=\"bbc-hhl7in e17g058b0\" dir=\"ltr\">Los cambios en la pol\u00edtica migratoria de EE.UU. y otros pa\u00edses de Am\u00e9rica Latina, incluido Panam\u00e1, han llevado a que el flujo de migrantes por el Dari\u00e9n se reduzca dr\u00e1sticamente. Ahora queda la labor a las autoridades de identificar a las v\u00edctimas que s\u00ed pudieron ser recuperadas.<\/p>\n<\/div>\n<div class=\"bbc-19j92fr ebmt73l0\" dir=\"ltr\">\n<p class=\"bbc-hhl7in e17g058b0\" dir=\"ltr\">Uno de quienes est\u00e1n liderando esta labor humanitaria es el doctor Jos\u00e9 Vicente Pachar, quien como director del Instituto de Medicina Legal y Ciencias Forenses (IMELCF) de Panam\u00e1 busca darles nombre y apellido a los restos de al menos 220 migrantes que murieron en la selva.<\/p>\n<\/div>\n<div class=\"bbc-19j92fr ebmt73l0\" dir=\"ltr\">\n<p class=\"bbc-hhl7in e17g058b0\" dir=\"ltr\">&#8220;Muchas familias de migrantes ni siquiera saben que los cuerpos quedaron en el Dari\u00e9n, simplemente perdieron contacto. Personas de Venezuela, de Ecuador, de otros pa\u00edses de Am\u00e9rica. Inclusive personas de \u00c1frica y de Asia&#8221;, dice Pachar.<\/p>\n<\/div>\n<div class=\"bbc-19j92fr ebmt73l0\" dir=\"ltr\">\n<p class=\"bbc-hhl7in e17g058b0\" dir=\"ltr\">&#8220;Nosotros, al hacer an\u00e1lisis forense, siempre pensamos que se trata de un hermano, un hijo, un t\u00edo de alguien al que est\u00e1n esperando en su casa&#8221;.<\/p>\n<\/div>\n<div class=\"bbc-19j92fr ebmt73l0\" dir=\"ltr\">\n<p class=\"bbc-hhl7in e17g058b0\" dir=\"ltr\">Con apoyo de expertos forenses y del Comit\u00e9 Internacional de la Cruz Roja (CICR), en Panam\u00e1 est\u00e1n trabajando en un esquema para identificar cada resto en un trabajo que requerir\u00e1 de meses, pero que podr\u00eda darles noticias a familias que simplemente no supieron m\u00e1s de un ser querido que trat\u00f3 de cruzar el Dari\u00e9n en busca de una vida mejor.<\/p>\n<p dir=\"ltr\">\n<\/div>\n<figure class=\"bbc-1qn0xuy\">\n<div class=\"bbc-1gbs0ve\">\n<div style=\"width: 1034px\" class=\"wp-caption alignnone\"><img loading=\"lazy\" decoding=\"async\" class=\"bbc-139onq\" src=\"https:\/\/ichef.bbci.co.uk\/ace\/ws\/640\/cpsprodpb\/bb29\/live\/81c62970-8ccc-11f0-b391-6936825093bd.jpg.webp\" alt=\"Un hombre carga a un herido cerca de Lajas Blancas, en la regi\u00f3n del Dari\u00e9n\" width=\"1024\" height=\"683\" \/><p class=\"wp-caption-text\">Fuente de la imagen: Getty Images. Algunos migrantes heridos cerca de los campamentos humanitarios pudieron ser rescatados.<\/p><\/div>\n<p class=\"bbc-by8ykd\" role=\"text\">\n<\/div>\n<\/figure>\n<div class=\"bbc-19j92fr ebmt73l0\" dir=\"ltr\">\n<h2 id=\"Peligro-extremo\" class=\"bbc-1lgzob2 eglt09e0\" tabindex=\"-1\">Peligro extremo<\/h2>\n<\/div>\n<div class=\"bbc-19j92fr ebmt73l0\" dir=\"ltr\">\n<p class=\"bbc-hhl7in e17g058b0\" dir=\"ltr\">La densidad y orograf\u00eda de la selva en el Parque Nacional del Dari\u00e9n, en la frontera entre Panam\u00e1 y Colombia, han hecho que hist\u00f3ricamente haya sido inviable abrir una carretera entre los dos pa\u00edses. La Panamericana, que cruza el continente de norte a sur, se corta en este &#8220;tap\u00f3n&#8221; natural.<\/p>\n<\/div>\n<div class=\"bbc-19j92fr ebmt73l0\" dir=\"ltr\">\n<p class=\"bbc-hhl7in e17g058b0\" dir=\"ltr\">Es por ello que los migrantes que buscan llegar por tierra desde Sudam\u00e9rica a Estados Unidos se ven obligados a tomar rutas ribere\u00f1as en las que los peligros son extremos.<\/p>\n<\/div>\n<div class=\"bbc-19j92fr ebmt73l0\" dir=\"ltr\">\n<p class=\"bbc-hhl7in e17g058b0\" dir=\"ltr\">Muchos parten de poblaciones colombianas como Necocl\u00ed, Turbo, Acand\u00ed o Capurgan\u00e1 y se internan por caminos de tierra y barro, en condiciones de alta humedad y rodeados de vegetaci\u00f3n y fauna salvaje.<\/p>\n<\/div>\n<div class=\"bbc-19j92fr ebmt73l0\" dir=\"ltr\">\n<p class=\"bbc-hhl7in e17g058b0\" dir=\"ltr\">Dependiendo de la ruta, el objetivo es alcanzar poblaciones paname\u00f1as como Bajo Chiquito, Canaan Membrillo o Chocolatal, y de ah\u00ed avanzar por tierra o a trav\u00e9s de los r\u00edos hasta las localidades o refugios migratorios de la carretera Panamericana.<\/p>\n<\/div>\n<div class=\"bbc-19j92fr ebmt73l0\" dir=\"ltr\">\n<p class=\"bbc-hhl7in e17g058b0\" dir=\"ltr\">Viales y el equipo de la OIM estuvieron en el Dari\u00e9n durante los momentos \u00e1lgidos de la crisis migratoria y pudieron conocer de primera mano las condiciones letales que los migrantes enfrentaban en esa regi\u00f3n.<\/p>\n<\/div>\n<div class=\"bbc-19j92fr ebmt73l0\" dir=\"ltr\">\n<p class=\"bbc-hhl7in e17g058b0\" dir=\"ltr\">&#8220;La traves\u00eda por el Dari\u00e9n toma de 10 a 12 d\u00edas. Y algo que pude notar es que los coyotes o traficantes de personas promocionan este viaje como uno de tres d\u00edas por la selva, caminando, y eso ha causado muchos fallecimientos de personas que no est\u00e1n preparadas para caminar 10 d\u00edas por la selva&#8221;, explica.<\/p>\n<p dir=\"ltr\">\n<\/div>\n<figure class=\"bbc-1qn0xuy\">\n<div class=\"bbc-1gbs0ve\">\n<div style=\"width: 1034px\" class=\"wp-caption alignnone\"><img loading=\"lazy\" decoding=\"async\" class=\"bbc-139onq\" src=\"https:\/\/ichef.bbci.co.uk\/ace\/ws\/640\/cpsprodpb\/d229\/live\/eda388e0-8ccc-11f0-9cf6-cbf3e73ce2b9.jpg.webp\" alt=\"Un grupo de migrantes camina por un estrecho fangoso en el Dari\u00e9n\" width=\"1024\" height=\"683\" \/><p class=\"wp-caption-text\">Fuente de la imagen: Getty Images. La densidad y las condiciones naturales del Dari\u00e9n son altamente peligrosas.<\/p><\/div>\n<\/div>\n<\/figure>\n<div class=\"bbc-19j92fr ebmt73l0\" dir=\"ltr\">\n<p dir=\"ltr\">\n<p class=\"bbc-hhl7in e17g058b0\" dir=\"ltr\">Asegura que muchos migrantes les hablaron de ca\u00eddas de compa\u00f1eros de viaje desde grandes alturas, ahogamientos, avistamientos de restos mortales y episodios de violencia y abuso sexual.<\/p>\n<\/div>\n<div class=\"bbc-19j92fr ebmt73l0\" dir=\"ltr\">\n<p class=\"bbc-hhl7in e17g058b0\" dir=\"ltr\">Los animales que habitan la selva, como algunas ranas y serpientes, pueden resultar mortales. Tambi\u00e9n el simple hecho de beber agua no potable en medio del calor extremo o pernoctar en el margen de un r\u00edo que experimenta una crecida repentina.<\/p>\n<\/div>\n<div class=\"bbc-19j92fr ebmt73l0\" dir=\"ltr\">\n<p class=\"bbc-hhl7in e17g058b0\" dir=\"ltr\">En el Proyecto Migrantes Desaparecidos de la OIM, explica Viales, han identificado que las tres principales causas de fallecimientos en el Dari\u00e9n han sido el ahogamiento, la violencia humana y la falta de provisiones como agua, medicinas o un campamento seguro.<\/p>\n<\/div>\n<div class=\"bbc-19j92fr ebmt73l0\" dir=\"ltr\">\n<p class=\"bbc-hhl7in e17g058b0\" dir=\"ltr\">Su equipo registr\u00f3 la muerte de 546 personas entre 2014 y 2025, incluidas varias decenas de ni\u00f1os, el grueso de ellos de pa\u00edses latinoamericanos o caribe\u00f1os como Venezuela, Colombia, Ecuador, Cuba, Hait\u00ed y Per\u00fa, pero tambi\u00e9n de \u00c1frica y Asia.<\/p>\n<\/div>\n<div class=\"bbc-19j92fr ebmt73l0\" dir=\"ltr\">\n<p class=\"bbc-hhl7in e17g058b0\" dir=\"ltr\">Intentar viajar por el mar Caribe tambi\u00e9n presenta condiciones &#8220;extremas y de gran peligrosidad&#8221;, asegura Viales.<\/p>\n<p dir=\"ltr\">\n<\/div>\n<figure class=\"bbc-1qn0xuy\">\n<div class=\"bbc-1gbs0ve\">\n<div style=\"width: 1034px\" class=\"wp-caption alignnone\"><img loading=\"lazy\" decoding=\"async\" class=\"bbc-139onq\" src=\"https:\/\/ichef.bbci.co.uk\/ace\/ws\/640\/cpsprodpb\/bc68\/live\/32788970-8ccd-11f0-b391-6936825093bd.jpg.webp\" alt=\"Una caravana de migrantes avanza por la selva del Dari\u00e9n\" width=\"1024\" height=\"683\" \/><p class=\"wp-caption-text\">Fuente de la imagen: Getty Images. Entre 2022 y 2024, casi un mill\u00f3n de personas cruzaron por el Dari\u00e9n.<\/p><\/div>\n<p class=\"bbc-by8ykd\" role=\"text\">\n<\/div>\n<\/figure>\n<div class=\"bbc-19j92fr ebmt73l0\" dir=\"ltr\">\n<h2 id=\"El-reto-de-identificarlos\" class=\"bbc-1lgzob2 eglt09e0\" tabindex=\"-1\">El reto de identificarlos<\/h2>\n<\/div>\n<div class=\"bbc-19j92fr ebmt73l0\" dir=\"ltr\">\n<p class=\"bbc-hhl7in e17g058b0\" dir=\"ltr\">Las autoridades de Panam\u00e1 se dieron a la tarea de recuperar los cuerpos de v\u00edctimas mortales desde que comenz\u00f3 a incrementarse el flujo migratorio por el Dari\u00e9n.<\/p>\n<\/div>\n<div class=\"bbc-19j92fr ebmt73l0\" dir=\"ltr\">\n<p class=\"bbc-hhl7in e17g058b0\" dir=\"ltr\">En el servicio forense del IMELCF resguardan los restos de 220 personas que murieron entre 2019 y 2025, explica el doctor Pachar. &#8220;En algunos casos se notificaba a las autoridades paname\u00f1as, hab\u00eda un desplazamiento del servicio nacional de fronteras y del ministerio p\u00fablico, se levantaba el cad\u00e1ver y se llevaba a la morgue de Palma, la capital de Dari\u00e9n&#8221;.<\/p>\n<\/div>\n<div class=\"bbc-19j92fr ebmt73l0\" dir=\"ltr\">\n<p class=\"bbc-hhl7in e17g058b0\" dir=\"ltr\">En cada uno de los casos, los m\u00e9dicos, antrop\u00f3logos y odont\u00f3logos forenses hicieron un an\u00e1lisis de los restos, que fueron colocados en nichos humanitarios creados con apoyo del Comit\u00e9 Internacional de la Cruz Roja. Adem\u00e1s de crear un espacio de dep\u00f3sito digno para los cuerpos, otro de los objetivos es que las familias que buscan a los suyos tengan la oportunidad de encontrarlos.<\/p>\n<\/div>\n<div class=\"bbc-19j92fr ebmt73l0\" dir=\"ltr\">\n<p class=\"bbc-hhl7in e17g058b0\" dir=\"ltr\">&#8220;Por un lado, hay un derecho a saber de los familiares. Y por otro, el derecho de saber viene con una obligaci\u00f3n del Estado de dar seguimiento, asignar recursos y hacer una b\u00fasqueda de la identificaci\u00f3n del cuerpo y dar la respuesta a los familiares&#8221;, dice Alexandre Le Breton, jefe de la misi\u00f3n del CICR en Panam\u00e1.<\/p>\n<\/div>\n<div class=\"bbc-19j92fr ebmt73l0\" dir=\"ltr\">\n<p class=\"bbc-hhl7in e17g058b0\" dir=\"ltr\">Seg\u00fan la experiencia de Viales, el n\u00famero de muertos podr\u00eda ser tres o cuatro veces superior al de los registros que existen de fallecimientos. &#8220;Algo imposible es cuantificar todos los restos de migrantes que est\u00e1n enterrados en la selva del Dari\u00e9n&#8221;, se\u00f1ala.<\/p>\n<p dir=\"ltr\">\n<\/div>\n<figure class=\"bbc-1qn0xuy\">\n<div class=\"bbc-1gbs0ve\">\n<div style=\"width: 1034px\" class=\"wp-caption alignnone\"><img loading=\"lazy\" decoding=\"async\" class=\"bbc-139onq\" src=\"https:\/\/ichef.bbci.co.uk\/ace\/ws\/640\/cpsprodpb\/3066\/live\/ff7b07d0-8cce-11f0-9cf6-cbf3e73ce2b9.jpg.webp\" alt=\"Migrantes en un r\u00edo en la selva del Dari\u00e9n\" width=\"1024\" height=\"683\" \/><p class=\"wp-caption-text\">Fuente de la imagen: Getty Images. Muchos de los fallecidos murieron ahogados.<\/p><\/div>\n<p class=\"bbc-by8ykd\" role=\"text\">\n<\/div>\n<\/figure>\n<div class=\"bbc-19j92fr ebmt73l0\" dir=\"ltr\">\n<p dir=\"ltr\">\n<p class=\"bbc-hhl7in e17g058b0\" dir=\"ltr\">Pachar explica que hay retos importantes a la hora de identificar un cuerpo. En ocasiones, los migrantes no portaban ning\u00fan documento de identidad, lo extraviaban o usaban uno ap\u00f3crifo que les facilitara el tr\u00e1nsito por los pa\u00edses de la regi\u00f3n.<\/p>\n<\/div>\n<div class=\"bbc-19j92fr ebmt73l0\" dir=\"ltr\">\n<p class=\"bbc-hhl7in e17g058b0\" dir=\"ltr\">Le Breton a\u00f1ade que las condiciones ambientales hostiles de la selva y el manejo inexperto de migrantes que ayudaban a recuperar restos tambi\u00e9n son factores que hacen m\u00e1s dif\u00edcil la identificaci\u00f3n.<\/p>\n<\/div>\n<div class=\"bbc-19j92fr ebmt73l0\" dir=\"ltr\">\n<p class=\"bbc-hhl7in e17g058b0\" dir=\"ltr\">Ante esto, el IMELCF est\u00e1 buscando el apoyo de expertos como el Equipo Argentino de Antropolog\u00eda Forense para realizar an\u00e1lisis gen\u00e9ticos y crear una base de datos que contenga el ADN del fallecido con su ubicaci\u00f3n en los nichos humanitarios.<\/p>\n<\/div>\n<div class=\"bbc-19j92fr ebmt73l0\" dir=\"ltr\">\n<p class=\"bbc-hhl7in e17g058b0\" dir=\"ltr\">Esta labor podr\u00eda tomar meses, dependiendo de las condiciones de los restos de los migrantes fallecidos que se guardan en Panam\u00e1.<\/p>\n<\/div>\n<div class=\"bbc-19j92fr ebmt73l0\" dir=\"ltr\">\n<p class=\"bbc-hhl7in e17g058b0\" dir=\"ltr\">El objetivo es que quienes est\u00e1n buscando a un ser querido desaparecido puedan saber si est\u00e1 en esos registros.<\/p>\n<p dir=\"ltr\">\n<\/div>\n<div class=\"bbc-1oz17mt\" data-e2e=\"embed-image\">\n<div class=\"bbc-17ytifv\"><img loading=\"lazy\" decoding=\"async\" class=\"bbc-139onq\" src=\"https:\/\/ichef.bbci.co.uk\/news\/1632\/idt2\/idt2\/f08fe6da-dde8-43a8-b9b6-a8c6eefe886f\/image\/816\" alt=\"Los sudamericanos representaron el mayor grupo de migrantes que pasaron por el Dari\u00e9n desde 2020. .  .\" width=\"1632\" height=\"1022\" \/><\/div>\n<\/div>\n<div class=\"bbc-19j92fr ebmt73l0\" dir=\"ltr\">\n<p dir=\"ltr\">\n<p class=\"bbc-hhl7in e17g058b0\" dir=\"ltr\">Como muestran las estad\u00edsticas de Migraci\u00f3n de Panam\u00e1, la mayor\u00eda de quienes cruzaron en los \u00faltimos a\u00f1os por el Dari\u00e9n ven\u00edan de Sudam\u00e9rica, principalmente de Venezuela, Ecuador y Colombia.<\/p>\n<\/div>\n<div class=\"bbc-19j92fr ebmt73l0\" dir=\"ltr\">\n<p class=\"bbc-hhl7in e17g058b0\" dir=\"ltr\">En el IMELCF buscan determinar con m\u00e9todos cient\u00edficos cu\u00e1les son los or\u00edgenes probables de los fallecidos con una metodolog\u00eda nueva. &#8220;Hay tecnolog\u00eda para decir si una persona viene, por ejemplo, de los Andes de Ecuador. Y as\u00ed se pueden iniciar las gestiones y que familiares en el pa\u00eds de origen den una muestra para hacer un cotejo gen\u00e9tico y lograr la identificaci\u00f3n&#8221;, explica Pachar.<\/p>\n<p dir=\"ltr\">\n<\/div>\n<figure class=\"bbc-1qn0xuy\">\n<div class=\"bbc-1gbs0ve\">\n<div style=\"width: 1034px\" class=\"wp-caption alignnone\"><img loading=\"lazy\" decoding=\"async\" class=\"bbc-139onq\" src=\"https:\/\/ichef.bbci.co.uk\/ace\/ws\/640\/cpsprodpb\/d858\/live\/4b60f650-8ccf-11f0-9cf6-cbf3e73ce2b9.jpg.webp\" alt=\"Un militar frente a los nichos humanitarios de la Cruz Roja en el Dari\u00e9n\" width=\"1024\" height=\"681\" \/><p class=\"wp-caption-text\">Fuente de la imagen: Getty Images. El Comit\u00e9 Internacional de la Cruz Roja colabor\u00f3 con Panam\u00e1 para la creaci\u00f3n de nichos humanitarios.<\/p><\/div>\n<p class=\"bbc-by8ykd\" role=\"text\">\n<\/div>\n<\/figure>\n<div class=\"bbc-19j92fr ebmt73l0\" dir=\"ltr\">\n<p dir=\"ltr\">\n<p class=\"bbc-hhl7in e17g058b0\" dir=\"ltr\">Aunque este trabajo genera esperanza, las autoridades de Panam\u00e1 y la Cruz Roja reiteran que es una labor que tomar\u00e1 tiempo y que quienes tienen a un familiar desaparecido tambi\u00e9n pueden colaborar.<\/p>\n<\/div>\n<div class=\"bbc-19j92fr ebmt73l0\" dir=\"ltr\">\n<p class=\"bbc-hhl7in e17g058b0\" dir=\"ltr\">Las familias pueden reportar la desaparici\u00f3n a las autoridades locales y despu\u00e9s acudir a las oficinas locales de la Cruz Roja, que cuentan con mecanismos para atender este tipo de casos y canalizarlos adecuadamente.<\/p>\n<\/div>\n<div class=\"bbc-19j92fr ebmt73l0\" dir=\"ltr\">\n<p class=\"bbc-hhl7in e17g058b0\" dir=\"ltr\">&#8220;Cuando existe alg\u00fan tipo de barrera consular o de otra \u00edndole, procuramos ayudar a las autoridades para ser un puente entre ellos, entre las autoridades o directamente con las familias&#8221;, dice Eneida V\u00e1squez, responsable del programa de Protecci\u00f3n de V\u00ednculos Familiares del CICR en Panam\u00e1.<\/p>\n<\/div>\n<div class=\"bbc-19j92fr ebmt73l0\" dir=\"ltr\">\n<p class=\"bbc-hhl7in e17g058b0\" dir=\"ltr\">Le Breton subraya que el primer contacto debe ser con las autoridades de cada pa\u00eds.<\/p>\n<\/div>\n<div class=\"bbc-19j92fr ebmt73l0\" dir=\"ltr\">\n<p class=\"bbc-hhl7in e17g058b0\" dir=\"ltr\">En un momento posterior, la recolecci\u00f3n de muestras de ADN, si se diera el caso, permitir\u00eda hacer las comparaciones gen\u00e9ticas con los restos resguardados en Panam\u00e1, explica Pachar.<\/p>\n<\/div>\n<div class=\"bbc-19j92fr ebmt73l0\" dir=\"ltr\">\n<p class=\"bbc-hhl7in e17g058b0\" dir=\"ltr\">&#8220;La incertidumbre de no saber d\u00f3nde termin\u00f3 un ser querido debe ser una tristeza muy grande. Y si podemos hacer algo para mitigar ese drama humano que ha generado la situaci\u00f3n, nosotros estamos dispuestos a hacer lo que podamos&#8221;.<\/p>\n<\/div>\n","protected":false},"excerpt":{"rendered":"<p>&nbsp; &nbsp; La migraci\u00f3n masiva que se produjo en los \u00faltimos a\u00f1os a trav\u00e9s de la inh\u00f3spita selva del Dari\u00e9n, en Centroam\u00e9rica, se cobr\u00f3 el&hellip;<\/p>\n","protected":false},"author":99,"featured_media":535878,"comment_status":"open","ping_status":"open","sticky":false,"template":"","format":"standard","meta":{"footnotes":""},"categories":[23,11354],"tags":[],"class_list":["post-535876","post","type-post","status-publish","format-standard","has-post-thumbnail","hentry","category-latinoamerica","category-sucesos"],"_links":{"self":[{"href":"https:\/\/diarioelpopular.com\/index.php\/wp-json\/wp\/v2\/posts\/535876","targetHints":{"allow":["GET"]}}],"collection":[{"href":"https:\/\/diarioelpopular.com\/index.php\/wp-json\/wp\/v2\/posts"}],"about":[{"href":"https:\/\/diarioelpopular.com\/index.php\/wp-json\/wp\/v2\/types\/post"}],"author":[{"embeddable":true,"href":"https:\/\/diarioelpopular.com\/index.php\/wp-json\/wp\/v2\/users\/99"}],"replies":[{"embeddable":true,"href":"https:\/\/diarioelpopular.com\/index.php\/wp-json\/wp\/v2\/comments?post=535876"}],"version-history":[{"count":1,"href":"https:\/\/diarioelpopular.com\/index.php\/wp-json\/wp\/v2\/posts\/535876\/revisions"}],"predecessor-version":[{"id":535879,"href":"https:\/\/diarioelpopular.com\/index.php\/wp-json\/wp\/v2\/posts\/535876\/revisions\/535879"}],"wp:featuredmedia":[{"embeddable":true,"href":"https:\/\/diarioelpopular.com\/index.php\/wp-json\/wp\/v2\/media\/535878"}],"wp:attachment":[{"href":"https:\/\/diarioelpopular.com\/index.php\/wp-json\/wp\/v2\/media?parent=535876"}],"wp:term":[{"taxonomy":"category","embeddable":true,"href":"https:\/\/diarioelpopular.com\/index.php\/wp-json\/wp\/v2\/categories?post=535876"},{"taxonomy":"post_tag","embeddable":true,"href":"https:\/\/diarioelpopular.com\/index.php\/wp-json\/wp\/v2\/tags?post=535876"}],"curies":[{"name":"wp","href":"https:\/\/api.w.org\/{rel}","templated":true}]}}