{"id":535952,"date":"2025-09-11T09:07:09","date_gmt":"2025-09-11T13:07:09","guid":{"rendered":"https:\/\/diarioelpopular.com\/?p=535952"},"modified":"2025-09-11T09:07:09","modified_gmt":"2025-09-11T13:07:09","slug":"el-peor-de-los-ciegos-las-politicas-regresivas-ambientales-se-intensifican-en-america-latina","status":"publish","type":"post","link":"https:\/\/diarioelpopular.com\/index.php\/2025\/09\/11\/el-peor-de-los-ciegos-las-politicas-regresivas-ambientales-se-intensifican-en-america-latina\/","title":{"rendered":"El peor de los ciegos: las pol\u00edticas regresivas ambientales se intensifican en Am\u00e9rica Latina"},"content":{"rendered":"<div id=\"attachment_535953\" style=\"width: 646px\" class=\"wp-caption alignnone\"><img loading=\"lazy\" decoding=\"async\" aria-describedby=\"caption-attachment-535953\" class=\"wp-image-535953 size-custom-full-size\" src=\"https:\/\/diarioelpopular.com\/wp-content\/uploads\/2025\/09\/Screen-Shot-2025-09-11-at-9.06.05-AM-636x424.png\" alt=\"\" width=\"636\" height=\"424\" srcset=\"https:\/\/diarioelpopular.com\/wp-content\/uploads\/2025\/09\/Screen-Shot-2025-09-11-at-9.06.05-AM-636x424.png 636w, https:\/\/diarioelpopular.com\/wp-content\/uploads\/2025\/09\/Screen-Shot-2025-09-11-at-9.06.05-AM-300x200.png 300w, https:\/\/diarioelpopular.com\/wp-content\/uploads\/2025\/09\/Screen-Shot-2025-09-11-at-9.06.05-AM-768x513.png 768w, https:\/\/diarioelpopular.com\/wp-content\/uploads\/2025\/09\/Screen-Shot-2025-09-11-at-9.06.05-AM-109x73.png 109w, https:\/\/diarioelpopular.com\/wp-content\/uploads\/2025\/09\/Screen-Shot-2025-09-11-at-9.06.05-AM.png 878w\" sizes=\"auto, (max-width: 636px) 100vw, 636px\" \/><p id=\"caption-attachment-535953\" class=\"wp-caption-text\">Incendio en Santa Cruz, Bolivia. Foto picture alliance (dpa\/picture alliance via Getty I)<\/p><\/div>\n<p>&nbsp;<\/p>\n<p>&nbsp;<\/p>\n<h4 class=\"a_st\"><em>&#8211; Navegamos la transici\u00f3n ecol\u00f3gica sin gu\u00eda ni prop\u00f3sito y los Estados, en lugar de proteger los derechos de las personas y la estabilidad de los pa\u00edses, est\u00e1n dej\u00e1ndolo librar al azar<\/em><\/h4>\n<p>&nbsp;<\/p>\n<p class=\"\">Estamos ante un absurdo retroceso de la protecci\u00f3n ambiental en Am\u00e9rica Latina, impulsado por la evitaci\u00f3n, una especie de revancha mal dirigida y el empuje de quienes se apropian de todo para aumentar su riqueza. En Ecuador, el Ministerio del Ambiente ha sido suprimido y puesto bajo el Ministerio de Minas y Energ\u00eda; en Brasil se\u00a0<a title=\"https:\/\/elpais.com\/america\/2025-07-17\/el-congreso-de-brasil-desmonta-el-pilar-de-la-legislacion-ambiental-del-pais-y-asesta-otra-derrota-a-lula.html\" href=\"https:\/\/elpais.com\/america\/2025-07-17\/el-congreso-de-brasil-desmonta-el-pilar-de-la-legislacion-ambiental-del-pais-y-asesta-otra-derrota-a-lula.html\" target=\"_self\" rel=\"\" data-link-track-dtm=\"\" data-mrf-link=\"https:\/\/elpais.com\/america\/2025-07-17\/el-congreso-de-brasil-desmonta-el-pilar-de-la-legislacion-ambiental-del-pais-y-asesta-otra-derrota-a-lula.html\">aprob\u00f3 una \u201cley de devastaci\u00f3n\u201d<\/a>\u00a0que reduce los est\u00e1ndares de protecci\u00f3n ambiental para favorecer a las grandes empresas y, en Argentina, el\u00a0<a title=\"https:\/\/elpais.com\/america-futura\/2024-08-21\/el-nuevo-regimen-de-inversiones-argentino-mantiene-en-vilo-a-los-ambientalistas.html\" href=\"https:\/\/elpais.com\/america-futura\/2024-08-21\/el-nuevo-regimen-de-inversiones-argentino-mantiene-en-vilo-a-los-ambientalistas.html\" target=\"_self\" rel=\"\" data-link-track-dtm=\"\" data-mrf-link=\"https:\/\/elpais.com\/america-futura\/2024-08-21\/el-nuevo-regimen-de-inversiones-argentino-mantiene-en-vilo-a-los-ambientalistas.html\">desmantelamiento institucional y legislativo<\/a>\u00a0ha alcanzado niveles alarmantes.<\/p>\n<div id=\"elpais_gpt-INTEXT\" data-google-query-id=\"CPqatc7i0I8DFbiapgQd2H0lxw\">\n<div id=\"google_ads_iframe_7811748\/elpais_america_web\/-futura_5__container__\" class=\"primisslate\">\n<div>\n<div>\n<p class=\"\">Mientras tanto, en Chile se ha aprobado una ley que pone en riesgo la protecci\u00f3n ambiental y social, y el a\u00f1o electoral marcado por un discurso empresarial ha puesto al medio ambiente y sus defensores como enemigos. Los candidatos presidenciales han olvidado completamente las responsabilidades del Estado en esta materia y se muestran feroces en contra de los derechos de las personas, pero d\u00f3ciles ante los intereses econ\u00f3micos.<\/p>\n<p class=\"\">Es \u00fatil recordar que el mundo atraviesa, con o sin voluntad de quienes est\u00e1n en el poder, por una transici\u00f3n ecol\u00f3gica. Los cambios en el medio ambiente fuerzan cambios en los sistemas sociales\u2014incluido el econ\u00f3mico\u2014, que se ven obligados a adaptarse a la nueva realidad del entorno. En Am\u00e9rica Latina navegamos esta transici\u00f3n sin gu\u00eda ni prop\u00f3sito y, los Estados, en lugar de cumplir con su deber de dirigir este cambio para proteger los derechos de las personas y la estabilidad de los pa\u00edses, est\u00e1n dej\u00e1ndolo librado al azar, agravando la vulnerabilidad de quienes ya est\u00e1n en la periferia y facilitando el camino para que actores paraestatales tomen el control de territorios.<\/p>\n<p class=\"\">No es dif\u00edcil ver la pulsi\u00f3n emocional que mueve esta inacci\u00f3n. El sesgo de evitaci\u00f3n lleva a nuestros gobernantes a buscar refugio en supuestos tiempos m\u00e1s simples, de estabilidad segura. Son ni\u00f1os, ni\u00f1as y j\u00f3venes de 1980 y 1990 que ahora, puestos en posici\u00f3n de elegir sobre su futuro y ante la incertidumbre reinante, aspiran a volver a esas \u00e9pocas en que se sintieron protegidos. Esa aspiraci\u00f3n, sin embargo, es una ilusi\u00f3n. Ser adultos significa precisamente hacer frente a esas condiciones y entender la relevancia de tomar acci\u00f3n.<\/p>\n<p class=\"\">Esa acci\u00f3n, a su vez, debe construirse sobre realidades, como es la<a title=\"https:\/\/elpais.com\/america-futura\/2025-09-05\/sin-salvaguardas-para-la-produccion-de-minerales-en-america-latina-la-transicion-energetica-no-sera-justa.html\" href=\"https:\/\/elpais.com\/america-futura\/2025-09-05\/sin-salvaguardas-para-la-produccion-de-minerales-en-america-latina-la-transicion-energetica-no-sera-justa.html\" target=\"_self\" rel=\"\" data-link-track-dtm=\"\" data-mrf-link=\"https:\/\/elpais.com\/america-futura\/2025-09-05\/sin-salvaguardas-para-la-produccion-de-minerales-en-america-latina-la-transicion-energetica-no-sera-justa.html\">\u00a0crisis clim\u00e1tica<\/a>. Podemos discutir la manera de afrontar la crisis seg\u00fan las preferencias de cada uno, pero la existencia de esta situaci\u00f3n es una cuesti\u00f3n material y mensurable sobre la que, lamentablemente, nuestras preferencias no tienen consecuencia alguna. Ya sea por el efecto de las actividades humanas (como asegura la ciencia) o por cualquier otra causa, la realidad es que el planeta est\u00e1 considerablemente m\u00e1s degradado que 30 a\u00f1os atr\u00e1s, cuando empezamos a tomar medidas m\u00ednimas para protegerlo.<\/p>\n<p class=\"\">En los noventa, y a pesar de contar con mucha menos informaci\u00f3n certera, el mundo ya sab\u00eda que la situaci\u00f3n ambiental era grave y riesgosa. En ese escenario, los adultos se comportaron como tales y la\u00a0<a title=\"https:\/\/elpais.com\/sociedad\/2012\/06\/15\/actualidad\/1339763041_090148.html\" href=\"https:\/\/elpais.com\/sociedad\/2012\/06\/15\/actualidad\/1339763041_090148.html\" target=\"_self\" rel=\"\" data-link-track-dtm=\"\" data-mrf-link=\"https:\/\/elpais.com\/sociedad\/2012\/06\/15\/actualidad\/1339763041_090148.html\">Cumbre de R\u00edo de 1992<\/a>\u00a0marc\u00f3 un momento de conciencia colectiva que sell\u00f3 los principales acuerdos internacionales en la materia, vigentes al d\u00eda de hoy. Lo anterior, sin embargo, no ha sido para nada suficiente.<\/p>\n<p class=\"\">Hoy la situaci\u00f3n es considerablemente peor que en esa \u00e9poca. Los suelos degradados a nivel global han pasado de un 15% a un 28,5%. La concentraci\u00f3n de di\u00f3xido de carbono en la atm\u00f3sfera ha aumentado en un 20,8% y la<a title=\"https:\/\/elpais.com\/clima-y-medio-ambiente\/2025-05-28\/el-calentamiento-global-no-da-marcha-atras-la-temperatura-del-planeta-seguira-en-niveles-record-en-los-proximos-cinco-anos.html\" href=\"https:\/\/elpais.com\/clima-y-medio-ambiente\/2025-05-28\/el-calentamiento-global-no-da-marcha-atras-la-temperatura-del-planeta-seguira-en-niveles-record-en-los-proximos-cinco-anos.html\" target=\"_self\" rel=\"\" data-link-track-dtm=\"\" data-mrf-link=\"https:\/\/elpais.com\/clima-y-medio-ambiente\/2025-05-28\/el-calentamiento-global-no-da-marcha-atras-la-temperatura-del-planeta-seguira-en-niveles-record-en-los-proximos-cinco-anos.html\">\u00a0temperatura global<\/a> se encuentra, en promedio, entre 1,3 \u00b0C y 1,4 \u00b0C sobre los niveles preindustriales, cuadruplicando el aumento que exist\u00eda a 1992. Las especies en riesgo han aumentado un 1.080%, mientras que un 99% de la poblaci\u00f3n del mundo vive con niveles de contaminaci\u00f3n atmosf\u00e9rica por encima de las normas para la protecci\u00f3n de la salud.<\/p>\n<p class=\"\">Pero la infantil mirada sobre el asunto busca tambi\u00e9n venganzas f\u00e1ciles y mal dirigidas. Ven en la desprotecci\u00f3n del ambiente una forma de revancha contra el \u201cinjusto\u201d mundo de la empat\u00eda y, al ambientalismo, como una ideolog\u00eda adversaria. Eso les permite nublar a\u00fan m\u00e1s la visi\u00f3n sobre la realidad material, como si proteger nuestro h\u00e1bitat no fuera una condici\u00f3n de supervivencia que no mira colores pol\u00edticos. Por supuesto, hay discusiones leg\u00edtimas entre visiones m\u00e1s inclusivas o que excluyen, colectivistas o individualistas, y nacionalistas o universalistas. Sin embargo, ninguna de esas discusiones puede razonablemente llevar al desmantelamiento de la protecci\u00f3n ambiental, sino a modificaciones en la manera en que se hace.<\/p>\n<p class=\"\">Por \u00faltimo, es clara la existencia de actores que empujan esta narrativa antiambiente por intereses a corto plazo, despreciando el bienestar a medio y largo plazo e, incluso, la estabilidad de la naci\u00f3n. Dichos actores no necesariamente niegan la realidad material, sino que est\u00e1n dispuestos a tolerarla en el entendido de que ellos no ser\u00e1n mayormente afectados, pues tienen los medios para protegerse de la mayor\u00eda de los efectos que son capaces de prever. No es lo mismo una ola de calor para una persona que tiene aire acondicionado y puede pagar la cuenta de la electricidad, que para otra que no cumpla esas condiciones. Tampoco es lo mismo ser un peque\u00f1o agricultor que se queda sin agua, que una gran empresa minera que aumenta su producci\u00f3n para alimentar a la industria de los nuevos autom\u00f3viles el\u00e9ctricos.<\/p>\n<p class=\"\">Parece importante observar y reconocer los precursores que alimentan la desprotecci\u00f3n ambiental. Sin que ninguno de ellos sea simple de abordar, observarlos puede permitirnos una acci\u00f3n m\u00e1s efectiva para hacer frente al fen\u00f3meno y prevenir su profundizaci\u00f3n. Avanzar en la degradaci\u00f3n del ambiente provoca m\u00e1s inseguridad actual y futura: es una revancha autodestructiva y no aporta al progreso de los pa\u00edses. Quienes hoy prefieren la ceguera, pronto descubrir\u00e1n que la realidad no espera. La transici\u00f3n ecol\u00f3gica avanza y, cuanto m\u00e1s se la niegue, m\u00e1s devastadoras ser\u00e1n sus consecuencias.<\/p>\n<\/div>\n<\/div>\n<\/div>\n<\/div>\n","protected":false},"excerpt":{"rendered":"<p>&nbsp; &nbsp; &#8211; Navegamos la transici\u00f3n ecol\u00f3gica sin gu\u00eda ni prop\u00f3sito y los Estados, en lugar de proteger los derechos de las personas y la&hellip;<\/p>\n","protected":false},"author":99,"featured_media":535953,"comment_status":"open","ping_status":"open","sticky":false,"template":"","format":"standard","meta":{"footnotes":""},"categories":[23],"tags":[],"class_list":["post-535952","post","type-post","status-publish","format-standard","has-post-thumbnail","hentry","category-latinoamerica"],"_links":{"self":[{"href":"https:\/\/diarioelpopular.com\/index.php\/wp-json\/wp\/v2\/posts\/535952","targetHints":{"allow":["GET"]}}],"collection":[{"href":"https:\/\/diarioelpopular.com\/index.php\/wp-json\/wp\/v2\/posts"}],"about":[{"href":"https:\/\/diarioelpopular.com\/index.php\/wp-json\/wp\/v2\/types\/post"}],"author":[{"embeddable":true,"href":"https:\/\/diarioelpopular.com\/index.php\/wp-json\/wp\/v2\/users\/99"}],"replies":[{"embeddable":true,"href":"https:\/\/diarioelpopular.com\/index.php\/wp-json\/wp\/v2\/comments?post=535952"}],"version-history":[{"count":1,"href":"https:\/\/diarioelpopular.com\/index.php\/wp-json\/wp\/v2\/posts\/535952\/revisions"}],"predecessor-version":[{"id":535954,"href":"https:\/\/diarioelpopular.com\/index.php\/wp-json\/wp\/v2\/posts\/535952\/revisions\/535954"}],"wp:featuredmedia":[{"embeddable":true,"href":"https:\/\/diarioelpopular.com\/index.php\/wp-json\/wp\/v2\/media\/535953"}],"wp:attachment":[{"href":"https:\/\/diarioelpopular.com\/index.php\/wp-json\/wp\/v2\/media?parent=535952"}],"wp:term":[{"taxonomy":"category","embeddable":true,"href":"https:\/\/diarioelpopular.com\/index.php\/wp-json\/wp\/v2\/categories?post=535952"},{"taxonomy":"post_tag","embeddable":true,"href":"https:\/\/diarioelpopular.com\/index.php\/wp-json\/wp\/v2\/tags?post=535952"}],"curies":[{"name":"wp","href":"https:\/\/api.w.org\/{rel}","templated":true}]}}