{"id":535980,"date":"2025-09-12T09:40:21","date_gmt":"2025-09-12T13:40:21","guid":{"rendered":"https:\/\/diarioelpopular.com\/?p=535980"},"modified":"2025-09-12T09:40:21","modified_gmt":"2025-09-12T13:40:21","slug":"el-miedo-a-las-deportaciones-silencia-la-fiesta-de-la-independencia-mexicana-en-estados-unidos","status":"publish","type":"post","link":"https:\/\/diarioelpopular.com\/index.php\/2025\/09\/12\/el-miedo-a-las-deportaciones-silencia-la-fiesta-de-la-independencia-mexicana-en-estados-unidos\/","title":{"rendered":"El miedo a las deportaciones silencia la fiesta de la Independencia mexicana en Estados Unidos"},"content":{"rendered":"<div id=\"attachment_535981\" style=\"width: 1210px\" class=\"wp-caption alignnone\"><img loading=\"lazy\" decoding=\"async\" aria-describedby=\"caption-attachment-535981\" class=\"wp-image-535981 size-custom-big-size\" src=\"https:\/\/diarioelpopular.com\/wp-content\/uploads\/2025\/09\/Screen-Shot-2025-09-12-at-9.39.08-AM-1200x791.png\" alt=\"\" width=\"1200\" height=\"791\" srcset=\"https:\/\/diarioelpopular.com\/wp-content\/uploads\/2025\/09\/Screen-Shot-2025-09-12-at-9.39.08-AM-1200x791.png 1200w, https:\/\/diarioelpopular.com\/wp-content\/uploads\/2025\/09\/Screen-Shot-2025-09-12-at-9.39.08-AM-300x198.png 300w, https:\/\/diarioelpopular.com\/wp-content\/uploads\/2025\/09\/Screen-Shot-2025-09-12-at-9.39.08-AM-768x506.png 768w, https:\/\/diarioelpopular.com\/wp-content\/uploads\/2025\/09\/Screen-Shot-2025-09-12-at-9.39.08-AM-85x55.png 85w, https:\/\/diarioelpopular.com\/wp-content\/uploads\/2025\/09\/Screen-Shot-2025-09-12-at-9.39.08-AM-1536x1013.png 1536w, https:\/\/diarioelpopular.com\/wp-content\/uploads\/2025\/09\/Screen-Shot-2025-09-12-at-9.39.08-AM-636x419.png 636w, https:\/\/diarioelpopular.com\/wp-content\/uploads\/2025\/09\/Screen-Shot-2025-09-12-at-9.39.08-AM-111x73.png 111w, https:\/\/diarioelpopular.com\/wp-content\/uploads\/2025\/09\/Screen-Shot-2025-09-12-at-9.39.08-AM.png 1024w\" sizes=\"auto, (max-width: 1200px) 100vw, 1200px\" \/><p id=\"caption-attachment-535981\" class=\"wp-caption-text\">Desfile del D\u00eda de la Independencia de M\u00e9xico en Chicago el 6 de septiembre. Foto archivo Carolyn Kaster (AP)<\/p><\/div>\n<p>&nbsp;<\/p>\n<p>&nbsp;<\/p>\n<h4 class=\"a_st\"><em>&#8211; Algunas celebraciones tradicionales en ciudades como Los \u00c1ngeles o Chicago han sido canceladas o reducidas, y las que se mantienen esperan menos participantes por temor a redadas migratorias<\/em><\/h4>\n<p>&nbsp;<\/p>\n<p class=\"\">Mientras insiste en que no se publique su nombre real, Adriana, una madre indocumentada, cuenta que este a\u00f1o, por primera vez en los diez que lleva en Estados Unidos, no va a sumarse a las celebraciones por el Grito de la Independencia de M\u00e9xico. Le duele porque es una tradici\u00f3n a la que asiste desde antes de emigrar y porque se la ha inculcado a su hijo, nacido en Texas. Adem\u00e1s, este a\u00f1o es aniversario cerrado, el 215, y ese tipo de fechas son \u201cespeciales\u201d. Ella, sin embargo, se siente insegura por las\u00a0<a title=\"https:\/\/elpais.com\/us\/economia\/2025-07-05\/la-politica-antimigrantes-de-trump-reducira-el-crecimiento-de-estados-unidos-en-2025-en-mas-de-10-billones-de-dolares.html\" href=\"https:\/\/elpais.com\/us\/economia\/2025-07-05\/la-politica-antimigrantes-de-trump-reducira-el-crecimiento-de-estados-unidos-en-2025-en-mas-de-10-billones-de-dolares.html\" target=\"_self\" rel=\"\" data-link-track-dtm=\"\" data-mrf-link=\"https:\/\/elpais.com\/us\/economia\/2025-07-05\/la-politica-antimigrantes-de-trump-reducira-el-crecimiento-de-estados-unidos-en-2025-en-mas-de-10-billones-de-dolares.html\">pol\u00edticas antiinmigrantes de la Casa Blanca<\/a>, y las redadas del Servicio de Inmigraci\u00f3n y Control de Aduanas (ICE, por sus siglas en ingl\u00e9s). As\u00ed que se quedar\u00e1 en casa donde har\u00e1 una cena \u00edntima, en el patio, con tacos y rancheras.<\/p>\n<p class=\"\">\u201cAntes, \u00edbamos a los convivios organizados por los consulados, nos vest\u00edamos con trajes t\u00edpicos, com\u00edamos tamales y celebr\u00e1bamos con m\u00fasica y baile\u201d, recuerda Adriana. \u201cPero ahora no es seguro salir\u201d. Seg\u00fan cuenta, todos los a\u00f1os va mucha gente y se hace una fiesta \u201cde lo m\u00e1s colorida\u201d. \u201cY cerca de las 12 de la noche, a las 11 m\u00e1s o menos, todo el mundo se calla y ya dicen:\u00a0<a title=\"https:\/\/elpais.com\/mexico\/2024-09-13\/la-historia-de-la-independencia-de-mexico-resumen-personajes-y-antecedentes-de-la-lucha-por-la-autonomia-mexicana.html\" href=\"https:\/\/elpais.com\/mexico\/2024-09-13\/la-historia-de-la-independencia-de-mexico-resumen-personajes-y-antecedentes-de-la-lucha-por-la-autonomia-mexicana.html\" target=\"_self\" rel=\"\" data-link-track-dtm=\"\" data-mrf-link=\"https:\/\/elpais.com\/mexico\/2024-09-13\/la-historia-de-la-independencia-de-mexico-resumen-personajes-y-antecedentes-de-la-lucha-por-la-autonomia-mexicana.html\">\u2018\u00a1Viva M\u00e9xico!, \u00a1Viva!\u2019. Ese es El Grito.<\/a>\u00a0Es como el campaneo simb\u00f3lico de la libertad para nosotros\u201d, dice Adriana. Pero este a\u00f1o va a gritar bajito. Y no es la \u00fanica.<\/p>\n<p class=\"\">En Chicago, donde un 30% de la poblaci\u00f3n es de origen latino, mayoritariamente de ra\u00edces mexicanas, la ansiedad se ha tragado el ambiente festivo que era usual en septiembre. La decisi\u00f3n de Donald Trump de <a title=\"https:\/\/elpais.com\/internacional\/2025-09-08\/el-gobierno-trump-lanza-una-gran-operacion-de-redadas-antiinmigrante-en-chicago.html\" href=\"https:\/\/elpais.com\/internacional\/2025-09-08\/el-gobierno-trump-lanza-una-gran-operacion-de-redadas-antiinmigrante-en-chicago.html\" target=\"_self\" rel=\"\" data-link-track-dtm=\"\" data-mrf-link=\"https:\/\/elpais.com\/internacional\/2025-09-08\/el-gobierno-trump-lanza-una-gran-operacion-de-redadas-antiinmigrante-en-chicago.html\">desplegar agentes federales en la ciudad,<\/a> bajo el supuesto argumento de combatir el crimen, ha intensificado los controles migratorios y, de esa forma, el miedo. La celebraci\u00f3n de El Grito Chicago fue pospuesta. \u201cHa sido una decisi\u00f3n dolorosa, pero realizarla en este momento pondr\u00eda en riesgo la seguridad de nuestra comunidad\u201d, se\u00f1alaron los organizadores en un comunicado.<\/p>\n<p class=\"\">No obstante, decenas de miles de personas salieron a las calles la semana pasada a protestar contra las amenazas de deportaci\u00f3n. Las <a title=\"https:\/\/elpais.com\/us\/migracion\/2025-09-11\/lo-que-se-sabe-de-midway-blitz-la-operacion-de-inmigracion-de-trump-en-chicago.html?outputType=amp\" href=\"https:\/\/elpais.com\/us\/migracion\/2025-09-11\/lo-que-se-sabe-de-midway-blitz-la-operacion-de-inmigracion-de-trump-en-chicago.html?outputType=amp\" target=\"_self\" rel=\"\" data-link-track-dtm=\"\" data-mrf-link=\"https:\/\/elpais.com\/us\/migracion\/2025-09-11\/lo-que-se-sabe-de-midway-blitz-la-operacion-de-inmigracion-de-trump-en-chicago.html\">manifestaciones llegaron al frente de la Torre Trump en el centro de Chicago<\/a>. Tambi\u00e9n se realizaron algunos desfiles en los que la celebraci\u00f3n se mezclaba con los nervios. \u201cEstamos asustados, pero estamos aqu\u00ed\u201d, dijo una bailarina durante un evento en Pilsen, uno de los barrios latinos m\u00e1s emblem\u00e1ticos de la ciudad. \u201cSomos mexicanos. Tenemos que celebrar, y no nos van a detener\u201d, a\u00f1adi\u00f3.<\/p>\n<p class=\"\">En Los \u00c1ngeles, de acuerdo con reportes locales, varios eventos programados para celebrar el Grito de Independencia han sido suspendidos por los recientes\u00a0<a title=\"https:\/\/elpais.com\/internacional\/2025-09-08\/el-supremo-de-estados-unidos-autoriza-que-continuen-las-redadas-indiscriminadas-contra-inmigrantes-en-los-angeles.html\" href=\"https:\/\/elpais.com\/internacional\/2025-09-08\/el-supremo-de-estados-unidos-autoriza-que-continuen-las-redadas-indiscriminadas-contra-inmigrantes-en-los-angeles.html\" target=\"_self\" rel=\"\" data-link-track-dtm=\"\" data-mrf-link=\"https:\/\/elpais.com\/internacional\/2025-09-08\/el-supremo-de-estados-unidos-autoriza-que-continuen-las-redadas-indiscriminadas-contra-inmigrantes-en-los-angeles.html\">operativos del ICE en la ciudad<\/a>. Tres de los cuatro desfiles previstos para este mes fueron cancelados para evitar el caos que pueda causar la presencia de agentes migratorios en lugares p\u00fablicos. En su lugar, las comunidades han optado por organizar actos y eventos culturales m\u00e1s peque\u00f1os y \u201cseguros\u201d. Sin embargo, el Comit\u00e9 Mexicano C\u00edvico Patri\u00f3tico, que organiza el tradicional desfile en el este de la ciudad desde hace 79 a\u00f1os, decidi\u00f3 mantener su evento programado para el 14 de septiembre. Se\u00f1alaron que el desfile contar\u00e1 con bandas escolares, grupos folcl\u00f3ricos y carrozas, y que se llevar\u00e1 a cabo bajo estrictas medidas de seguridad, con el respaldo del consulado mexicano y las autoridades locales.<\/p>\n<p class=\"\">Mientras tanto, algunos negocios en Texas se han negado a acoger eventos latinos, con tal de no ser asociados con\u00a0<a title=\"https:\/\/elpais.com\/us\/migracion\/2025-09-09\/el-limbo-de-los-estudiantes-indocumentados-tras-la-eliminacion-del-texas-dream-act.html\" href=\"https:\/\/elpais.com\/us\/migracion\/2025-09-09\/el-limbo-de-los-estudiantes-indocumentados-tras-la-eliminacion-del-texas-dream-act.html\" target=\"_self\" rel=\"\" data-link-track-dtm=\"\" data-mrf-link=\"https:\/\/elpais.com\/us\/migracion\/2025-09-09\/el-limbo-de-los-estudiantes-indocumentados-tras-la-eliminacion-del-texas-dream-act.html\">inmigrantes indocumentados<\/a>. Hannah Mar\u00eda Garza, activista de la organizaci\u00f3n Hands Off Central Texas (HOCTX), cont\u00f3 que, mientras intentaba organizar un taller de \u201cConoce tus Derechos\u201d en Austin, la capital del Estado, varios locales rechazaron la propuesta por miedo a represalias.<\/p>\n<p class=\"\">A pesar de ello, en Texas, las celebraciones del\u00a0<a title=\"https:\/\/elpais.com\/mexico\/2024-09-16\/el-grito-de-independencia-en-imagenes.html\" href=\"https:\/\/elpais.com\/mexico\/2024-09-16\/el-grito-de-independencia-en-imagenes.html\" target=\"_self\" rel=\"\" data-link-track-dtm=\"\" data-mrf-link=\"https:\/\/elpais.com\/mexico\/2024-09-16\/el-grito-de-independencia-en-imagenes.html\">Grito de Independencia<\/a>\u00a0no han sido oficialmente canceladas. El Consulado mexicano en Austin anunci\u00f3 en sus redes sociales su intenci\u00f3n de llevar a cabo el evento en un parque p\u00fablico. El grito, seg\u00fan dijeron, estar\u00e1 a cargo del c\u00f3nsul Humberto Hern\u00e1ndez Haddad, y realizar\u00e1n conciertos y ferias de artesan\u00edas mexicanas.<\/p>\n<p class=\"\">Homero Sotomayor, c\u00f3nsul adscrito de M\u00e9xico en Dallas, dijo que las actividades en el \u00e1rea de Dallas-Fort Worth tambi\u00e9n se mantienen. Asegur\u00f3 adem\u00e1s que el consulado est\u00e1 en contacto con las autoridades correspondientes para brindar asistencia si fuera necesario. \u201cEntendemos la preocupaci\u00f3n de nuestra comunidad, por ello queremos reiterar que estas festividades son un espacio cultural y familiar\u201d, se\u00f1al\u00f3 Sotomayor. Tambi\u00e9n, para garantizar una celebraci\u00f3n \u201csegura y responsable\u201d, recomend\u00f3 evitar el exceso de alcohol, respetar las leyes, tener un plan en caso de emergencia y no utilizar <a title=\"https:\/\/elpais.com\/espana\/2025-06-30\/cae-una-red-que-pedia-hasta-8000-euros-por-tramites-falsos-de-residencia-para-inmigrantes.html\" href=\"https:\/\/elpais.com\/espana\/2025-06-30\/cae-una-red-que-pedia-hasta-8000-euros-por-tramites-falsos-de-residencia-para-inmigrantes.html\" target=\"_self\" rel=\"\" data-link-track-dtm=\"\" data-mrf-link=\"https:\/\/elpais.com\/espana\/2025-06-30\/cae-una-red-que-pedia-hasta-8000-euros-por-tramites-falsos-de-residencia-para-inmigrantes.html\">documentos falsos<\/a>.<\/p>\n<p class=\"\">\u201cAunque las iglesias, las escuelas, los hospitales y los refugios para v\u00edctimas de violencia dom\u00e9stica ya no sean zonas protegidas, los consulados son territorio extranjero y son lugares seguros, as\u00ed que ese es uno de los \u00faltimos lugares donde los inmigrantes pueden reunirse y sentirse protegidos\u201d, afirm\u00f3 al respecto la abogada de inmigraci\u00f3n Kate Lincoln-Goldfinch. \u201cEl ataque a la comunidad y la cancelaci\u00f3n de estos eventos apagan la vitalidad de la cultura y el patrimonio <a title=\"https:\/\/elpais.com\/us\/migracion\/2025-09-08\/los-mexicanos-detenidos-en-la-redada-masiva-de-la-planta-de-hyundai-aceptan-autodeportarse.html\" href=\"https:\/\/elpais.com\/us\/migracion\/2025-09-08\/los-mexicanos-detenidos-en-la-redada-masiva-de-la-planta-de-hyundai-aceptan-autodeportarse.html\" target=\"_self\" rel=\"\" data-link-track-dtm=\"\" data-mrf-link=\"https:\/\/elpais.com\/us\/migracion\/2025-09-08\/los-mexicanos-detenidos-en-la-redada-masiva-de-la-planta-de-hyundai-aceptan-autodeportarse.html\">mexicanos en Estados Unidos<\/a>. Cuando eso desaparece y estas comunidades se esconden, las cosas se vuelven m\u00e1s silenciosas, m\u00e1s tristes, m\u00e1s ins\u00edpidas. Si esto contin\u00faa por demasiado tiempo, apagar\u00e1 la vitalidad de este pa\u00eds\u201d, opin\u00f3 igualmente.<\/p>\n<p class=\"\">\u201cAlgunas personas sienten que estamos renunciando y dejando de lado nuestra cultura y celebraciones. Es dif\u00edcil, no queremos reunir a los latinos para convertirnos en un blanco f\u00e1cil, pero tenemos que tomar ese miedo y usarlo como combustible\u201d, dijo Hannah Mar\u00eda Garza. Por eso, HOCTX est\u00e1 realizando patrullajes locales, que pretenden cuidar a los inmigrantes en este contexto.<\/p>\n<p class=\"\">\u201cCuando se cancela una celebraci\u00f3n de este tipo, no solo se pierde un evento, sino tambi\u00e9n ingresos para peque\u00f1os negocios, visibilidad cultural y una oportunidad de crear sentido de pertenencia. Para los miembros de la comunidad hispana, las cancelaciones tambi\u00e9n pueden agravar un ambiente de vigilancia y temor, debilitando la confianza c\u00edvica y la participaci\u00f3n m\u00e1s all\u00e1 de un solo fin de semana\u201d, expres\u00f3 otro miembro de HOCTX, Salvador Espinoza.<\/p>\n<p class=\"\">A Adriana le da miedo hasta tener que salir a comprar lo que necesita para su peque\u00f1a cena. Le preocupa mucho con qui\u00e9n va a quedarse su ni\u00f1o si la detienen, y el trauma que eso pueda provocarle. \u201cQuiero que mi hijo conozca nuestras tradiciones, nuestra m\u00fasica, nuestra comida\u201d, dice. \u201cPero tambi\u00e9n quiero que est\u00e9 seguro\u201d.<\/p>\n","protected":false},"excerpt":{"rendered":"<p>&nbsp; &nbsp; &#8211; Algunas celebraciones tradicionales en ciudades como Los \u00c1ngeles o Chicago han sido canceladas o reducidas, y las que se mantienen esperan menos&hellip;<\/p>\n","protected":false},"author":99,"featured_media":535981,"comment_status":"open","ping_status":"open","sticky":false,"template":"","format":"standard","meta":{"footnotes":""},"categories":[24],"tags":[],"class_list":["post-535980","post","type-post","status-publish","format-standard","has-post-thumbnail","hentry","category-mundo"],"_links":{"self":[{"href":"https:\/\/diarioelpopular.com\/index.php\/wp-json\/wp\/v2\/posts\/535980","targetHints":{"allow":["GET"]}}],"collection":[{"href":"https:\/\/diarioelpopular.com\/index.php\/wp-json\/wp\/v2\/posts"}],"about":[{"href":"https:\/\/diarioelpopular.com\/index.php\/wp-json\/wp\/v2\/types\/post"}],"author":[{"embeddable":true,"href":"https:\/\/diarioelpopular.com\/index.php\/wp-json\/wp\/v2\/users\/99"}],"replies":[{"embeddable":true,"href":"https:\/\/diarioelpopular.com\/index.php\/wp-json\/wp\/v2\/comments?post=535980"}],"version-history":[{"count":1,"href":"https:\/\/diarioelpopular.com\/index.php\/wp-json\/wp\/v2\/posts\/535980\/revisions"}],"predecessor-version":[{"id":535982,"href":"https:\/\/diarioelpopular.com\/index.php\/wp-json\/wp\/v2\/posts\/535980\/revisions\/535982"}],"wp:featuredmedia":[{"embeddable":true,"href":"https:\/\/diarioelpopular.com\/index.php\/wp-json\/wp\/v2\/media\/535981"}],"wp:attachment":[{"href":"https:\/\/diarioelpopular.com\/index.php\/wp-json\/wp\/v2\/media?parent=535980"}],"wp:term":[{"taxonomy":"category","embeddable":true,"href":"https:\/\/diarioelpopular.com\/index.php\/wp-json\/wp\/v2\/categories?post=535980"},{"taxonomy":"post_tag","embeddable":true,"href":"https:\/\/diarioelpopular.com\/index.php\/wp-json\/wp\/v2\/tags?post=535980"}],"curies":[{"name":"wp","href":"https:\/\/api.w.org\/{rel}","templated":true}]}}