{"id":536009,"date":"2025-09-13T12:05:23","date_gmt":"2025-09-13T16:05:23","guid":{"rendered":"https:\/\/diarioelpopular.com\/?p=536009"},"modified":"2025-09-13T12:05:23","modified_gmt":"2025-09-13T16:05:23","slug":"inmigracion-como-en-10-anos-en-europa-se-paso-de-la-politica-de-acogida-de-merkel-a-hablarse-de-una-invasion-de-extranjeros","status":"publish","type":"post","link":"https:\/\/diarioelpopular.com\/index.php\/2025\/09\/13\/inmigracion-como-en-10-anos-en-europa-se-paso-de-la-politica-de-acogida-de-merkel-a-hablarse-de-una-invasion-de-extranjeros\/","title":{"rendered":"Inmigraci\u00f3n: c\u00f3mo en 10 a\u00f1os en Europa se pas\u00f3 de la pol\u00edtica de acogida de Merkel a hablarse de una &#8220;invasi\u00f3n&#8221; de extranjeros"},"content":{"rendered":"<p><img loading=\"lazy\" decoding=\"async\" class=\"wp-image-536010 size-custom-full-size\" src=\"https:\/\/diarioelpopular.com\/wp-content\/uploads\/2025\/09\/Screen-Shot-2025-09-13-at-12.04.38-PM-636x383.png\" alt=\"\" width=\"636\" height=\"383\" srcset=\"https:\/\/diarioelpopular.com\/wp-content\/uploads\/2025\/09\/Screen-Shot-2025-09-13-at-12.04.38-PM-636x383.png 636w, https:\/\/diarioelpopular.com\/wp-content\/uploads\/2025\/09\/Screen-Shot-2025-09-13-at-12.04.38-PM-300x181.png 300w, https:\/\/diarioelpopular.com\/wp-content\/uploads\/2025\/09\/Screen-Shot-2025-09-13-at-12.04.38-PM-768x463.png 768w, https:\/\/diarioelpopular.com\/wp-content\/uploads\/2025\/09\/Screen-Shot-2025-09-13-at-12.04.38-PM-121x73.png 121w, https:\/\/diarioelpopular.com\/wp-content\/uploads\/2025\/09\/Screen-Shot-2025-09-13-at-12.04.38-PM.png 856w\" sizes=\"auto, (max-width: 636px) 100vw, 636px\" \/><\/p>\n<p>&nbsp;<\/p>\n<p>&nbsp;<\/p>\n<div class=\"bbc-19j92fr ebmt73l0\" dir=\"ltr\">\n<ul>\n<li class=\"bbc-hhl7in e17g058b0\" dir=\"ltr\"><em><b>El d\u00eda que aparecieron, apenas pod\u00eda creer lo que ve\u00eda. Una tras otra, una peque\u00f1a embarcaci\u00f3n llegaba desde el lado turco. &#8220;Tengo tantos recuerdos que me vienen a la mente ahora&#8221;, dice Paris Louamis, de 50 a\u00f1os, hotelero en la isla griega de Lesbos. &#8220;Hab\u00eda gente de Siria, Afganist\u00e1n, de muchos pa\u00edses&#8221;.<\/b><\/em><\/li>\n<\/ul>\n<\/div>\n<div class=\"bbc-19j92fr ebmt73l0\" dir=\"ltr\">\n<p dir=\"ltr\">\n<p class=\"bbc-hhl7in e17g058b0\" dir=\"ltr\">Corr\u00eda agosto de 2015 y Europa presenciaba el mayor movimiento de poblaci\u00f3n desde el final de la Segunda Guerra Mundial. M\u00e1s de un mill\u00f3n de personas llegar\u00edan a la UE en los meses siguientes, impulsadas por la violencia en Siria, Afganist\u00e1n, Irak y otros lugares.<\/p>\n<\/div>\n<div class=\"bbc-19j92fr ebmt73l0\" dir=\"ltr\">\n<p class=\"bbc-hhl7in e17g058b0\" dir=\"ltr\">Presenci\u00e9 las llegadas a Lesbos y conoc\u00ed a Paris Laoumis mientras ayudaba a solicitantes de asilo exhaustos cerca de su hotel.<\/p>\n<\/div>\n<div class=\"bbc-19j92fr ebmt73l0\" dir=\"ltr\">\n<p class=\"bbc-hhl7in e17g058b0\" dir=\"ltr\">&#8220;Estoy orgulloso de lo que hicimos entonces&#8221;, me dice. Junto con voluntarios internacionales, proporcion\u00f3 comida y ropa a los que llegaban.<\/p>\n<p dir=\"ltr\">\n<\/div>\n<figure class=\"bbc-1qn0xuy\">\n<div class=\"bbc-1gbs0ve\">\n<div style=\"width: 1546px\" class=\"wp-caption alignnone\"><img loading=\"lazy\" decoding=\"async\" class=\"bbc-139onq\" src=\"https:\/\/ichef.bbci.co.uk\/ace\/ws\/640\/cpsprodpb\/b933\/live\/e6986dc0-899f-11f0-9f0a-494169926e61.png.webp\" alt=\"Los migrantes son escoltados por la polic\u00eda a trav\u00e9s de los campos mientras caminan desde el pueblo de Rigonce hasta el campo de refugiados de Brezice.\" width=\"1536\" height=\"864\" \/><p class=\"wp-caption-text\">Fuente de la imagen, Jeff J Mitchell\/Getty Images. M\u00e1s de un mill\u00f3n de migrantes y refugiados cruzaron a Europa en 2015, lo que desat\u00f3 una crisis mientras los pa\u00edses luchaban por hacer frente a la afluencia.<\/p><\/div>\n<p class=\"bbc-by8ykd\" role=\"text\">\n<\/div>\n<\/figure>\n<div class=\"bbc-19j92fr ebmt73l0\" dir=\"ltr\">\n<p dir=\"ltr\">\n<p class=\"bbc-hhl7in e17g058b0\" dir=\"ltr\">Hoy la playa est\u00e1 tranquila. No hay solicitantes de asilo. Pero Par\u00eds est\u00e1 preocupado. Cree que es posible otra crisis. Con el aumento de llegadas durante los meses de verano, el ministro de Migraci\u00f3n de su pa\u00eds ha advertido del riesgo de una &#8220;invasi\u00f3n&#8221;, con miles de personas procedentes de pa\u00edses como Sud\u00e1n, Egipto, Bangladesh y Yemen.<\/p>\n<\/div>\n<div class=\"bbc-19j92fr ebmt73l0\" dir=\"ltr\">\n<p class=\"bbc-hhl7in e17g058b0\" dir=\"ltr\">&#8220;Claro que me preocupa. Veo el sufrimiento de la gente. No vienen aqu\u00ed, pero lo vemos en Creta (la isla m\u00e1s grande de Grecia), adonde ha llegado gente. As\u00ed que es posible que con las guerras venga m\u00e1s gente&#8221;.<\/p>\n<\/div>\n<div class=\"bbc-19j92fr ebmt73l0\" dir=\"ltr\">\n<p class=\"bbc-hhl7in e17g058b0\" dir=\"ltr\">En 2015, segu\u00ed a los solicitantes de asilo mientras sub\u00edan a los ferries, caminaban penosamente bajo el calor por las v\u00edas del tren, atravesaban campos de ma\u00edz, bajaban por caminos rurales y por carreteras, abri\u00e9ndose paso a trav\u00e9s de los Balcanes y continuando hacia Alemania y Escandinavia.<\/p>\n<\/div>\n<div class=\"bbc-19j92fr ebmt73l0\" dir=\"ltr\">\n<p class=\"bbc-hhl7in e17g058b0\" dir=\"ltr\">El n\u00famero de personas que entraron en Alemania se dispar\u00f3 de 76.000 en julio a 170.000 el mes siguiente.<\/p>\n<\/div>\n<div class=\"bbc-19j92fr ebmt73l0\" dir=\"ltr\">\n<p class=\"bbc-hhl7in e17g058b0\" dir=\"ltr\">El \u00faltimo d\u00eda de agosto, la canciller Angela Merkel declar\u00f3: &#8220;W<i class=\"bbc-h1y5j7 eih42320\">ir schaffen das<\/i>&#8221; (podemos hacerlo), lo que muchos interpretaron como una se\u00f1al de abrir los brazos a los solicitantes de asilo.<\/p>\n<\/div>\n<div class=\"bbc-19j92fr ebmt73l0\" dir=\"ltr\">\n<p class=\"bbc-hhl7in e17g058b0\" dir=\"ltr\">&#8220;Alemania es un pa\u00eds fuerte&#8221;, dijo. &#8220;La motivaci\u00f3n con la que abordamos estas cuestiones debe ser: \u00a1hemos logrado tanto, podemos hacerlo! Podemos hacerlo, y cuando algo se interpone en nuestro camino, hay que superarlo, hay que trabajar en ello&#8221;.<\/p>\n<\/div>\n<div class=\"bbc-19j92fr ebmt73l0\" dir=\"ltr\">\n<p class=\"bbc-hhl7in e17g058b0\" dir=\"ltr\">Pero las intensas emociones de aquel verano, cuando las multitudes recib\u00edan a los solicitantes de asilo en las carreteras del norte, parecen pertenecer a una \u00e9poca muy distinta.<\/p>\n<\/div>\n<div class=\"bbc-19j92fr ebmt73l0\" dir=\"ltr\">\n<p class=\"bbc-hhl7in e17g058b0\" dir=\"ltr\">Aquella proclamaci\u00f3n optimista pronto se convirti\u00f3 en un lastre pol\u00edtico para Merkel.<\/p>\n<\/div>\n<div class=\"bbc-19j92fr ebmt73l0\" dir=\"ltr\">\n<p class=\"bbc-hhl7in e17g058b0\" dir=\"ltr\">Sus opositores pol\u00edticos y algunos l\u00edderes europeos sintieron que sus palabras actuaban como un im\u00e1n para los solicitantes de asilo hacia la UE.<\/p>\n<\/div>\n<div class=\"bbc-19j92fr ebmt73l0\" dir=\"ltr\">\n<p class=\"bbc-hhl7in e17g058b0\" dir=\"ltr\">En 15 d\u00edas, la canciller se vio obligada a imponer controles en las fronteras alemanas debido a la afluencia de solicitantes de asilo.<\/p>\n<\/div>\n<div class=\"bbc-19j92fr ebmt73l0\" dir=\"ltr\">\n<p class=\"bbc-hhl7in e17g058b0\" dir=\"ltr\">Y una d\u00e9cada despu\u00e9s, la preocupaci\u00f3n por la migraci\u00f3n se ha convertido en un problema pol\u00edtico importante en muchos pa\u00edses europeos.<\/p>\n<\/div>\n<div class=\"bbc-19j92fr ebmt73l0\" dir=\"ltr\">\n<p class=\"bbc-hhl7in e17g058b0\" dir=\"ltr\">Las causas son complejas y var\u00edan de un pa\u00eds a otro, pero las preocupaciones en torno a la seguridad, las dificultades econ\u00f3micas y la desilusi\u00f3n con los partidos gobernantes han tenido un papel fundamental en la configuraci\u00f3n de la actitud hacia quienes llegan huyendo de la guerra, el hambre y la desesperaci\u00f3n econ\u00f3mica.<\/p>\n<p dir=\"ltr\">\n<\/div>\n<figure class=\"bbc-1qn0xuy\">\n<div class=\"bbc-1gbs0ve\">\n<div style=\"width: 1546px\" class=\"wp-caption alignnone\"><img loading=\"lazy\" decoding=\"async\" class=\"bbc-139onq\" src=\"https:\/\/ichef.bbci.co.uk\/ace\/ws\/640\/cpsprodpb\/f5c1\/live\/36786d40-89a0-11f0-9a26-53a7b49d8dfd.png.webp\" alt=\"La canciller alemana, Angela Merkel, posa para una selfie con Anas Modamani, un refugiado de Siria.\" width=\"1536\" height=\"864\" \/><p class=\"wp-caption-text\">Fuente de la imagen: Sean Gallup\/Getty Images. La canciller Angela Merkel declar\u00f3 &#8220;Wir schaffen das&#8221; &#8211; &#8220;Podemos hacerlo&#8221; &#8211; ampliamente vista como una bienvenida abierta a los solicitantes de asilo.<\/p><\/div>\n<p class=\"bbc-by8ykd\" role=\"text\">\n<\/div>\n<\/figure>\n<div class=\"bbc-19j92fr ebmt73l0\" dir=\"ltr\">\n<p dir=\"ltr\">\n<p class=\"bbc-hhl7in e17g058b0\" dir=\"ltr\">Esto ha impulsado el auge de los partidos de extrema derecha y ha visto a partidos de centro \u2014e incluso de izquierda\u2014 luchar por imponer controles a la migraci\u00f3n, temiendo una derrota electoral a manos de la derecha populista.<\/p>\n<\/div>\n<div class=\"bbc-19j92fr ebmt73l0\" dir=\"ltr\">\n<p class=\"bbc-hhl7in e17g058b0\" dir=\"ltr\">Datos del Instituto Atlas de Asuntos Internacionales muestran c\u00f3mo el apoyo a los partidos de extrema derecha en Europa casi se duplic\u00f3 en dos ciclos electorales, alcanzando el 27,6%.<\/p>\n<\/div>\n<div class=\"bbc-19j92fr ebmt73l0\" dir=\"ltr\">\n<p class=\"bbc-hhl7in e17g058b0\" dir=\"ltr\">Desde 2015, cuando el ACNUR afirma que m\u00e1s de un mill\u00f3n de personas entraron en Europa por las rutas de asilo, se ha producido un dr\u00e1stico descenso en las llegadas.<\/p>\n<\/div>\n<div class=\"bbc-19j92fr ebmt73l0\" dir=\"ltr\">\n<p class=\"bbc-hhl7in e17g058b0\" dir=\"ltr\">Sin embargo, desde 2016, el promedio de personas que entran en Europa se ha mantenido en torno a las 200.000 al a\u00f1o. En lo que va de 2025, se ha registrado la llegada de un total de 96.200 solicitantes de asilo.<\/p>\n<\/div>\n<div class=\"bbc-19j92fr ebmt73l0\" dir=\"ltr\">\n<p class=\"bbc-hhl7in e17g058b0\" dir=\"ltr\">Entonces, \u00bfpueden los nuevos y estrictos controles reducir a\u00fan m\u00e1s el n\u00famero de personas que intentan llegar a Europa? \u00bfO acaso los conflictos globales y la desesperaci\u00f3n econ\u00f3mica hacen inevitable su flujo continuo, con fluctuaciones en las cifras?<\/p>\n<\/div>\n<div class=\"bbc-19j92fr ebmt73l0\" dir=\"ltr\">\n<h2 id=\"La-firme-postura-de-Hungr\u00eda\" class=\"bbc-1lgzob2 eglt09e0\" tabindex=\"-1\">La firme postura de Hungr\u00eda<\/h2>\n<\/div>\n<div class=\"bbc-19j92fr ebmt73l0\" dir=\"ltr\">\n<p class=\"bbc-hhl7in e17g058b0\" dir=\"ltr\">En Hungr\u00eda, el gobierno de extrema derecha del primer ministro Viktor Orban ha adoptado una de las estrategias m\u00e1s duras en materia de migraci\u00f3n.<\/p>\n<\/div>\n<div class=\"bbc-19j92fr ebmt73l0\" dir=\"ltr\">\n<p class=\"bbc-hhl7in e17g058b0\" dir=\"ltr\">En septiembre de 2015, presenci\u00e9 la construcci\u00f3n de la primera valla de Hungr\u00eda en la frontera con Serbia y vi c\u00f3mo cientos de personas se apresuraban a cruzar a la UE antes de que se les impidiera el paso.<\/p>\n<\/div>\n<div class=\"bbc-19j92fr ebmt73l0\" dir=\"ltr\">\n<p class=\"bbc-hhl7in e17g058b0\" dir=\"ltr\">Esta semana, en Budapest, me reun\u00ed con el ministro h\u00fangaro para la UE, J\u00e1nos B\u00f3ka, quien afirm\u00f3 que la postura de Hungr\u00eda se ha visto reivindicada por las medidas restrictivas que se est\u00e1n implementando en Reino Unido -donde el gobierno planea dificultar que los refugiados traigan a sus familiares al pa\u00eds-, as\u00ed como en pa\u00edses como Irlanda, Dinamarca y Suecia.<\/p>\n<p dir=\"ltr\">\n<\/div>\n<figure class=\"bbc-1qn0xuy\">\n<div class=\"bbc-1gbs0ve\">\n<div style=\"width: 1421px\" class=\"wp-caption alignnone\"><img loading=\"lazy\" decoding=\"async\" class=\"bbc-139onq\" src=\"https:\/\/ichef.bbci.co.uk\/ace\/ws\/640\/cpsprodpb\/ecea\/live\/56bec180-89a0-11f0-9a26-53a7b49d8dfd.png.webp\" alt=\"Valla fronteriza en Hungr\u00eda\" width=\"1411\" height=\"794\" \/><p class=\"wp-caption-text\">Hungr\u00eda comenz\u00f3 a construir una valla de cuatro metros de altura a lo largo de su frontera sur de 175 kil\u00f3metros en junio de 2015.<\/p><\/div>\n<\/div><figcaption class=\"bbc-15f1ujd\" dir=\"ltr\"><\/figcaption><\/figure>\n<div class=\"bbc-19j92fr ebmt73l0\" dir=\"ltr\">\n<p dir=\"ltr\">\n<p class=\"bbc-hhl7in e17g058b0\" dir=\"ltr\">&#8220;Nos sentimos reivindicados no solo por lo que ocurre en otros pa\u00edses europeos. Esto, por supuesto, tambi\u00e9n es una se\u00f1al de que tomamos el camino correcto hace 10 a\u00f1os, y que ahora vemos que la mayor\u00eda de los pa\u00edses est\u00e1n haciendo lo que hemos hecho durante los \u00faltimos 10 a\u00f1os&#8221;, dice.<\/p>\n<\/div>\n<div class=\"bbc-19j92fr ebmt73l0\" dir=\"ltr\">\n<p class=\"bbc-hhl7in e17g058b0\" dir=\"ltr\">Hungr\u00eda devuelve inmediatamente a las personas que llegan a la frontera sin permiso de entrada. Solo pueden solicitar asilo en Belgrado, la capital serbia, o en Kiyv, en la Ucrania devastada por la guerra.<\/p>\n<\/div>\n<div class=\"bbc-19j92fr ebmt73l0\" dir=\"ltr\">\n<p class=\"bbc-hhl7in e17g058b0\" dir=\"ltr\">La abogada de derechos humanos Timea Kov\u00e1cs afirma que esto, en la pr\u00e1ctica, imposibilita la entrada a la UE a trav\u00e9s de Hungr\u00eda. &#8220;B\u00e1sicamente, no hay forma legal de entrar en territorio h\u00fangaro como refugiado&#8221;, afirma.<\/p>\n<p dir=\"ltr\">\n<\/div>\n<figure class=\"bbc-1qn0xuy\">\n<div class=\"bbc-1gbs0ve\">\n<div style=\"width: 1546px\" class=\"wp-caption alignnone\"><img loading=\"lazy\" decoding=\"async\" class=\"bbc-139onq\" src=\"https:\/\/ichef.bbci.co.uk\/ace\/ws\/640\/cpsprodpb\/ec5f\/live\/7116d5e0-89a0-11f0-9a26-53a7b49d8dfd.png.webp\" alt=\"J\u00e1nos B\u00f3ka, Ministro de Asuntos de la Uni\u00f3n Europea de Hungr\u00eda\" width=\"1536\" height=\"864\" \/><p class=\"wp-caption-text\">Fuente de la imagen: MARTIN BERTRAND\/Hans Lucas\/AFP via Getty Images. La UE multa ahora a Hungr\u00eda con un mill\u00f3n de euros diarios por incumplir sus obligaciones de asilo. El ministro J\u00e1nos B\u00f3ka insiste en que la pol\u00edtica no cambiar\u00e1.<\/p><\/div>\n<p class=\"bbc-by8ykd\" role=\"text\">\n<\/div>\n<\/figure>\n<div class=\"bbc-19j92fr ebmt73l0\" dir=\"ltr\">\n<p dir=\"ltr\">\n<p class=\"bbc-hhl7in e17g058b0\" dir=\"ltr\">Como resultado, Hungr\u00eda est\u00e1 recibiendo una multa de un mill\u00f3n de euros al d\u00eda por incumplir sus responsabilidades con los solicitantes de asilo seg\u00fan la legislaci\u00f3n de la UE.<\/p>\n<\/div>\n<div class=\"bbc-19j92fr ebmt73l0\" dir=\"ltr\">\n<p class=\"bbc-hhl7in e17g058b0\" dir=\"ltr\">El ministro de la UE, B\u00f3ka, afirma que el pa\u00eds no est\u00e1 dispuesto a cambiar su pol\u00edtica. &#8220;Si es el precio que pagamos por la protecci\u00f3n de nuestras fronteras y el mantenimiento de la paz y la estabilidad en Hungr\u00eda, es un precio que vale la pena pagar&#8221;.<\/p>\n<\/div>\n<div class=\"bbc-19j92fr ebmt73l0\" dir=\"ltr\">\n<p class=\"bbc-hhl7in e17g058b0\" dir=\"ltr\">Pero ni siquiera estas medidas restrictivas han logrado detener por completo la entrada de solicitantes de asilo.<\/p>\n<\/div>\n<div class=\"bbc-19j92fr ebmt73l0\" dir=\"ltr\">\n<p class=\"bbc-hhl7in e17g058b0\" dir=\"ltr\">La polic\u00eda austriaca declar\u00f3 que se detectaban entre 20 y 50 personas cada d\u00eda intentando entrar ilegalmente en su pa\u00eds desde Hungr\u00eda. Esta es solo la cifra de los que son detectados.<\/p>\n<\/div>\n<div class=\"bbc-19j92fr ebmt73l0\" dir=\"ltr\">\n<p class=\"bbc-hhl7in e17g058b0\" dir=\"ltr\">En un viaje a la frontera con Serbia, escuch\u00e9 la frustraci\u00f3n de un grupo de guardias h\u00fangaros.<\/p>\n<\/div>\n<div class=\"bbc-19j92fr ebmt73l0\" dir=\"ltr\">\n<p class=\"bbc-hhl7in e17g058b0\" dir=\"ltr\">Dejamos la carretera asfaltada y seguimos a una patrulla por un camino de tierra que se adentraba en el bosque. Los \u00e1rboles se cerraban formando un t\u00fanel natural. La brillante luz del sol dio paso a las sombras.<\/p>\n<\/div>\n<div class=\"bbc-19j92fr ebmt73l0\" dir=\"ltr\">\n<p class=\"bbc-hhl7in e17g058b0\" dir=\"ltr\">Los hombres del veh\u00edculo que nos preced\u00eda llevaban escopetas.<\/p>\n<\/div>\n<div class=\"bbc-19j92fr ebmt73l0\" dir=\"ltr\">\n<h2 id=\"Un-gran-circo\" class=\"bbc-1lgzob2 eglt09e0\" tabindex=\"-1\">&#8220;Un gran circo&#8221;<\/h2>\n<\/div>\n<div class=\"bbc-19j92fr ebmt73l0\" dir=\"ltr\">\n<p class=\"bbc-hhl7in e17g058b0\" dir=\"ltr\">Vestidos con camuflaje militar, S\u00e1ndor Nagy y Eric Molner son ciudadanos voluntarios, pagados por el Estado para patrullar el lado h\u00fangaro de la frontera con Serbia.<\/p>\n<\/div>\n<div class=\"bbc-19j92fr ebmt73l0\" dir=\"ltr\">\n<p class=\"bbc-hhl7in e17g058b0\" dir=\"ltr\">&#8220;Me siento triste y enojado, y sobre todo, preocupado por lo que se avecina&#8221;, dice Sandor. Cree que Europa no est\u00e1 logrando impedir que la gente cruce sus fronteras.<\/p>\n<\/div>\n<div class=\"bbc-19j92fr ebmt73l0\" dir=\"ltr\">\n<p class=\"bbc-hhl7in e17g058b0\" dir=\"ltr\">&#8220;Para ser honesto, lo que vivimos aqu\u00ed es b\u00e1sicamente un gran circo. Lo que vemos es que la defensa fronteriza aqu\u00ed es principalmente un espect\u00e1culo, una cuesti\u00f3n pol\u00edtica&#8221;.<\/p>\n<p dir=\"ltr\">\n<\/div>\n<figure class=\"bbc-1qn0xuy\">\n<div class=\"bbc-1gbs0ve\">\n<div style=\"width: 1546px\" class=\"wp-caption alignnone\"><img loading=\"lazy\" decoding=\"async\" class=\"bbc-139onq\" src=\"https:\/\/ichef.bbci.co.uk\/ace\/ws\/640\/cpsprodpb\/1a43\/live\/8fbc2450-89a0-11f0-9a26-53a7b49d8dfd.png.webp\" alt=\"Eric Molner\" width=\"1536\" height=\"864\" \/><p class=\"wp-caption-text\">Patrullas ciudadanas como Sandor Nagy y Eric Molner (en la foto) reciben pagos del Estado para proteger la frontera de Hungr\u00eda con Serbia.<\/p><\/div>\n<\/div><figcaption class=\"bbc-15f1ujd\" dir=\"ltr\"><\/figcaption><\/figure>\n<div class=\"bbc-19j92fr ebmt73l0\" dir=\"ltr\">\n<p dir=\"ltr\">\n<p class=\"bbc-hhl7in e17g058b0\" dir=\"ltr\">Salimos a un espacio abierto donde aparece una valla fronteriza de 3,6 metros de altura, rematada con alambre de p\u00faas y equipada con sensores y c\u00e1maras para detectar cruces ilegales.<\/p>\n<\/div>\n<div class=\"bbc-19j92fr ebmt73l0\" dir=\"ltr\">\n<p class=\"bbc-hhl7in e17g058b0\" dir=\"ltr\">&#8220;Simplemente la cortan, y los grupos entran a la fuerza por varios puntos a la vez; esto ha sido as\u00ed durante a\u00f1os&#8221;. El problema, argumenta, radica en el crimen organizado, que siempre va un paso por delante de las autoridades.<\/p>\n<\/div>\n<div class=\"bbc-19j92fr ebmt73l0\" dir=\"ltr\">\n<p class=\"bbc-hhl7in e17g058b0\" dir=\"ltr\">&#8220;Esta valla no detiene a nadie a largo plazo&#8230; Retrasa el flujo, pero no puede detenerlo&#8221;.<\/p>\n<\/div>\n<div class=\"bbc-19j92fr ebmt73l0\" dir=\"ltr\">\n<h2 id=\"Un-aluvi\u00f3n-de-abusos\" class=\"bbc-1lgzob2 eglt09e0\" tabindex=\"-1\">Un aluvi\u00f3n de abusos<\/h2>\n<\/div>\n<div class=\"bbc-19j92fr ebmt73l0\" dir=\"ltr\">\n<p class=\"bbc-hhl7in e17g058b0\" dir=\"ltr\">Con el crecimiento del tr\u00e1fico ilegal de personas, se ha producido una avalancha de abusos contra los derechos humanos, seg\u00fan Naciones Unidas.<\/p>\n<\/div>\n<div class=\"bbc-19j92fr ebmt73l0\" dir=\"ltr\">\n<p class=\"bbc-hhl7in e17g058b0\" dir=\"ltr\">Los traficantes de personas abandonan a la gente en el desierto del Sahara, a otros los hacinan en embarcaciones peligrosas.<\/p>\n<\/div>\n<div class=\"bbc-19j92fr ebmt73l0\" dir=\"ltr\">\n<p class=\"bbc-hhl7in e17g058b0\" dir=\"ltr\">Algunos de los que logran cruzar se ven obligados a regresar al desierto por las fuerzas de seguridad locales.<\/p>\n<\/div>\n<div class=\"bbc-19j92fr ebmt73l0\" dir=\"ltr\">\n<p class=\"bbc-hhl7in e17g058b0\" dir=\"ltr\">M\u00e1s de 32.000 personas han muerto intentando llegar a Europa en los \u00faltimos 10 a\u00f1os, incluyendo 1.300 muertos o desaparecidos este a\u00f1o.<\/p>\n<\/div>\n<div class=\"bbc-19j92fr ebmt73l0\" dir=\"ltr\">\n<p class=\"bbc-hhl7in e17g058b0\" dir=\"ltr\">Seg\u00fan la Organizaci\u00f3n Internacional para las Migraciones de las Naciones Unidas, &#8220;gran parte de esto ocurre en una situaci\u00f3n de casi total impunidad&#8221;.<\/p>\n<p dir=\"ltr\">\n<\/div>\n<figure class=\"bbc-1qn0xuy\">\n<div class=\"bbc-1gbs0ve\">\n<div style=\"width: 1546px\" class=\"wp-caption alignnone\"><img loading=\"lazy\" decoding=\"async\" class=\"bbc-139onq\" src=\"https:\/\/ichef.bbci.co.uk\/ace\/ws\/640\/cpsprodpb\/43ea\/live\/a094bbc0-89a0-11f0-9a26-53a7b49d8dfd.png.webp\" alt=\"Gente nadando para intentar subir a un bote para migrantes hacia el Canal de la Mancha.\" width=\"1536\" height=\"864\" \/><p class=\"wp-caption-text\">Fuente de la imagen: Carl Court\/Getty Images. M\u00e1s de 32.000 personas han muerto intentando llegar a Europa en la \u00faltima d\u00e9cada<\/p><\/div>\n<p class=\"bbc-by8ykd\" role=\"text\">\n<\/div>\n<\/figure>\n<div class=\"bbc-19j92fr ebmt73l0\" dir=\"ltr\">\n<p dir=\"ltr\">\n<p class=\"bbc-hhl7in e17g058b0\" dir=\"ltr\">El verano de 2015 no fue solo un verano de bienvenida. Impuls\u00f3 cambios inmediatos en las estrategias de varios estados europeos.<\/p>\n<\/div>\n<div class=\"bbc-19j92fr ebmt73l0\" dir=\"ltr\">\n<p class=\"bbc-hhl7in e17g058b0\" dir=\"ltr\">No solo con la construcci\u00f3n de la valla en Hungr\u00eda, sino tambi\u00e9n, entre otros ejemplos, con el despliegue de la polic\u00eda antidisturbios en Croacia y la detenci\u00f3n de migrantes en Eslovenia.<\/p>\n<\/div>\n<div class=\"bbc-19j92fr ebmt73l0\" dir=\"ltr\">\n<p class=\"bbc-hhl7in e17g058b0\" dir=\"ltr\">Para marzo de 2016, seis meses despu\u00e9s de la declaraci\u00f3n de Merkel, la UE hab\u00eda llegado a un acuerdo con Turqu\u00eda para impedir que los migrantes cruzaran a Grecia y Bulgaria.<\/p>\n<\/div>\n<div class=\"bbc-19j92fr ebmt73l0\" dir=\"ltr\">\n<p class=\"bbc-hhl7in e17g058b0\" dir=\"ltr\">Desde entonces, la UE ha llegado a acuerdos con pa\u00edses como Marruecos, T\u00fanez, Libia y Egipto para evitar que sus pa\u00edses se utilicen como puntos de lanzamiento hacia Europa.<\/p>\n<\/div>\n<div class=\"bbc-19j92fr ebmt73l0\" dir=\"ltr\">\n<p class=\"bbc-hhl7in e17g058b0\" dir=\"ltr\">Actualmente, existen numerosos casos bien documentados de solicitantes de asilo que son devueltos a trav\u00e9s de las fronteras de la UE por la polic\u00eda y la guardia costera.<\/p>\n<\/div>\n<div class=\"bbc-19j92fr ebmt73l0\" dir=\"ltr\">\n<p class=\"bbc-hhl7in e17g058b0\" dir=\"ltr\">El pasado enero, el Tribunal Europeo de Derechos Humanos declar\u00f3 a Grecia culpable de devoluciones ilegales y sistem\u00e1ticas de solicitantes de asilo a Turqu\u00eda.<\/p>\n<p dir=\"ltr\">\n<\/div>\n<figure class=\"bbc-1qn0xuy\">\n<div class=\"bbc-1gbs0ve\">\n<div style=\"width: 1546px\" class=\"wp-caption alignnone\"><img loading=\"lazy\" decoding=\"async\" class=\"bbc-139onq\" src=\"https:\/\/ichef.bbci.co.uk\/ace\/ws\/640\/cpsprodpb\/3eb3\/live\/c253fef0-89a1-11f0-9a26-53a7b49d8dfd.png.webp\" alt=\"Refugiados que llegan a la isla de Lesbos caen de un barco que vuelca al aterrizar en mares agitados procedentes de Turqu\u00eda\" width=\"1536\" height=\"864\" \/><p class=\"wp-caption-text\">Fuente de la imagen: Paula Bronstein\/Getty Images. Hay numerosos casos bien documentados de solicitantes de asilo que son devueltos a trav\u00e9s de las fronteras de la UE por la polic\u00eda y los guardias costeros.<\/p><\/div>\n<p class=\"bbc-by8ykd\" role=\"text\">\n<\/div>\n<\/figure>\n<div class=\"bbc-19j92fr ebmt73l0\" dir=\"ltr\">\n<p dir=\"ltr\">\n<p class=\"bbc-hhl7in e17g058b0\" dir=\"ltr\">Gerasimos Tsourapas, profesor de Relaciones Internacionales de la Universidad de Birmingham, describe la pol\u00edtica de tercerizar el asilo como un cambio dr\u00e1stico para Europa.<\/p>\n<\/div>\n<div class=\"bbc-19j92fr ebmt73l0\" dir=\"ltr\">\n<p class=\"bbc-hhl7in e17g058b0\" dir=\"ltr\">&#8220;La idea de que la migraci\u00f3n se puede aprovechar para obtener dinero, ayuda u otras concesiones, algo bastante excepcional en Europa en 2016, se ha convertido en un patr\u00f3n&#8221;, dice.<\/p>\n<\/div>\n<div class=\"bbc-19j92fr ebmt73l0\" dir=\"ltr\">\n<p class=\"bbc-hhl7in e17g058b0\" dir=\"ltr\">&#8220;La diplomacia migratoria es contagiosa. Una vez alcanzado el acuerdo, la l\u00f3gica se extiende&#8221;.<\/p>\n<\/div>\n<div class=\"bbc-19j92fr ebmt73l0\" dir=\"ltr\">\n<p class=\"bbc-hhl7in e17g058b0\" dir=\"ltr\">Aqu\u00ed tambi\u00e9n hay una paradoja, afirma. &#8220;Estamos restringiendo el asilo, manteniendo las fronteras cerradas, pero tambi\u00e9n necesitamos encontrar trabajadores migrantes para cubrir la escasez y apoyar a nuestra econom\u00eda nacional&#8221;.<\/p>\n<\/div>\n<div class=\"bbc-19j92fr ebmt73l0\" dir=\"ltr\">\n<h2 id=\"Una-Suecia-en-transformaci\u00f3n\" class=\"bbc-1lgzob2 eglt09e0\" tabindex=\"-1\">Una Suecia en transformaci\u00f3n<\/h2>\n<\/div>\n<div class=\"bbc-19j92fr ebmt73l0\" dir=\"ltr\">\n<p class=\"bbc-hhl7in e17g058b0\" dir=\"ltr\">La persistente preocupaci\u00f3n p\u00fablica ha provocado un aumento del apoyo a los partidos de extrema derecha en toda la UE, incluso en lugares como Suecia, que hist\u00f3ricamente se ha enorgullecido de ser una naci\u00f3n acogedora para quienes huyen de la persecuci\u00f3n.<\/p>\n<\/div>\n<div class=\"bbc-19j92fr ebmt73l0\" dir=\"ltr\">\n<p class=\"bbc-hhl7in e17g058b0\" dir=\"ltr\">El partido Dem\u00f3cratas de Suecia, de extrema derecha, obtuvo el 20,5 % de los votos en las elecciones generales de 2022, lo que lo convirti\u00f3 en el segundo partido m\u00e1s grande del pa\u00eds.<\/p>\n<\/div>\n<div class=\"bbc-19j92fr ebmt73l0\" dir=\"ltr\">\n<p class=\"bbc-hhl7in e17g058b0\" dir=\"ltr\">A cambio de apoyar a un gobierno de coalici\u00f3n minoritario, han visto c\u00f3mo gran parte de su plataforma antimigratoria moldeaba la pol\u00edtica gubernamental.<\/p>\n<\/div>\n<div class=\"bbc-19j92fr ebmt73l0\" dir=\"ltr\">\n<p class=\"bbc-hhl7in e17g058b0\" dir=\"ltr\">La reunificaci\u00f3n familiar de los migrantes se ha dificultado, al igual que las condiciones para la residencia permanente, y las cuotas de asilo se han reducido sustancialmente.<\/p>\n<p dir=\"ltr\">\n<\/div>\n<figure class=\"bbc-1qn0xuy\">\n<div class=\"bbc-1gbs0ve\">\n<div style=\"width: 1429px\" class=\"wp-caption alignnone\"><img loading=\"lazy\" decoding=\"async\" class=\"bbc-139onq\" src=\"https:\/\/ichef.bbci.co.uk\/ace\/ws\/640\/cpsprodpb\/d0a2\/live\/daa42ad0-89a0-11f0-9a26-53a7b49d8dfd.png.webp\" alt=\"Abdulmenem y Yumma\" width=\"1419\" height=\"797\" \/><p class=\"wp-caption-text\">El refugiado sirio Abdulmenem Alsatouf recuerda su llegada a Suecia y la c\u00e1lida bienvenida que recibi\u00f3 en 2015.<\/p><\/div>\n<\/div><figcaption class=\"bbc-15f1ujd\" dir=\"ltr\"><\/figcaption><\/figure>\n<div class=\"bbc-19j92fr ebmt73l0\" dir=\"ltr\">\n<p dir=\"ltr\">\n<p class=\"bbc-hhl7in e17g058b0\" dir=\"ltr\">Para la \u00faltima etapa de mi viaje, fui a la ciudad de Karlstad, en el oeste de Suecia, un lugar pintoresco a orillas del r\u00edo Klar\u00e4lven, la v\u00eda fluvial m\u00e1s larga de Escandinavia.<\/p>\n<\/div>\n<div class=\"bbc-19j92fr ebmt73l0\" dir=\"ltr\">\n<p class=\"bbc-hhl7in e17g058b0\" dir=\"ltr\">El refugiado sirio Abdulmenem Alsatouf, de 44 a\u00f1os, record\u00f3 la bienvenida que recibi\u00f3 aqu\u00ed en 2015.<\/p>\n<\/div>\n<div class=\"bbc-19j92fr ebmt73l0\" dir=\"ltr\">\n<p class=\"bbc-hhl7in e17g058b0\" dir=\"ltr\">Eso ha cambiado, dice. &#8220;Al principio nos trataban muy bien. Pero despu\u00e9s de unos a\u00f1os, y tras el cambio de gobierno, las cosas cambiaron. Se volvieron m\u00e1s racistas.&#8221;<\/p>\n<\/div>\n<div class=\"bbc-19j92fr ebmt73l0\" dir=\"ltr\">\n<p class=\"bbc-hhl7in e17g058b0\" dir=\"ltr\">Cita incidentes de abuso racista, como el de un vecino que dej\u00f3 un cerdo de juguete frente a la casa de esta familia devotamente musulmana.<\/p>\n<\/div>\n<div class=\"bbc-19j92fr ebmt73l0\" dir=\"ltr\">\n<p class=\"bbc-hhl7in e17g058b0\" dir=\"ltr\">Conoc\u00ed a Abdulmenem y a su familia hace diez a\u00f1os, cuando intentaban llegar a Europa desde Turqu\u00eda. Recuerdo su esperanza de una nueva vida. Ahora su esposa, Nour, dice que preferir\u00eda estar en Siria.<\/p>\n<\/div>\n<div class=\"bbc-19j92fr ebmt73l0\" dir=\"ltr\">\n<p class=\"bbc-hhl7in e17g058b0\" dir=\"ltr\">&#8220;Nos miran como si solo vini\u00e9ramos aqu\u00ed para sacarles el dinero o vivir de su ayuda. Pero no es cierto. Cuando llegu\u00e9, estudi\u00e9 sueco durante dos a\u00f1os, aprend\u00ed el idioma y termin\u00e9 la escuela. Luego me puse a trabajar: limpiando, cocinando, cuidando ni\u00f1os. Pago impuestos aqu\u00ed, como cualquiera. Formo parte de esta sociedad&#8221;.<\/p>\n<\/div>\n<div class=\"bbc-19j92fr ebmt73l0\" dir=\"ltr\">\n<p class=\"bbc-hhl7in e17g058b0\" dir=\"ltr\">\u00bfPor qu\u00e9 la opini\u00f3n p\u00fablica sueca se ha inclinado hacia la derecha en materia de inmigraci\u00f3n?<\/p>\n<\/div>\n<div class=\"bbc-19j92fr ebmt73l0\" dir=\"ltr\">\n<p class=\"bbc-hhl7in e17g058b0\" dir=\"ltr\">Una de las razones m\u00e1s citadas en los medios locales y por los pol\u00edticos es la delincuencia, en concreto el auge del crimen organizado, donde j\u00f3venes perpetradores son utilizados para cometer actos de violencia extrema.<\/p>\n<\/div>\n<div class=\"bbc-19j92fr ebmt73l0\" dir=\"ltr\">\n<p class=\"bbc-hhl7in e17g058b0\" dir=\"ltr\">Desde 2013, la tasa de delitos con armas de fuego en el pa\u00eds se ha m\u00e1s que duplicado.<\/p>\n<\/div>\n<div class=\"bbc-19j92fr ebmt73l0\" dir=\"ltr\">\n<p class=\"bbc-hhl7in e17g058b0\" dir=\"ltr\">Las personas nacidas en el extranjero y sus hijos nacidos en Suecia est\u00e1n sobrerrepresentadas en las estad\u00edsticas de delincuencia.<\/p>\n<\/div>\n<div class=\"bbc-19j92fr ebmt73l0\" dir=\"ltr\">\n<p class=\"bbc-hhl7in e17g058b0\" dir=\"ltr\">Sin embargo, el Ministerio de Asuntos Exteriores sueco advierte contra un an\u00e1lisis simplista de las cifras.<\/p>\n<\/div>\n<div class=\"bbc-19j92fr ebmt73l0\" dir=\"ltr\">\n<p class=\"bbc-hhl7in e17g058b0\" dir=\"ltr\">Afirma que los bajos niveles de educaci\u00f3n, el desempleo, la segregaci\u00f3n social y el trauma de guerra de los refugiados son algunas de las causas, no el hecho de ser migrante.<\/p>\n<\/div>\n<div class=\"bbc-19j92fr ebmt73l0\" dir=\"ltr\">\n<p class=\"bbc-hhl7in e17g058b0\" dir=\"ltr\">Afuera del museo cultural local, donde \u00e9l y su aprendiz pintaban las paredes, conoc\u00ed a Daniel Hessarp, de 46 a\u00f1os, quien se encuentra entre el 60% de los suecos que, seg\u00fan las encuestas de opini\u00f3n, est\u00e1n preocupados por la delincuencia.<\/p>\n<\/div>\n<div class=\"bbc-19j92fr ebmt73l0\" dir=\"ltr\">\n<p class=\"bbc-hhl7in e17g058b0\" dir=\"ltr\">&#8220;Vemos las estad\u00edsticas de los delitos, qui\u00e9nes los cometen, etc. As\u00ed que ah\u00ed tienen la respuesta. Antes no ten\u00edamos esto en Suecia&#8221;.<\/p>\n<p dir=\"ltr\">\n<\/div>\n<figure class=\"bbc-1qn0xuy\">\n<div class=\"bbc-1gbs0ve\">\n<div style=\"width: 1546px\" class=\"wp-caption alignnone\"><img loading=\"lazy\" decoding=\"async\" class=\"bbc-139onq\" src=\"https:\/\/ichef.bbci.co.uk\/ace\/ws\/640\/cpsprodpb\/2bbb\/live\/fbe2a540-89a1-11f0-9a26-53a7b49d8dfd.png.webp\" alt=\"Daniel Hessarp\" width=\"1536\" height=\"864\" \/><p class=\"wp-caption-text\">Daniel Hessarp, residente de Karlstad, se encuentra entre la mayor\u00eda de los suecos que dicen estar preocupados por la delincuencia.<\/p><\/div>\n<\/div><figcaption class=\"bbc-15f1ujd\" dir=\"ltr\"><\/figcaption><\/figure>\n<div class=\"bbc-19j92fr ebmt73l0\" dir=\"ltr\">\n<p dir=\"ltr\">\n<p class=\"bbc-hhl7in e17g058b0\" dir=\"ltr\">El aprendiz, Theo Bergsten, de 20 a\u00f1os, dijo que no se opon\u00eda a la inmigraci\u00f3n porque &#8220;aprendes de ellos, ellos aprenden de ti&#8230; as\u00ed que tambi\u00e9n es muy agradable&#8221;. Sin embargo, se\u00f1al\u00f3 que el aumento de la delincuencia era una &#8220;parte triste&#8221; de la historia.<\/p>\n<\/div>\n<div class=\"bbc-19j92fr ebmt73l0\" dir=\"ltr\">\n<p class=\"bbc-hhl7in e17g058b0\" dir=\"ltr\">Maria Moberg Stephenson, profesora titular de Trabajo Social en la Universidad de Karlstad, afirma que las redes sociales han permitido que el mensaje de la extrema derecha prospere y encuentre nuevo apoyo entre quienes se sienten excluidos de la sociedad.<\/p>\n<\/div>\n<div class=\"bbc-19j92fr ebmt73l0\" dir=\"ltr\">\n<p class=\"bbc-hhl7in e17g058b0\" dir=\"ltr\">&#8220;Los dem\u00f3cratas de Suecia son muy claros con nosotros: no quieren solicitantes de asilo. De hecho, quieren que la gente se vaya de Suecia. Y todo el gobierno est\u00e1, de alguna manera, marcando la pauta para ser un pa\u00eds hostil. Ahora es m\u00e1s aceptable no ser hospitalario&#8221;.<\/p>\n<\/div>\n<div class=\"bbc-19j92fr ebmt73l0\" dir=\"ltr\">\n<h2 id=\"Tumbas-marcadas-con-un-Desconocido\" class=\"bbc-1lgzob2 eglt09e0\" tabindex=\"-1\">Tumbas marcadas con un &#8220;Desconocido&#8221;<\/h2>\n<\/div>\n<div class=\"bbc-19j92fr ebmt73l0\" dir=\"ltr\">\n<p class=\"bbc-hhl7in e17g058b0\" dir=\"ltr\">De vuelta en Lesbos, visit\u00e9 un lugar que he llegado a conocer tras muchos a\u00f1os de informar sobre problemas migratorios all\u00ed.<\/p>\n<\/div>\n<div class=\"bbc-19j92fr ebmt73l0\" dir=\"ltr\">\n<p class=\"bbc-hhl7in e17g058b0\" dir=\"ltr\">A unos 30 minutos en coche del aeropuerto de Mitilene, en medio de olivares, se encuentran las tumbas de los solicitantes de asilo que murieron intentando llegar aqu\u00ed o en los campos de refugiados establecidos despu\u00e9s de 2015.<\/p>\n<\/div>\n<div class=\"bbc-19j92fr ebmt73l0\" dir=\"ltr\">\n<p class=\"bbc-hhl7in e17g058b0\" dir=\"ltr\">Numerosas tumbas est\u00e1n marcadas simplemente como &#8220;Desconocido&#8221;, el \u00faltimo lugar de descanso de quienes creyeron que Europa les ofrecer\u00eda una vida mejor.<\/p>\n<\/div>\n<div class=\"bbc-19j92fr ebmt73l0\" dir=\"ltr\">\n<p class=\"bbc-hhl7in e17g058b0\" dir=\"ltr\">Cuando las visit\u00e9, hab\u00eda tres tumbas recientes y una cuarta abierta esperando el enterriero. Es un recordatorio aleccionador de que las personas desesperadas seguir\u00e1n intentando llegar a Europa, a pesar de los enormes riesgos.<\/p>\n<\/div>\n<div class=\"bbc-19j92fr ebmt73l0\" dir=\"ltr\">\n<p class=\"bbc-hhl7in e17g058b0\" dir=\"ltr\">En lo que va de a\u00f1o, el n\u00famero de solicitantes de asilo detectados intentando llegar a Europa ha disminuido un 20%.<\/p>\n<\/div>\n<div class=\"bbc-19j92fr ebmt73l0\" dir=\"ltr\">\n<p class=\"bbc-hhl7in e17g058b0\" dir=\"ltr\">Las cifras pueden aumentar y disminuir, pero las crisis globales que impulsan la migraci\u00f3n no van a desaparecer. Ese es el desaf\u00edo fundamental para los pol\u00edticos, independientemente del partido que est\u00e9 en el poder.<\/p>\n<\/div>\n","protected":false},"excerpt":{"rendered":"<p>&nbsp; &nbsp; El d\u00eda que aparecieron, apenas pod\u00eda creer lo que ve\u00eda. Una tras otra, una peque\u00f1a embarcaci\u00f3n llegaba desde el lado turco. &#8220;Tengo tantos&hellip;<\/p>\n","protected":false},"author":99,"featured_media":536010,"comment_status":"open","ping_status":"open","sticky":false,"template":"","format":"standard","meta":{"footnotes":""},"categories":[24],"tags":[],"class_list":["post-536009","post","type-post","status-publish","format-standard","has-post-thumbnail","hentry","category-mundo"],"_links":{"self":[{"href":"https:\/\/diarioelpopular.com\/index.php\/wp-json\/wp\/v2\/posts\/536009","targetHints":{"allow":["GET"]}}],"collection":[{"href":"https:\/\/diarioelpopular.com\/index.php\/wp-json\/wp\/v2\/posts"}],"about":[{"href":"https:\/\/diarioelpopular.com\/index.php\/wp-json\/wp\/v2\/types\/post"}],"author":[{"embeddable":true,"href":"https:\/\/diarioelpopular.com\/index.php\/wp-json\/wp\/v2\/users\/99"}],"replies":[{"embeddable":true,"href":"https:\/\/diarioelpopular.com\/index.php\/wp-json\/wp\/v2\/comments?post=536009"}],"version-history":[{"count":1,"href":"https:\/\/diarioelpopular.com\/index.php\/wp-json\/wp\/v2\/posts\/536009\/revisions"}],"predecessor-version":[{"id":536011,"href":"https:\/\/diarioelpopular.com\/index.php\/wp-json\/wp\/v2\/posts\/536009\/revisions\/536011"}],"wp:featuredmedia":[{"embeddable":true,"href":"https:\/\/diarioelpopular.com\/index.php\/wp-json\/wp\/v2\/media\/536010"}],"wp:attachment":[{"href":"https:\/\/diarioelpopular.com\/index.php\/wp-json\/wp\/v2\/media?parent=536009"}],"wp:term":[{"taxonomy":"category","embeddable":true,"href":"https:\/\/diarioelpopular.com\/index.php\/wp-json\/wp\/v2\/categories?post=536009"},{"taxonomy":"post_tag","embeddable":true,"href":"https:\/\/diarioelpopular.com\/index.php\/wp-json\/wp\/v2\/tags?post=536009"}],"curies":[{"name":"wp","href":"https:\/\/api.w.org\/{rel}","templated":true}]}}