{"id":536017,"date":"2025-09-14T11:34:47","date_gmt":"2025-09-14T15:34:47","guid":{"rendered":"https:\/\/diarioelpopular.com\/?p=536017"},"modified":"2025-09-14T11:34:47","modified_gmt":"2025-09-14T15:34:47","slug":"los-comandos-de-la-frontera-expanden-su-poder-de-colombia-a-ecuador","status":"publish","type":"post","link":"https:\/\/diarioelpopular.com\/index.php\/2025\/09\/14\/los-comandos-de-la-frontera-expanden-su-poder-de-colombia-a-ecuador\/","title":{"rendered":"Los Comandos de la Frontera expanden su poder de Colombia a Ecuador"},"content":{"rendered":"<div id=\"attachment_536018\" style=\"width: 1210px\" class=\"wp-caption alignnone\"><img loading=\"lazy\" decoding=\"async\" aria-describedby=\"caption-attachment-536018\" class=\"wp-image-536018 size-custom-big-size\" src=\"https:\/\/diarioelpopular.com\/wp-content\/uploads\/2025\/09\/Screen-Shot-2025-09-14-at-11.33.40-AM-1200x903.png\" alt=\"\" width=\"1200\" height=\"903\" srcset=\"https:\/\/diarioelpopular.com\/wp-content\/uploads\/2025\/09\/Screen-Shot-2025-09-14-at-11.33.40-AM-1200x903.png 1200w, https:\/\/diarioelpopular.com\/wp-content\/uploads\/2025\/09\/Screen-Shot-2025-09-14-at-11.33.40-AM-300x226.png 300w, https:\/\/diarioelpopular.com\/wp-content\/uploads\/2025\/09\/Screen-Shot-2025-09-14-at-11.33.40-AM-768x578.png 768w, https:\/\/diarioelpopular.com\/wp-content\/uploads\/2025\/09\/Screen-Shot-2025-09-14-at-11.33.40-AM-636x479.png 636w, https:\/\/diarioelpopular.com\/wp-content\/uploads\/2025\/09\/Screen-Shot-2025-09-14-at-11.33.40-AM-97x73.png 97w, https:\/\/diarioelpopular.com\/wp-content\/uploads\/2025\/09\/Screen-Shot-2025-09-14-at-11.33.40-AM.png 1024w\" sizes=\"auto, (max-width: 1200px) 100vw, 1200px\" \/><p id=\"caption-attachment-536018\" class=\"wp-caption-text\">Operativo contra Comandos de la Frontera en Ecuador el 9 de septiembre de 2025.\u00a0 \u00a0 \u00a0 \u00a0 \u00a0 \u00a0 \u00a0 \u00a0 \u00a0 \u00a0 \u00a0 \u00a0 \u00a0 \u00a0 \u00a0 \u00a0 \u00a0 \u00a0 \u00a0 \u00a0 \u00a0 \u00a0 \u00a0 \u00a0 \u00a0 \u00a0 \u00a0 \u00a0 \u00a0 \u00a0 Foto MINISTRO DEL INTERIOR ECUADOR<\/p><\/div>\n<p>&nbsp;<\/p>\n<p>&nbsp;<\/p>\n<div class=\"a_e_txt _df\">\n<h4 class=\"a_st\"><em>&#8211; Los dos gobiernos, y el de Per\u00fa, emprenden acciones conjuntas de inteligencia para combatir el crimen en la regi\u00f3n amaz\u00f3nica. Ecuador ha dado uno de los golpes contra el lavado de activos m\u00e1s importantes de su historia<\/em><\/h4>\n<\/div>\n<div class=\"a_e_m\"><\/div>\n<div><\/div>\n<div>\n<p class=\"\">El poder militar de los\u00a0<a title=\"https:\/\/elpais.com\/america\/amazonia-sin-fronteras\/2025-02-20\/los-comandos-de-la-frontera-controlan-el-narcotrafico-desde-peru-a-metros-de-la-armada-colombiana-los-tengo-aca-al-frente-pasando-el-rio.html\" href=\"https:\/\/elpais.com\/america\/amazonia-sin-fronteras\/2025-02-20\/los-comandos-de-la-frontera-controlan-el-narcotrafico-desde-peru-a-metros-de-la-armada-colombiana-los-tengo-aca-al-frente-pasando-el-rio.html\" target=\"_self\" rel=\"\" data-link-track-dtm=\"\" data-mrf-link=\"https:\/\/elpais.com\/america\/amazonia-sin-fronteras\/2025-02-20\/los-comandos-de-la-frontera-controlan-el-narcotrafico-desde-peru-a-metros-de-la-armada-colombiana-los-tengo-aca-al-frente-pasando-el-rio.html\">Comandos de la Frontera, uno de los grupos disidentes de las extintas FARC<\/a>\u00a0que mantiene di\u00e1logos de paz con el Gobierno de Gustavo Petro, se ha hecho visible en la frontera colombo-ecuatoriana por los recientes ataques contra integrantes de la Fuerza P\u00fablica de ambos pa\u00edses. Esta semana, mientras el Ejecutivo colombiano anunciaba la suspensi\u00f3n temporal de las negociaciones, las autoridades ecuatorianas se incautaban de 103 bienes que, seg\u00fan la Polic\u00eda, eran fachadas para el lavado de activos de ese grupo, uno que se expande con fuerza en la triple amaz\u00f3nica, la de los dos pa\u00edses y Per\u00fa.<\/p>\n<p class=\"\">Con m\u00e1s de 3.000 integrantes en armas y una red de milicias rurales y urbanas, los Comandos han extendido su presencia por los departamentos colombianos del Putumayo, Caquet\u00e1 y Amazonas, fronterizos con Per\u00fa y Ecuador, y han llegado a este segundo pa\u00eds, especialmente a la provincia de Sucumb\u00edos. Su principal fuente de financiamiento proviene del narcotr\u00e1fico: cobran impuestos a cultivadores de coca, dominan laboratorios de procesamiento y participan en el env\u00edo de cargamentos hacia Centroam\u00e9rica y M\u00e9xico. Su m\u00e1ximo l\u00edder,\u00a0<a title=\"https:\/\/elpais.com\/america-colombia\/2025-02-13\/la-fiscalia-captura-al-lider-de-los-comandos-de-la-frontera-en-la-reunion-final-de-un-ciclo-de-dialogos-con-el-gobierno-petro.html\" href=\"https:\/\/elpais.com\/america-colombia\/2025-02-13\/la-fiscalia-captura-al-lider-de-los-comandos-de-la-frontera-en-la-reunion-final-de-un-ciclo-de-dialogos-con-el-gobierno-petro.html\" target=\"_self\" rel=\"\" data-link-track-dtm=\"\" data-mrf-link=\"https:\/\/elpais.com\/america-colombia\/2025-02-13\/la-fiscalia-captura-al-lider-de-los-comandos-de-la-frontera-en-la-reunion-final-de-un-ciclo-de-dialogos-con-el-gobierno-petro.html\">Giovanny Andr\u00e9s Rojas, fue capturado en febrero pasado<\/a>\u00a0en medio de un ciclo de di\u00e1logos con el Gobierno de Colombia por tener una circular roja de Interpol por narcotr\u00e1fico.<\/p>\n<div id=\"elpais_gpt-INTEXT\" data-google-query-id=\"COTu_5rJ2I8DFcD4GAIdLpk8ng\">\n<div id=\"google_ads_iframe_7811748\/elpais_colombia_web_5__container__\" class=\"primisslate\">\n<div id=\"primis_container_div_68c6dfbbb90e3\">\n<p class=\"\">La Fundaci\u00f3n Paz y Reconciliaci\u00f3n (Pares) explica que el grupo \u201cse ha insertado en los mercados ilegales del narcotr\u00e1fico y la miner\u00eda ilegal en el norte de Ecuador\u201d, espec\u00edficamente en las provincias de Sucumb\u00edos, Orellana y Napo. Desde all\u00ed, \u201chan reproducido la l\u00f3gica violenta que ven\u00eda protagonizando en Colombia\u201d. La Defensor\u00eda del Pueblo colombiana ha advertido desde 2023 que esa frontera se ha consolidado como un espacio de repliegue y abastecimiento, de la mano con el aumento de los cultivos il\u00edcitos en Putumayo y Nari\u00f1o, y del control de rutas para el narcotr\u00e1fico hacia el Pac\u00edfico ecuatoriano.<\/p>\n<p class=\"\">Dos de sus actuaciones m\u00e1s recientes muestran su poder y su forma de actuar. En mayo pasado, emboscaron y asesinaron a 11 oficiales ecuatorianos que hac\u00edan una operaci\u00f3n contra la miner\u00eda ilegal en una emboscada en Alto Punino, en plena Amazon\u00eda. Y el 4 de septiembre, integrantes de los Comandos, vestidos de civil, rociaron con gasolina e intentaron quemar vivos a dos militares colombianos, en el municipio putumayense de Villagarz\u00f3n. El grupo, que no ha asumido su responsabilidad de ninguno de los dos ataques, puso en vilo las negociaciones, busca que el Gobierno no rompa la mesa y mantenga abierta la puerta a dejar las armas a cambio de beneficios judiciales como quedar con expedientes limpios.<\/p>\n<p class=\"\">Tras los atentados, la presidencia de Colombia ha anunciado una alianza de inteligencia militar tripartita que, seg\u00fan el Ejecutivo, inici\u00f3 en agosto pasado en Puerto Legu\u00edzamo, del lado colombiano, y\u00a0<a href=\"https:\/\/elpais.com\/america-colombia\/2025-02-23\/el-parque-nacional-la-paya-otra-victima-del-poder-de-los-comandos-de-la-frontera-en-putumayo.html\" target=\"_blank\" rel=\"noopener\">que busca atacar sus fuentes de financiaci\u00f3n<\/a>. Ecuador, entre tanto, ya ha dado sus primeros resultados con lo que es considerado, hasta ahora, como \u201cel operativo contra el lavado de activos m\u00e1s grande de la historia del Ecuador\u201d, como menciona Raphael Hoetmer, de la ONG Amazon Watch.<\/p>\n<p class=\"\">La presencia de Comandos en territorio ecuatoriano es reciente. A mediados de 2024 ocurrieron cinco masacres en la provincia de Orellana. Las autoridades las atribuyeron a\u00a0<a title=\"https:\/\/elpais.com\/america\/amazonia-sin-fronteras\/2024-11-29\/los-grupos-narcotraficantes-de-colombia-y-ecuador-se-enfrentan-en-la-frontera-amazonica-por-el-negocio-de-la-coca.html\" href=\"https:\/\/elpais.com\/america\/amazonia-sin-fronteras\/2024-11-29\/los-grupos-narcotraficantes-de-colombia-y-ecuador-se-enfrentan-en-la-frontera-amazonica-por-el-negocio-de-la-coca.html\" target=\"_self\" rel=\"\" data-link-track-dtm=\"\" data-mrf-link=\"https:\/\/elpais.com\/america\/amazonia-sin-fronteras\/2024-11-29\/los-grupos-narcotraficantes-de-colombia-y-ecuador-se-enfrentan-en-la-frontera-amazonica-por-el-negocio-de-la-coca.html\">las disputas entre los Comandos y Los Choneros<\/a>, la banda criminal ecuatoriana con ra\u00edces en el cartel de Sinaloa. La que parec\u00eda ser una relaci\u00f3n pac\u00edfica entre los dos grupos ilegales dio paso a una guerra en la que los Comandos han demostrado un poder armado que se ha reflejado en un control social f\u00e9rreo sobre las comunidades fronterizas. Habitantes de Sucumb\u00edos y Orellana denuncian que los Comandos han impuesto reglas sobre el comercio transfronterizo, restringen las ventas y castigan con trabajos forzados o multas a quienes no obedecen. En ese clima, la desconfianza se ha profundizado: muchos evitan hablar del tema o borran mensajes en sus tel\u00e9fonos para evitar cualquier se\u00f1alamiento. El grupo ha aprovechado los vac\u00edos institucionales en su disputa por las econom\u00edas ilegales de la frontera.<\/p>\n<h3 class=\"\">Redes transnacionales<\/h3>\n<p class=\"\">Ante ello, las autoridades ecuatorianas han buscado reaccionar. Uno de los golpes m\u00e1s contundentes fue la captura en Emiratos \u00c1rabes Unidos de Roberto Carlos \u00c1lvarez Guerra, \u201cel Gerente\u201d, y quien, seg\u00fan las fuentes oficiales, dirig\u00eda una red que transformaba millones de d\u00f3lares del narcotr\u00e1fico, la miner\u00eda ilegal y la extorsi\u00f3n en negocios aparentemente legales, mientras a sus espaldas se acumulaban cad\u00e1veres de polic\u00edas, militares y civiles. Durante once meses, agentes de investigaci\u00f3n siguieron el rastro del dinero hasta dar con el coraz\u00f3n financiero de los Comandos en Ecuador.<\/p>\n<p class=\"\">Seg\u00fan el Ministerio del Interior de ese pa\u00eds, el grupo ha blanqueado m\u00e1s de 313 millones de d\u00f3lares desde 2015. El resultado fue el operativo Frontera Norte 2, que en la madrugada del 9 de septiembre consisti\u00f3 en 68 allanamientos sobre bienes valorados en 51 millones de d\u00f3lares. Arroj\u00f3 tambi\u00e9n 15 personas detenidas, que se suman a otras 25 previamente capturadas en otros operativos de la acci\u00f3n contra la red de \u00c1lvarez, incluidos sus hijos Kerly y Carlos \u00c1lvarez, sentenciados a 13 a\u00f1os de prisi\u00f3n por delincuencia organizada con fines de tr\u00e1fico de drogas, armas y lavado de activos.<\/p>\n<p class=\"\">En toda la investigaci\u00f3n, las autoridades ecuatorianas han encontrado un mapa de corrupci\u00f3n que conecta oficinas de papel en al menos siete provincias del pa\u00eds con cuentas en Colombia y Espa\u00f1a. Se trata de un sofisticado entramado de compa\u00f1\u00edas agr\u00edcolas, constructoras, ferreter\u00edas, firmas de transporte, bodegas y distribuidoras de combustible. El esquema tambi\u00e9n inclu\u00eda haciendas, cabezas de ganado, caballos de paso fino, veh\u00edculos de alta gama y departamentos de lujo: una fachada pulida que camuflaba una importante maquinaria criminal. Bajo fachadas legales, \u00c1lvarez hab\u00eda extendido su robusta plataforma de lavado de dinero por las provincias clave en la ruta del narcotr\u00e1fico, donde la violencia golpea a diario a la gente. En el transcurso de un a\u00f1o, la operaci\u00f3n dej\u00f3 cerca de 40 detenidos. \u201cEl Gerente\u201d, ha sido procesado y espera su extradici\u00f3n desde Abu Dabi.<\/p>\n<p class=\"\">Para el bloque de seguridad del Gobierno ecuatoriano, \u00c1lvarez no solo es un financista, sino un jefe criminal. Lo se\u00f1alan por haber ordenado la emboscada de Alto Punino, que ocurri\u00f3 justo cuando se iniciaba en Quito la audiencia de juicio contra sus hijos. La presi\u00f3n de los Comandos alcanz\u00f3 a los jueces del caso, quienes fueron investigados por la Fiscal\u00eda tras encontrar indicios de que intentaron liberar a los implicados. Tambi\u00e9n se hallaron se\u00f1ales de presunto enriquecimiento il\u00edcito.<\/p>\n<p class=\"\">Pero la situaci\u00f3n es dif\u00edcil de manejar. Una alerta de oeneg\u00e9s colombianas que lleg\u00f3 hasta la Comisi\u00f3n Interamericana de Derechos Humanos en septiembre pasado advierte que entre el 70% y el 80% de la coca\u00edna que sale del sur de Colombia, se transporta despu\u00e9s por el Ecuador, con destino al oc\u00e9ano Pac\u00edfico o a Brasil. Son rutas lucrativas, que Comandos busca controlar con su caracter\u00edstico enganche por contratos con hombres en armas que reciben pagos que van desde los 2 millones de pesos colombianos (500 d\u00f3lares) para los m\u00e1s rasos hasta los $15 millones de pesos (2.500 d\u00f3lares) para los mandos medios.<\/p>\n<p class=\"\">M\u00e1s all\u00e1 de su presencia militar, lo m\u00e1s dif\u00edcil de rastrear para las autoridades ha sido sus negocios de lavado de dinero. Carlos Fern\u00e1ndez, de Amazon Frontlines, concuerda en que en el lado colombiano, <a title=\"https:\/\/elpais.com\/america-colombia\/2025-08-17\/amazonia-bajo-amenaza-ni-solo-narcotrafico-ni-solo-grupos-armados.html\" href=\"https:\/\/elpais.com\/america-colombia\/2025-08-17\/amazonia-bajo-amenaza-ni-solo-narcotrafico-ni-solo-grupos-armados.html\" target=\"_self\" rel=\"\" data-link-track-dtm=\"\" data-mrf-link=\"https:\/\/elpais.com\/america-colombia\/2025-08-17\/amazonia-bajo-amenaza-ni-solo-narcotrafico-ni-solo-grupos-armados.html\">espec\u00edficamente en Puerto As\u00eds y Puerto Legu\u00edzamo<\/a>, \u201ctienen una red de restaurantes, casinos, hoteles, empresas de transporte y hasta oeneg\u00e9s que se sabe que contribuyen con ellos, no solo para mantener el control de la gente, sino para blanquear capitales\u201d. Pese a ello, no se ha hecho un operativo como el reciente en Ecuador y varios de sus principales comandantes han sido nombrados como gestores de paz por el Gobierno colombiano.<\/p>\n<p class=\"\">Armando Novoa, el jefe de la delegaci\u00f3n estatal en esa mesa, ha dicho recientemente que los intentos por consolidar la paz con la Coordinadora Nacional del Ej\u00e9rcito Bolivariano, de la que hacen parte los Comandos, est\u00e1n en vilo. \u201cSi se llegara a verificar la responsabilidad directa de Comandos de la Frontera [en los intentos por incinerar vivos a los militares], el jefe de la delegaci\u00f3n le recomendar\u00eda al se\u00f1or Consejero de Paz que la mesa se levante y que el se\u00f1or Presidente decida en \u00faltima instancia si esa mesa debe continuar\u201d. Mientras tanto, el grupo m\u00e1s poderoso de la Amazonia colombiana aumenta su poder del otro lado de la frontera que le da su nombre.<\/p>\n<\/div>\n<\/div>\n<\/div>\n<\/div>\n","protected":false},"excerpt":{"rendered":"<p>&nbsp; &nbsp; &#8211; Los dos gobiernos, y el de Per\u00fa, emprenden acciones conjuntas de inteligencia para combatir el crimen en la regi\u00f3n amaz\u00f3nica. Ecuador ha&hellip;<\/p>\n","protected":false},"author":99,"featured_media":536018,"comment_status":"open","ping_status":"open","sticky":false,"template":"","format":"standard","meta":{"footnotes":""},"categories":[23],"tags":[],"class_list":["post-536017","post","type-post","status-publish","format-standard","has-post-thumbnail","hentry","category-latinoamerica"],"_links":{"self":[{"href":"https:\/\/diarioelpopular.com\/index.php\/wp-json\/wp\/v2\/posts\/536017","targetHints":{"allow":["GET"]}}],"collection":[{"href":"https:\/\/diarioelpopular.com\/index.php\/wp-json\/wp\/v2\/posts"}],"about":[{"href":"https:\/\/diarioelpopular.com\/index.php\/wp-json\/wp\/v2\/types\/post"}],"author":[{"embeddable":true,"href":"https:\/\/diarioelpopular.com\/index.php\/wp-json\/wp\/v2\/users\/99"}],"replies":[{"embeddable":true,"href":"https:\/\/diarioelpopular.com\/index.php\/wp-json\/wp\/v2\/comments?post=536017"}],"version-history":[{"count":1,"href":"https:\/\/diarioelpopular.com\/index.php\/wp-json\/wp\/v2\/posts\/536017\/revisions"}],"predecessor-version":[{"id":536019,"href":"https:\/\/diarioelpopular.com\/index.php\/wp-json\/wp\/v2\/posts\/536017\/revisions\/536019"}],"wp:featuredmedia":[{"embeddable":true,"href":"https:\/\/diarioelpopular.com\/index.php\/wp-json\/wp\/v2\/media\/536018"}],"wp:attachment":[{"href":"https:\/\/diarioelpopular.com\/index.php\/wp-json\/wp\/v2\/media?parent=536017"}],"wp:term":[{"taxonomy":"category","embeddable":true,"href":"https:\/\/diarioelpopular.com\/index.php\/wp-json\/wp\/v2\/categories?post=536017"},{"taxonomy":"post_tag","embeddable":true,"href":"https:\/\/diarioelpopular.com\/index.php\/wp-json\/wp\/v2\/tags?post=536017"}],"curies":[{"name":"wp","href":"https:\/\/api.w.org\/{rel}","templated":true}]}}