{"id":536020,"date":"2025-09-14T11:44:20","date_gmt":"2025-09-14T15:44:20","guid":{"rendered":"https:\/\/diarioelpopular.com\/?p=536020"},"modified":"2025-09-14T11:44:20","modified_gmt":"2025-09-14T15:44:20","slug":"un-coyote-grabo-a-23-migrantes-en-chiapas-despues-todos-desaparecieron","status":"publish","type":"post","link":"https:\/\/diarioelpopular.com\/index.php\/2025\/09\/14\/un-coyote-grabo-a-23-migrantes-en-chiapas-despues-todos-desaparecieron\/","title":{"rendered":"Un coyote grab\u00f3 a 23 migrantes en Chiapas. Despu\u00e9s, todos desaparecieron"},"content":{"rendered":"<p><img loading=\"lazy\" decoding=\"async\" class=\"alignnone size-custom-big-size wp-image-536021\" src=\"https:\/\/diarioelpopular.com\/wp-content\/uploads\/2025\/09\/Screen-Shot-2025-09-14-at-11.40.51-AM-1200x705.png\" alt=\"\" width=\"1200\" height=\"705\" srcset=\"https:\/\/diarioelpopular.com\/wp-content\/uploads\/2025\/09\/Screen-Shot-2025-09-14-at-11.40.51-AM-1200x705.png 1200w, https:\/\/diarioelpopular.com\/wp-content\/uploads\/2025\/09\/Screen-Shot-2025-09-14-at-11.40.51-AM-300x176.png 300w, https:\/\/diarioelpopular.com\/wp-content\/uploads\/2025\/09\/Screen-Shot-2025-09-14-at-11.40.51-AM-768x451.png 768w, https:\/\/diarioelpopular.com\/wp-content\/uploads\/2025\/09\/Screen-Shot-2025-09-14-at-11.40.51-AM-1536x903.png 1536w, https:\/\/diarioelpopular.com\/wp-content\/uploads\/2025\/09\/Screen-Shot-2025-09-14-at-11.40.51-AM-636x374.png 636w, https:\/\/diarioelpopular.com\/wp-content\/uploads\/2025\/09\/Screen-Shot-2025-09-14-at-11.40.51-AM-124x73.png 124w, https:\/\/diarioelpopular.com\/wp-content\/uploads\/2025\/09\/Screen-Shot-2025-09-14-at-11.40.51-AM.png 1024w\" sizes=\"auto, (max-width: 1200px) 100vw, 1200px\" \/><\/p>\n<p>&nbsp;<\/p>\n<h4 class=\"a_st\"><em>&#8211; Un grupo procedente de Ecuador, Rep\u00fablica Dominicana, Jordania y Venezuela se esfum\u00f3 el 5 de septiembre de 2024 en la costa mexicana. Las familias han recibido el aviso de que fueron secuestradas. Tres meses despu\u00e9s, en el mismo lugar, se perdi\u00f3 el rastro de otros 40 migrantes. Las autoridades de M\u00e9xico todav\u00eda no han empezado a buscarlos<\/em><\/h4>\n<p>&nbsp;<\/p>\n<p class=\"\">Salen todos, formados en dos l\u00edneas, mirando de frente. El coyote les apunta con el celular y anuncia: \u201cEstos clientes ya est\u00e1n listos para salir a la ciudad de Juchit\u00e1n y continuar su camino a la Ciudad de M\u00e9xico\u201d.<\/p>\n<p class=\"\">El video termina con la misma pregunta que terminan todos los traficantes de personas: \u201c\u00bfTodo bien, se\u00f1ores?\u201d. Algunos contestan, otros levantan el pulgar. Es la \u00faltima grabaci\u00f3n. Despu\u00e9s de esos 17 segundos, se pierde todo rastro de las 23 personas que aparecen en la imagen: cinco son ni\u00f1os.<\/p>\n<p class=\"\">Es el 5 de septiembre de 2024, en la costa de Chiapas, al sur de M\u00e9xico. El grupo, procedente de Ecuador, Rep\u00fablica Dominicana, Jordania y Venezuela, lleva un par de d\u00edas esperando en una casa de seguridad en Puerto Madero, a unos 40 kil\u00f3metros de la frontera con Guatemala. Deben montarse en una lancha con destino a Oaxaca; la traves\u00eda durar\u00eda \u2014dicen a sus familias\u2014 unas nueve horas. En cambio, ha pasado m\u00e1s de un a\u00f1o. No hay todav\u00eda ninguna pista de ellos. Solo se sabe que tres meses despu\u00e9s, en ese mismo trozo de costa,\u00a0<a title=\"https:\/\/elpais.com\/mexico\/2025-06-22\/anatomia-de-una-desaparicion-masiva-en-mexico-mama-cai-en-manos-de-la-mafia.html\" href=\"https:\/\/elpais.com\/mexico\/2025-06-22\/anatomia-de-una-desaparicion-masiva-en-mexico-mama-cai-en-manos-de-la-mafia.html\" target=\"_self\" rel=\"\" data-link-track-dtm=\"\" data-mrf-link=\"https:\/\/elpais.com\/mexico\/2025-06-22\/anatomia-de-una-desaparicion-masiva-en-mexico-mama-cai-en-manos-de-la-mafia.html\">otros 40 migrantes se perder\u00edan<\/a> tras montarse tambi\u00e9n en unas lanchas hacia el mismo destino. Mientras M\u00e9xico se mantiene ajeno, una serie de desapariciones masivas est\u00e1 marcando su tierra.<\/p>\n<p class=\"\">\u201cMi esposo es el m\u00e1s bajito del video, el tercero a mano izquierda\u201d, dice en una videollamada Alma P\u00e9rez sobre Luis \u00c1ngel Su\u00e1rez, originario de Maracaibo (Venezuela). Debajo de Luis est\u00e1 Myriam Godos con su hijo Julio Cobos, de entonces 13 a\u00f1os, ambos de Machala (Ecuador). Charlotte Gonz\u00e1lez, de seis a\u00f1os, con trencitas y mochila rosa, tiene su mano apoyada en Julio, y detr\u00e1s de su madre, Camila Villa. Las dos son de Rep\u00fablica Dominicana, como Rafaela Ferm\u00edn y Juan Sebasti\u00e1n Mart\u00ednez: \u201cMi hijo es el de <i>t-shirt<\/i>\u00a0negra, sentado en el piso, adelante\u201d, dice Mar\u00eda Sof\u00eda Acevedo al otro lado de la pantalla. Desde Jordania, Lubna identifica con un c\u00edrculo verde a su hermano Mohammad Ali y con uno morado al otro compa\u00f1ero de viaje, Mohammad Sobh. Cierran los lados del grupo, los familiares de Mayra: a la izquierda, est\u00e1 Silvia Obando con su hijo Jared Calvache, de 14 a\u00f1os; y a la derecha, su otro hijo, Alejandro Calvache, de 15, y su esposo, \u201cun se\u00f1or gordito con una camiseta azul\u201d, Jorge Calvache. Los cuatro llegaron desde Guayaquil, en Ecuador, hasta esta enramada en el Pac\u00edfico. En cada entrevista, estas madres y hermanas insisten: \u201cSolo quer\u00edan una vida mejor\u201d.<\/p>\n<p class=\"\">Todos compart\u00edan lugar de destino. Estados Unidos parec\u00eda entonces,\u00a0<a title=\"https:\/\/elpais.com\/us\/migracion\/2025-02-09\/el-racismo-en-la-era-trump-no-hables-ese-espanol-de-mierda-en-mi-pais.html\" href=\"https:\/\/elpais.com\/us\/migracion\/2025-02-09\/el-racismo-en-la-era-trump-no-hables-ese-espanol-de-mierda-en-mi-pais.html\" target=\"_self\" rel=\"\" data-link-track-dtm=\"\" data-mrf-link=\"https:\/\/elpais.com\/us\/migracion\/2025-02-09\/el-racismo-en-la-era-trump-no-hables-ese-espanol-de-mierda-en-mi-pais.html\">antes del regreso de Donald Trump a la Casa Blanca<\/a>, un amuleto frente a las extorsiones, la violencia y la pobreza de sus pa\u00edses. La ruta se les parti\u00f3 en M\u00e9xico. Ninguna familia ha conseguido que las autoridades del pa\u00eds comiencen a buscarlos. La mayor\u00eda no ha podido ni siquiera poner una denuncia en unas fiscal\u00edas rebasadas ante <a title=\"https:\/\/elpais.com\/mexico\/2025-03-23\/mexico-el-pais-que-desaparece-sin-rastro-de-125000-personas.html\" href=\"https:\/\/elpais.com\/mexico\/2025-03-23\/mexico-el-pais-que-desaparece-sin-rastro-de-125000-personas.html\" target=\"_self\" rel=\"\" data-link-track-dtm=\"\" data-mrf-link=\"https:\/\/elpais.com\/mexico\/2025-03-23\/mexico-el-pais-que-desaparece-sin-rastro-de-125000-personas.html\">una crisis de 133.000 personas sin localizar<\/a>. Muchas de estas mujeres, al cierre de este reportaje, siguen batallando con la Comisi\u00f3n Nacional de B\u00fasqueda para que les compartan, al menos, una ficha de b\u00fasqueda, un registro que pruebe que estas 23 personas existieron, que pasaron por M\u00e9xico y que aqu\u00ed desaparecieron.<\/p>\n<h3 class=\"\">El sello de Julio<\/h3>\n<p class=\"\">En una peque\u00f1a fiesta de despedida, Julio Cobos baila con su madre al ritmo de una cumbia. Ambos van a empezar el 30 de agosto una ruta que los sacar\u00e1 de Ecuador y los llevar\u00e1 por Per\u00fa, El Salvador y Guatemala antes de llegar a M\u00e9xico. Tres d\u00edas m\u00e1s tarde, la expresi\u00f3n de este ni\u00f1o estudioso y fan del Orense, el club de f\u00fatbol de su ciudad, ya es otra. Julio, que bailaba en el jard\u00edn de su casa con los brazos arriba, ense\u00f1a ahora serio el sello negro que los coyotes le han puesto para entrar en Tapachula. Esta ciudad fronteriza fue\u00a0<a title=\"https:\/\/elpais.com\/mexico\/2021-09-12\/el-laberinto-de-tapachula-una-carcel-a-cielo-abierto-en-la-frontera-sur.html\" href=\"https:\/\/elpais.com\/mexico\/2021-09-12\/el-laberinto-de-tapachula-una-carcel-a-cielo-abierto-en-la-frontera-sur.html\" target=\"_self\" rel=\"\" data-link-track-dtm=\"\" data-mrf-link=\"https:\/\/elpais.com\/mexico\/2021-09-12\/el-laberinto-de-tapachula-una-carcel-a-cielo-abierto-en-la-frontera-sur.html\">una c\u00e1rcel a cielo abierto<\/a>\u00a0en los momentos m\u00e1s duros de la estampida migratoria y ahora se ha convertido en una especie de centro de distribuci\u00f3n para los grupos del crimen organizado. Desde aqu\u00ed env\u00edan a los migrantes, a las armas y a la droga hacia el norte por distintas rutas; la mayor\u00eda terrestres, pero otras son mar\u00edtimas.<\/p>\n<div class=\"raw_html\">\n<div>\n<section class=\"news-grid\" aria-labelledby=\"grid-titulo\">\n<div class=\"wrap\">\n<p class=\"\">Hace un par de a\u00f1os que el Cartel de Sinaloa \u2014ya dividido all\u00ed en dos facciones\u2014 y el Cartel Jalisco Nueva Generaci\u00f3n (CJNG) <a title=\"https:\/\/elpais.com\/mexico\/2024-04-14\/chiapas-territorio-tomado.html\" href=\"https:\/\/elpais.com\/mexico\/2024-04-14\/chiapas-territorio-tomado.html\" target=\"_self\" rel=\"\" data-link-track-dtm=\"\" data-mrf-link=\"https:\/\/elpais.com\/mexico\/2024-04-14\/chiapas-territorio-tomado.html\">matan, secuestran y extorsionan por el control de este lucrativo trozo de tierra<\/a>. Aqu\u00ed los migrantes son presa y trofeo. De ah\u00ed los sellos y las marcas, que diferencian qui\u00e9n ha pagado su pase y qui\u00e9n todav\u00eda puede ser encerrado. Tambi\u00e9n se lo grabaron en tinta a la familia Calvache Obando. Silvia, Jorge, Alejandro y Jared tuvieron que salirse de Guayaquil por \u201clas vacunas\u201d. \u201cMi t\u00eda hab\u00eda puesto una peque\u00f1a despensa, una tienda en su casa y comenzaron a pedirle dinero a diario para\u00a0<i>resguardarla<\/i>\u201d, explica Mayra: \u201c<a title=\"https:\/\/elpais.com\/america\/2025-06-02\/ecuador-el-tercer-pais-de-america-latina-con-mas-desplazados-internos-por-la-violencia.html\" href=\"https:\/\/elpais.com\/america\/2025-06-02\/ecuador-el-tercer-pais-de-america-latina-con-mas-desplazados-internos-por-la-violencia.html\" target=\"_self\" rel=\"\" data-link-track-dtm=\"\" data-mrf-link=\"https:\/\/elpais.com\/america\/2025-06-02\/ecuador-el-tercer-pais-de-america-latina-con-mas-desplazados-internos-por-la-violencia.html\">Esa extorsi\u00f3n ya es una situaci\u00f3n t\u00edpica en Ecuador<\/a>\u201d. Adem\u00e1s, el hijo mayor estaba enfrentando una situaci\u00f3n de acoso sexual, por la que ya hab\u00eda sido amenazado. Ante el asedio de la violencia, los cuatro pensaron que lo mejor era irse a Estados Unidos, donde viv\u00eda una parte de la familia. Pero antes ten\u00edan que cruzar M\u00e9xico.<\/p>\n<p class=\"\">El 3 de septiembre de 2024, un coyote, identificado como JR, los llev\u00f3 hasta \u201cuna casa playera\u201d, situada en Puerto Madero. \u201cEra una casa muy grande, hab\u00eda puras hamacas y se turnaban para dormir. Ah\u00ed llegaba mucha gente de diferentes pa\u00edses, ese lugar era el punto de concentraci\u00f3n\u201d, resume Mayra, \u201cno pod\u00edan salir en la ruta hasta que se reuniera cierta cantidad de personas, porque llegaban con varios gu\u00edas y ten\u00edan que esperar hasta que estuviera el grupo armado\u201d.<\/p>\n<p class=\"\">A esa finca llegaron tambi\u00e9n Camila Villa, de 27 a\u00f1os, y su hija Charlotte, que ven\u00edan desde Tenares, de Rep\u00fablica Dominicana, donde la mujer trabajaba de secretaria en el ayuntamiento. \u201cMi hermana ten\u00eda un buen trabajo, pero su esposo estaba en Estados Unidos\u201d, explica Rosa Villa, que a\u00f1ade que la joven ten\u00eda prisa por ir a ayudar a su familia: \u201cEs la que m\u00e1s se preocupa por nosotros. Es muy amable, cari\u00f1osa, muy atenta. Se daba a querer con todo el mundo\u201d. En la espera de Puerto Madero se encontr\u00f3 a Juan Sebasti\u00e1n Mart\u00ednez, de 25 a\u00f1os, tambi\u00e9n dominicano, tambi\u00e9n iba a reunirse con su esposa en EE UU. \u201c\u00c9l me cont\u00f3 que estaba con m\u00e1s personas, me habl\u00f3 de una ni\u00f1a y una muchacha de Tenares, que ellos estaban conversando mucho, que se hab\u00edan hecho amigos, pero que \u00e9l estaba, como quiera, asustado\u201d, apunta su madre, Mar\u00eda Sof\u00eda Acevedo.<\/p>\n<p class=\"\">Los \u00faltimos en llegar al grupo fueron los jordanos. Mohammad Ali y Mohammad Sobh salieron el 23 de agosto desde Zarqa, una ciudad muy cerca de la frontera con Israel. Despu\u00e9s de una ruta de m\u00e1s de 12.000 kil\u00f3metros, que implic\u00f3 cinco pa\u00edses europeos y latinoamericanos, llegaron el 1 de septiembre a Tapachula. \u201cMi hermano me dijo que la ciudad no era segura, que era todo muy complicado, que la comida que les daban no estaba bien\u201d, cuenta Lubna Ali por WhatsApp: \u201c\u00c9l no pensaba que M\u00e9xico fuera as\u00ed,\u00a0<a title=\"https:\/\/elpais.com\/mexico\/2023-04-02\/encerrados-con-las-llamas-son-un-chingo-de-migrantes-como-van-a-salir.html\" href=\"https:\/\/elpais.com\/mexico\/2023-04-02\/encerrados-con-las-llamas-son-un-chingo-de-migrantes-como-van-a-salir.html\" target=\"_self\" rel=\"\" data-link-track-dtm=\"\" data-mrf-link=\"https:\/\/elpais.com\/mexico\/2023-04-02\/encerrados-con-las-llamas-son-un-chingo-de-migrantes-como-van-a-salir.html\">hab\u00eda o\u00eddo muchas cosas del pa\u00eds<\/a>, pero no se lo esperaba\u201d.<\/p>\n<div class=\"raw_html\">\n<div>\n<section id=\"primeraImagen\" class=\"init_js_scroll gridcontainerDemo\">\n<div class=\"main_scroll\">\n<div class=\"bl-figure\"><\/div>\n<\/div>\n<\/section>\n<\/div>\n<\/div>\n<\/div>\n<\/section>\n<\/div>\n<\/div>\n","protected":false},"excerpt":{"rendered":"<p>&nbsp; &#8211; Un grupo procedente de Ecuador, Rep\u00fablica Dominicana, Jordania y Venezuela se esfum\u00f3 el 5 de septiembre de 2024 en la costa mexicana. Las&hellip;<\/p>\n","protected":false},"author":99,"featured_media":536021,"comment_status":"open","ping_status":"open","sticky":false,"template":"","format":"standard","meta":{"footnotes":""},"categories":[23],"tags":[],"class_list":["post-536020","post","type-post","status-publish","format-standard","has-post-thumbnail","hentry","category-latinoamerica"],"_links":{"self":[{"href":"https:\/\/diarioelpopular.com\/index.php\/wp-json\/wp\/v2\/posts\/536020","targetHints":{"allow":["GET"]}}],"collection":[{"href":"https:\/\/diarioelpopular.com\/index.php\/wp-json\/wp\/v2\/posts"}],"about":[{"href":"https:\/\/diarioelpopular.com\/index.php\/wp-json\/wp\/v2\/types\/post"}],"author":[{"embeddable":true,"href":"https:\/\/diarioelpopular.com\/index.php\/wp-json\/wp\/v2\/users\/99"}],"replies":[{"embeddable":true,"href":"https:\/\/diarioelpopular.com\/index.php\/wp-json\/wp\/v2\/comments?post=536020"}],"version-history":[{"count":1,"href":"https:\/\/diarioelpopular.com\/index.php\/wp-json\/wp\/v2\/posts\/536020\/revisions"}],"predecessor-version":[{"id":536022,"href":"https:\/\/diarioelpopular.com\/index.php\/wp-json\/wp\/v2\/posts\/536020\/revisions\/536022"}],"wp:featuredmedia":[{"embeddable":true,"href":"https:\/\/diarioelpopular.com\/index.php\/wp-json\/wp\/v2\/media\/536021"}],"wp:attachment":[{"href":"https:\/\/diarioelpopular.com\/index.php\/wp-json\/wp\/v2\/media?parent=536020"}],"wp:term":[{"taxonomy":"category","embeddable":true,"href":"https:\/\/diarioelpopular.com\/index.php\/wp-json\/wp\/v2\/categories?post=536020"},{"taxonomy":"post_tag","embeddable":true,"href":"https:\/\/diarioelpopular.com\/index.php\/wp-json\/wp\/v2\/tags?post=536020"}],"curies":[{"name":"wp","href":"https:\/\/api.w.org\/{rel}","templated":true}]}}