{"id":536024,"date":"2025-09-14T12:06:25","date_gmt":"2025-09-14T16:06:25","guid":{"rendered":"https:\/\/diarioelpopular.com\/?p=536024"},"modified":"2025-09-14T12:06:25","modified_gmt":"2025-09-14T16:06:25","slug":"el-asesinato-de-charlie-kirk-pone-a-estados-unidos-ante-el-espejo-de-su-fractura","status":"publish","type":"post","link":"https:\/\/diarioelpopular.com\/index.php\/2025\/09\/14\/el-asesinato-de-charlie-kirk-pone-a-estados-unidos-ante-el-espejo-de-su-fractura\/","title":{"rendered":"El asesinato de Charlie Kirk pone a Estados Unidos ante el espejo de su fractura"},"content":{"rendered":"<div id=\"attachment_536025\" style=\"width: 1210px\" class=\"wp-caption alignnone\"><img loading=\"lazy\" decoding=\"async\" aria-describedby=\"caption-attachment-536025\" class=\"wp-image-536025 size-custom-big-size\" src=\"https:\/\/diarioelpopular.com\/wp-content\/uploads\/2025\/09\/Screen-Shot-2025-09-14-at-12.05.41-PM-1200x553.png\" alt=\"\" width=\"1200\" height=\"553\" srcset=\"https:\/\/diarioelpopular.com\/wp-content\/uploads\/2025\/09\/Screen-Shot-2025-09-14-at-12.05.41-PM-1200x553.png 1200w, https:\/\/diarioelpopular.com\/wp-content\/uploads\/2025\/09\/Screen-Shot-2025-09-14-at-12.05.41-PM-300x138.png 300w, https:\/\/diarioelpopular.com\/wp-content\/uploads\/2025\/09\/Screen-Shot-2025-09-14-at-12.05.41-PM-768x354.png 768w, https:\/\/diarioelpopular.com\/wp-content\/uploads\/2025\/09\/Screen-Shot-2025-09-14-at-12.05.41-PM-1536x707.png 1536w, https:\/\/diarioelpopular.com\/wp-content\/uploads\/2025\/09\/Screen-Shot-2025-09-14-at-12.05.41-PM-636x293.png 636w, https:\/\/diarioelpopular.com\/wp-content\/uploads\/2025\/09\/Screen-Shot-2025-09-14-at-12.05.41-PM-146x67.png 146w, https:\/\/diarioelpopular.com\/wp-content\/uploads\/2025\/09\/Screen-Shot-2025-09-14-at-12.05.41-PM.png 1024w\" sizes=\"auto, (max-width: 1200px) 100vw, 1200px\" \/><p id=\"caption-attachment-536025\" class=\"wp-caption-text\">Vigilia por Charlie Kirk en Provo, Utah, el 12 de septiembre de 2025. Foto: Lindsey Wasson\/AP<\/p><\/div>\n<p>&nbsp;<\/p>\n<p>&nbsp;<\/p>\n<h4 class=\"a_st\"><em>&#8211; La muerte del aliado de Trump, para el que se prepara un multitudinario funeral, atiza el enfrentamiento ideol\u00f3gico entre republicanos y dem\u00f3cratas<\/em><\/h4>\n<p>&nbsp;<\/p>\n<p class=\"\">En una de las cumbres del arte estadounidense de la ret\u00f3rica, el presidente Abraham Lincoln llam\u00f3 a la reconciliaci\u00f3n del pa\u00eds en el discurso de su primera toma de posesi\u00f3n, en 1861, invocando una poderosa imagen: \u201cLas cuerdas m\u00edsticas del recuerdo\u201d de lo que una vez uni\u00f3 a sus compatriotas, dijo, volver\u00e1n a sonar \u201ccuando sean tocadas por los mejores \u00e1ngeles de nuestra naturaleza\u201d. Cinco semanas despu\u00e9s, estall\u00f3 la Guerra de Secesi\u00f3n. En 1865, Lincoln inaugur\u00f3 la lista de los cuatro presidentes que han sido asesinados en la historia de Estados Unidos.<\/p>\n<p class=\"\">El discurso con el que Donald Trump asumi\u00f3 por primera vez la presidencia en 2017 ser\u00e1 recordado por su ret\u00f3rica sombr\u00eda y por dos palabras: aquel era el d\u00eda, prometi\u00f3 con el mismo tono apocal\u00edptico que hab\u00eda empleado en la campa\u00f1a,\u00a0<a title=\"https:\/\/elpais.com\/internacional\/2017\/01\/28\/estados_unidos\/1485642013_978610.html\" href=\"https:\/\/elpais.com\/internacional\/2017\/01\/28\/estados_unidos\/1485642013_978610.html\" target=\"_blank\" rel=\"noopener noreferrer\" data-link-track-dtm=\"\" data-mrf-link=\"https:\/\/elpais.com\/internacional\/2017\/01\/28\/estados_unidos\/1485642013_978610.html\">en el que terminaba \u201cla carnicer\u00eda americana\u201d.<\/a><\/p>\n<p class=\"\">Este viernes, los \u201cmejores \u00e1ngeles\u201d de Lincoln fueron invocados por el gobernador de Utah, Spencer Cox. Lo hizo en la conferencia de prensa en la que confirm\u00f3 que el presunto asesino del activista ultraconservador y l\u00edder MAGA Charlie Kirk, un muchacho de 22 a\u00f1os\u00a0<a title=\"https:\/\/elpais.com\/internacional\/2025-09-13\/huida-captura-y-enigmas-del-presunto-asesino-que-avivo-la-llama-de-la-violencia-politica-en-estados-unidos.html\" href=\"https:\/\/elpais.com\/internacional\/2025-09-13\/huida-captura-y-enigmas-del-presunto-asesino-que-avivo-la-llama-de-la-violencia-politica-en-estados-unidos.html\" target=\"_blank\" rel=\"noopener noreferrer\" data-link-track-dtm=\"\" data-mrf-link=\"https:\/\/elpais.com\/internacional\/2025-09-13\/huida-captura-y-enigmas-del-presunto-asesino-que-avivo-la-llama-de-la-violencia-politica-en-estados-unidos.html\">llamado Tyler Robinson, se hab\u00eda entregado.<\/a><\/p>\n<p class=\"\">Cox, que llam\u00f3 a la reconciliaci\u00f3n y advirti\u00f3 contra el \u201cc\u00e1ncer de las redes sociales\u201d, evoc\u00f3 a Lincoln aproximadamente una hora despu\u00e9s de que Trump, en Fox News, prometiera que la \u201cizquierda radical\u201d pagar\u00e1 por la muerte de Kirk, estrecho aliado suyo y pieza clave en su buen resultado electoral de 2024 entre los votantes j\u00f3venes. Tambi\u00e9n pidi\u00f3 la pena de muerte para el asesino y obvi\u00f3 a las v\u00edctimas dem\u00f3cratas del auge de la violencia pol\u00edtica que vive Estados Unidos en los \u00faltimos tiempos. En esa macabra lista se incluyen los dos intentos de asesinato a los que sobrevivi\u00f3 Trump el verano pasado.<\/p>\n<p class=\"\"><a title=\"https:\/\/elpais.com\/internacional\/2025-09-11\/el-asesinato-del-activista-trumpista-charlie-kirk-resucita-el-fantasma-de-la-violencia-politica-en-estados-unidos.html\" href=\"https:\/\/elpais.com\/internacional\/2025-09-11\/el-asesinato-del-activista-trumpista-charlie-kirk-resucita-el-fantasma-de-la-violencia-politica-en-estados-unidos.html\" target=\"_blank\" rel=\"noopener noreferrer\" data-link-track-dtm=\"\" data-mrf-link=\"https:\/\/elpais.com\/internacional\/2025-09-11\/el-asesinato-del-activista-trumpista-charlie-kirk-resucita-el-fantasma-de-la-violencia-politica-en-estados-unidos.html\">En uno de esos momentos de duelo que invitan a la unidad,<\/a> Trump y sus principales aliados optaron por convertirlo en un nuevo argumento para la persecuci\u00f3n pol\u00edtica de sus adversarios: anunciaron represalias contra la llamada \u201cizquierda radical\u201d \u2014en la que, seg\u00fan los primeros indicios, no militaba Robinson, criado en un hogar republicano y amante de las armas en Utah\u2014 y prometieron purgas de funcionarios, adem\u00e1s de amenazas a ciudadanos extranjeros que celebraran o justificaran la muerte de Kirk. El activista MAGA era una figura controvertida para sus cr\u00edticos por su defensa a ultranza del derecho a portar armas y por un discurso xen\u00f3fobo, islam\u00f3fobo y anti-LGTBIQ+, as\u00ed como por su militancia en un nacionalismo cristiano excluyente.<\/p>\n<h3 class=\"\">Millones de seguidores<\/h3>\n<p class=\"\">Era una figura tambi\u00e9n extraordinariamente influyente, no solo en Estados Unidos y no solo en vida: sus cuentas y las de Turning Point, la organizaci\u00f3n de proselitismo conservador que fund\u00f3 cuando solo ten\u00eda 18 a\u00f1os, han a\u00f1adido millones de seguidores desde que una bala disparada con un rifle de caza le alcanz\u00f3 en el cuello en mitad\u00a0<a title=\"https:\/\/elpais.com\/internacional\/2025-09-10\/quien-es-charlie-kirk-el-activista-conservador-asesinado-en-utah.html#?rel=mas\" href=\"https:\/\/elpais.com\/internacional\/2025-09-10\/quien-es-charlie-kirk-el-activista-conservador-asesinado-en-utah.html#?rel=mas\" target=\"_blank\" rel=\"noopener noreferrer\" data-link-track-dtm=\"\" data-mrf-link=\"https:\/\/elpais.com\/internacional\/2025-09-10\/quien-es-charlie-kirk-el-activista-conservador-asesinado-en-utah.html\">de un acto de debate al aire libre en el campus<\/a>\u00a0de la universidad de Utah Valley.<\/p>\n<p>&nbsp;<\/p>\n<figure class=\"a_m a_m-h \">\n<p><div style=\"width: 424px\" class=\"wp-caption alignnone\"><img loading=\"lazy\" decoding=\"async\" class=\"_re lazyload a_m-h\" src=\"https:\/\/imagenes.elpais.com\/resizer\/v2\/4U7WH6AULFPBND3XKDJVVH2YNE.jpg?auth=e8cdef146a1092011367520533ac0045b57a813e55ab4c2e82c165051a2f0964&amp;width=414\" sizes=\"auto, (min-width:1199px) 1155px,(min-width:1001px) calc(100vw - 44px),(min-width:768px) 767px, 100vw\" srcset=\"https:\/\/imagenes.elpais.com\/resizer\/v2\/4U7WH6AULFPBND3XKDJVVH2YNE.jpg?auth=e8cdef146a1092011367520533ac0045b57a813e55ab4c2e82c165051a2f0964&amp;width=414 414w,https:\/\/imagenes.elpais.com\/resizer\/v2\/4U7WH6AULFPBND3XKDJVVH2YNE.jpg?auth=e8cdef146a1092011367520533ac0045b57a813e55ab4c2e82c165051a2f0964&amp;width=828 640w,https:\/\/imagenes.elpais.com\/resizer\/v2\/4U7WH6AULFPBND3XKDJVVH2YNE.jpg?auth=e8cdef146a1092011367520533ac0045b57a813e55ab4c2e82c165051a2f0964&amp;width=980 1000w,https:\/\/imagenes.elpais.com\/resizer\/v2\/4U7WH6AULFPBND3XKDJVVH2YNE.jpg?auth=e8cdef146a1092011367520533ac0045b57a813e55ab4c2e82c165051a2f0964&amp;width=1960 1960w\" alt=\"Erika Kirk, durante su mensaje publicado el 12 de septiembre 2025. \" width=\"414\" height=\"239\" \/><p class=\"wp-caption-text\">Erika Kirk, durante su mensaje publicado el 12 de septiembre de 2025. Foto Turning Point USA (EFE)<\/p><\/div><figcaption class=\"a_m_p\" aria-hidden=\"true\"><\/figcaption><\/figure>\n<p>&nbsp;<\/p>\n<p class=\"\">Su viuda, Erika Kirk, record\u00f3 a su marido este viernes con un discurso en el que extendi\u00f3 la culpa m\u00e1s all\u00e1 de Robinson, quien, seg\u00fan las autoridades, actu\u00f3 en solitario. Dijo que \u201clos malhechores responsables\u201d del asesinato de su esposo \u201cno tienen ni idea de lo que han hecho\u201d. \u201cMataron a Charlie porque predicaba un mensaje de patriotismo, fe y el amor misericordioso de Dios. Que les quede claro: si antes cre\u00edan que la misi\u00f3n de mi esposo era poderosa, no tienen ni idea de lo que acaban de desatar en todo el pa\u00eds y el mundo\u201d.<\/p>\n<p class=\"\">Al d\u00eda siguiente se anunci\u00f3 que el funeral de Kirk, que muri\u00f3 a los 31 a\u00f1os, tendr\u00e1 lugar el pr\u00f3ximo domingo en un estadio de Glendale (Arizona), ciudad cercana al lugar de residencia de su esposa y sus dos hijos. Tiene capacidad para 63.000 personas, y Trump ha confirmado su asistencia.<\/p>\n<p class=\"\">Su muerte ha vuelto a evidenciar el di\u00e1logo de sordos que mantienen las dos Am\u00e9ricas. Los republicanos culpan a los dem\u00f3cratas del clima de crispaci\u00f3n que condujo a su asesinato (o, directamente, del asesinato mismo, como hizo la representante de Carolina del Sur Nancy Mace en un encuentro con reporteros a los pies del Capitolio).<\/p>\n<p class=\"\">Los dem\u00f3cratas, por su parte, piden que se reconozca que el problema proviene de ambos bandos, as\u00ed como la responsabilidad del presidente en la ret\u00f3rica de enfrentamiento que inunda el discurso p\u00fablico en Estados Unidos con la ayuda de las redes sociales. Elon Musk, due\u00f1o de una de ellas, X, dijo esta semana en su cuenta que \u201cla izquierda es el partido del asesinato\u201d.<\/p>\n<p class=\"\">En vista de c\u00f3mo est\u00e1n las cosas, congresistas de uno y otro signo solo parecen de acuerdo en una cosa: la preocupaci\u00f3n por su seguridad y la ansiedad que les produce participar en actos p\u00fablicos.<\/p>\n<p class=\"\">El columnista liberal de referencia Ezra Klein defendi\u00f3 este viernes con \u00e1nimo contemporizador\u00a0<a title=\"https:\/\/www.nytimes.com\/2025\/09\/11\/opinion\/charlie-kirk-assassination-fear-politics.html\" href=\"https:\/\/www.nytimes.com\/2025\/09\/11\/opinion\/charlie-kirk-assassination-fear-politics.html\" target=\"_blank\" rel=\"noopener noreferrer\" data-link-track-dtm=\"\" data-mrf-link=\"https:\/\/www.nytimes.com\/2025\/09\/11\/opinion\/charlie-kirk-assassination-fear-politics.html\">la forma \u201ccorrecta\u201d de hacer pol\u00edtica de Kirk,<\/a>\u00a0y destac\u00f3 su disposici\u00f3n a \u201chablar con cualquiera\u201d en los debates que organizaba por universidades por todo el pa\u00eds, actos como aquel en el que perdi\u00f3 la vida en Utah.<\/p>\n<p class=\"\">Mientras, la base progresista del Partido Dem\u00f3crata pide que se entienda que lamentar su muerte \u201cno es lo mismo que celebrar su vida\u201d, como escribe Elisabeth Spiers en\u00a0<i>The Nation,<\/i> y exige que la izquierda no caiga en la trampa de la \u201csuperioridad moral\u201d.<\/p>\n<p class=\"\">Decenas, tal vez cientos, de personas han sido despedidas por empresas privadas por hacer comentarios de celebraci\u00f3n o disculpa del asesinato. Y una web llamada\u00a0<i>Los asesinos de Charlie Kirk<\/i>\u00a0invita a la delaci\u00f3n de ciudadanos que hayan festejado el crimen. Tambi\u00e9n promete que la p\u00e1gina, todo un prodigio de se\u00f1alamiento, \u201cpronto se convertir\u00e1 en una base de datos con m\u00e1s de 30.000 entradas, filtrables por ubicaci\u00f3n y profesi\u00f3n\u201d para poner nombres y apellidos a los \u201cactivistas radicales que instigan la violencia\u201d. \u201cEsta es la mayor purga de la historia\u201d, dice su mensaje de bienvenida.<\/p>\n<p class=\"\">Y en mitad de los encarnizados debates que han aflorado estos d\u00edas hay uno que ha estado sorprendentemente orillado: el del control de armas. Tal vez porque el pa\u00eds, o, al menos, la parte del pa\u00eds que aboga por una reinterpretaci\u00f3n de la Segunda Enmienda, ha perdido la esperanza de lograr un cambio. O quiz\u00e1 porque el mismo d\u00eda de la muerte de Kirk, firme defensor de esa enmienda, hubo tambi\u00e9n un tiroteo en un instituto en Colorado. Un chico de 16 a\u00f1os, \u201cradicalizado por una red extremista\u201d, seg\u00fan los investigadores, dispar\u00f3 a dos compa\u00f1eros de colegio, que quedaron en estado cr\u00edtico.<\/p>\n<p class=\"\">David Corn, columnista de la revista de izquierdas\u00a0<i>Mother Jones<\/i>\u00a0y te\u00f3rico del movimiento MAGA, record\u00f3 este s\u00e1bado en su\u00a0<i>newsletter<\/i>\u00a0que se calcula que hay 500 millones de armas en manos de civiles en Estados Unidos. \u201cSomos 340,1 millones de personas en el pa\u00eds. Solo se necesita que el 0,00000029 % de la poblaci\u00f3n \u2014es decir, una persona\u2014 posea una de esas 500 millones de armas para cambiar nuestro mundo\u201c, argument\u00f3.<\/p>\n<p class=\"\">Dada la imposibilidad de \u201cimpedir que todo extremista o desquiciado con deseos de matar lo haga\u201d, Corn propone \u201cadoptar medidas de seguridad y restricciones sobre las armas de fuego, y brindar m\u00e1s y mejores servicios sociales a quienes los necesitan\u201d. \u201cTambi\u00e9n podemos intentar ajustar el tono de nuestra pol\u00edtica para contrarrestar o frenar los factores que aceleran la violencia\u201d.<\/p>\n<p class=\"\">Hacer, en suma, que los famosos \u201cmejores \u00e1ngeles\u201d de Lincoln vuelvan a tocar las \u201ccuerdas m\u00edsticas del recuerdo\u201d. Esos \u00e1ngeles vuelan bajo estos d\u00edas en Estados Unidos.<\/p>\n","protected":false},"excerpt":{"rendered":"<p>&nbsp; &nbsp; &#8211; La muerte del aliado de Trump, para el que se prepara un multitudinario funeral, atiza el enfrentamiento ideol\u00f3gico entre republicanos y dem\u00f3cratas&hellip;<\/p>\n","protected":false},"author":99,"featured_media":536025,"comment_status":"open","ping_status":"open","sticky":false,"template":"","format":"standard","meta":{"footnotes":""},"categories":[24],"tags":[],"class_list":["post-536024","post","type-post","status-publish","format-standard","has-post-thumbnail","hentry","category-mundo"],"_links":{"self":[{"href":"https:\/\/diarioelpopular.com\/index.php\/wp-json\/wp\/v2\/posts\/536024","targetHints":{"allow":["GET"]}}],"collection":[{"href":"https:\/\/diarioelpopular.com\/index.php\/wp-json\/wp\/v2\/posts"}],"about":[{"href":"https:\/\/diarioelpopular.com\/index.php\/wp-json\/wp\/v2\/types\/post"}],"author":[{"embeddable":true,"href":"https:\/\/diarioelpopular.com\/index.php\/wp-json\/wp\/v2\/users\/99"}],"replies":[{"embeddable":true,"href":"https:\/\/diarioelpopular.com\/index.php\/wp-json\/wp\/v2\/comments?post=536024"}],"version-history":[{"count":1,"href":"https:\/\/diarioelpopular.com\/index.php\/wp-json\/wp\/v2\/posts\/536024\/revisions"}],"predecessor-version":[{"id":536026,"href":"https:\/\/diarioelpopular.com\/index.php\/wp-json\/wp\/v2\/posts\/536024\/revisions\/536026"}],"wp:featuredmedia":[{"embeddable":true,"href":"https:\/\/diarioelpopular.com\/index.php\/wp-json\/wp\/v2\/media\/536025"}],"wp:attachment":[{"href":"https:\/\/diarioelpopular.com\/index.php\/wp-json\/wp\/v2\/media?parent=536024"}],"wp:term":[{"taxonomy":"category","embeddable":true,"href":"https:\/\/diarioelpopular.com\/index.php\/wp-json\/wp\/v2\/categories?post=536024"},{"taxonomy":"post_tag","embeddable":true,"href":"https:\/\/diarioelpopular.com\/index.php\/wp-json\/wp\/v2\/tags?post=536024"}],"curies":[{"name":"wp","href":"https:\/\/api.w.org\/{rel}","templated":true}]}}