{"id":536048,"date":"2025-09-15T11:01:19","date_gmt":"2025-09-15T15:01:19","guid":{"rendered":"https:\/\/diarioelpopular.com\/?p=536048"},"modified":"2025-09-15T11:01:19","modified_gmt":"2025-09-15T15:01:19","slug":"como-era-penico-la-ciudad-desertica-recien-descubierta-en-el-desierto-peruano-y-que-se-sabe-de-la-antigua-civilizacion-caral-que-la-habito","status":"publish","type":"post","link":"https:\/\/diarioelpopular.com\/index.php\/2025\/09\/15\/como-era-penico-la-ciudad-desertica-recien-descubierta-en-el-desierto-peruano-y-que-se-sabe-de-la-antigua-civilizacion-caral-que-la-habito\/","title":{"rendered":"C\u00f3mo era Pe\u00f1ico, la ciudad des\u00e9rtica reci\u00e9n descubierta en el desierto peruano y qu\u00e9 se sabe de la antigua civilizaci\u00f3n Caral que la habit\u00f3"},"content":{"rendered":"<div id=\"attachment_536049\" style=\"width: 646px\" class=\"wp-caption alignnone\"><img loading=\"lazy\" decoding=\"async\" aria-describedby=\"caption-attachment-536049\" class=\"wp-image-536049 size-custom-full-size\" src=\"https:\/\/diarioelpopular.com\/wp-content\/uploads\/2025\/09\/Screen-Shot-2025-09-15-at-11.00.34-AM-636x355.png\" alt=\"\" width=\"636\" height=\"355\" srcset=\"https:\/\/diarioelpopular.com\/wp-content\/uploads\/2025\/09\/Screen-Shot-2025-09-15-at-11.00.34-AM-636x355.png 636w, https:\/\/diarioelpopular.com\/wp-content\/uploads\/2025\/09\/Screen-Shot-2025-09-15-at-11.00.34-AM-300x168.png 300w, https:\/\/diarioelpopular.com\/wp-content\/uploads\/2025\/09\/Screen-Shot-2025-09-15-at-11.00.34-AM-768x429.png 768w, https:\/\/diarioelpopular.com\/wp-content\/uploads\/2025\/09\/Screen-Shot-2025-09-15-at-11.00.34-AM-131x73.png 131w, https:\/\/diarioelpopular.com\/wp-content\/uploads\/2025\/09\/Screen-Shot-2025-09-15-at-11.00.34-AM.png 866w\" sizes=\"auto, (max-width: 636px) 100vw, 636px\" \/><p id=\"caption-attachment-536049\" class=\"wp-caption-text\">El descubrimiento de Pe\u00f1ico arroja luz sobre qu\u00e9 fue la civilizaci\u00f3n m\u00e1s antigua de Am\u00e9rica, los Caral.<\/p><\/div>\n<p>&nbsp;<\/p>\n<div class=\"bbc-19j92fr ebmt73l0\" dir=\"ltr\">\n<ul>\n<li class=\"bbc-hhl7in e17g058b0\" dir=\"ltr\"><em><b>Cuatro horas al norte de Lima, las pendientes ocres del Valle de Supe parecen inh\u00f3spitas: llanuras pasadas por el viento, muros de adobe a punto de colapsar y el brillo del calor que emerge del desierto.<\/b><\/em><\/li>\n<\/ul>\n<\/div>\n<div class=\"bbc-19j92fr ebmt73l0\" dir=\"ltr\">\n<p dir=\"ltr\">\n<p class=\"bbc-hhl7in e17g058b0\" dir=\"ltr\">Es dif\u00edcil imaginar que esas pendientes \u00e1ridas alguna vez alojaron a una de las primeras grandes civilizaciones de la historia.<\/p>\n<\/div>\n<div class=\"bbc-19j92fr ebmt73l0\" dir=\"ltr\">\n<p class=\"bbc-hhl7in e17g058b0\" dir=\"ltr\">Y que su reciente descubrimiento, tras a\u00f1os de estar sepultadas por el desierto, est\u00e1 reescribiendo la historia del continente.<\/p>\n<\/div>\n<div class=\"bbc-19j92fr ebmt73l0\" dir=\"ltr\">\n<p class=\"bbc-hhl7in e17g058b0\" dir=\"ltr\">En julio de 2025, la arque\u00f3loga peruana Ruth Shady revel\u00f3 el hallazgo de Pe\u00f1ico, una ciudad de casi 3.800 a\u00f1os de la antigua civilizaci\u00f3n conocida como Caral.<\/p>\n<\/div>\n<section class=\"bbc-geybui\" role=\"region\" aria-label=\"Publicidad 2\" aria-hidden=\"true\" data-e2e=\"advertisement\">\n<div id=\"dotcom-mpu\" class=\"dotcom-ad active\" aria-hidden=\"true\">\n<div class=\"dotcom-ad-inner\">\n<div id=\"dotcom-slot-mpu\" class=\"dotcom-slot\" data-google-query-id=\"CLni-YaD248DFe3cGAId_6ITaA\">\n<div id=\"google_ads_iframe_\/4817\/bbcworldservice.live.site.mundo\/mundo_content_1__container__\">El lugar de la excavaci\u00f3n contiene cerca de 18 estructuras, que incluyen templos para ceremonias y conjuntos residenciales.<\/div>\n<\/div>\n<\/div>\n<\/div>\n<\/section>\n<div class=\"bbc-19j92fr ebmt73l0\" dir=\"ltr\">\n<p class=\"bbc-hhl7in e17g058b0\" dir=\"ltr\">Pero lo m\u00e1s importante es que las estructuras proveen nueva evidencia de que el pueblo de Caral se adaptaba a los desastres naturales sin acudir a la guerra, lo que es una estrategia notablemente extraordinaria incluso en nuestros d\u00edas.<\/p>\n<p dir=\"ltr\">\n<\/div>\n<figure class=\"bbc-1qn0xuy\">\n<div class=\"bbc-1gbs0ve\">\n<div style=\"width: 1034px\" class=\"wp-caption alignnone\"><img loading=\"lazy\" decoding=\"async\" class=\"bbc-139onq\" src=\"https:\/\/ichef.bbci.co.uk\/ace\/ws\/640\/cpsprodpb\/1355\/live\/46330150-8fd1-11f0-b391-6936825093bd.jpg.webp\" alt=\"Gu\u00eda tur\u00edstico en Pe\u00f1ico. \" width=\"1024\" height=\"683\" \/><p class=\"wp-caption-text\">Fuente de la imagen: Getty Images. Las excavaciones datan de una civilizaci\u00f3n que existi\u00f3 hace 3.000 a\u00f1os.<\/p><\/div>\n<p class=\"bbc-by8ykd\" role=\"text\">\n<\/div>\n<\/figure>\n<div class=\"bbc-19j92fr ebmt73l0\" dir=\"ltr\">\n<p dir=\"ltr\">\n<p class=\"bbc-hhl7in e17g058b0\" dir=\"ltr\">&#8220;Pe\u00f1ico contin\u00faa la visi\u00f3n de la civilizaci\u00f3n caral de una vida sin conflictos&#8221;, se\u00f1ala Shady, quien ha liderado la investigaci\u00f3n en este lugar por m\u00e1s de tres d\u00e9cadas.<\/p>\n<\/div>\n<div class=\"bbc-19j92fr ebmt73l0\" dir=\"ltr\">\n<p class=\"bbc-hhl7in e17g058b0\" dir=\"ltr\">Mucho antes de los aztecas, los mayas o los incas, Per\u00fa fue el hogar de los caral, una de las sociedades m\u00e1s antiguas y pac\u00edficas del mundo.<\/p>\n<\/div>\n<div class=\"bbc-19j92fr ebmt73l0\" dir=\"ltr\">\n<p class=\"bbc-hhl7in e17g058b0\" dir=\"ltr\">Su principal asentamiento es Caral-Supe \u2014considerado la cuna de la civilizaci\u00f3n en el continente americano y declarado Patrimonio de la Humanidad por la Unesco desde 2009\u2014, que floreci\u00f3 hace 5.000 a\u00f1os en paralelo con los centros urbanos de Mesopotamia y Egipto al otro lado del mundo.<\/p>\n<\/div>\n<div class=\"bbc-19j92fr ebmt73l0\" dir=\"ltr\">\n<p class=\"bbc-hhl7in e17g058b0\" dir=\"ltr\">&#8220;Caral fue habitado desde el a\u00f1o 3.000 a. C. hasta el 1.800 a. C.&#8221;, se\u00f1ala Shady.<\/p>\n<\/div>\n<div class=\"bbc-19j92fr ebmt73l0\" dir=\"ltr\">\n<p class=\"bbc-hhl7in e17g058b0\" dir=\"ltr\">Pero a diferencia de sus pares del viejo mundo, Caral no ten\u00eda muros defensivos y los investigadores no hallaron restos de armas en las excavaciones.<\/p>\n<\/div>\n<div class=\"bbc-19j92fr ebmt73l0\" dir=\"ltr\">\n<p class=\"bbc-hhl7in e17g058b0\" dir=\"ltr\">Cuando Shady comenz\u00f3 el trabajo arqueol\u00f3gico en Caral en 1994, descubri\u00f3 una sociedad construida sobre el comercio, la m\u00fasica, los rituales y el consenso.<\/p>\n<\/div>\n<div class=\"bbc-19j92fr ebmt73l0\" dir=\"ltr\">\n<p class=\"bbc-hhl7in e17g058b0\" dir=\"ltr\">De acuerdo con los hallazgos de la arque\u00f3loga, cerca de 3.000 personas viv\u00edan en Caral, adem\u00e1s de otros centenares en poblados cercanos.<\/p>\n<\/div>\n<div class=\"bbc-19j92fr ebmt73l0\" dir=\"ltr\">\n<p class=\"bbc-hhl7in e17g058b0\" dir=\"ltr\">La posici\u00f3n estrat\u00e9gica del lugar en el valle de Supe les permit\u00eda unir la costa Pac\u00edfica con los valles f\u00e9rtiles en los Andes, adem\u00e1s de la selva amaz\u00f3nica, lo que creaba una cadena de intercambio cultural y comercial.<\/p>\n<\/div>\n<div class=\"bbc-19j92fr ebmt73l0\" dir=\"ltr\">\n<p class=\"bbc-hhl7in e17g058b0\" dir=\"ltr\">El pueblo caral sembraba algod\u00f3n, batata, calabaza, frutas y aj\u00ed, que intercambiaban por minerales de las monta\u00f1as y p\u00e1jaros y monos del Amazonas que adoptaban como mascotas.<\/p>\n<\/div>\n<div class=\"bbc-19j92fr ebmt73l0\" dir=\"ltr\">\n<p class=\"bbc-hhl7in e17g058b0\" dir=\"ltr\">Y a lo largo de la costa recog\u00edan mariscos y peces.<\/p>\n<\/div>\n<div class=\"bbc-19j92fr ebmt73l0\" dir=\"ltr\">\n<p class=\"bbc-hhl7in e17g058b0\" dir=\"ltr\">&#8220;Ellos mantuvieron relaciones interculturales con personas que viv\u00edan en la selva, las monta\u00f1as y en lugares remotos como Ecuador y Bolivia, pero siempre de manera pac\u00edfica&#8221;, dijo Shady.<\/p>\n<\/div>\n<div class=\"bbc-19j92fr ebmt73l0\" dir=\"ltr\">\n<p class=\"bbc-hhl7in e17g058b0\" dir=\"ltr\">En contraste, los aztecas, los mayas y los incas eran estados militares, a menudo enfrascados en campa\u00f1as b\u00e9licas contra sus vecinos.<\/p>\n<\/div>\n<div class=\"bbc-19j92fr ebmt73l0\" dir=\"ltr\">\n<p class=\"bbc-hhl7in e17g058b0\" dir=\"ltr\">El ingenio del pueblo caral se extendi\u00f3 a la arquitectura y las artes.<\/p>\n<p dir=\"ltr\">\n<\/div>\n<figure class=\"bbc-1qn0xuy\">\n<div class=\"bbc-1gbs0ve\">\n<div style=\"width: 1034px\" class=\"wp-caption alignnone\"><img loading=\"lazy\" decoding=\"async\" class=\"bbc-139onq\" src=\"https:\/\/ichef.bbci.co.uk\/ace\/ws\/640\/cpsprodpb\/56b1\/live\/72ece530-8fd1-11f0-84c8-99de564f0440.jpg.webp\" alt=\"Plazas centrales se pueden ver en las excavaciones de Pe\u00f1ico. \" width=\"1024\" height=\"576\" \/><p class=\"wp-caption-text\">Fuente de la imagen: Getty Images. Una de las caracter\u00edsticas m\u00e1s fascinantes de Caral y Pe\u00f1ico son sus plazas centrales redondas.<\/p><\/div>\n<p class=\"bbc-by8ykd\" role=\"text\">\n<\/div>\n<\/figure>\n<div class=\"bbc-19j92fr ebmt73l0\" dir=\"ltr\">\n<p dir=\"ltr\">\n<p class=\"bbc-hhl7in e17g058b0\" dir=\"ltr\">El anfiteatro era resistente a sismos, dise\u00f1ado para soportar los poderosos terremotos de la regi\u00f3n del Pac\u00edfico y con un dise\u00f1o ac\u00fastico \u00fanico para grandes conciertos.<\/p>\n<\/div>\n<div class=\"bbc-19j92fr ebmt73l0\" dir=\"ltr\">\n<p class=\"bbc-hhl7in e17g058b0\" dir=\"ltr\">Las excavaciones han hallado 32 flautas traversas, algunas hechas de hueso de pel\u00edcano y otras decoradas con monos y c\u00f3ndores, lo que es una prueba del intercambio cultural con civilizaciones ubicadas a largas distancias.<\/p>\n<\/div>\n<div class=\"bbc-19j92fr ebmt73l0\" dir=\"ltr\">\n<p class=\"bbc-hhl7in e17g058b0\" dir=\"ltr\">&#8220;Con esos instrumentos ellos le dieron la bienvenida a la gente de la costa, las monta\u00f1as y la selva en sus rituales y las ceremonias&#8221;, explica Shady.<\/p>\n<\/div>\n<div class=\"bbc-19j92fr ebmt73l0\" dir=\"ltr\">\n<h2 id=\"Colapso-en-el-desierto\" class=\"bbc-1lgzob2 eglt09e0\" tabindex=\"-1\">Colapso en el desierto<\/h2>\n<\/div>\n<div class=\"bbc-19j92fr ebmt73l0\" dir=\"ltr\">\n<p class=\"bbc-hhl7in e17g058b0\" dir=\"ltr\">M\u00e1s all\u00e1 de su \u00e9xito como sociedad, Caral afront\u00f3 un desaf\u00edo enorme: el clima.<\/p>\n<\/div>\n<div class=\"bbc-19j92fr ebmt73l0\" dir=\"ltr\">\n<p class=\"bbc-hhl7in e17g058b0\" dir=\"ltr\">Hace unos 4.000 a\u00f1os, una sequ\u00eda de 130 a\u00f1os de duraci\u00f3n \u2014parte de un proceso de cambio clim\u00e1tico que tambi\u00e9n afect\u00f3 a la Mesopotamia, Egipto y China\u2014 llev\u00f3 a la escasez de cultivos y al hambre.<\/p>\n<\/div>\n<div class=\"bbc-19j92fr ebmt73l0\" dir=\"ltr\">\n<p class=\"bbc-hhl7in e17g058b0\" dir=\"ltr\">Las plazas y las pir\u00e1mides de Caral debieron ser abandonadas en el desierto.<\/p>\n<\/div>\n<div class=\"bbc-19j92fr ebmt73l0\" dir=\"ltr\">\n<p class=\"bbc-hhl7in e17g058b0\" dir=\"ltr\">&#8220;El cambio clim\u00e1tico caus\u00f3 una crisis. Los r\u00edos y los campos se secaron. Ellos abandonaron los centros urbanos, algo que tambi\u00e9n pas\u00f3 en Mesopotamia&#8221;, se\u00f1ala Shady.<\/p>\n<\/div>\n<div class=\"bbc-19j92fr ebmt73l0\" dir=\"ltr\">\n<p class=\"bbc-hhl7in e17g058b0\" dir=\"ltr\">Por a\u00f1os el equipo de la arque\u00f3loga teoriz\u00f3 que los sobrevivientes hambrientos hab\u00edan huido hacia la costa donde pod\u00edan conseguir mariscos y peces.<\/p>\n<\/div>\n<div class=\"bbc-19j92fr ebmt73l0\" dir=\"ltr\">\n<p class=\"bbc-hhl7in e17g058b0\" dir=\"ltr\">Las excavaciones en la localidad de Vichama, un sitio cercano al valle de Huaura, respaldan esa idea.<\/p>\n<\/div>\n<div class=\"bbc-19j92fr ebmt73l0\" dir=\"ltr\">\n<p class=\"bbc-hhl7in e17g058b0\" dir=\"ltr\">Pero los recientes descubrimientos en Pe\u00f1ico cuentan otra historia.<\/p>\n<\/div>\n<div class=\"bbc-19j92fr ebmt73l0\" dir=\"ltr\">\n<h2 id=\"Pe\u00f1ico-sobrevivir-a-trav\u00e9s-de-la-adaptaci\u00f3n\" class=\"bbc-1lgzob2 eglt09e0\" tabindex=\"-1\">Pe\u00f1ico: sobrevivir a trav\u00e9s de la adaptaci\u00f3n<\/h2>\n<\/div>\n<div class=\"bbc-19j92fr ebmt73l0\" dir=\"ltr\">\n<p class=\"bbc-hhl7in e17g058b0\" dir=\"ltr\">Construida a unos 600 metros sobre el nivel del mar y apenas a 10 km de Caral-Supe, Pe\u00f1ico muestra c\u00f3mo algunos miembros del pueblo caral se adaptaron al mudarse a una fuente de agua que proven\u00eda de los glaciares.<\/p>\n<\/div>\n<div class=\"bbc-19j92fr ebmt73l0\" dir=\"ltr\">\n<p class=\"bbc-hhl7in e17g058b0\" dir=\"ltr\">En un valle donde los r\u00edos se hab\u00edan secado, la proximidad de una monta\u00f1a con agua de deshielo significaba la posibilidad de sobrevivir.<\/p>\n<\/div>\n<div class=\"bbc-19j92fr ebmt73l0\" dir=\"ltr\">\n<p class=\"bbc-hhl7in e17g058b0\" dir=\"ltr\">Lo que hace esto meritorio no es solo la reubicaci\u00f3n en s\u00ed misma, sino c\u00f3mo la sociedad respondi\u00f3 a esto.<\/p>\n<\/div>\n<div class=\"bbc-19j92fr ebmt73l0\" dir=\"ltr\">\n<p class=\"bbc-hhl7in e17g058b0\" dir=\"ltr\">No hay evidencia de guerras, armas o fortificaciones en Pe\u00f1ico, un dato poco com\u00fan para tiempos de escasez.<\/p>\n<\/div>\n<div class=\"bbc-19j92fr ebmt73l0\" dir=\"ltr\">\n<p class=\"bbc-hhl7in e17g058b0\" dir=\"ltr\">&#8220;Pe\u00f1ico contin\u00faa la tradici\u00f3n de Caral de vivir en armon\u00eda con la naturaleza y relacionarse con otras culturas con respeto&#8221;, explic\u00f3 Shady.<\/p>\n<\/div>\n<div class=\"bbc-19j92fr ebmt73l0\" dir=\"ltr\">\n<p class=\"bbc-hhl7in e17g058b0\" dir=\"ltr\">Las excavaciones tambi\u00e9n han revelado avances en el arte y los rituales.<\/p>\n<\/div>\n<div class=\"bbc-19j92fr ebmt73l0\" dir=\"ltr\">\n<p class=\"bbc-hhl7in e17g058b0\" dir=\"ltr\">El equipo de Shady ha descubierto sofisticadas figuras de yeso, collares y huesos tallados, incluido uno modelado con la forma de una calavera.<\/p>\n<\/div>\n<div class=\"bbc-19j92fr ebmt73l0\" dir=\"ltr\">\n<p class=\"bbc-hhl7in e17g058b0\" dir=\"ltr\">Una hermosa escultura muestra la cabeza de una mujer y un peinado muy elaborado, su rostro pintado de rojo con pigmento de hematita.<\/p>\n<\/div>\n<div class=\"bbc-19j92fr ebmt73l0\" dir=\"ltr\">\n<p class=\"bbc-hhl7in e17g058b0\" dir=\"ltr\">Estos objetos sugieren que, incluso con su poblaci\u00f3n mermada, la comunidad invirti\u00f3 en expresiones culturales como una manera de sostener su identidad y cohesi\u00f3n.<\/p>\n<p dir=\"ltr\">\n<\/div>\n<figure class=\"bbc-1qn0xuy\">\n<div class=\"bbc-1gbs0ve\">\n<div style=\"width: 1034px\" class=\"wp-caption alignnone\"><img loading=\"lazy\" decoding=\"async\" class=\"bbc-139onq\" src=\"https:\/\/ichef.bbci.co.uk\/ace\/ws\/640\/cpsprodpb\/af95\/live\/b4b2d100-8fd1-11f0-9cf6-cbf3e73ce2b9.jpg.webp\" alt=\"Tallas y figuras que hacen parte del museo. \" width=\"1024\" height=\"683\" \/><p class=\"wp-caption-text\">Fuente de la imagen: Getty Images. Los arque\u00f3logos han descubierto figurillas y tallas sofisticadas en el sitio.<\/p><\/div>\n<p class=\"bbc-by8ykd\" role=\"text\">\n<\/div>\n<\/figure>\n<div class=\"bbc-19j92fr ebmt73l0\" dir=\"ltr\">\n<p dir=\"ltr\">\n<p class=\"bbc-hhl7in e17g058b0\" dir=\"ltr\">El sitio actualmente est\u00e1 abierto a los visitantes, que pueden explorar los templos ceremoniales y lugares residenciales.<\/p>\n<\/div>\n<div class=\"bbc-19j92fr ebmt73l0\" dir=\"ltr\">\n<p class=\"bbc-hhl7in e17g058b0\" dir=\"ltr\">Un nuevo centro de visitantes con exhibiciones alternativas tiene un dise\u00f1o circular que evoca una de las principales caracter\u00edsticas de Caral y Pe\u00f1ico: las plazas redondas centrales.<\/p>\n<\/div>\n<div class=\"bbc-19j92fr ebmt73l0\" dir=\"ltr\">\n<p class=\"bbc-hhl7in e17g058b0\" dir=\"ltr\">Esas plazas est\u00e1n en secciones de la ciudad donde los arque\u00f3logos teorizan que se ubicaban los lugares administrativos, que es otra evidencia de una sociedad que podr\u00eda haber funcionado mediante el consenso, posiblemente con una estructura similar a la que hab\u00eda en Grecia hace 2.000 a\u00f1os.<\/p>\n<\/div>\n<div class=\"bbc-19j92fr ebmt73l0\" dir=\"ltr\">\n<p class=\"bbc-hhl7in e17g058b0\" dir=\"ltr\">Gaspar Sihue, una gu\u00eda local en Caral, alienta a los viajeros a hacer el viaje antes de que el lugar se popularice.<\/p>\n<\/div>\n<div class=\"bbc-19j92fr ebmt73l0\" dir=\"ltr\">\n<p class=\"bbc-hhl7in e17g058b0\" dir=\"ltr\">&#8220;Me gusta hacer de gu\u00eda tur\u00edstico en el valle de Supe porque est\u00e1 fuera del circuito tur\u00edstico principal&#8221;, explica.<\/p>\n<\/div>\n<div class=\"bbc-19j92fr ebmt73l0\" dir=\"ltr\">\n<p class=\"bbc-hhl7in e17g058b0\" dir=\"ltr\">Al mismo tiempo, Shady advierte que las excavaciones en Pe\u00f1ico son relativamente recientes y que muchos edificios a\u00fan est\u00e1n cubiertos por el desierto.<\/p>\n<\/div>\n<div class=\"bbc-19j92fr ebmt73l0\" dir=\"ltr\">\n<p class=\"bbc-hhl7in e17g058b0\" dir=\"ltr\">&#8220;A\u00fan tenemos mucho que aprender&#8221;, afirma.<\/p>\n<\/div>\n<div class=\"bbc-19j92fr ebmt73l0\" dir=\"ltr\">\n<h2 id=\"Lecciones-del-pasado\" class=\"bbc-1lgzob2 eglt09e0\" tabindex=\"-1\">Lecciones del pasado<\/h2>\n<\/div>\n<div class=\"bbc-19j92fr ebmt73l0\" dir=\"ltr\">\n<p class=\"bbc-hhl7in e17g058b0\" dir=\"ltr\">Entre las plazas de Pe\u00f1ico, resulta llamativo observar c\u00f3mo una sociedad antigua respondi\u00f3 a la crisis adapt\u00e1ndose en lugar de recurrir a m\u00e9todos de conquista.<\/p>\n<\/div>\n<div class=\"bbc-19j92fr ebmt73l0\" dir=\"ltr\">\n<p class=\"bbc-hhl7in e17g058b0\" dir=\"ltr\">Su estrategia de supervivencia \u2014acercarse al agua, mantener las redes comerciales y preservar el arte y los rituales\u2014 es un recordatorio de 3.800 a\u00f1os de antig\u00fcedad de c\u00f3mo la cooperaci\u00f3n puede perdurar incluso en tiempos de extrema tensi\u00f3n.<\/p>\n<\/div>\n<div class=\"bbc-19j92fr ebmt73l0\" dir=\"ltr\">\n<p class=\"bbc-hhl7in e17g058b0\" dir=\"ltr\">Este mensaje resulta urgente en la actualidad.<\/p>\n<p dir=\"ltr\">\n<\/div>\n<figure class=\"bbc-1qn0xuy\">\n<div class=\"bbc-1gbs0ve\">\n<div style=\"width: 1034px\" class=\"wp-caption alignnone\"><img loading=\"lazy\" decoding=\"async\" class=\"bbc-139onq\" src=\"https:\/\/ichef.bbci.co.uk\/ace\/ws\/640\/cpsprodpb\/37f4\/live\/06ab5040-8fd2-11f0-84c8-99de564f0440.jpg.webp\" alt=\"Centro de visitantes... Pe\u00f1ico\" width=\"1024\" height=\"683\" \/><p class=\"wp-caption-text\">Fuente de la imagen: Getty Images. Los viajeros ahora pueden explorar Pe\u00f1ico a trav\u00e9s de visitas guiadas y exhibiciones interpretativas en su nuevo y sorprendente centro de visitantes circular.<\/p><\/div>\n<p class=\"bbc-by8ykd\" role=\"text\">\n<\/div>\n<\/figure>\n<div class=\"bbc-19j92fr ebmt73l0\" dir=\"ltr\">\n<p dir=\"ltr\">\n<p class=\"bbc-hhl7in e17g058b0\" dir=\"ltr\">Per\u00fa a\u00fan depende de los glaciares andinos para su abastecimiento de agua, pero ha perdido el 56% de su hielo tropical en los \u00faltimos 58 a\u00f1os, seg\u00fan glaci\u00f3logos del gobierno.<\/p>\n<\/div>\n<div class=\"bbc-19j92fr ebmt73l0\" dir=\"ltr\">\n<p class=\"bbc-hhl7in e17g058b0\" dir=\"ltr\">&#8220;Hay muchas cosas que debemos hacer ante el cambio clim\u00e1tico&#8221;, afirma Shady sobre las lecciones aprendidas en Pe\u00f1ico.<\/p>\n<\/div>\n<div class=\"bbc-19j92fr ebmt73l0\" dir=\"ltr\">\n<p class=\"bbc-hhl7in e17g058b0\" dir=\"ltr\">&#8220;Tenemos que cambiar nuestra perspectiva de la vida y de los cambios que se est\u00e1n produciendo en nuestro planeta para que la sociedad humana pueda seguir disfrutando de una buena calidad de vida y de un respeto mutuo&#8221;.<\/p>\n<\/div>\n<div class=\"bbc-19j92fr ebmt73l0\" dir=\"ltr\">\n<p class=\"bbc-hhl7in e17g058b0\" dir=\"ltr\">Incluso semienterrada en el desierto peruano, la ciudad se siente como un descubrimiento que deja lecciones para el mundo.<\/p>\n<\/div>\n","protected":false},"excerpt":{"rendered":"<p>&nbsp; Cuatro horas al norte de Lima, las pendientes ocres del Valle de Supe parecen inh\u00f3spitas: llanuras pasadas por el viento, muros de adobe a&hellip;<\/p>\n","protected":false},"author":99,"featured_media":536049,"comment_status":"open","ping_status":"open","sticky":false,"template":"","format":"standard","meta":{"footnotes":""},"categories":[23,11354],"tags":[],"class_list":["post-536048","post","type-post","status-publish","format-standard","has-post-thumbnail","hentry","category-latinoamerica","category-sucesos"],"_links":{"self":[{"href":"https:\/\/diarioelpopular.com\/index.php\/wp-json\/wp\/v2\/posts\/536048","targetHints":{"allow":["GET"]}}],"collection":[{"href":"https:\/\/diarioelpopular.com\/index.php\/wp-json\/wp\/v2\/posts"}],"about":[{"href":"https:\/\/diarioelpopular.com\/index.php\/wp-json\/wp\/v2\/types\/post"}],"author":[{"embeddable":true,"href":"https:\/\/diarioelpopular.com\/index.php\/wp-json\/wp\/v2\/users\/99"}],"replies":[{"embeddable":true,"href":"https:\/\/diarioelpopular.com\/index.php\/wp-json\/wp\/v2\/comments?post=536048"}],"version-history":[{"count":1,"href":"https:\/\/diarioelpopular.com\/index.php\/wp-json\/wp\/v2\/posts\/536048\/revisions"}],"predecessor-version":[{"id":536050,"href":"https:\/\/diarioelpopular.com\/index.php\/wp-json\/wp\/v2\/posts\/536048\/revisions\/536050"}],"wp:featuredmedia":[{"embeddable":true,"href":"https:\/\/diarioelpopular.com\/index.php\/wp-json\/wp\/v2\/media\/536049"}],"wp:attachment":[{"href":"https:\/\/diarioelpopular.com\/index.php\/wp-json\/wp\/v2\/media?parent=536048"}],"wp:term":[{"taxonomy":"category","embeddable":true,"href":"https:\/\/diarioelpopular.com\/index.php\/wp-json\/wp\/v2\/categories?post=536048"},{"taxonomy":"post_tag","embeddable":true,"href":"https:\/\/diarioelpopular.com\/index.php\/wp-json\/wp\/v2\/tags?post=536048"}],"curies":[{"name":"wp","href":"https:\/\/api.w.org\/{rel}","templated":true}]}}