{"id":536052,"date":"2025-09-15T11:05:41","date_gmt":"2025-09-15T15:05:41","guid":{"rendered":"https:\/\/diarioelpopular.com\/?p=536052"},"modified":"2025-09-15T11:05:41","modified_gmt":"2025-09-15T15:05:41","slug":"rumania-es-el-segundo-pais-de-la-otan-que-denuncia-la-incursion-de-drones-rusos-en-su-espacio-aereo-despues-de-polonia","status":"publish","type":"post","link":"https:\/\/diarioelpopular.com\/index.php\/2025\/09\/15\/rumania-es-el-segundo-pais-de-la-otan-que-denuncia-la-incursion-de-drones-rusos-en-su-espacio-aereo-despues-de-polonia\/","title":{"rendered":"Rumania es el segundo pa\u00eds de la OTAN que denuncia la incursi\u00f3n de drones rusos en su espacio a\u00e9reo despu\u00e9s de Polonia"},"content":{"rendered":"<div id=\"attachment_536053\" style=\"width: 646px\" class=\"wp-caption alignnone\"><img loading=\"lazy\" decoding=\"async\" aria-describedby=\"caption-attachment-536053\" class=\"wp-image-536053 size-custom-full-size\" src=\"https:\/\/diarioelpopular.com\/wp-content\/uploads\/2025\/09\/Screen-Shot-2025-09-15-at-11.04.53-AM-636x360.png\" alt=\"\" width=\"636\" height=\"360\" srcset=\"https:\/\/diarioelpopular.com\/wp-content\/uploads\/2025\/09\/Screen-Shot-2025-09-15-at-11.04.53-AM-636x360.png 636w, https:\/\/diarioelpopular.com\/wp-content\/uploads\/2025\/09\/Screen-Shot-2025-09-15-at-11.04.53-AM-300x170.png 300w, https:\/\/diarioelpopular.com\/wp-content\/uploads\/2025\/09\/Screen-Shot-2025-09-15-at-11.04.53-AM-768x435.png 768w, https:\/\/diarioelpopular.com\/wp-content\/uploads\/2025\/09\/Screen-Shot-2025-09-15-at-11.04.53-AM-129x73.png 129w, https:\/\/diarioelpopular.com\/wp-content\/uploads\/2025\/09\/Screen-Shot-2025-09-15-at-11.04.53-AM.png 858w\" sizes=\"auto, (max-width: 636px) 100vw, 636px\" \/><p id=\"caption-attachment-536053\" class=\"wp-caption-text\">Un avi\u00f3n F-16 detect\u00f3 un dron ruso en el espacio a\u00e9reo rumano mientras vigilaba la frontera del pa\u00eds con Ucrania.<\/p><\/div>\n<p>&nbsp;<\/p>\n<div class=\"bbc-19j92fr ebmt73l0\" dir=\"ltr\">\n<ul>\n<li class=\"bbc-hhl7in e17g058b0\" dir=\"ltr\"><em><b>Ruman\u00eda afirma que un dron ruso ha violado su espacio a\u00e9reo, el segundo pa\u00eds de la OTAN en informar de tal incursi\u00f3n.<\/b><\/em><\/li>\n<\/ul>\n<\/div>\n<div class=\"bbc-19j92fr ebmt73l0\" dir=\"ltr\">\n<p dir=\"ltr\">\n<p class=\"bbc-hhl7in e17g058b0\" dir=\"ltr\">Aviones de combate rumanos se encontraban en el aire vigilando un ataque ruso en Ucrania el s\u00e1bado y pudieron rastrear el dron cerca de la frontera sur de Ucrania, seg\u00fan inform\u00f3 el Ministerio de Defensa en un comunicado.<\/p>\n<\/div>\n<div class=\"bbc-19j92fr ebmt73l0\" dir=\"ltr\">\n<p class=\"bbc-hhl7in e17g058b0\" dir=\"ltr\">El presidente ucraniano, Volodymyr Zelensky, afirm\u00f3 que la incursi\u00f3n no pod\u00eda ser un error, sino &#8220;una evidente expansi\u00f3n de la guerra por parte de Rusia&#8221;. Mosc\u00fa no ha hecho comentarios sobre las afirmaciones de Rumania.<\/p>\n<\/div>\n<div class=\"bbc-19j92fr ebmt73l0\" dir=\"ltr\">\n<p class=\"bbc-hhl7in e17g058b0\" dir=\"ltr\">El mi\u00e9rcoles, Polonia afirm\u00f3 que hab\u00eda derribado al menos tres drones rusos que hab\u00edan entrado en su espacio a\u00e9reo.<\/p>\n<\/div>\n<div class=\"bbc-19j92fr ebmt73l0\" dir=\"ltr\">\n<p class=\"bbc-hhl7in e17g058b0\" dir=\"ltr\">En su comunicado, el Ministerio de Defensa de Ruman\u00eda afirm\u00f3 que detect\u00f3 el dron ruso cuando dos aviones F-16 vigilaban la frontera del pa\u00eds con Ucrania, tras &#8220;los ataques a\u00e9reos rusos contra infraestructuras ucranianas en el Danubio&#8221;.<\/p>\n<\/div>\n<div class=\"bbc-19j92fr ebmt73l0\" dir=\"ltr\">\n<p class=\"bbc-hhl7in e17g058b0\" dir=\"ltr\">El dron fue detectado a 20 kil\u00f3metros al suroeste de la localidad de Chilia Veche, antes de desaparecer del radar.<\/p>\n<\/div>\n<div class=\"bbc-19j92fr ebmt73l0\" dir=\"ltr\">\n<p class=\"bbc-hhl7in e17g058b0\" dir=\"ltr\">Sin embargo, no sobrevol\u00f3 zonas pobladas ni supuso un peligro inminente, seg\u00fan el Ministerio.<\/p>\n<\/div>\n<div class=\"bbc-19j92fr ebmt73l0\" dir=\"ltr\">\n<p class=\"bbc-hhl7in e17g058b0\" dir=\"ltr\">Polonia tambi\u00e9n respondi\u00f3 el s\u00e1bado a las preocupaciones sobre los drones rusos.<\/p>\n<\/div>\n<div class=\"bbc-19j92fr ebmt73l0\" dir=\"ltr\">\n<p class=\"bbc-hhl7in e17g058b0\" dir=\"ltr\">&#8220;Las operaciones preventivas de aviaci\u00f3n, polacas y aliadas, han comenzado en nuestro espacio a\u00e9reo&#8221;, afirm\u00f3 el primer ministro Donald Tusk en una publicaci\u00f3n en X.<\/p>\n<\/div>\n<div class=\"bbc-19j92fr ebmt73l0\" dir=\"ltr\">\n<p class=\"bbc-hhl7in e17g058b0\" dir=\"ltr\">&#8220;Los sistemas de defensa a\u00e9rea terrestres han alcanzado el m\u00e1ximo estado de preparaci\u00f3n&#8221;, agreg\u00f3.<\/p>\n<\/div>\n<div class=\"bbc-19j92fr ebmt73l0\" dir=\"ltr\">\n<p class=\"bbc-hhl7in e17g058b0\" dir=\"ltr\">A principios de esta semana, el Ministerio de Defensa ruso afirm\u00f3 que &#8220;no hab\u00eda planes&#8221; de atacar instalaciones en territorio polaco.<\/p>\n<\/div>\n<div class=\"bbc-19j92fr ebmt73l0\" dir=\"ltr\">\n<p class=\"bbc-hhl7in e17g058b0\" dir=\"ltr\">Bielorrusia, un estrecho aliado de Rusia, afirm\u00f3 que los drones que entraron en el espacio a\u00e9reo polaco el mi\u00e9rcoles lo hicieron por accidente, despu\u00e9s de que sus sistemas de navegaci\u00f3n se bloquearan.<\/p>\n<\/div>\n<div class=\"bbc-19j92fr ebmt73l0\" dir=\"ltr\">\n<p class=\"bbc-hhl7in e17g058b0\" dir=\"ltr\">El domingo, la Rep\u00fablica Checa anunci\u00f3 que hab\u00eda enviado una unidad especial de helic\u00f3pteros de operaciones a Polonia.<\/p>\n<\/div>\n<div class=\"bbc-19j92fr ebmt73l0\" dir=\"ltr\">\n<p class=\"bbc-hhl7in e17g058b0\" dir=\"ltr\">La unidad est\u00e1 compuesta por tres helic\u00f3pteros Mi-171S, cada uno con capacidad para transportar hasta 24 efectivos y equipados con material de combate completo.<\/p>\n<\/div>\n<div class=\"bbc-19j92fr ebmt73l0\" dir=\"ltr\">\n<p class=\"bbc-hhl7in e17g058b0\" dir=\"ltr\">La medida es una respuesta a la incursi\u00f3n rusa en el flanco oriental de la OTAN (Organizaci\u00f3n del Tratado del Atl\u00e1ntico Norte), seg\u00fan ha declarado la ministra de Defensa checa, Jana Cernochova.<\/p>\n<\/div>\n<div class=\"bbc-19j92fr ebmt73l0\" dir=\"ltr\">\n<p class=\"bbc-hhl7in e17g058b0\" dir=\"ltr\">En respuesta a la \u00faltima incursi\u00f3n de drones, el presidente Zelensky afirm\u00f3 que el ej\u00e9rcito ruso &#8220;sabe exactamente hacia d\u00f3nde se dirigen sus drones y cu\u00e1nto tiempo pueden operar en el aire&#8221;.<\/p>\n<\/div>\n<div class=\"bbc-19j92fr ebmt73l0\" dir=\"ltr\">\n<p class=\"bbc-hhl7in e17g058b0\" dir=\"ltr\">Ha pedido constantemente a los pa\u00edses occidentales que endurezcan las sanciones contra Mosc\u00fa.<\/p>\n<\/div>\n<div class=\"bbc-19j92fr ebmt73l0\" dir=\"ltr\">\n<p class=\"bbc-hhl7in e17g058b0\" dir=\"ltr\">Donald Trump tambi\u00e9n se pronunci\u00f3 sobre la violaci\u00f3n del espacio a\u00e9reo a principios de esta semana, afirmando que estaba &#8220;dispuesto&#8221; a imponer sanciones m\u00e1s duras a Rusia, pero solo si los pa\u00edses de la OTAN cumpl\u00edan ciertas condiciones, como dejar de comprar petr\u00f3leo ruso.<\/p>\n<\/div>\n<div class=\"bbc-19j92fr ebmt73l0\" dir=\"ltr\">\n<p class=\"bbc-hhl7in e17g058b0\" dir=\"ltr\">Rusia lanz\u00f3 una invasi\u00f3n a gran escala de Ucrania en febrero de 2022 y ha avanzado lentamente en el campo de batalla.<\/p>\n<\/div>\n<div class=\"bbc-19j92fr ebmt73l0\" dir=\"ltr\">\n<p class=\"bbc-hhl7in e17g058b0\" dir=\"ltr\">Trump ha liderado los esfuerzos para poner fin a la guerra, pero Rusia ha intensificado los ataques contra Ucrania desde que el presidente Vladimir Putin regres\u00f3 de una cumbre con Trump en Alaska el mes pasado.<\/p>\n<p dir=\"ltr\">\n<\/div>\n<figure class=\"bbc-1qn0xuy\">\n<div class=\"bbc-1gbs0ve\"><img loading=\"lazy\" decoding=\"async\" class=\"bbc-139onq\" src=\"https:\/\/ichef.bbci.co.uk\/ace\/ws\/640\/cpsprodpb\/aef2\/live\/e7dbe5a0-9173-11f0-974d-05c67cdfea1c.png.webp\" sizes=\"auto, (min-width: 1008px) 760px, 100vw\" srcset=\"https:\/\/ichef.bbci.co.uk\/ace\/ws\/240\/cpsprodpb\/aef2\/live\/e7dbe5a0-9173-11f0-974d-05c67cdfea1c.png.webp 240w, https:\/\/ichef.bbci.co.uk\/ace\/ws\/320\/cpsprodpb\/aef2\/live\/e7dbe5a0-9173-11f0-974d-05c67cdfea1c.png.webp 320w, https:\/\/ichef.bbci.co.uk\/ace\/ws\/480\/cpsprodpb\/aef2\/live\/e7dbe5a0-9173-11f0-974d-05c67cdfea1c.png.webp 480w, https:\/\/ichef.bbci.co.uk\/ace\/ws\/624\/cpsprodpb\/aef2\/live\/e7dbe5a0-9173-11f0-974d-05c67cdfea1c.png.webp 624w, https:\/\/ichef.bbci.co.uk\/ace\/ws\/800\/cpsprodpb\/aef2\/live\/e7dbe5a0-9173-11f0-974d-05c67cdfea1c.png.webp 800w\" alt=\"Mapa del este de Europa.\" width=\"1334\" height=\"750\" \/><\/div>\n<\/figure>\n","protected":false},"excerpt":{"rendered":"<p>&nbsp; Ruman\u00eda afirma que un dron ruso ha violado su espacio a\u00e9reo, el segundo pa\u00eds de la OTAN en informar de tal incursi\u00f3n. Aviones de&hellip;<\/p>\n","protected":false},"author":99,"featured_media":536053,"comment_status":"open","ping_status":"open","sticky":false,"template":"","format":"standard","meta":{"footnotes":""},"categories":[24],"tags":[],"class_list":["post-536052","post","type-post","status-publish","format-standard","has-post-thumbnail","hentry","category-mundo"],"_links":{"self":[{"href":"https:\/\/diarioelpopular.com\/index.php\/wp-json\/wp\/v2\/posts\/536052","targetHints":{"allow":["GET"]}}],"collection":[{"href":"https:\/\/diarioelpopular.com\/index.php\/wp-json\/wp\/v2\/posts"}],"about":[{"href":"https:\/\/diarioelpopular.com\/index.php\/wp-json\/wp\/v2\/types\/post"}],"author":[{"embeddable":true,"href":"https:\/\/diarioelpopular.com\/index.php\/wp-json\/wp\/v2\/users\/99"}],"replies":[{"embeddable":true,"href":"https:\/\/diarioelpopular.com\/index.php\/wp-json\/wp\/v2\/comments?post=536052"}],"version-history":[{"count":1,"href":"https:\/\/diarioelpopular.com\/index.php\/wp-json\/wp\/v2\/posts\/536052\/revisions"}],"predecessor-version":[{"id":536054,"href":"https:\/\/diarioelpopular.com\/index.php\/wp-json\/wp\/v2\/posts\/536052\/revisions\/536054"}],"wp:featuredmedia":[{"embeddable":true,"href":"https:\/\/diarioelpopular.com\/index.php\/wp-json\/wp\/v2\/media\/536053"}],"wp:attachment":[{"href":"https:\/\/diarioelpopular.com\/index.php\/wp-json\/wp\/v2\/media?parent=536052"}],"wp:term":[{"taxonomy":"category","embeddable":true,"href":"https:\/\/diarioelpopular.com\/index.php\/wp-json\/wp\/v2\/categories?post=536052"},{"taxonomy":"post_tag","embeddable":true,"href":"https:\/\/diarioelpopular.com\/index.php\/wp-json\/wp\/v2\/tags?post=536052"}],"curies":[{"name":"wp","href":"https:\/\/api.w.org\/{rel}","templated":true}]}}