{"id":536081,"date":"2025-09-16T09:14:47","date_gmt":"2025-09-16T13:14:47","guid":{"rendered":"https:\/\/diarioelpopular.com\/?p=536081"},"modified":"2025-09-16T09:14:47","modified_gmt":"2025-09-16T13:14:47","slug":"condena-anticipada-los-presos-de-bukele-podran-pasar-hasta-siete-anos-en-prision-sin-ser-juzgados","status":"publish","type":"post","link":"https:\/\/diarioelpopular.com\/index.php\/2025\/09\/16\/condena-anticipada-los-presos-de-bukele-podran-pasar-hasta-siete-anos-en-prision-sin-ser-juzgados\/","title":{"rendered":"Condena anticipada: los presos de Bukele podr\u00e1n pasar hasta siete a\u00f1os en prisi\u00f3n sin ser juzgados"},"content":{"rendered":"<div id=\"attachment_536082\" style=\"width: 1210px\" class=\"wp-caption alignnone\"><img loading=\"lazy\" decoding=\"async\" aria-describedby=\"caption-attachment-536082\" class=\"wp-image-536082 size-custom-big-size\" src=\"https:\/\/diarioelpopular.com\/wp-content\/uploads\/2025\/09\/Screen-Shot-2025-09-16-at-9.13.48-AM-1200x799.png\" alt=\"\" width=\"1200\" height=\"799\" srcset=\"https:\/\/diarioelpopular.com\/wp-content\/uploads\/2025\/09\/Screen-Shot-2025-09-16-at-9.13.48-AM-1200x799.png 1200w, https:\/\/diarioelpopular.com\/wp-content\/uploads\/2025\/09\/Screen-Shot-2025-09-16-at-9.13.48-AM-300x200.png 300w, https:\/\/diarioelpopular.com\/wp-content\/uploads\/2025\/09\/Screen-Shot-2025-09-16-at-9.13.48-AM-768x511.png 768w, https:\/\/diarioelpopular.com\/wp-content\/uploads\/2025\/09\/Screen-Shot-2025-09-16-at-9.13.48-AM-1536x1023.png 1536w, https:\/\/diarioelpopular.com\/wp-content\/uploads\/2025\/09\/Screen-Shot-2025-09-16-at-9.13.48-AM-636x423.png 636w, https:\/\/diarioelpopular.com\/wp-content\/uploads\/2025\/09\/Screen-Shot-2025-09-16-at-9.13.48-AM-110x73.png 110w, https:\/\/diarioelpopular.com\/wp-content\/uploads\/2025\/09\/Screen-Shot-2025-09-16-at-9.13.48-AM.png 1024w\" sizes=\"auto, (max-width: 1200px) 100vw, 1200px\" \/><p id=\"caption-attachment-536082\" class=\"wp-caption-text\">El Centro de Confinamiento del Terrorismo (Cecot), la megac\u00e1rcel para pandilleros promovida por Nayib Bukele.\u00a0 \u00a0 \u00a0Foto Gladys Serrano<\/p><\/div>\n<p>&nbsp;<\/p>\n<p>&nbsp;<\/p>\n<h4 class=\"a_st\"><em>&#8211; Nuevas reformas legislativas se suman a otras medidas de mano dura aprobadas en los m\u00e1s de tres a\u00f1os de r\u00e9gimen de excepci\u00f3n en El Salvador contra cualquier sospechoso de pertenecer a las pandillas<\/em><\/h4>\n<p>&nbsp;<\/p>\n<p class=\"\">El 1 de junio, al iniciar su s\u00e9ptimo a\u00f1o en la presidencia,\u00a0<a title=\"https:\/\/elpais.com\/noticias\/nayib-armando-bukele-ortez\/\" href=\"https:\/\/elpais.com\/noticias\/nayib-armando-bukele-ortez\/\" target=\"_self\" rel=\"\" data-link-track-dtm=\"\" data-mrf-link=\"https:\/\/elpais.com\/noticias\/nayib-armando-bukele-ortez\/\">Nayib Bukele<\/a>\u00a0lanz\u00f3 una promesa sobre el destino de las casi 90.000 personas capturadas bajo el\u00a0<a title=\"https:\/\/elpais.com\/internacional\/2023-10-10\/el-regimen-de-excepcion-de-bukele-como-instrumento-para-aplastar-las-disidencias.html\" href=\"https:\/\/elpais.com\/internacional\/2023-10-10\/el-regimen-de-excepcion-de-bukele-como-instrumento-para-aplastar-las-disidencias.html\" target=\"_self\" rel=\"\" data-link-track-dtm=\"\" data-mrf-link=\"https:\/\/elpais.com\/internacional\/2023-10-10\/el-regimen-de-excepcion-de-bukele-como-instrumento-para-aplastar-las-disidencias.html\">r\u00e9gimen de excepci\u00f3n<\/a>: \u201cNo los vamos a liberar ya, ni nunca\u201d, dijo.<\/p>\n<p class=\"\">Dos meses y medio despu\u00e9s, a mediados de agosto, la Asamblea Legislativa bajo su control aprob\u00f3 una serie de reformas a la Ley Contra el Crimen Organizado que le ayudar\u00e1n a cumplir con esa amenaza. Entre otras cosas, la medida permite que los detenidos en su llamada \u201cguerra contra las pandillas\u201d, incluso aquellos que acaben resultando inocentes, puedan permanecer en prisi\u00f3n hasta siete a\u00f1os, antes de conocer un veredicto.<\/p>\n<p class=\"\">La modificaci\u00f3n a ocho art\u00edculos de la ley, aprobada de forma expr\u00e9s el pasado 15 de agosto, fue celebrada por el fiscal general, Rodolfo Delgado, como \u201cla mayor reforma en materia procesal\u201d en El Salvador desde finales del siglo pasado. Delgado asegur\u00f3 ante los diputados de la comisi\u00f3n de Seguridad Nacional que con esos cambios se corrigieron los \u201cerrores\u201d de un sistema de justicia que calific\u00f3 de \u201chipergarantista\u201d, y que, seg\u00fan \u00e9l, es responsable de convertir a los tribunales en una suerte de \u201cpuerta giratoria\u201d que permit\u00eda que los jueces liberaran a los detenidos casi al mismo ritmo con que la Polic\u00eda los capturaba.<\/p>\n<p class=\"\">Algo de eso era cierto: antes de que Bukele tomara el control del sistema de justicia salvadore\u00f1o, si la Fiscal\u00eda no lograba probar la pertenencia de un acusado a una pandilla o su participaci\u00f3n espec\u00edfica en un delito como homicidio, extorsi\u00f3n o cualquier otro, los jueces sol\u00edan dejarlo en libertad con relativa facilidad. Pero el Gobierno de Bukele ha llevado al sistema hacia el extremo contrario: ahora la l\u00f3gica oficial es que todos son culpables hasta que se demuestre lo contrario.<\/p>\n<h3 class=\"\">Una justicia a medida de Bukele<\/h3>\n<p class=\"\">Parte de la transformaci\u00f3n de Bukele en el sistema de justicia ha ido contra los jueces. En 2021, a trav\u00e9s de sus diputados, ejecut\u00f3 una purga judicial, jubilando de forma obligatoria a todos los jueces mayores de 60 a\u00f1os y nombrando a 168 nuevos <a href=\"https:\/\/gatoencerrado.news\/2023\/07\/12\/jueces-a-la-medida-la-farsa-de-la-depuracion-judicial-de-nayib-bukele\/\" rel=\"\" data-link-track-dtm=\"\" data-mrf-link=\"https:\/\/gatoencerrado.news\/2023\/07\/12\/jueces-a-la-medida-la-farsa-de-la-depuracion-judicial-de-nayib-bukele\/\">a su medida<\/a>. Antes de eso, en m\u00e1s de una ocasi\u00f3n, amenaz\u00f3 con\u00a0<a href=\"https:\/\/www.dw.com\/es\/bukele-llama-a-remover-jueces-c%25C3%25B3mplices-del-crimen-organizado\/a-61337820\" rel=\"\" data-link-track-dtm=\"\" data-mrf-link=\"https:\/\/www.dw.com\/es\/bukele-llama-a-remover-jueces-c%25C3%25B3mplices-del-crimen-organizado\/a-61337820\">remover<\/a>\u00a0o incluso capturar a jueces que no cumplieran con sus lineamientos y ponerlos a\u00a0<a href=\"https:\/\/x.com\/nayibbukele\/status\/1387891289228812288\" rel=\"\" data-link-track-dtm=\"\" data-mrf-link=\"https:\/\/x.com\/nayibbukele\/status\/1387891289228812288\">\u201cen una celda a la par\u201d<\/a>\u00a0de sus acusados.<\/p>\n<p class=\"\">El r\u00e9gimen de excepci\u00f3n, contemplado en la Constituci\u00f3n salvadore\u00f1a, limita derechos fundamentales por un periodo de 30 d\u00edas, aunque ha sido prorrogado ya en 41 ocasiones. En m\u00e1s de tres a\u00f1os, esta medida ha sido acompa\u00f1ada de reformas a leyes que ampl\u00edan plazos procesales, endurecen condenas y permiten que menores de edad, acusados de ser pandilleros, sean juzgados como adultos. Con los cambios m\u00e1s recientes, la Fiscal\u00eda tendr\u00e1 hasta 2027 para formalizar acusaciones, lo que significa que miles de detenidos podr\u00edan pasar cinco a\u00f1os en prisi\u00f3n preventiva antes de ser imputados. A ello se suma la modificaci\u00f3n que permite que los juicios contra ellos se prolonguen con una duraci\u00f3n de dos a\u00f1os o m\u00e1s, completando un total de siete. Ese juicio, adem\u00e1s, se podr\u00eda reabrir, aumentando ese periodo a un tiempo indefinido.<\/p>\n<p class=\"\">Otras reformas han introducido jueces an\u00f3nimos y la adopci\u00f3n de juicios masivos en los que se agrupar\u00e1n a miles de acusados con el \u00fanico factor com\u00fan de pertenecer a la misma estructura criminal.<\/p>\n<p class=\"\">Organismos de derechos humanos han documentado m\u00e1s de 6.000 denuncias de\u00a0<a title=\"https:\/\/google.com\/search?q=detenciones+arbitrarias+el+salvador+elpais.es&amp;rlz=1C5CHFA_enMX1161MX1161&amp;oq=detenciones+arbitrarias+el+salvador+elpais.es&amp;gs_lcrp=EgZjaHJvbWUyBggAEEUYOTIHCAEQIRigATIHCAIQIRigATIHCAMQIRigATIHCAQQIRiPAjIHCAUQIRiPAtIBCDY5MzRqMGo0qAIAsAIB&amp;sourceid=chrome&amp;ie=UTF-8\" href=\"https:\/\/google.com\/search?q=detenciones+arbitrarias+el+salvador+elpais.es&amp;rlz=1C5CHFA_enMX1161MX1161&amp;oq=detenciones+arbitrarias+el+salvador+elpais.es&amp;gs_lcrp=EgZjaHJvbWUyBggAEEUYOTIHCAEQIRigATIHCAIQIRigATIHCAMQIRigATIHCAQQIRiPAjIHCAUQIRiPAtIBCDY5MzRqMGo0qAIAsAIB&amp;sourceid=chrome&amp;ie=UTF-8\" target=\"_self\" rel=\"\" data-link-track-dtm=\"\" data-mrf-link=\"https:\/\/google.com\/search?q=detenciones+arbitrarias+el+salvador+elpais.es&amp;rlz=1C5CHFA_enMX1161MX1161&amp;oq=detenciones+arbitrarias+el+salvador+elpais.es&amp;gs_lcrp=EgZjaHJvbWUyBggAEEUYOTIHCAEQIRigATIHCAIQIRigATIHCAMQIRigATIHCAQQIRiPAjIHCAUQIRiPAtIBCDY5MzRqMGo0qAIAsAIB&amp;sourceid=chrome&amp;ie=UTF-8\">detenciones arbitrarias<\/a>, aunque sospechan que la cifra real es mucho mayor. Muchas de estas capturas parten de denuncias an\u00f3nimas o de actitudes interpretadas como \u201csospechosas\u201d por polic\u00edas o soldados al momento de un registro, como ponerse nerviosos, seg\u00fan revelan al menos tres investigaciones fiscales.<\/p>\n<p class=\"\">\u201cMantener a una persona m\u00e1s de cinco a\u00f1os en detenci\u00f3n provisional es un plazo irracional e injustificable\u201d, se\u00f1al\u00f3 en un comunicado la organizaci\u00f3n de derechos humanos Cristosal, advirtiendo que esa pr\u00e1ctica se agrava con la falta de supervisi\u00f3n judicial imparcial y la obstrucci\u00f3n al derecho de defensa.<\/p>\n<p class=\"\">Desde marzo de 2022, cuando se instaur\u00f3 el r\u00e9gimen, hasta la fecha, han sido capturadas 88.750 personas, seg\u00fan cifras del propio fiscal Delgado. Solo en el primer a\u00f1o fueron detenidas 66.000 personas, incluidos menores de edad, seg\u00fan Amnist\u00eda Internacional. Eso significa que m\u00e1s del 70% de quienes hoy est\u00e1n en prisi\u00f3n bajo el r\u00e9gimen podr\u00edan enfrentar cerca de siete a\u00f1os de encierro antes de una sentencia.<\/p>\n<p class=\"\">Jonatan, un joven de 28 a\u00f1os, es uno de ellos. Lleva tres a\u00f1os y cinco meses preso. Fue capturado durante la primera semana del r\u00e9gimen de excepci\u00f3n. Su madre, Ana, cuenta que lo capturaron mientras almorzaba en un comedor cercano al taller de mec\u00e1nica automotriz donde trabajaba desde hac\u00eda una d\u00e9cada. \u201cEn el lugar estaban dos pandilleros comiendo. La Polic\u00eda lleg\u00f3, captur\u00f3 a esos dos y les encontr\u00f3 un arma y droga. Pero no les bast\u00f3: tambi\u00e9n se llevaron a los dos mec\u00e1nicos y al due\u00f1o del comedor\u201d, relata.<\/p>\n<p class=\"\">Durante los primeros meses del r\u00e9gimen de excepci\u00f3n, polic\u00edas denunciaron que el gobierno les exig\u00eda una \u201ccuota\u201d de detenidos por d\u00eda, lo que los obligaba incluso a fabricar pruebas falsas. Esta pr\u00e1ctica fue documentada y confirmada por Human Rights Watch, seg\u00fan <a href=\"https:\/\/www.hrw.org\/es\/news\/2025\/06\/27\/el-salvador-policias-reconocen-detenciones-arbitrarias\" rel=\"\" data-link-track-dtm=\"\" data-mrf-link=\"https:\/\/www.hrw.org\/es\/news\/2025\/06\/27\/el-salvador-policias-reconocen-detenciones-arbitrarias\">un informe publicado<\/a>\u00a0este a\u00f1o.<\/p>\n<p class=\"\">Ana mantiene viva la esperanza de que se demuestre su inocencia. Tiene la ropa de su hijo planchada, la cama lista, los zapatos en su lugar. \u201cTengo todo preparado para que venga hoy\u201d, dice. En estos tres a\u00f1os, ha gastado m\u00e1s de 6.000 d\u00f3lares en paquetes de limpieza y alimentos para llevarle a su hijo cada mes. Esto se suma al pago de tres abogados distintos que no le han dejado mayores resultados. \u201cLo \u00fanico que s\u00e9 es que est\u00e1 vivo. Eso me dijo el \u00faltimo abogado. De ah\u00ed, nada m\u00e1s\u201d, dice en una llamada telef\u00f3nica.<\/p>\n<p class=\"\">El Gobierno de Bukele ha declarado la informaci\u00f3n sobre seguridad como secreto de Estado, pero el ministro de Justicia, Gustavo Villatoro, ha reconocido que unas 3.000 personas han sido puestas en libertad condicional, lo que no significa que el proceso en su contra haya terminado, sino \u00fanicamente que un juez determin\u00f3 que no existe la m\u00e1s m\u00ednima prueba para mantenerlas en prisi\u00f3n. Varias de ellas han denunciado torturas mientras se encontraban en las c\u00e1rceles. La organizaci\u00f3n Socorro Jur\u00eddico Humanitario calcula que han sido m\u00e1s de 400 las muertes dentro de los penales desde que comenz\u00f3 el r\u00e9gimen. En muchas de ellas, los cuerpos fueron identificados con signos de violencia o falta de atenci\u00f3n m\u00e9dica.<\/p>\n<p class=\"\">Sobre el destino de las cerca de 90.000 personas detenidas en el r\u00e9gimen de Bukele, no hay muchas certezas. Incluso el mismo presidente lanza mensajes contradictorios. A finales de junio, semanas despu\u00e9s de prometer que los detenidos \u201cnunca\u201d saldr\u00edan libres, escribi\u00f3 en su cuenta de X que \u201cm\u00e1s de la mitad\u201d est\u00e1n en rehabilitaci\u00f3n y ser\u00e1n liberados \u201cdentro de un par de a\u00f1os\u201d.\u00a0<a href=\"https:\/\/x.com\/nayibbukele\/status\/1939497425296658441?ref_src=twsrc%255Etfw%257Ctwcamp%255Etweetembed%257Ctwterm%255E1939497425296658441%257Ctwgr%255Ef91dc2f7c9c2d9284be04c4515d554ec3eb40ade%257Ctwcon%255Es1_&amp;ref_url=https:\/\/www.elmundo.es\/internacional\/2025\/06\/30\/68622a26e9cf4a773e8b4578.html\" rel=\"\" data-link-track-dtm=\"\" data-mrf-link=\"https:\/\/x.com\/nayibbukele\/status\/1939497425296658441?ref_src=twsrc%255Etfw%257Ctwcamp%255Etweetembed%257Ctwterm%255E1939497425296658441%257Ctwgr%255Ef91dc2f7c9c2d9284be04c4515d554ec3eb40ade%257Ctwcon%255Es1_&amp;ref_url=https:\/\/www.elmundo.es\/internacional\/2025\/06\/30\/68622a26e9cf4a773e8b4578.html\">Acompa\u00f1\u00f3 el mensaje con una imagen del villano de Marvel, Thanos<\/a>, en el que se ve al personaje dici\u00e9ndole a su hija, Gamora: \u201cReduje el crimen en un 98%\u201d. En la imagen, la ni\u00f1a le pregunta a qu\u00e9 costo, y \u00e9l responde 1,5%, el porcentaje de la poblaci\u00f3n adulta salvadore\u00f1a que est\u00e1 presa. En la saga de ficci\u00f3n, Thanos es un personaje que sacrifica a la mitad de la poblaci\u00f3n mundial para devolver el \u201cequilibrio\u201d a la tierra. Una comparaci\u00f3n que, lejos de aclarar el destino de los detenidos en El Salvador, refleja la dimensi\u00f3n de un proyecto que concibe la justicia como el sacrificio de inocentes.<\/p>\n","protected":false},"excerpt":{"rendered":"<p>&nbsp; &nbsp; &#8211; Nuevas reformas legislativas se suman a otras medidas de mano dura aprobadas en los m\u00e1s de tres a\u00f1os de r\u00e9gimen de excepci\u00f3n&hellip;<\/p>\n","protected":false},"author":99,"featured_media":536082,"comment_status":"open","ping_status":"open","sticky":false,"template":"","format":"standard","meta":{"footnotes":""},"categories":[23],"tags":[],"class_list":["post-536081","post","type-post","status-publish","format-standard","has-post-thumbnail","hentry","category-latinoamerica"],"_links":{"self":[{"href":"https:\/\/diarioelpopular.com\/index.php\/wp-json\/wp\/v2\/posts\/536081","targetHints":{"allow":["GET"]}}],"collection":[{"href":"https:\/\/diarioelpopular.com\/index.php\/wp-json\/wp\/v2\/posts"}],"about":[{"href":"https:\/\/diarioelpopular.com\/index.php\/wp-json\/wp\/v2\/types\/post"}],"author":[{"embeddable":true,"href":"https:\/\/diarioelpopular.com\/index.php\/wp-json\/wp\/v2\/users\/99"}],"replies":[{"embeddable":true,"href":"https:\/\/diarioelpopular.com\/index.php\/wp-json\/wp\/v2\/comments?post=536081"}],"version-history":[{"count":1,"href":"https:\/\/diarioelpopular.com\/index.php\/wp-json\/wp\/v2\/posts\/536081\/revisions"}],"predecessor-version":[{"id":536083,"href":"https:\/\/diarioelpopular.com\/index.php\/wp-json\/wp\/v2\/posts\/536081\/revisions\/536083"}],"wp:featuredmedia":[{"embeddable":true,"href":"https:\/\/diarioelpopular.com\/index.php\/wp-json\/wp\/v2\/media\/536082"}],"wp:attachment":[{"href":"https:\/\/diarioelpopular.com\/index.php\/wp-json\/wp\/v2\/media?parent=536081"}],"wp:term":[{"taxonomy":"category","embeddable":true,"href":"https:\/\/diarioelpopular.com\/index.php\/wp-json\/wp\/v2\/categories?post=536081"},{"taxonomy":"post_tag","embeddable":true,"href":"https:\/\/diarioelpopular.com\/index.php\/wp-json\/wp\/v2\/tags?post=536081"}],"curies":[{"name":"wp","href":"https:\/\/api.w.org\/{rel}","templated":true}]}}