{"id":536115,"date":"2025-09-17T08:59:44","date_gmt":"2025-09-17T12:59:44","guid":{"rendered":"https:\/\/diarioelpopular.com\/?p=536115"},"modified":"2025-09-17T08:59:44","modified_gmt":"2025-09-17T12:59:44","slug":"cuatro-de-cada-cinco-lideres-asesinados-en-2024-eran-latinoamericanos","status":"publish","type":"post","link":"https:\/\/diarioelpopular.com\/index.php\/2025\/09\/17\/cuatro-de-cada-cinco-lideres-asesinados-en-2024-eran-latinoamericanos\/","title":{"rendered":"Cuatro de cada cinco l\u00edderes asesinados en 2024 eran latinoamericanos"},"content":{"rendered":"<div id=\"attachment_536116\" style=\"width: 1210px\" class=\"wp-caption alignnone\"><img loading=\"lazy\" decoding=\"async\" aria-describedby=\"caption-attachment-536116\" class=\"wp-image-536116 size-custom-big-size\" src=\"https:\/\/diarioelpopular.com\/wp-content\/uploads\/2025\/09\/Screen-Shot-2025-09-17-at-8.58.58-AM-1200x799.png\" alt=\"\" width=\"1200\" height=\"799\" srcset=\"https:\/\/diarioelpopular.com\/wp-content\/uploads\/2025\/09\/Screen-Shot-2025-09-17-at-8.58.58-AM-1200x799.png 1200w, https:\/\/diarioelpopular.com\/wp-content\/uploads\/2025\/09\/Screen-Shot-2025-09-17-at-8.58.58-AM-300x200.png 300w, https:\/\/diarioelpopular.com\/wp-content\/uploads\/2025\/09\/Screen-Shot-2025-09-17-at-8.58.58-AM-768x511.png 768w, https:\/\/diarioelpopular.com\/wp-content\/uploads\/2025\/09\/Screen-Shot-2025-09-17-at-8.58.58-AM-1536x1023.png 1536w, https:\/\/diarioelpopular.com\/wp-content\/uploads\/2025\/09\/Screen-Shot-2025-09-17-at-8.58.58-AM-636x423.png 636w, https:\/\/diarioelpopular.com\/wp-content\/uploads\/2025\/09\/Screen-Shot-2025-09-17-at-8.58.58-AM-110x73.png 110w, https:\/\/diarioelpopular.com\/wp-content\/uploads\/2025\/09\/Screen-Shot-2025-09-17-at-8.58.58-AM.png 1024w\" sizes=\"auto, (max-width: 1200px) 100vw, 1200px\" \/><p id=\"caption-attachment-536116\" class=\"wp-caption-text\">Funeral de Carmelina Yule Pav\u00ed, en Colombia. Foto Fernando Vergara (AP)<\/p><\/div>\n<p>&nbsp;<\/p>\n<p>&nbsp;<\/p>\n<h4 class=\"a_st\"><em>&#8211; Por tercer a\u00f1o consecutivo, Colombia es el pa\u00eds con el mayor n\u00famero de homicidios. En Guatemala los casos se quintuplicaron, seg\u00fan el \u00faltimo informe de Global Witness<\/em><\/h4>\n<p>&nbsp;<\/p>\n<p><a title=\"https:\/\/elpais.com\/america-colombia\/2024-03-23\/carmelina-yule-la-lideresa-indigena-asesinada-por-plantar-cara-a-las-disidencias-de-las-farc.html?event_log=oklogin\" href=\"https:\/\/elpais.com\/america-colombia\/2024-03-23\/carmelina-yule-la-lideresa-indigena-asesinada-por-plantar-cara-a-las-disidencias-de-las-farc.html?event_log=oklogin\" target=\"_blank\" rel=\"noopener noreferrer\" data-link-track-dtm=\"\" data-mrf-link=\"https:\/\/elpais.com\/america-colombia\/2024-03-23\/carmelina-yule-la-lideresa-indigena-asesinada-por-plantar-cara-a-las-disidencias-de-las-farc.html\">Carmelina Yule Pav\u00ed<\/a>, de 62 a\u00f1os, quer\u00eda impedir que los ni\u00f1os del Departamento del Cauca fueran reclutados por los grupos armados ilegales en Colombia. Felipe Xo Quib era un pap\u00e1 y pescador guatemalteco que se impuso a los macroproyectos mineros de Guatemala por la ausencia de una consulta previa al pueblo Q\u2019eqchi\u2019.<\/p>\n<p>Marcos S\u00e1nchez Perea trat\u00f3 de proteger los bosques de Puebla, M\u00e9xico, desde el Comisariado Ejidal de San Andr\u00e9s Hueyacatitla. Todos fueron asesinados para dejar el trabajo inconcluso. Para aleccionar a quienes tomaran el testigo. En 2024, al menos 146 l\u00edderes sociales y ambientales del mundo fueron desaparecidos o asesinados. Cuatro de cada cinco de ellos (120) eran activistas latinoamericanos, seg\u00fan muestra el \u00faltimo informe de Global Witness. Por tercer a\u00f1o consecutivo, <a title=\"https:\/\/elpais.com\/america-futura\/2024-09-09\/colombia-rompe-el-record-historico-como-el-pais-mas-letal-para-defensores-de-la-tierra-y-el-ambiente.html\" href=\"https:\/\/elpais.com\/america-futura\/2024-09-09\/colombia-rompe-el-record-historico-como-el-pais-mas-letal-para-defensores-de-la-tierra-y-el-ambiente.html\" target=\"_blank\" rel=\"noopener noreferrer\" data-link-track-dtm=\"\" data-mrf-link=\"https:\/\/elpais.com\/america-futura\/2024-09-09\/colombia-rompe-el-record-historico-como-el-pais-mas-letal-para-defensores-de-la-tierra-y-el-ambiente.html\">Colombia es el pa\u00eds con el mayor n\u00famero de homicidios<\/a>. Y Guatemala es la naci\u00f3n del mundo con mayores cifras per c\u00e1pita. Estos nuevos datos elevan a 2.253 el total de homicidios entre 2012 y 2024; pr\u00e1cticamente uno cada dos d\u00edas.<\/p>\n<p class=\"\">En el informe, titulado\u00a0<em>&#8220;Ra\u00edces de resistencia&#8221;<\/em> y publicado este martes, se constata un a\u00f1o m\u00e1s el riesgo al que se exponen quienes cuidan y protegen nuestro planeta, sobre todo en Am\u00e9rica Latina y el Caribe, una regi\u00f3n que mantiene el lamentable t\u00edtulo de ser el continente m\u00e1s peligroso para hacer activismo.\u00a0Del total de los fallecidos en los \u00faltimos 13 a\u00f1os, 1.619 (72%) sucedieron en esta regi\u00f3n.<\/p>\n<p class=\"\">Rachel Cox, asesora principal de campa\u00f1as de Global Witness, lament\u00f3 en un comunicado que los l\u00edderes sean tratados \u201ccomo un estorbo\u201d. \u201cEn un contexto dominado por el uso desenfrenado de los recursos, las crecientes presiones ejercidas sobre el ambiente y la oportunidad cada vez m\u00e1s reducida de limitar el calentamiento global, tratan a quienes defienden el ambiente y el territorio como si fueran un verdadero estorbo, en lugar de como canarios en una mina de carb\u00f3n a punto de explotar\u201d, sentenci\u00f3. El estudio se presenta a\u00a0<a title=\"https:\/\/elpais.com\/america\/2025-08-18\/la-pesadilla-logistica-de-celebrar-la-cumbre-del-clima-a-la-amazonia.html\" href=\"https:\/\/elpais.com\/america\/2025-08-18\/la-pesadilla-logistica-de-celebrar-la-cumbre-del-clima-a-la-amazonia.html\" target=\"_blank\" rel=\"noopener noreferrer\" data-link-track-dtm=\"\" data-mrf-link=\"https:\/\/elpais.com\/america\/2025-08-18\/la-pesadilla-logistica-de-celebrar-la-cumbre-del-clima-a-la-amazonia.html\">escasos dos meses de la COP30<\/a>, que se celebrar\u00e1 en Bel\u00e9m, capital amaz\u00f3nica de Brasil, y subraya en la agenda del encuentro una pregunta: \u00bfC\u00f3mo evitar la sangr\u00eda de activistas?<\/p>\n<h3 class=\"\">Colombia: un tercio de los asesinados<\/h3>\n<p class=\"\">Colombia vuelve a liderar esta lista con casi un tercio (48) de los asesinatos del mundo, 31 menos que en 2023. Les siguen Guatemala, con 20, M\u00e9xico (18), Brasil (12), Filipinas (7), Honduras (5) e Indonesia (5). Si bien Colombia ha visto un notorio descenso en los \u00faltimos a\u00f1os, el pa\u00eds sigue siendo una de las principales preocupaciones para expertos que, como Astrid Torres, coordinadora de la organizaci\u00f3n Somos Defensores, insisten en movilizar a todas las instancias del Estado para evitar que <a title=\"https:\/\/elpais.com\/america-futura\/2023-09-12\/colombia-es-el-mayor-cementerio-mundial-de-defensores-de-la-tierra.html\" href=\"https:\/\/elpais.com\/america-futura\/2023-09-12\/colombia-es-el-mayor-cementerio-mundial-de-defensores-de-la-tierra.html\" target=\"_blank\" rel=\"noopener noreferrer\" data-link-track-dtm=\"\" data-mrf-link=\"https:\/\/elpais.com\/america-futura\/2023-09-12\/colombia-es-el-mayor-cementerio-mundial-de-defensores-de-la-tierra.html\">la naci\u00f3n sea el cementerio de tantos activistas<\/a>. \u201cEsto no se trata solo de lo que haga el Gobierno nacional, se tienen que mover los gobernadores, las alcald\u00edas&#8230; Son 48 vidas que se pudieron haber preservado si el Estado hiciera su trabajo y atendiera las alertas tempranas que trasladan tanto las organizaciones sociales como la propia Fiscal\u00eda\u201d, lamentaba por tel\u00e9fono.<\/p>\n<p class=\"\">Para la defensora colombiana, es vital leer los datos con una mirada interseccional que entienda \u201cm\u00e1s all\u00e1 de las cifras, el impacto\u201d de los l\u00edderes silenciados. En el pa\u00eds andino, como en el resto del mundo, los pueblos afrodescendientes e ind\u00edgenas y las mujeres son los m\u00e1s violentados, en proporci\u00f3n. Solo los pueblos ind\u00edgenas representan un tercio de la lista, a pesar de que son apenas el 6% de la poblaci\u00f3n mundial. Otras personas que siguen vi\u00e9ndose desproporcionadamente afectadas son los campesinos, ya que sufrieron el 35% de los ataques registrados en 2024 en la regi\u00f3n.<\/p>\n<p>&nbsp;<\/p>\n<figure class=\"a_m a_m-h \">\n<p><div style=\"width: 424px\" class=\"wp-caption alignnone\"><img loading=\"lazy\" decoding=\"async\" class=\"_re lazyload a_m-h\" src=\"https:\/\/imagenes.elpais.com\/resizer\/v2\/BL3F5GE4JZPKXFK7W4TMGWPJC4.jpg?auth=c461cc488c9394765c6b2c75fd0527cf82a49c3a6c3a6351a3ee74d5920bb77b&amp;width=414\" sizes=\"auto, (min-width:1199px) 1155px,(min-width:1001px) calc(100vw - 44px),(min-width:768px) 767px, 100vw\" srcset=\"https:\/\/imagenes.elpais.com\/resizer\/v2\/BL3F5GE4JZPKXFK7W4TMGWPJC4.jpg?auth=c461cc488c9394765c6b2c75fd0527cf82a49c3a6c3a6351a3ee74d5920bb77b&amp;width=414 414w,https:\/\/imagenes.elpais.com\/resizer\/v2\/BL3F5GE4JZPKXFK7W4TMGWPJC4.jpg?auth=c461cc488c9394765c6b2c75fd0527cf82a49c3a6c3a6351a3ee74d5920bb77b&amp;width=828 640w,https:\/\/imagenes.elpais.com\/resizer\/v2\/BL3F5GE4JZPKXFK7W4TMGWPJC4.jpg?auth=c461cc488c9394765c6b2c75fd0527cf82a49c3a6c3a6351a3ee74d5920bb77b&amp;width=980 1000w,https:\/\/imagenes.elpais.com\/resizer\/v2\/BL3F5GE4JZPKXFK7W4TMGWPJC4.jpg?auth=c461cc488c9394765c6b2c75fd0527cf82a49c3a6c3a6351a3ee74d5920bb77b&amp;width=1960 1960w\" alt=\"Integrantes de la Fuerza A\u00e9rea en Cali.\" width=\"414\" height=\"285\" \/><p class=\"wp-caption-text\">Integrantes de la Fuerza A\u00e9rea en Cali. Foto Ernesto Guzm\u00e1n Jr (EFE)<\/p><\/div><figcaption class=\"a_m_p\" aria-hidden=\"true\"><\/figcaption><\/figure>\n<p>&nbsp;<\/p>\n<p class=\"\">Los indicios de la organizaci\u00f3n apuntan a que es la defensa del territorio la m\u00e1s letal. M\u00e1s del 68% de las personas fallecidas en Am\u00e9rica Latina y el Caribe (82 de 120) estaban relacionadas con disputas por el acceso a la tierra. De los casos registrados en el mundo, 29 ten\u00edan un v\u00ednculo con la miner\u00eda y las industrias extractivistas; ocho con la explotaci\u00f3n forestal y cuatro estaban vinculados con la agroindustria.<\/p>\n<h3 class=\"\">Guatemala, el pa\u00eds con m\u00e1s asesinatos per c\u00e1pita<\/h3>\n<p class=\"\">Una de las mayores sorpresas del informe ha sido Guatemala. Este peque\u00f1o pa\u00eds centroamericano de menos de 19 millones de habitantes se ha convertido en la naci\u00f3n con m\u00e1s l\u00edderes asesinados del mundo per c\u00e1pita. Los casos se quintuplicaron en apenas 365 d\u00edas y pas\u00f3 de sumar cuatro homicidios en 2023, a 20 en 2024.<\/p>\n<p class=\"\">Brenda Guill\u00e9n, coordinadora de la Unidad de Protecci\u00f3n a Defensoras y Defensores de Derechos Humanos (Udefegua), se\u00f1ala que es el a\u00f1o m\u00e1s letal en los \u00faltimos 25, a excepci\u00f3n de 2018, cuando fue incluido en los registros propios el <a title=\"https:\/\/elpais.com\/america\/2025-08-13\/condenados-en-guatemala-seis-exfuncionarios-por-la-muerte-de-41-menores-en-un-incendio.html\" href=\"https:\/\/elpais.com\/america\/2025-08-13\/condenados-en-guatemala-seis-exfuncionarios-por-la-muerte-de-41-menores-en-un-incendio.html\" target=\"_blank\" rel=\"noopener noreferrer\" data-link-track-dtm=\"\" data-mrf-link=\"https:\/\/elpais.com\/america\/2025-08-13\/condenados-en-guatemala-seis-exfuncionarios-por-la-muerte-de-41-menores-en-un-incendio.html\">Caso Hogar Seguro, un incendio en el que murieron 41 adolescentes\u00a0<\/a>en un albergue en Guatemala.<\/p>\n<p class=\"\">De acuerdo a las estad\u00edsticas de Udefegua, el 89% de las demandas que llegan al Ministerio P\u00fablico son desestimadas o archivadas. \u201cY del 11% restante, son pocos los que reciben justicia\u201d, explic\u00f3 por tel\u00e9fono. Si bien la activista celebra los pasos dados por el Gobierno del presidente\u00a0<a href=\"https:\/\/elpais.com\/noticias\/bernardo-arevalo-de-leon\/\" target=\"_blank\" rel=\"noopener\">Bernardo Ar\u00e9valo\u00a0<\/a>\u2014como el impulso de mesas de di\u00e1logo entre pueblos ind\u00edgenas y campesinos\u2014 lamenta que no sea suficiente: \u201cEl Ejecutivo no encontr\u00f3 acciones m\u00e1s contundentes contra la criminalizaci\u00f3n y el desalojo\u201d.<\/p>\n<p class=\"\">Para Guill\u00e9n, estas cifras han sido \u201cuna venganza\u201d de los oligarcas y la oposici\u00f3n guatemalteca por el movimiento social y el par\u00f3n de <a title=\"https:\/\/elpais.com\/internacional\/2024-01-13\/mas-de-100-dias-de-resistencia-indigena-para-que-bernardo-arevalo-gobierne-guatemala.html\" href=\"https:\/\/elpais.com\/internacional\/2024-01-13\/mas-de-100-dias-de-resistencia-indigena-para-que-bernardo-arevalo-gobierne-guatemala.html\" target=\"_blank\" rel=\"noopener noreferrer\" data-link-track-dtm=\"\" data-mrf-link=\"https:\/\/elpais.com\/internacional\/2024-01-13\/mas-de-100-dias-de-resistencia-indigena-para-que-bernardo-arevalo-gobierne-guatemala.html\">106 d\u00edas para garantizar la toma de posesi\u00f3n de Ar\u00e9valo<\/a> y su gabinete en 2023. \u201cEste Gobierno est\u00e1 en deuda con los pueblos ind\u00edgenas y campesinos. Y est\u00e1n siendo masacrados\u201d, advirti\u00f3 la lideresa. Global Witness se\u00f1al\u00f3 como principales responsables de los homicidios regionales a tres grupos: la delincuencia organizada (42 casos), el paramilitarismo (17) y los sicarios (13).<\/p>\n<p class=\"\">En 2024, desaparecieron al menos cuatro personas defensoras, que siguen sin ser localizadas en Chile (1), Honduras (1), M\u00e9xico (1) y Filipinas (1). La organizaci\u00f3n contaba en sus listas desde 2012 a los asesinados y desaparecidos por m\u00e1s de seis meses. Ahora, en aras de proporcionar mayor claridad, se lleva el conteo por separado.<\/p>\n<p class=\"\">A Guill\u00e9n no solo le entristecen estas cifras. Tambi\u00e9n es cr\u00edtica con la escasa cobertura medi\u00e1tica al respecto. \u201cEn Guatemala, la sociedad se ha cre\u00eddo que ha crecido la inseguridad y que los 20 l\u00edderes asesinados son una consecuencia de ello, y no es as\u00ed. Los defensores son un blanco de un grupo muy espec\u00edfico, pero vivimos ajenos al peligro que supone cuidar nuestros territorios\u201d.<\/p>\n","protected":false},"excerpt":{"rendered":"<p>&nbsp; &nbsp; &#8211; Por tercer a\u00f1o consecutivo, Colombia es el pa\u00eds con el mayor n\u00famero de homicidios. En Guatemala los casos se quintuplicaron, seg\u00fan el&hellip;<\/p>\n","protected":false},"author":99,"featured_media":536116,"comment_status":"open","ping_status":"open","sticky":false,"template":"","format":"standard","meta":{"footnotes":""},"categories":[23,11354],"tags":[],"class_list":["post-536115","post","type-post","status-publish","format-standard","has-post-thumbnail","hentry","category-latinoamerica","category-sucesos"],"_links":{"self":[{"href":"https:\/\/diarioelpopular.com\/index.php\/wp-json\/wp\/v2\/posts\/536115","targetHints":{"allow":["GET"]}}],"collection":[{"href":"https:\/\/diarioelpopular.com\/index.php\/wp-json\/wp\/v2\/posts"}],"about":[{"href":"https:\/\/diarioelpopular.com\/index.php\/wp-json\/wp\/v2\/types\/post"}],"author":[{"embeddable":true,"href":"https:\/\/diarioelpopular.com\/index.php\/wp-json\/wp\/v2\/users\/99"}],"replies":[{"embeddable":true,"href":"https:\/\/diarioelpopular.com\/index.php\/wp-json\/wp\/v2\/comments?post=536115"}],"version-history":[{"count":1,"href":"https:\/\/diarioelpopular.com\/index.php\/wp-json\/wp\/v2\/posts\/536115\/revisions"}],"predecessor-version":[{"id":536117,"href":"https:\/\/diarioelpopular.com\/index.php\/wp-json\/wp\/v2\/posts\/536115\/revisions\/536117"}],"wp:featuredmedia":[{"embeddable":true,"href":"https:\/\/diarioelpopular.com\/index.php\/wp-json\/wp\/v2\/media\/536116"}],"wp:attachment":[{"href":"https:\/\/diarioelpopular.com\/index.php\/wp-json\/wp\/v2\/media?parent=536115"}],"wp:term":[{"taxonomy":"category","embeddable":true,"href":"https:\/\/diarioelpopular.com\/index.php\/wp-json\/wp\/v2\/categories?post=536115"},{"taxonomy":"post_tag","embeddable":true,"href":"https:\/\/diarioelpopular.com\/index.php\/wp-json\/wp\/v2\/tags?post=536115"}],"curies":[{"name":"wp","href":"https:\/\/api.w.org\/{rel}","templated":true}]}}