{"id":536119,"date":"2025-09-17T09:03:31","date_gmt":"2025-09-17T13:03:31","guid":{"rendered":"https:\/\/diarioelpopular.com\/?p=536119"},"modified":"2025-09-17T09:03:31","modified_gmt":"2025-09-17T13:03:31","slug":"noboa-decreta-el-estado-de-excepcion-en-seis-regiones-de-ecuador-tras-cortar-el-subsidio-al-diesel","status":"publish","type":"post","link":"https:\/\/diarioelpopular.com\/index.php\/2025\/09\/17\/noboa-decreta-el-estado-de-excepcion-en-seis-regiones-de-ecuador-tras-cortar-el-subsidio-al-diesel\/","title":{"rendered":"Noboa decreta el estado de excepci\u00f3n en seis regiones de Ecuador tras cortar el subsidio al di\u00e9sel"},"content":{"rendered":"<div id=\"attachment_536120\" style=\"width: 1210px\" class=\"wp-caption alignnone\"><img loading=\"lazy\" decoding=\"async\" aria-describedby=\"caption-attachment-536120\" class=\"wp-image-536120 size-custom-big-size\" src=\"https:\/\/diarioelpopular.com\/wp-content\/uploads\/2025\/09\/Screen-Shot-2025-09-17-at-9.02.18-AM-1200x562.png\" alt=\"\" width=\"1200\" height=\"562\" srcset=\"https:\/\/diarioelpopular.com\/wp-content\/uploads\/2025\/09\/Screen-Shot-2025-09-17-at-9.02.18-AM-1200x562.png 1200w, https:\/\/diarioelpopular.com\/wp-content\/uploads\/2025\/09\/Screen-Shot-2025-09-17-at-9.02.18-AM-300x140.png 300w, https:\/\/diarioelpopular.com\/wp-content\/uploads\/2025\/09\/Screen-Shot-2025-09-17-at-9.02.18-AM-768x360.png 768w, https:\/\/diarioelpopular.com\/wp-content\/uploads\/2025\/09\/Screen-Shot-2025-09-17-at-9.02.18-AM-1536x719.png 1536w, https:\/\/diarioelpopular.com\/wp-content\/uploads\/2025\/09\/Screen-Shot-2025-09-17-at-9.02.18-AM-636x298.png 636w, https:\/\/diarioelpopular.com\/wp-content\/uploads\/2025\/09\/Screen-Shot-2025-09-17-at-9.02.18-AM-146x68.png 146w, https:\/\/diarioelpopular.com\/wp-content\/uploads\/2025\/09\/Screen-Shot-2025-09-17-at-9.02.18-AM.png 1024w\" sizes=\"auto, (max-width: 1200px) 100vw, 1200px\" \/><p id=\"caption-attachment-536120\" class=\"wp-caption-text\">Protesta contra la eliminaci\u00f3n de subsidios en Oyacoto, Quito, este martes. Foto: Felipe Stanley (Getty)<\/p><\/div>\n<p>&nbsp;<\/p>\n<h4 class=\"a_st\"><em>\u00a0&#8211; La protesta no ha paralizado Ecuador, como en otras ocasiones, y el Gobierno ha abierto una mesa de di\u00e1logo con los sectores implicados<\/em><\/h4>\n<p>&nbsp;<\/p>\n<p class=\"\">Dos gobiernos lo intentaron antes sin \u00e9xito: <a title=\"https:\/\/elpais.com\/internacional\/2019\/10\/03\/america\/1570125319_107758.html\" href=\"https:\/\/elpais.com\/internacional\/2019\/10\/03\/america\/1570125319_107758.html\" target=\"_self\" rel=\"\" data-link-track-dtm=\"\" data-mrf-link=\"https:\/\/elpais.com\/internacional\/2019\/10\/03\/america\/1570125319_107758.html\">eliminar el subsidio al di\u00e9sel.<\/a> Le costaba al Estado cerca de 1.100 millones de d\u00f3lares cada a\u00f1o. Hasta ahora. El presidente Daniel Noboa ha decidido eliminarlo de forma sorpresiva. El di\u00e9sel ha pasado de 1,80 d\u00f3lares a 2,80 d\u00f3lares por gal\u00f3n. Lo hizo sin convocar mesas de di\u00e1logo, ni advertir a los sectores m\u00e1s dependientes del di\u00e9sel. La decisi\u00f3n fue anunciada el viernes en la noche en medio del silencio y ha encendido la molestia entre transportistas, agricultores y peque\u00f1os productores, que temen una cadena de aumentos que golpee directamente al costo de vida.<\/p>\n<p class=\"\">Organizaciones sociales y gremiales hab\u00edan convocado a un paro nacional para este lunes, pero el Gobierno logr\u00f3 desactivarlo horas antes de iniciarse, accediendo a sentarse a una mesa de di\u00e1logo para explicar que la decisi\u00f3n est\u00e1 acompa\u00f1ada de compensaciones econ\u00f3micas temporales para mitigar el impacto, aunque dejando claro que no retroceder\u00e1. \u201cLas decisiones respecto de la pol\u00edtica en este pa\u00eds son del Gobierno del presidente Noboa\u201d, advirti\u00f3 la vocera del Ejecutivo, Carolina Jaramillo. \u201cNo hay negociaciones. Lo que hay son conversaciones\u201d, zanj\u00f3.<\/p>\n<p class=\"\">Aunque la protesta no paraliz\u00f3 el pa\u00eds, s\u00ed dej\u00f3 se\u00f1ales de descontento. Una decena de v\u00edas permanecen cerradas en al menos siete provincias en las que los manifestantes se han mantenido firmes por segundo d\u00eda consecutivo. El Gobierno ha decidido decretar el estado de excepci\u00f3n por \u201cgrave conmoci\u00f3n interna\u201d en esas zonas en un intento de impedir que la protesta escale.<\/p>\n<p class=\"\">En Carchi, la provincia fronteriza con Colombia,\u00a0<a title=\"https:\/\/www.primicias.ec\/politica\/eliminacion-subsidio-diesel-protestas-ecuador-danien-noboa-estado-excepcion-105287\/\" href=\"https:\/\/www.primicias.ec\/politica\/eliminacion-subsidio-diesel-protestas-ecuador-danien-noboa-estado-excepcion-105287\/\" target=\"_self\" rel=\"\" data-link-track-dtm=\"\" data-mrf-link=\"https:\/\/www.primicias.ec\/politica\/eliminacion-subsidio-diesel-protestas-ecuador-danien-noboa-estado-excepcion-105287\/\">transportistas de carga pesada atravesaron camiones<\/a>\u00a0en la v\u00eda principal, colocaron piedras y montaron barricadas con llantas gigantes para interrumpir el paso. En la entrada sur de Quito, a la altura de Al\u00f3ag, ocurri\u00f3 lo mismo.<\/p>\n<p class=\"\">Los motivos para la protesta se acumulan: adem\u00e1s de la subida de precio, la detenci\u00f3n de siete conductores que protestaban desde la madrugada, y la creciente inseguridad que azota a los transportistas. El transporte de carga en el pa\u00eds lleva meses bajo ataque por las mafias que asaltan con violencia los camiones, secuestran a sus conductores y les obligan a pagar extorsiones para circular por las carreteras. El Gobierno est\u00e1 al tanto y ha recibido los reclamos del gremio, pero sin ofrecer respuestas concretas.<\/p>\n<p class=\"\">En Ecuador, el combustible no es solo un bien econ\u00f3mico.\u00a0<a title=\"https:\/\/www.facebook.com\/watch\/?v=4415526342057670\" href=\"https:\/\/www.facebook.com\/watch\/?v=4415526342057670\" target=\"_self\" rel=\"\" data-link-track-dtm=\"\" data-mrf-link=\"https:\/\/www.facebook.com\/watch\/?v=4415526342057670\">Es tambi\u00e9n un s\u00edmbolo pol\u00edtico.<\/a> Y tocarlo sin consenso previo puede tener consecuencias dif\u00edciles de contener. Lo vivi\u00f3 Len\u00edn Moreno en 2019, cuando una revuelta encabezada por el movimiento ind\u00edgena lo oblig\u00f3 a retroceder. Lo intent\u00f3 Guillermo Lasso tres a\u00f1os despu\u00e9s, y el resultado fueron semanas de enfrentamientos, heridos, muertos y una fractura pol\u00edtica de la que nunca logr\u00f3 recuperarse.<\/p>\n<p class=\"\">Advertido de lo que la movilizaci\u00f3n social puede hacer, Noboa traslad\u00f3 la Funci\u00f3n Ejecutiva a la ciudad de Latacunga, en la provincia de Cotopaxi, que est\u00e1 a 100 kil\u00f3metros de Quito. All\u00ed, en las monta\u00f1as, se concentran algunas de las comunidades ind\u00edgenas m\u00e1s organizadas. Y tambi\u00e9n las m\u00e1s combativas. El abandono estatal y el incumplimiento de promesas han sido el combustible de las grandes movilizaciones que han marcado la \u00faltima d\u00e9cada. \u201cLo vemos como una persecuci\u00f3n al movimiento ind\u00edgena, una manera de provocar a las organizaciones, a las bases y eso no lo vamos a permitir\u201d, declar\u00f3 Rafael Negrete, presidente del Movimiento Ind\u00edgena y Campesino de Cotopaxi.<\/p>\n<p class=\"\">Latacunga es tambi\u00e9n tierra de dirigentes ind\u00edgenas que han liderado protestas en el pasado, como Lourdes Tib\u00e1n y Leonidas Iza, el excandidato presidencial que encabez\u00f3 las manifestaciones contra Lasso en 2022. Esta vez, <a title=\"https:\/\/elpais.com\/america\/2025-02-17\/leonidas-iza-hay-que-elegir-entre-gonzalez-que-no-es-izquierda-y-la-derecha-rayana-al-fascismo-de-noboa.html\" href=\"https:\/\/elpais.com\/america\/2025-02-17\/leonidas-iza-hay-que-elegir-entre-gonzalez-que-no-es-izquierda-y-la-derecha-rayana-al-fascismo-de-noboa.html\" target=\"_self\" rel=\"\" data-link-track-dtm=\"\" data-mrf-link=\"https:\/\/elpais.com\/america\/2025-02-17\/leonidas-iza-hay-que-elegir-entre-gonzalez-que-no-es-izquierda-y-la-derecha-rayana-al-fascismo-de-noboa.html\">Iza no hizo un llamado concreto a movilizaciones<\/a>, pero su mensaje en la red social X dej\u00f3 claro su rechazo. \u201cCon las experiencias vividas en los dos levantamientos y ante el rechazo al di\u00e1logo por parte del gobierno de Noboa, solo existe un camino para enfrentar a esta plutocracia que representa el gobierno de un pu\u00f1ado de la oligarqu\u00eda\u201d.<\/p>\n<p class=\"\">El subsidio al di\u00e9sel era uno de los \u00faltimos en pie. Ese combustible que mueve el transporte pesado, los camiones de carga, las volquetas de la construcci\u00f3n, los autobuses interprovinciales, escolares y empresariales, y que ha sido durante cinco d\u00e9cadas\u00a0<a title=\"https:\/\/ecuador221.com.ec\/alcalde-munoz-exige-subsidio-nacional-al-diesel-en-ecuador\/\" href=\"https:\/\/ecuador221.com.ec\/alcalde-munoz-exige-subsidio-nacional-al-diesel-en-ecuador\/\" target=\"_self\" rel=\"\" data-link-track-dtm=\"\" data-mrf-link=\"https:\/\/ecuador221.com.ec\/alcalde-munoz-exige-subsidio-nacional-al-diesel-en-ecuador\/\">un pilar silencioso (y molesto) del modelo econ\u00f3mico ecuatoriano<\/a>. Tambi\u00e9n lo utilizan los agricultores en sus tractores, los pescadores para llenar los tanques de sus lanchas y cientos de comunidades remotas que dependen de generadores de electricidad porque el sistema nacional no llega hasta sus territorios.<\/p>\n<p class=\"\">Por ahora, las protestas son focos dispersos. Pero podr\u00edan ser la chispa de algo mayor. El Gobierno apuesta a desactivarlas con bonos compensatorios que empez\u00f3 a entregar desde este lunes. La ayuda es temporal y selectiva. Mientras tanto, Noboa intenta cumplir con las exigencias del FMI y cerrar una brecha fiscal cr\u00f3nica, pero lo hace con una medida que, como ya advirtieron sus antecesores, suele ser explosiva.<\/p>\n","protected":false},"excerpt":{"rendered":"<p>&nbsp; \u00a0&#8211; La protesta no ha paralizado Ecuador, como en otras ocasiones, y el Gobierno ha abierto una mesa de di\u00e1logo con los sectores implicados&hellip;<\/p>\n","protected":false},"author":99,"featured_media":536120,"comment_status":"open","ping_status":"open","sticky":false,"template":"","format":"standard","meta":{"footnotes":""},"categories":[23],"tags":[],"class_list":["post-536119","post","type-post","status-publish","format-standard","has-post-thumbnail","hentry","category-latinoamerica"],"_links":{"self":[{"href":"https:\/\/diarioelpopular.com\/index.php\/wp-json\/wp\/v2\/posts\/536119","targetHints":{"allow":["GET"]}}],"collection":[{"href":"https:\/\/diarioelpopular.com\/index.php\/wp-json\/wp\/v2\/posts"}],"about":[{"href":"https:\/\/diarioelpopular.com\/index.php\/wp-json\/wp\/v2\/types\/post"}],"author":[{"embeddable":true,"href":"https:\/\/diarioelpopular.com\/index.php\/wp-json\/wp\/v2\/users\/99"}],"replies":[{"embeddable":true,"href":"https:\/\/diarioelpopular.com\/index.php\/wp-json\/wp\/v2\/comments?post=536119"}],"version-history":[{"count":1,"href":"https:\/\/diarioelpopular.com\/index.php\/wp-json\/wp\/v2\/posts\/536119\/revisions"}],"predecessor-version":[{"id":536121,"href":"https:\/\/diarioelpopular.com\/index.php\/wp-json\/wp\/v2\/posts\/536119\/revisions\/536121"}],"wp:featuredmedia":[{"embeddable":true,"href":"https:\/\/diarioelpopular.com\/index.php\/wp-json\/wp\/v2\/media\/536120"}],"wp:attachment":[{"href":"https:\/\/diarioelpopular.com\/index.php\/wp-json\/wp\/v2\/media?parent=536119"}],"wp:term":[{"taxonomy":"category","embeddable":true,"href":"https:\/\/diarioelpopular.com\/index.php\/wp-json\/wp\/v2\/categories?post=536119"},{"taxonomy":"post_tag","embeddable":true,"href":"https:\/\/diarioelpopular.com\/index.php\/wp-json\/wp\/v2\/tags?post=536119"}],"curies":[{"name":"wp","href":"https:\/\/api.w.org\/{rel}","templated":true}]}}