{"id":536127,"date":"2025-09-17T09:19:46","date_gmt":"2025-09-17T13:19:46","guid":{"rendered":"https:\/\/diarioelpopular.com\/?p=536127"},"modified":"2025-09-17T09:19:46","modified_gmt":"2025-09-17T13:19:46","slug":"el-caos-de-machu-picchu-amenaza-con-hacerle-perder-el-estatus-de-maravilla-del-mundo","status":"publish","type":"post","link":"https:\/\/diarioelpopular.com\/index.php\/2025\/09\/17\/el-caos-de-machu-picchu-amenaza-con-hacerle-perder-el-estatus-de-maravilla-del-mundo\/","title":{"rendered":"El caos de Machu Picchu amenaza con hacerle perder el estatus de Maravilla del Mundo"},"content":{"rendered":"<div id=\"attachment_536128\" style=\"width: 1210px\" class=\"wp-caption alignnone\"><img loading=\"lazy\" decoding=\"async\" aria-describedby=\"caption-attachment-536128\" class=\"wp-image-536128 size-custom-big-size\" src=\"https:\/\/diarioelpopular.com\/wp-content\/uploads\/2025\/09\/Screen-Shot-2025-09-17-at-9.18.55-AM-1200x800.png\" alt=\"\" width=\"1200\" height=\"800\" srcset=\"https:\/\/diarioelpopular.com\/wp-content\/uploads\/2025\/09\/Screen-Shot-2025-09-17-at-9.18.55-AM-1200x800.png 1200w, https:\/\/diarioelpopular.com\/wp-content\/uploads\/2025\/09\/Screen-Shot-2025-09-17-at-9.18.55-AM-300x200.png 300w, https:\/\/diarioelpopular.com\/wp-content\/uploads\/2025\/09\/Screen-Shot-2025-09-17-at-9.18.55-AM-768x512.png 768w, https:\/\/diarioelpopular.com\/wp-content\/uploads\/2025\/09\/Screen-Shot-2025-09-17-at-9.18.55-AM-636x424.png 636w, https:\/\/diarioelpopular.com\/wp-content\/uploads\/2025\/09\/Screen-Shot-2025-09-17-at-9.18.55-AM-110x73.png 110w, https:\/\/diarioelpopular.com\/wp-content\/uploads\/2025\/09\/Screen-Shot-2025-09-17-at-9.18.55-AM.png 1024w\" sizes=\"auto, (max-width: 1200px) 100vw, 1200px\" \/><p id=\"caption-attachment-536128\" class=\"wp-caption-text\">Machu Picchu el 12 de mayo de 2025. Antonio Cascio (LightRocket via Getty Images)<\/p><\/div>\n<p>&nbsp;<\/p>\n<p>&nbsp;<\/p>\n<h4 class=\"a_st\"><em>&#8211; La organizaci\u00f3n que otorga este distintivo denuncia que los turistas que lo visitan padecen una masificaci\u00f3n tur\u00edstica sin planificaci\u00f3n, venta irregular de boletos y fallas en el transporte<\/em><\/h4>\n<p>&nbsp;<\/p>\n<p class=\"\">A fines de 1999, un aventurero de procedencia canadiense y suiza tuvo una idea ambiciosa: elegir a las Nuevas Siete Maravillas del Mundo, en la era de Internet. Bernard Weber, aviador y productor de documentales, cre\u00f3 un concurso innovador donde por primera vez se pod\u00eda ejercer el voto desde cualquier lugar del planeta. Tan solo hab\u00eda que tener acceso a una computadora o un celular con mensajes de texto. Aunque no cont\u00f3 con el aval de la Unesco \u2014enfatiz\u00f3 que muchos quedar\u00edan al margen por no contar con un dispositivo tecnol\u00f3gico\u2014, <a title=\"https:\/\/www.new7wonders.com\/\" href=\"https:\/\/www.new7wonders.com\/\" target=\"_self\" rel=\"\" data-link-track-dtm=\"\" data-mrf-link=\"https:\/\/www.new7wonders.com\/\">la competici\u00f3n organizada por la\u00a0<i>New Open World Corporation<\/i><\/a>\u00a0goz\u00f3 de una repercusi\u00f3n hist\u00f3rica.<\/p>\n<p class=\"\">El 7 de julio de 2007 \u2014fecha cabal\u00edstica\u2014, en una ceremonia en Lisboa, cien millones de votos determinaron a los siete ganadores: la Gran Muralla China, Petra, el Coliseo Romano, el Taj Mahal, el Cristo Redentor, Chich\u00e9n Itz\u00e1 y Machu Picchu. La campa\u00f1a del Gobierno de Alan Garc\u00eda, desplegada por el Ministerio de Comercio y Turismo, funcion\u00f3. Millones de peruanos (y extranjeros) votaron en favor de la ciudadela inca, ubicada en las alturas del Cusco, en una cadena monta\u00f1osa. Muchos de ellos desde una cabina de Internet. Integrar esa lista se convirti\u00f3 desde entonces en el gran cintillo para dinamizar la econom\u00eda a trav\u00e9s del turismo.<\/p>\n<p class=\"\">Dieciocho a\u00f1os despu\u00e9s, aquel estatus peligra. Desde Z\u00farich, la organizaci\u00f3n del New7Wonders ha emitido un extenso comunicado donde detalla una serie de factores que \u201ccomprometen la credibilidad del sitio como patrimonio de valor universal\u201d. <a title=\"https:\/\/www.tiktok.com\/@elcomerciope\/video\/7550462195297963284\" href=\"https:\/\/www.tiktok.com\/@elcomerciope\/video\/7550462195297963284\" target=\"_self\" rel=\"\" data-link-track-dtm=\"\" data-mrf-link=\"https:\/\/www.tiktok.com\/@elcomerciope\/video\/7550462195297963284\">Enumeran la \u201cmasificaci\u00f3n tur\u00edstica sin planificaci\u00f3n<\/a>, el incremento de precios, las denuncias por venta irregular de boletos, as\u00ed como las deficiencias en el transporte terrestre y los conflictos sociales\u201d. La entidad le ha recordado al Ejecutivo, al Congreso y a las autoridades locales que el t\u00edtulo de \u201cmaravilla\u201d implica asumir \u201ccompromisos de conservaci\u00f3n y el cumplimiento de est\u00e1ndares internacionales\u201d.<\/p>\n<p class=\"\">En ese sentido, ha exhortado a las autoridades competentes a \u201credoblar de manera urgente los esfuerzos necesarios para garantizar la protecci\u00f3n y la adecuada gesti\u00f3n integral de Machu Picchu\u201d. La fundaci\u00f3n, adem\u00e1s, ha subrayado que hace un tiempo les hicieron llegar propuestas para implementar un plan estrat\u00e9gico de transformaci\u00f3n del santuario hist\u00f3rico, pero que los principales responsables de la toma de decisiones no han acusado recibo. \u201cEsta acci\u00f3n es ahora m\u00e1s vital que nunca; la permanencia, justificable y cre\u00edble, de Machu Picchu como una de las Nuevas Siete Maravillas del Mundo bajo nuestra jurisdicci\u00f3n depende de ello, lo cual sigue siendo nuestro objetivo primordial\u201d, dice el documento.<\/p>\n<p class=\"\">La noticia ha puesto a tambalear a la sociedad peruana, extasiada por otro logro digital: catapultar, con millones de votos en redes sociales, al\u00a0<a title=\"\" href=\"https:\/\/elpais.com\/america\/2025-09-17\/el-caos-de-machu-picchu-amenaza-con-hacerle-perder-el-estatus-de-maravilla-del-mundo.html\" rel=\"\" data-link-track-dtm=\"\">pan con chicharr\u00f3n como el campe\u00f3n del Mundial de desayunos<\/a>\u00a0del streamer Ibai Llanos. La alerta de New7Wonders ha sido un aut\u00e9ntico baldazo de agua fr\u00eda. Como es previsible, el rubro tur\u00edstico y hotelero es el que m\u00e1s desconcierto ha mostrado en las \u00faltimas horas. Sobre todo por la postura del Gobierno de Dina Boluarte que, mediante el Ministerio de Cultura, ha intentado minimizar la situaci\u00f3n.<\/p>\n<p class=\"\">Se\u00f1alan que el \u201c\u00fanico ente competente para promover la identificaci\u00f3n, protecci\u00f3n y preservaci\u00f3n del patrimonio cultural y natural\u201d es la Unesco, dejando entrever que no les importa perder su lugar en el New7Wonders. \u201cSomos enf\u00e1ticos en precisar que el Santuario Hist\u00f3rico de Machu Picchu no est\u00e1 siendo vulnerado. Tanto es as\u00ed que no est\u00e1 inscrito en la \u2018Lista del Patrimonio Mundial en Peligro\u2019 de la Unesco\u201d, sostienen en <a title=\"https:\/\/www.facebook.com\/photo.php?fbid=757940233538596&amp;set=a.178796051453020&amp;type=3&amp;ref=embed_post&amp;_rdc=1&amp;_rdr#\" href=\"https:\/\/www.facebook.com\/photo.php?fbid=757940233538596&amp;set=a.178796051453020&amp;type=3&amp;ref=embed_post&amp;_rdc=1&amp;_rdr#\" target=\"_self\" rel=\"\" data-link-track-dtm=\"\" data-mrf-link=\"https:\/\/www.facebook.com\/photo.php?fbid=757940233538596&amp;set=a.178796051453020&amp;type=3&amp;ref=embed_post&amp;_rdc=1&amp;_rdr#\">un comunicado divulgado este lunes.<\/a><\/p>\n<p class=\"\">La reacci\u00f3n del Ejecutivo no sorprende. Hace unos meses tambi\u00e9n desestimaron una publicaci\u00f3n del portal internacional Travel And Tour World (TTW), donde indicaban que Machu Picchu se encuentra entre los destinos \u201cque ya no valen la pena visitar\u201d debido a la \u201csaturaci\u00f3n de los visitantes, los altos costos y el impacto negativo sobre su patrimonio\u201d. Aquella vez, a fines de junio, el Ministerio de Cultura rechaz\u00f3 la advertencia, sosteniendo que no es una entidad competente para emitir evaluaciones oficiales.<\/p>\n<p class=\"\">Lo cierto es que acceder a Machu Picchu no est\u00e1 siendo amigable para los turistas, quienes est\u00e1n padeciendo m\u00e1s de un imprevisto en los \u00faltimos a\u00f1os. En enero de 2024 se produjo un paro indefinido por la adjudicaci\u00f3n de la venta de boletos a la empresa privada Joinnus. Se quemaron llantas y se bloquearon las v\u00edas f\u00e9rreas. Hasta entonces el Ministerio de Cultura hab\u00eda vendido las entradas solo de manera presencial, dando lugar a un mercado negro. Joinnus se vio obligado a retirarse, pero el problema persiste. La cartera de Cultura cre\u00f3 una plataforma virtual para adquirir las entradas, que tampoco ha sido la soluci\u00f3n. Actualmente, hay una modalidad mixta que no le permite al turista la compra anticipada, provocando incomodidades y gastos extra.<\/p>\n<p class=\"\">El fin de semana se suspendi\u00f3 temporalmente el servicio de trenes hacia Machu Picchu a causa de las manifestaciones. El origen del conflicto nuevamente enfrenta a la ciudadan\u00eda y al privado. Durante treinta a\u00f1os, Consettur fue la \u00fanica empresa autorizada para trasladar pasajeros en buses en la ruta que conecta a la localidad de Aguas Calientes con la ciudadela inca. El 4 de septiembre culmin\u00f3 su contrato. No obstante, en lugar de otorgarle la licencia a otra compa\u00f1\u00eda de manera oficial, el Gobierno Regional del Cusco ha designado a una empresa local (San Antonio de Torontoy) para que realice el servicio de manera temporal. Mientras algunas voces se\u00f1alan que el sustituto no cuenta con la infraestructura adecuada, los colectivos regionales denuncian que existe un contubernio para que los buses de San Antonio de Toronto no entren en funcionamiento.<\/p>\n<p class=\"\">Seg\u00fan el Instituto Peruano de Econom\u00eda, en 2024, Machu Picchu recibi\u00f3 1,5 millones de visitantes, \u201cm\u00e1s del doble que en 2023, pero todav\u00eda 4,9% por debajo de lo registrado en 2019\u201d. En otras palabras, todav\u00eda no recupera su potencial desde antes de la pandemia. \u201cEl 60% de la econom\u00eda cusque\u00f1a est\u00e1 ligada al turismo. No podemos permitir que decisiones mal tomadas afecten a miles de familias (&#8230;) Resulta alarmante que, en medio de la profunda crisis que podr\u00eda costarle a Machu Picchu su designaci\u00f3n como Maravilla del Mundo, el Gobierno Central haya priorizado la promoci\u00f3n de un concurso sobre el pan con chicharr\u00f3n\u201d, ha criticado Werner Salcedo, gobernador regional del Cusco. Quedar fuera de las Nuevas Siete Maravillas del Mundo ser\u00eda fatal. Pero el Gobierno ha optado por hacer caso omiso. Definitivamente, no le da la misma legitimidad al New7Wonders que al Mundial de desayunos.<\/p>\n","protected":false},"excerpt":{"rendered":"<p>&nbsp; &nbsp; &#8211; La organizaci\u00f3n que otorga este distintivo denuncia que los turistas que lo visitan padecen una masificaci\u00f3n tur\u00edstica sin planificaci\u00f3n, venta irregular de&hellip;<\/p>\n","protected":false},"author":99,"featured_media":536128,"comment_status":"open","ping_status":"open","sticky":false,"template":"","format":"standard","meta":{"footnotes":""},"categories":[23],"tags":[],"class_list":["post-536127","post","type-post","status-publish","format-standard","has-post-thumbnail","hentry","category-latinoamerica"],"_links":{"self":[{"href":"https:\/\/diarioelpopular.com\/index.php\/wp-json\/wp\/v2\/posts\/536127","targetHints":{"allow":["GET"]}}],"collection":[{"href":"https:\/\/diarioelpopular.com\/index.php\/wp-json\/wp\/v2\/posts"}],"about":[{"href":"https:\/\/diarioelpopular.com\/index.php\/wp-json\/wp\/v2\/types\/post"}],"author":[{"embeddable":true,"href":"https:\/\/diarioelpopular.com\/index.php\/wp-json\/wp\/v2\/users\/99"}],"replies":[{"embeddable":true,"href":"https:\/\/diarioelpopular.com\/index.php\/wp-json\/wp\/v2\/comments?post=536127"}],"version-history":[{"count":1,"href":"https:\/\/diarioelpopular.com\/index.php\/wp-json\/wp\/v2\/posts\/536127\/revisions"}],"predecessor-version":[{"id":536129,"href":"https:\/\/diarioelpopular.com\/index.php\/wp-json\/wp\/v2\/posts\/536127\/revisions\/536129"}],"wp:featuredmedia":[{"embeddable":true,"href":"https:\/\/diarioelpopular.com\/index.php\/wp-json\/wp\/v2\/media\/536128"}],"wp:attachment":[{"href":"https:\/\/diarioelpopular.com\/index.php\/wp-json\/wp\/v2\/media?parent=536127"}],"wp:term":[{"taxonomy":"category","embeddable":true,"href":"https:\/\/diarioelpopular.com\/index.php\/wp-json\/wp\/v2\/categories?post=536127"},{"taxonomy":"post_tag","embeddable":true,"href":"https:\/\/diarioelpopular.com\/index.php\/wp-json\/wp\/v2\/tags?post=536127"}],"curies":[{"name":"wp","href":"https:\/\/api.w.org\/{rel}","templated":true}]}}