{"id":536131,"date":"2025-09-17T09:24:17","date_gmt":"2025-09-17T13:24:17","guid":{"rendered":"https:\/\/diarioelpopular.com\/?p=536131"},"modified":"2025-09-17T09:24:17","modified_gmt":"2025-09-17T13:24:17","slug":"mexico-estados-unidos-y-canada-comienzan-las-consultas-para-revisar-el-tmec","status":"publish","type":"post","link":"https:\/\/diarioelpopular.com\/index.php\/2025\/09\/17\/mexico-estados-unidos-y-canada-comienzan-las-consultas-para-revisar-el-tmec\/","title":{"rendered":"M\u00e9xico, Estados Unidos y Canad\u00e1 comienzan las consultas para revisar el TMEC"},"content":{"rendered":"<div id=\"attachment_536132\" style=\"width: 1210px\" class=\"wp-caption alignnone\"><img loading=\"lazy\" decoding=\"async\" aria-describedby=\"caption-attachment-536132\" class=\"wp-image-536132 size-custom-big-size\" src=\"https:\/\/diarioelpopular.com\/wp-content\/uploads\/2025\/09\/Screen-Shot-2025-09-17-at-9.23.11-AM-1200x797.png\" alt=\"\" width=\"1200\" height=\"797\" srcset=\"https:\/\/diarioelpopular.com\/wp-content\/uploads\/2025\/09\/Screen-Shot-2025-09-17-at-9.23.11-AM-1200x797.png 1200w, https:\/\/diarioelpopular.com\/wp-content\/uploads\/2025\/09\/Screen-Shot-2025-09-17-at-9.23.11-AM-300x199.png 300w, https:\/\/diarioelpopular.com\/wp-content\/uploads\/2025\/09\/Screen-Shot-2025-09-17-at-9.23.11-AM-768x510.png 768w, https:\/\/diarioelpopular.com\/wp-content\/uploads\/2025\/09\/Screen-Shot-2025-09-17-at-9.23.11-AM-85x55.png 85w, https:\/\/diarioelpopular.com\/wp-content\/uploads\/2025\/09\/Screen-Shot-2025-09-17-at-9.23.11-AM-1536x1020.png 1536w, https:\/\/diarioelpopular.com\/wp-content\/uploads\/2025\/09\/Screen-Shot-2025-09-17-at-9.23.11-AM-636x422.png 636w, https:\/\/diarioelpopular.com\/wp-content\/uploads\/2025\/09\/Screen-Shot-2025-09-17-at-9.23.11-AM-110x73.png 110w, https:\/\/diarioelpopular.com\/wp-content\/uploads\/2025\/09\/Screen-Shot-2025-09-17-at-9.23.11-AM.png 1024w\" sizes=\"auto, (max-width: 1200px) 100vw, 1200px\" \/><p id=\"caption-attachment-536132\" class=\"wp-caption-text\">Marcelo Ebrard y Claudia Sheinbaum en una foto de archivo. Foto Marco Ugarte (AP)<\/p><\/div>\n<p>&nbsp;<\/p>\n<p>&nbsp;<\/p>\n<div class=\"a_e_txt _df\">\n<h4 class=\"a_st\"><em><strong>&#8211; El secretario de Econom\u00eda de M\u00e9xico, Marcelo Ebrard, anuncia que cada pa\u00eds estudiar\u00e1 internamente el acuerdo para preparar la negociaci\u00f3n prevista para 2026<\/strong><\/em><\/h4>\n<\/div>\n<div class=\"a_e_m\"><\/div>\n<div><\/div>\n<div>\n<p class=\"\">La cuenta atr\u00e1s para la revisi\u00f3n del\u00a0<a title=\"https:\/\/elpais.com\/noticias\/tratado-mexico-estados-unidos-canada\/\" href=\"https:\/\/elpais.com\/noticias\/tratado-mexico-estados-unidos-canada\/\" target=\"_self\" rel=\"\" data-link-track-dtm=\"\" data-mrf-link=\"https:\/\/elpais.com\/noticias\/tratado-mexico-estados-unidos-canada\/\">tratado comercial entre M\u00e9xico, Estados Unidos y Canad\u00e1 (TMEC)<\/a>\u00a0ha comenzado. El secretario mexicano de Econom\u00eda, Marcelo Ebrard, ha anunciado este martes que los tres pa\u00edses comenzar\u00e1n esta misma semana las consultas para preparar la negociaci\u00f3n del acuerdo, prevista para julio de 2026. Cada uno de los pa\u00edses consultar\u00e1 internamente a los sectores involucrados en el tratado sobre su operaci\u00f3n y dise\u00f1ar\u00e1 estrategias para arrancar la negociaci\u00f3n.<\/p>\n<p class=\"\">Ebrard ha publicado en el Diario Oficial de la Federaci\u00f3n (DOF) el mecanismo por el que se har\u00e1n las consultas en M\u00e9xico. Los sectores comerciales involucrados tendr\u00e1n 60 d\u00edas para enviar sus argumentos sobre el acuerdo, a partir de este mi\u00e9rcoles, seg\u00fan dice el documento. \u201cEstamos pensando en algo muy f\u00e1cil, muy abierto, vamos a recibir todo tipo de comentarios por v\u00eda digital, y la intenci\u00f3n es la ponderaci\u00f3n de qu\u00e9 avanz\u00f3 con este tratado, y qu\u00e9 le podemos adicionar para que sea mejor en el futuro\u201d, ha mencionado el secretario en un v\u00eddeo en sus redes sociales.<\/p>\n<p class=\"\">La Oficina del Representante Comercial de Estados Unidos (USTR, por sus siglas en ingl\u00e9s) ha publicado las condiciones en las que ese pa\u00eds realizar\u00e1 su propia consulta. Para el caso estadounidense, los representantes de los sectores comerciales, adem\u00e1s de presentar sus evaluaciones a las autoridades, tambi\u00e9n celebrar\u00e1n una audiencia el 17 de noviembre en Washington. All\u00ed, quedar\u00e1n claras las intenciones de Estados Unidos sobre los cap\u00edtulos que desea revisar y la direcci\u00f3n que busca darle al acuerdo en los pr\u00f3ximos a\u00f1os.<\/p>\n<p class=\"\">El TMEC entr\u00f3 en vigor en julio de 2020, despu\u00e9s de que los tres pa\u00edses hicieran una exhaustiva revisi\u00f3n del antiguo Tratado de Libre Comercio de Am\u00e9rica del Norte (TLCAN) y decidieran que el acuerdo necesitaba una actualizaci\u00f3n que reforzara a la regi\u00f3n de Am\u00e9rica del Norte como un bloque comercial frente a otras potencias comerciales. Sin embargo, la demanda de Donald Trump, de virar hacia el proteccionismo comercial global \u2014a trav\u00e9s de la imposici\u00f3n de aranceles, incluso para sus socios\u2014 ha dejado <a title=\"https:\/\/elpais.com\/mexico\/2025-09-09\/mexico-se-prepara-para-una-dura-negociacion-del-tmec-las-barreras-en-discordia-con-estados-unidos.html\" href=\"https:\/\/elpais.com\/mexico\/2025-09-09\/mexico-se-prepara-para-una-dura-negociacion-del-tmec-las-barreras-en-discordia-con-estados-unidos.html\" target=\"_self\" rel=\"\" data-link-track-dtm=\"\" data-mrf-link=\"https:\/\/elpais.com\/mexico\/2025-09-09\/mexico-se-prepara-para-una-dura-negociacion-del-tmec-las-barreras-en-discordia-con-estados-unidos.html\">entrever la fragilidad del tratado.<\/a><\/p>\n<p class=\"\">El arranque de las consultas coincide esta semana con la visita del primer ministro de Canad\u00e1, Mark Carney, a M\u00e9xico.\u00a0<a title=\"https:\/\/elpais.com\/mexico\/economia\/2025-08-05\/mexico-y-canada-se-reunen-este-martes-tras-la-escalada-arancelaria-con-estados-unidos.html\" href=\"https:\/\/elpais.com\/mexico\/economia\/2025-08-05\/mexico-y-canada-se-reunen-este-martes-tras-la-escalada-arancelaria-con-estados-unidos.html\" target=\"_self\" rel=\"\" data-link-track-dtm=\"\" data-mrf-link=\"https:\/\/elpais.com\/mexico\/economia\/2025-08-05\/mexico-y-canada-se-reunen-este-martes-tras-la-escalada-arancelaria-con-estados-unidos.html\">El Gobierno canadiense<\/a> ha anunciado que Carney se reunir\u00e1 con la presidente mexicana, Claudia Sheinbaum, para abordar temas como seguridad, energ\u00eda y comercio. \u201cEl nuevo Gobierno de Canad\u00e1 est\u00e1 diversificando y fortaleciendo sus relaciones comerciales con socios fiables para crear puestos de trabajo bien remunerados, hacer crecer nuestras industrias, asegurar nuevos mercados y construir cadenas de suministro m\u00e1s resilientes\u201d, ha se\u00f1alado el Gobierno canadiense en un comunicado.<\/p>\n<p class=\"\">La integraci\u00f3n comercial de Am\u00e9rica del Norte, a trav\u00e9s del TMEC, ha resultado en el crecimiento de las tres econom\u00edas que juntas representan el 29% del PIB mundial y 56 millones de empleos, seg\u00fan el Fondo Monetario Internacional. M\u00e9xico, particularmente, ha visto crecer sus exportaciones sostenidamente: entre 2019 y 2024, los env\u00edos de mercanc\u00edas de M\u00e9xico crecieron un 38% hacia Estados Unidos y un 32% hacia Canad\u00e1, seg\u00fan datos del Instituto Mexicano para la Competitividad (IMCO).<\/p>\n<\/div>\n","protected":false},"excerpt":{"rendered":"<p>&nbsp; &nbsp; &#8211; El secretario de Econom\u00eda de M\u00e9xico, Marcelo Ebrard, anuncia que cada pa\u00eds estudiar\u00e1 internamente el acuerdo para preparar la negociaci\u00f3n prevista para&hellip;<\/p>\n","protected":false},"author":99,"featured_media":536132,"comment_status":"open","ping_status":"open","sticky":false,"template":"","format":"standard","meta":{"footnotes":""},"categories":[24],"tags":[],"class_list":["post-536131","post","type-post","status-publish","format-standard","has-post-thumbnail","hentry","category-mundo"],"_links":{"self":[{"href":"https:\/\/diarioelpopular.com\/index.php\/wp-json\/wp\/v2\/posts\/536131","targetHints":{"allow":["GET"]}}],"collection":[{"href":"https:\/\/diarioelpopular.com\/index.php\/wp-json\/wp\/v2\/posts"}],"about":[{"href":"https:\/\/diarioelpopular.com\/index.php\/wp-json\/wp\/v2\/types\/post"}],"author":[{"embeddable":true,"href":"https:\/\/diarioelpopular.com\/index.php\/wp-json\/wp\/v2\/users\/99"}],"replies":[{"embeddable":true,"href":"https:\/\/diarioelpopular.com\/index.php\/wp-json\/wp\/v2\/comments?post=536131"}],"version-history":[{"count":1,"href":"https:\/\/diarioelpopular.com\/index.php\/wp-json\/wp\/v2\/posts\/536131\/revisions"}],"predecessor-version":[{"id":536133,"href":"https:\/\/diarioelpopular.com\/index.php\/wp-json\/wp\/v2\/posts\/536131\/revisions\/536133"}],"wp:featuredmedia":[{"embeddable":true,"href":"https:\/\/diarioelpopular.com\/index.php\/wp-json\/wp\/v2\/media\/536132"}],"wp:attachment":[{"href":"https:\/\/diarioelpopular.com\/index.php\/wp-json\/wp\/v2\/media?parent=536131"}],"wp:term":[{"taxonomy":"category","embeddable":true,"href":"https:\/\/diarioelpopular.com\/index.php\/wp-json\/wp\/v2\/categories?post=536131"},{"taxonomy":"post_tag","embeddable":true,"href":"https:\/\/diarioelpopular.com\/index.php\/wp-json\/wp\/v2\/tags?post=536131"}],"curies":[{"name":"wp","href":"https:\/\/api.w.org\/{rel}","templated":true}]}}