{"id":536161,"date":"2025-09-18T10:27:58","date_gmt":"2025-09-18T14:27:58","guid":{"rendered":"https:\/\/diarioelpopular.com\/?p=536161"},"modified":"2025-09-18T10:27:58","modified_gmt":"2025-09-18T14:27:58","slug":"no-es-tiempo-de-fiesta-latina-se-cancelan-eventos-del-mes-de-la-herencia-hispana-por-miedo-al-ice","status":"publish","type":"post","link":"https:\/\/diarioelpopular.com\/index.php\/2025\/09\/18\/no-es-tiempo-de-fiesta-latina-se-cancelan-eventos-del-mes-de-la-herencia-hispana-por-miedo-al-ice\/","title":{"rendered":"No es tiempo de fiesta latina: se cancelan eventos del Mes de la Herencia Hispana por miedo al ICE"},"content":{"rendered":"<div id=\"attachment_536163\" style=\"width: 1210px\" class=\"wp-caption alignnone\"><img loading=\"lazy\" decoding=\"async\" aria-describedby=\"caption-attachment-536163\" class=\"wp-image-536163 size-custom-big-size\" src=\"https:\/\/diarioelpopular.com\/wp-content\/uploads\/2025\/09\/Screen-Shot-2025-09-18-at-10.27.01-AM-1200x815.png\" alt=\"\" width=\"1200\" height=\"815\" srcset=\"https:\/\/diarioelpopular.com\/wp-content\/uploads\/2025\/09\/Screen-Shot-2025-09-18-at-10.27.01-AM-1200x815.png 1200w, https:\/\/diarioelpopular.com\/wp-content\/uploads\/2025\/09\/Screen-Shot-2025-09-18-at-10.27.01-AM-300x204.png 300w, https:\/\/diarioelpopular.com\/wp-content\/uploads\/2025\/09\/Screen-Shot-2025-09-18-at-10.27.01-AM-768x522.png 768w, https:\/\/diarioelpopular.com\/wp-content\/uploads\/2025\/09\/Screen-Shot-2025-09-18-at-10.27.01-AM-636x432.png 636w, https:\/\/diarioelpopular.com\/wp-content\/uploads\/2025\/09\/Screen-Shot-2025-09-18-at-10.27.01-AM-80x55.png 80w, https:\/\/diarioelpopular.com\/wp-content\/uploads\/2025\/09\/Screen-Shot-2025-09-18-at-10.27.01-AM-107x73.png 107w, https:\/\/diarioelpopular.com\/wp-content\/uploads\/2025\/09\/Screen-Shot-2025-09-18-at-10.27.01-AM.png 1024w\" sizes=\"auto, (max-width: 1200px) 100vw, 1200px\" \/><p id=\"caption-attachment-536163\" class=\"wp-caption-text\">Agentes en el desfile del D\u00eda de la Independencia de M\u00e9xico en Chicago, el 14 de septiembre.\u00a0 Foto ABEL URIBE (EFE)<\/p><\/div>\n<p>&nbsp;<\/p>\n<p>&nbsp;<\/p>\n<div class=\"a_e_txt _df\">\n<ul>\n<li class=\"a_st\"><em><strong>Las redadas contra los migrantes anulan festivales que desde hace d\u00e9cadas celebran en Estados Unidos los aportes de la cultura latinoamericana<\/strong><\/em><\/li>\n<\/ul>\n<\/div>\n<div class=\"a_e_m\"><\/div>\n<div><\/div>\n<div>\n<p class=\"\">Al igual que Bad Bunny ha se\u00f1alado las redadas contra los migrantes como la raz\u00f3n por la cual no har\u00e1 una gira por Estados Unidos, millones de latinos han visto canceladas las celebraciones de este mes<a title=\"https:\/\/elpais.com\/internacional\/2025-09-08\/el-gobierno-trump-lanza-una-gran-operacion-de-redadas-antiinmigrante-en-chicago.html\" href=\"https:\/\/elpais.com\/internacional\/2025-09-08\/el-gobierno-trump-lanza-una-gran-operacion-de-redadas-antiinmigrante-en-chicago.html\" target=\"_self\" rel=\"\" data-link-track-dtm=\"\" data-mrf-link=\"https:\/\/elpais.com\/internacional\/2025-09-08\/el-gobierno-trump-lanza-una-gran-operacion-de-redadas-antiinmigrante-en-chicago.html\">\u00a0para evitar las detenciones.<\/a>\u00a0El Mes de la Herencia Hispana, que se celebra del 15 de septiembre al 15 de octubre, est\u00e1 empa\u00f1ado este a\u00f1o por la presencia en las calles de los agentes del Servicio de Inmigraci\u00f3n y Control de Aduanas (ICE, por sus siglas en ingl\u00e9s).<\/p>\n<p class=\"\">Fiestas, desfiles, bailes, exposiciones culturales y eventos gastron\u00f3micos marcan cada a\u00f1o estas fechas en las que se celebra la gran aportaci\u00f3n de los hispanos a Estados Unidos, donde ya alcanzan el 20% de la poblaci\u00f3n. Sin embargo, la comunidad hispana este a\u00f1o no quiere salir a la calle y exponerse a las detenciones en un pa\u00eds donde hasta el Tribunal Supremo ha autorizado que su idioma, su aspecto f\u00edsico y sus actividades son motivo suficiente para que los agentes migratorios los asalten.<\/p>\n<p class=\"\">\u201cDiferentes organizaciones que son parte de nuestra red han cancelado celebraciones y eventos culturales que se hacen en lugares como Chicago, Carolina del Norte o Florida porque tienen miedo de que esos eventos sirvan como un lugar para que el ICE o los agentes federales puedan llevarse a las personas\u201d, explica Frederick V\u00e9lez, director de comunicaci\u00f3n de la Federaci\u00f3n Hispana. Su organizaci\u00f3n ya sufri\u00f3 los efectos de las pol\u00edticas de la Administraci\u00f3n de Trump este verano. Despu\u00e9s de meses de preparaci\u00f3n, tuvieron que cancelar la fiesta de inauguraci\u00f3n de su oficina en Los \u00c1ngeles porque ese mismo d\u00eda el republicano envi\u00f3 la Guardia Nacional a la ciudad. Tambi\u00e9n desistieron de celebrar un evento anual para familias latinas en el barrio neoyorquino de Queens. \u201cNo queremos agrupar a nuestra comunidad en un lugar donde no podemos mantenerlos seguros\u201d, afirma.<\/p>\n<p class=\"\">El 15 de septiembre, se eligi\u00f3 como punto de partida del Mes de la Herencia Hispana para coincidir con el aniversario del Grito de Dolores, que en 1810 dio inicio a la guerra de independencia de M\u00e9xico contra Espa\u00f1a.<\/p>\n<p>&nbsp;<\/p>\n<figure class=\"a_m a_m-h \">\n<p><div style=\"width: 424px\" class=\"wp-caption alignnone\"><img loading=\"lazy\" decoding=\"async\" class=\"_re lazyload a_m-h\" src=\"https:\/\/imagenes.elpais.com\/resizer\/v2\/M4G6D22QWRMNHFDFWFTYYKOA6U.jpg?auth=0d5718bbb40cfd761f04dced7855fa8f20acfffe3c6ed4ee722eeeeffbcf455a&amp;width=414\" sizes=\"auto, (min-width:1199px) 1155px,(min-width:1001px) calc(100vw - 44px),(min-width:768px) 767px, 100vw\" srcset=\"https:\/\/imagenes.elpais.com\/resizer\/v2\/M4G6D22QWRMNHFDFWFTYYKOA6U.jpg?auth=0d5718bbb40cfd761f04dced7855fa8f20acfffe3c6ed4ee722eeeeffbcf455a&amp;width=414 414w,https:\/\/imagenes.elpais.com\/resizer\/v2\/M4G6D22QWRMNHFDFWFTYYKOA6U.jpg?auth=0d5718bbb40cfd761f04dced7855fa8f20acfffe3c6ed4ee722eeeeffbcf455a&amp;width=828 640w,https:\/\/imagenes.elpais.com\/resizer\/v2\/M4G6D22QWRMNHFDFWFTYYKOA6U.jpg?auth=0d5718bbb40cfd761f04dced7855fa8f20acfffe3c6ed4ee722eeeeffbcf455a&amp;width=980 1000w,https:\/\/imagenes.elpais.com\/resizer\/v2\/M4G6D22QWRMNHFDFWFTYYKOA6U.jpg?auth=0d5718bbb40cfd761f04dced7855fa8f20acfffe3c6ed4ee722eeeeffbcf455a&amp;width=1960 1960w\" alt=\"Autoridades en el desfile por la Independencia mexicana en Chicago\" width=\"414\" height=\"277\" \/><p class=\"wp-caption-text\">Autoridades en el desfile por la Independencia mexicana en Chicago. Foto Jim Vondruska (REUTERS)<\/p><\/div><figcaption class=\"a_m_p\" aria-hidden=\"true\"><\/figcaption><\/figure>\n<p>&nbsp;<\/p>\n<p class=\"\">En Chicago, donde las celebraciones por\u00a0<a title=\"https:\/\/elpais.com\/us\/migracion\/2025-09-12\/los-eventos-del-dia-de-la-independencia-mexicana-cancelados-en-todo-estados-unidos.html\" href=\"https:\/\/elpais.com\/us\/migracion\/2025-09-12\/los-eventos-del-dia-de-la-independencia-mexicana-cancelados-en-todo-estados-unidos.html\" target=\"_self\" rel=\"\" data-link-track-dtm=\"\" data-mrf-link=\"https:\/\/elpais.com\/us\/migracion\/2025-09-12\/los-eventos-del-dia-de-la-independencia-mexicana-cancelados-en-todo-estados-unidos.html\">el D\u00eda de la Independencia de M\u00e9xico\u00a0<\/a>suelen extenderse por semanas con caravanas, desfiles y festivales, la\u00a0<a title=\"https:\/\/elpais.com\/us\/migracion\/2025-09-11\/lo-que-se-sabe-de-midway-blitz-la-operacion-de-inmigracion-de-trump-en-chicago.html\" href=\"https:\/\/elpais.com\/us\/migracion\/2025-09-11\/lo-que-se-sabe-de-midway-blitz-la-operacion-de-inmigracion-de-trump-en-chicago.html\" target=\"_self\" rel=\"\" data-link-track-dtm=\"\" data-mrf-link=\"https:\/\/elpais.com\/us\/migracion\/2025-09-11\/lo-que-se-sabe-de-midway-blitz-la-operacion-de-inmigracion-de-trump-en-chicago.html\">Operaci\u00f3n Midway Blitz,<\/a>\u00a0anunciada por el Gobierno de Trump contra la inmigraci\u00f3n irregular, ha hecho saltar las alarmas entre la comunidad.<\/p>\n<p class=\"\">El aumento de la presencia de agentes del ICE y la incertidumbre generada provocaron la suspensi\u00f3n de El Grito Chicago, un festival de dos d\u00edas que se realiza en el Grant Park del centro de la ciudad. \u201cFue una decisi\u00f3n dolorosa, pero celebrar\u00a0<a title=\"https:\/\/elgritochicago.com\/\" href=\"https:\/\/elgritochicago.com\/\" target=\"_blank\" rel=\"noopener\" data-link-track-dtm=\"\" data-mrf-link=\"https:\/\/elgritochicago.com\/\">El Grito Chicago<\/a>\u00a0en este momento pone en riesgo la seguridad de nuestra comunidad, y ese es un riesgo que no estamos dispuestos a correr\u201d, declararon los organizadores.<\/p>\n<p class=\"\">En la ciudad de Everett, Massachusetts, el alcalde ha cancelado la Fiesta del R\u00edo, prevista para celebrarse el d\u00eda 20 de este mes en el parque Rivergreen. \u201cSabemos lo mucho que este evento significa para nuestra ciudad. Es una celebraci\u00f3n de cultura, m\u00fasica, gastronom\u00eda y uni\u00f3n. Sin embargo, con las recientes redadas del ICE en nuestra regi\u00f3n, muchos de nuestros amigos y vecinos sienten miedo e incertidumbre\u201d,\u00a0<a title=\"https:\/\/www.facebook.com\/cityofeverettma\/posts\/pfbid0CdtoDCBhyEiBcktNToZaQrb2drH7KvpntFGowiZDNvpDQDduxu2agpPuyhiSeAYwl?rdid=N5DVyCwkKlMnsViA#\" href=\"https:\/\/www.facebook.com\/cityofeverettma\/posts\/pfbid0CdtoDCBhyEiBcktNToZaQrb2drH7KvpntFGowiZDNvpDQDduxu2agpPuyhiSeAYwl?rdid=N5DVyCwkKlMnsViA#\" target=\"_blank\" rel=\"noopener\" data-link-track-dtm=\"\" data-mrf-link=\"https:\/\/www.facebook.com\/cityofeverettma\/posts\/pfbid0CdtoDCBhyEiBcktNToZaQrb2drH7KvpntFGowiZDNvpDQDduxu2agpPuyhiSeAYwl?rdid=N5DVyCwkKlMnsViA#\">ha anunciado el alcalde, Carlo DeMar\u00eda.\u00a0<\/a><\/p>\n<p class=\"\">Es la primera vez en m\u00e1s de dos d\u00e9cadas que los ciudadanos de Everett se quedan sin la fiesta, pero hasta los responsables de preparar la comida para el evento prefer\u00edan no asistir. \u201cCreemos que no ser\u00eda correcto realizar una celebraci\u00f3n en un momento en que los miembros de nuestra comunidad podr\u00edan no sentirse seguros de asistir\u201d, se\u00f1al\u00f3 el regidor.<\/p>\n<p class=\"\">La respuesta de los ciudadanos ha sido diversa. Muchos lamentan la situaci\u00f3n que ha creado la pol\u00edtica antiinmigrante del presidente Donald Trump. Otros mostraron su descontento por la cancelaci\u00f3n, aunque no por las mismas razones. \u201c\u00a1Qu\u00e9 fastidio! Quer\u00eda ver las cucarachas corriendo\u201d, lleg\u00f3 a escribir un ciudadano en los comentarios del anuncio publicado en Facebook.<\/p>\n<p class=\"\">Simpatizantes de la pol\u00edtica de Trump defend\u00edan que los que tienen algo que temer es porque se encuentran ilegalmente en el pa\u00eds. \u201cEsa no es la realidad. Ha habido ciudadanos americanos que han sido detenidos y han pasado tiempo en los centros de detenci\u00f3n por el color de su piel o forma de hablar. Tambi\u00e9n afecta a personas que tienen un estatus regulado. Yo mismo soy ciudadano y no estoy yendo a estos eventos\u201d, asegura V\u00e9lez, de la Federaci\u00f3n Hispana.<\/p>\n<p class=\"\">Dos ciudadanos estadounidenses se encontraban entre las cinco personas arrestadas en una redada del ICE la madrugada del martes en Elgin, Illinois. Ambos ciudadanos fueron liberados posteriormente. Los vecinos dijeron que el despliegue de agentes federales fue exagerado e inclu\u00eda drones, helic\u00f3pteros y veh\u00edculos blindados.<\/p>\n<p class=\"\">La cancelaci\u00f3n de las celebraciones o el cambio a eventos privados, celebrados en lugares cerrados donde los agentes del ICE no puedan acceder, se ha repetido por todo el pa\u00eds.<\/p>\n<p class=\"\">Otros eventos que han sido cancelados incluyen el Festival de la Herencia Hispana de las Carolinas, el Festival de la Herencia Hispana en Kenner, Luisiana, y FIESTA Indian\u00e1polis.<\/p>\n<p>&nbsp;<\/p>\n<figure class=\"a_m a_m-h \">\n<p><div style=\"width: 424px\" class=\"wp-caption alignnone\"><img loading=\"lazy\" decoding=\"async\" class=\"_re lazyload a_m-h\" src=\"https:\/\/imagenes.elpais.com\/resizer\/v2\/FFTXFNMX6RN7TF7EPLBGJBQLX4.jpg?auth=6d3c14bad360aba7a9df4565be45e167d647ef8ac45d598294a6446ae26b04fd&amp;width=414\" sizes=\"auto, (min-width:1199px) 1155px,(min-width:1001px) calc(100vw - 44px),(min-width:768px) 767px, 100vw\" srcset=\"https:\/\/imagenes.elpais.com\/resizer\/v2\/FFTXFNMX6RN7TF7EPLBGJBQLX4.jpg?auth=6d3c14bad360aba7a9df4565be45e167d647ef8ac45d598294a6446ae26b04fd&amp;width=414 414w,https:\/\/imagenes.elpais.com\/resizer\/v2\/FFTXFNMX6RN7TF7EPLBGJBQLX4.jpg?auth=6d3c14bad360aba7a9df4565be45e167d647ef8ac45d598294a6446ae26b04fd&amp;width=828 640w,https:\/\/imagenes.elpais.com\/resizer\/v2\/FFTXFNMX6RN7TF7EPLBGJBQLX4.jpg?auth=6d3c14bad360aba7a9df4565be45e167d647ef8ac45d598294a6446ae26b04fd&amp;width=980 1000w,https:\/\/imagenes.elpais.com\/resizer\/v2\/FFTXFNMX6RN7TF7EPLBGJBQLX4.jpg?auth=6d3c14bad360aba7a9df4565be45e167d647ef8ac45d598294a6446ae26b04fd&amp;width=1960 1960w\" alt=\"\" width=\"414\" height=\"277\" \/><p class=\"wp-caption-text\">Celebraci\u00f3n del D\u00eda de la Independencia Mexicana en Little Village, Chicago, el 14 de septiembre. Foto Erin Hooley (AP)<\/p><\/div><figcaption class=\"a_m_p\" aria-hidden=\"true\"><\/figcaption><\/figure>\n<p>&nbsp;<\/p>\n<p class=\"\">En la ciudad de Baltimore, en Maryland, se han cancelado dos eventos y trasladado otros tres a espacios cerrados. \u201cEs lamentable que la gente no pueda enorgullecerse de su pa\u00eds de origen y su etnia y celebrar. Pero ahora vivimos en tiempos diferentes. La gente deber\u00eda hacer lo que le haga sentir segura\u201d, declar\u00f3 Catalina Rodr\u00edguez Lima, directora de la Oficina de Asuntos Migratorios de la Alcald\u00eda de la ciudad, al medio local\u00a0<a title=\"https:\/\/www.thebanner.com\/politics-power\/national-politics\/ice-threatens-hispanic-heritage-month-J2LZ77VT4JDNLJX35JW574RUQM\/\" href=\"https:\/\/www.thebanner.com\/politics-power\/national-politics\/ice-threatens-hispanic-heritage-month-J2LZ77VT4JDNLJX35JW574RUQM\/\" target=\"_blank\" rel=\"noopener\" data-link-track-dtm=\"\" data-mrf-link=\"https:\/\/www.thebanner.com\/politics-power\/national-politics\/ice-threatens-hispanic-heritage-month-J2LZ77VT4JDNLJX35JW574RUQM\/\"><i>The Baltimore Banner<\/i>.<\/a><\/p>\n<p class=\"\">Los eventos modificados, explic\u00f3, se realizar\u00e1n en centros comunitarios o iglesias, donde los organizadores podr\u00e1n gestionar mejor el flujo de personas y controlar el acceso.<\/p>\n<h3 class=\"\">El golpe del Tribunal Supremo<\/h3>\n<p class=\"\">Algunas de las cancelaciones se anunciaron hace meses. Otros, sin embargo, han resistido hasta el \u00faltimo momento, pero el aumento de los ataques del ICE a la comunidad latina y la pol\u00e9mica decisi\u00f3n de la Corte Suprema propiciaron la anulaci\u00f3n. El 8 de septiembre,\u00a0<a title=\"https:\/\/elpais.com\/internacional\/2025-09-08\/el-supremo-de-estados-unidos-autoriza-que-continuen-las-redadas-indiscriminadas-contra-inmigrantes-en-los-angeles.html\" href=\"https:\/\/elpais.com\/internacional\/2025-09-08\/el-supremo-de-estados-unidos-autoriza-que-continuen-las-redadas-indiscriminadas-contra-inmigrantes-en-los-angeles.html\" target=\"_self\" rel=\"\" data-link-track-dtm=\"\" data-mrf-link=\"https:\/\/elpais.com\/internacional\/2025-09-08\/el-supremo-de-estados-unidos-autoriza-que-continuen-las-redadas-indiscriminadas-contra-inmigrantes-en-los-angeles.html\">el Alto Tribunal fall\u00f3 a favor de que los agentes migratorios<\/a>\u00a0detengan en Los \u00c1ngeles a las personas sospechosas de ser indocumentadas bas\u00e1ndose en factores como la raza, el acento, el empleo y el lugar donde se encuentren. Un nuevo espaldarazo del Supremo a la campa\u00f1a de deportaciones masivas de la Administraci\u00f3n de Trump.<\/p>\n<p class=\"\">\u201cEn lugar de celebrar con alegr\u00eda, nuestra comunidad se enfrenta al miedo y la incertidumbre que eclipsan este importante momento de conexi\u00f3n y celebraci\u00f3n cultural\u201d, se\u00f1al\u00f3 Susana Barrios, presidenta del C\u00edrculo Latino de Justicia Racial. La organizaci\u00f3n celebra un festival anual con m\u00fasica y danza folcl\u00f3rica en el Parque Patterson en Baltimore. Los organizadores contaban con que este a\u00f1o habr\u00eda una menor asistencia, pero terminaron cancelando el festival, debido en buena parte a la decisi\u00f3n de la Corte.<\/p>\n<p class=\"\">La celebraci\u00f3n de la cultura hispana tampoco se ha recibido igual en la Casa Blanca. El a\u00f1o pasado, el entonces presidente\u00a0<a title=\"https:\/\/elpais.com\/us\/2024-09-19\/biden-somos-una-nacion-de-inmigrantes-y-por-eso-somos-tan-fuertes.html\" href=\"https:\/\/elpais.com\/us\/2024-09-19\/biden-somos-una-nacion-de-inmigrantes-y-por-eso-somos-tan-fuertes.html\" target=\"_self\" rel=\"\" data-link-track-dtm=\"\" data-mrf-link=\"https:\/\/elpais.com\/us\/2024-09-19\/biden-somos-una-nacion-de-inmigrantes-y-por-eso-somos-tan-fuertes.html\">Joe Biden ofreci\u00f3 una recepci\u00f3n con invitados latinos,<\/a>\u00a0a la que asisti\u00f3 como invitada especial la actriz Jessica Alba. Este a\u00f1o, el actual inquilino de la residencia oficial no ha anunciado ning\u00fan evento.<\/p>\n<p class=\"\">A pesar de las cancelaciones, hay festivales y otros eventos que est\u00e1n previstos. Uno de los m\u00e1s multitudinarios es la Fiesta DC, que se celebra en la capital desde los a\u00f1os 70. Los d\u00edas 27 y 28 de septiembre, las calles del centro del Distrito de Columbia acoger\u00e1n m\u00fasica latina, bailes folcl\u00f3ricos y un animado desfile en Constitution Avenue.<\/p>\n<p class=\"\">\u201cEste es un momento en el que celebramos la diversidad, el impacto econ\u00f3mico que le traemos a Estados Unidos. Hay latinos de segunda o tercera generaci\u00f3n que tal vez no han podido conocer o no recuerdan sus pa\u00edses, las diferentes danzas, la comida, la m\u00fasica&#8230; No poder ir a estos festivales destruye esa parte cultural que nos hace latinos\u201d, opina V\u00e9lez.<\/p>\n<\/div>\n","protected":false},"excerpt":{"rendered":"<p>&nbsp; &nbsp; Las redadas contra los migrantes anulan festivales que desde hace d\u00e9cadas celebran en Estados Unidos los aportes de la cultura latinoamericana Al igual&hellip;<\/p>\n","protected":false},"author":99,"featured_media":536163,"comment_status":"open","ping_status":"open","sticky":false,"template":"","format":"standard","meta":{"footnotes":""},"categories":[24],"tags":[],"class_list":["post-536161","post","type-post","status-publish","format-standard","has-post-thumbnail","hentry","category-mundo"],"_links":{"self":[{"href":"https:\/\/diarioelpopular.com\/index.php\/wp-json\/wp\/v2\/posts\/536161","targetHints":{"allow":["GET"]}}],"collection":[{"href":"https:\/\/diarioelpopular.com\/index.php\/wp-json\/wp\/v2\/posts"}],"about":[{"href":"https:\/\/diarioelpopular.com\/index.php\/wp-json\/wp\/v2\/types\/post"}],"author":[{"embeddable":true,"href":"https:\/\/diarioelpopular.com\/index.php\/wp-json\/wp\/v2\/users\/99"}],"replies":[{"embeddable":true,"href":"https:\/\/diarioelpopular.com\/index.php\/wp-json\/wp\/v2\/comments?post=536161"}],"version-history":[{"count":1,"href":"https:\/\/diarioelpopular.com\/index.php\/wp-json\/wp\/v2\/posts\/536161\/revisions"}],"predecessor-version":[{"id":536164,"href":"https:\/\/diarioelpopular.com\/index.php\/wp-json\/wp\/v2\/posts\/536161\/revisions\/536164"}],"wp:featuredmedia":[{"embeddable":true,"href":"https:\/\/diarioelpopular.com\/index.php\/wp-json\/wp\/v2\/media\/536163"}],"wp:attachment":[{"href":"https:\/\/diarioelpopular.com\/index.php\/wp-json\/wp\/v2\/media?parent=536161"}],"wp:term":[{"taxonomy":"category","embeddable":true,"href":"https:\/\/diarioelpopular.com\/index.php\/wp-json\/wp\/v2\/categories?post=536161"},{"taxonomy":"post_tag","embeddable":true,"href":"https:\/\/diarioelpopular.com\/index.php\/wp-json\/wp\/v2\/tags?post=536161"}],"curies":[{"name":"wp","href":"https:\/\/api.w.org\/{rel}","templated":true}]}}