{"id":536166,"date":"2025-09-18T10:33:00","date_gmt":"2025-09-18T14:33:00","guid":{"rendered":"https:\/\/diarioelpopular.com\/?p=536166"},"modified":"2025-09-18T10:33:00","modified_gmt":"2025-09-18T14:33:00","slug":"bolivia-prohibe-el-matrimonio-infantil-y-las-uniones-tempranas-no-es-una-costumbre-es-violencia","status":"publish","type":"post","link":"https:\/\/diarioelpopular.com\/index.php\/2025\/09\/18\/bolivia-prohibe-el-matrimonio-infantil-y-las-uniones-tempranas-no-es-una-costumbre-es-violencia\/","title":{"rendered":"Bolivia proh\u00edbe el matrimonio infantil y las uniones tempranas: \u201cNo es una costumbre, es violencia\u201d"},"content":{"rendered":"<div id=\"attachment_536167\" style=\"width: 1210px\" class=\"wp-caption alignnone\"><img loading=\"lazy\" decoding=\"async\" aria-describedby=\"caption-attachment-536167\" class=\"wp-image-536167 size-custom-big-size\" src=\"https:\/\/diarioelpopular.com\/wp-content\/uploads\/2025\/09\/Screen-Shot-2025-09-18-at-10.31.47-AM-1200x793.png\" alt=\"\" width=\"1200\" height=\"793\" srcset=\"https:\/\/diarioelpopular.com\/wp-content\/uploads\/2025\/09\/Screen-Shot-2025-09-18-at-10.31.47-AM-1200x793.png 1200w, https:\/\/diarioelpopular.com\/wp-content\/uploads\/2025\/09\/Screen-Shot-2025-09-18-at-10.31.47-AM-300x198.png 300w, https:\/\/diarioelpopular.com\/wp-content\/uploads\/2025\/09\/Screen-Shot-2025-09-18-at-10.31.47-AM-768x507.png 768w, https:\/\/diarioelpopular.com\/wp-content\/uploads\/2025\/09\/Screen-Shot-2025-09-18-at-10.31.47-AM-85x55.png 85w, https:\/\/diarioelpopular.com\/wp-content\/uploads\/2025\/09\/Screen-Shot-2025-09-18-at-10.31.47-AM-1536x1015.png 1536w, https:\/\/diarioelpopular.com\/wp-content\/uploads\/2025\/09\/Screen-Shot-2025-09-18-at-10.31.47-AM-636x420.png 636w, https:\/\/diarioelpopular.com\/wp-content\/uploads\/2025\/09\/Screen-Shot-2025-09-18-at-10.31.47-AM-111x73.png 111w, https:\/\/diarioelpopular.com\/wp-content\/uploads\/2025\/09\/Screen-Shot-2025-09-18-at-10.31.47-AM.png 1024w\" sizes=\"auto, (max-width: 1200px) 100vw, 1200px\" \/><p id=\"caption-attachment-536167\" class=\"wp-caption-text\">La Comisi\u00f3n de Derechos Humanos de la C\u00e1mara de Diputados, este mi\u00e9rcoles en La Paz, Bolivia.\u00a0 Foto C\u00c1MARA DE DIPUTADOS BOLIVIA<\/p><\/div>\n<p>&nbsp;<\/p>\n<p>&nbsp;<\/p>\n<ul>\n<li><em><strong>El pa\u00eds es el 14.\u00ba de la regi\u00f3n en hacerlo, despu\u00e9s de Colombia. El movimiento feminista celebra la medida y exige pol\u00edticas de prevenci\u00f3n<\/strong><\/em><\/li>\n<\/ul>\n<p>&nbsp;<\/p>\n<p class=\"\">Bolivia cierra de manera definitiva la puerta al\u00a0<a title=\"https:\/\/elpais.com\/noticias\/infancia\/\" href=\"https:\/\/elpais.com\/noticias\/infancia\/\" target=\"_blank\" rel=\"noopener noreferrer\" data-link-track-dtm=\"\" data-mrf-link=\"https:\/\/elpais.com\/noticias\/infancia\/\">matrimonio infantil<\/a>. La Asamblea Legislativa aprob\u00f3 la tarde del mi\u00e9rcoles una ley que elimina la excepci\u00f3n del C\u00f3digo de las Familias que permit\u00eda casarse a los 16 a\u00f1os con permiso de los padres o autorizaci\u00f3n judicial. La reforma busca \u201cerradicar los matrimonios y uniones, muchos de los cuales son propiciados por acuerdos familiares que vulneran los derechos de los menores, exponi\u00e9ndolos a situaciones de abuso y violencia\u201d, de acuerdo con el informe publicado por la C\u00e1mara de Diputados. El movimiento feminista aplaude una norma que empieza a sellar una gran deuda con las ni\u00f1as.<\/p>\n<p class=\"\">La modificaci\u00f3n corrige una contradicci\u00f3n legal que persist\u00eda desde 2014, cuando se aprobaron simult\u00e1neamente el C\u00f3digo de las Familias y el C\u00f3digo Ni\u00f1a, Ni\u00f1o y Adolescente. Mientras este \u00faltimo establec\u00eda de forma categ\u00f3rica que la edad m\u00ednima para casarse era 18 a\u00f1os, el primero abr\u00eda una excepci\u00f3n para adolescentes de 16 y 17 a\u00f1os, siempre que contaran con el consentimiento de los tutores. Por esta peque\u00f1a rendija se colaban tambi\u00e9n uniones tempranas e incluso bodas con ni\u00f1as mucho menores. Seg\u00fan datos del Servicio de Registro C\u00edvico (Serec\u00ed), del 2010 al 2022, el n\u00famero de adolescentes entre 13 y 17 a\u00f1os que contrajeron matrimonio fue de 11.297. De esta cantidad, 10.012 (89%) fueron ni\u00f1as y 1.285 (11%) ni\u00f1os. Las ni\u00f1as sol\u00edan ser casadas con hombres de un promedio de entre 20 y 35 a\u00f1os. A veces, incluso con se\u00f1ores de 60 a\u00f1os mayores que ellas.<\/p>\n<div id=\"elpais_gpt-INTEXT\" data-google-query-id=\"COGD6uPC4o8DFSCYHQkdcgcZpQ\">\n<div id=\"google_ads_iframe_7811748\/elpais_america_web_5__container__\" class=\"primisslate\">\n<div id=\"primis_container_div_68cc172ab36ba\">\n<p class=\"\">Para la senadora aymara y promotora de la norma, Virginia Velasco Condori, esto es una victoria \u201csobre todo, para las ni\u00f1as m\u00e1s vulnerables\u201d:<b>\u00a0<\/b>\u201cEs una promesa de que nuestras adolescentes ya no ser\u00e1n obligadas a casarse, a dejar la escuela o a cargar responsabilidades que no les corresponden\u201d, expres\u00f3 por tel\u00e9fono, horas despu\u00e9s de la sanci\u00f3n, aprobada por dos tercios de la C\u00e1mara.<\/p>\n<p>&nbsp;<\/p>\n<figure class=\"a_m a_m-h \">\n<p><div style=\"width: 424px\" class=\"wp-caption alignnone\"><img loading=\"lazy\" decoding=\"async\" class=\"_re lazyload a_m-h\" src=\"https:\/\/imagenes.elpais.com\/resizer\/v2\/4VOCL3MT3FAATDCSN24IUZ7A34.jpeg?auth=0c84ee3079e413cf42b3c5bde7dfc073a7803ed001464946be69a515c9f16db0&amp;width=414\" sizes=\"auto, (min-width:1199px) 1155px,(min-width:1001px) calc(100vw - 44px),(min-width:768px) 767px, 100vw\" srcset=\"https:\/\/imagenes.elpais.com\/resizer\/v2\/4VOCL3MT3FAATDCSN24IUZ7A34.jpeg?auth=0c84ee3079e413cf42b3c5bde7dfc073a7803ed001464946be69a515c9f16db0&amp;width=414 414w,https:\/\/imagenes.elpais.com\/resizer\/v2\/4VOCL3MT3FAATDCSN24IUZ7A34.jpeg?auth=0c84ee3079e413cf42b3c5bde7dfc073a7803ed001464946be69a515c9f16db0&amp;width=828 640w,https:\/\/imagenes.elpais.com\/resizer\/v2\/4VOCL3MT3FAATDCSN24IUZ7A34.jpeg?auth=0c84ee3079e413cf42b3c5bde7dfc073a7803ed001464946be69a515c9f16db0&amp;width=980 1000w,https:\/\/imagenes.elpais.com\/resizer\/v2\/4VOCL3MT3FAATDCSN24IUZ7A34.jpeg?auth=0c84ee3079e413cf42b3c5bde7dfc073a7803ed001464946be69a515c9f16db0&amp;width=1960 1960w\" alt=\"\" width=\"414\" height=\"255\" \/><p class=\"wp-caption-text\">La senadora Virginia Velasco Condori.<\/p><\/div><figcaption class=\"a_m_p\" aria-hidden=\"true\"><\/figcaption><\/figure>\n<p>&nbsp;<\/p>\n<p class=\"\">Velasco aclar\u00f3 que, si bien la ley no es punitiva, el C\u00f3digo Penal, en su art\u00edculo 154, sanciona el incumplimiento de deberes y la autorizaci\u00f3n de actos prohibidos. Por lo tanto, los oficiales del registro civil que permitan matrimonios o uniones de menores pueden ser procesados penalmente por esos delitos. \u201cHay que cambiar el chip de quienes siguen defendiendo que es una costumbre. No lo es, es violencia. No se puede seguir con este discurso\u201d, a\u00f1adi\u00f3.<\/p>\n<p class=\"\">Esta es una victoria tambi\u00e9n para las organizaciones internacionales que han venido acompa\u00f1ando el proceso, como Save The Children quienes alertaron en un comunicado que la uni\u00f3n legal en menores \u201cesconden historias desgarradoras: violencia sexual, embarazos no planificados, manipulaci\u00f3n y explotaci\u00f3n laboral y sexual\u201d. El Comit\u00e9 contra la Tortura va m\u00e1s all\u00e1 y asegura que las condiciones en las que est\u00e1n casadas estas ni\u00f1as o adolescentes \u201cson similares a torturas: crueles, inhumanas y degradantes\u201d. Al grito de ni esposas ni concubinas, Bolivia se convierte en el 14.\u00ba pa\u00eds de la regi\u00f3n en prohibir el matrimonio infantil, despu\u00e9s de\u00a0<a href=\"https:\/\/elpais.com\/america-colombia\/2024-11-14\/colombia-prohibe-el-matrimonio-infantil-son-ninas-no-esposas.html\" target=\"_blank\" rel=\"noopener\">Colombia, que lo aboli\u00f3 a finales de 2024<\/a>, de acuerdo con un recuento de Unicef.<\/p>\n<p class=\"\">Para M\u00f3nica Bay\u00e1, representante de la Comunidad de Derechos Humanos y Asesora Legal de Equality Now, la medida es una victoria para los derechos del menor y una \u201cllave\u201d que, espera, abra muchas otras puertas. \u201cEsta es la herramienta que puede permitir ahondar en medidas preventivas\u201d, asegura por tel\u00e9fono esta reconocida feminista boliviana. \u201cEs imprescindible hablar ahora de pol\u00edticas sociales en el sector educativo que empodere a las ni\u00f1as y las mantenga en el sistema educativo para que entiendan que hay m\u00e1s expectativas adem\u00e1s de casarse y ser mam\u00e1\u201d.<\/p>\n<p class=\"\">Esta ley ha ido pasando de despacho en despacho durante los \u00faltimos tres a\u00f1os tras casi una d\u00e9cada de visibilizaci\u00f3n de los efectos nocivos para las ni\u00f1eces en el pa\u00eds; como el abandono escolar, la p\u00e9rdida de autonom\u00eda y los <a title=\"https:\/\/elpais.com\/especiales\/2024\/embarazo-adolescente-colombia\/\" href=\"https:\/\/elpais.com\/especiales\/2024\/embarazo-adolescente-colombia\/\" target=\"_blank\" rel=\"noopener noreferrer\" data-link-track-dtm=\"\" data-mrf-link=\"https:\/\/elpais.com\/especiales\/2024\/embarazo-adolescente-colombia\/\">embarazos infantiles y adolescentes<\/a>. Los datos del Sistema Nacional de Informaci\u00f3n en Salud (SNIS) muestran que entre 2020 y 2023 hubo 8.855 embarazos de menores de 15 a\u00f1os y 139.021 de adolescentes de 15 a 19 a\u00f1os. Bay\u00e1, adem\u00e1s, insisti\u00f3 en que esto deber\u00eda ser una \u201cpreocupaci\u00f3n\u201d que involucre a la sociedad en su conjunto. Tambi\u00e9n a los hombres. El reto, seg\u00fan la experta, ser\u00e1 mayor en las zonas rurales de Bolivia donde son m\u00e1s normalizadas estas uniones.<\/p>\n<p class=\"\">El matrimonio infantil en Bolivia es un fen\u00f3meno que se suele dar mayormente en las \u00e1reas rurales, por antiguas pr\u00e1cticas y presiones familiares. En algunas culturas, las uniones tempranas suelen estar ligadas a acuerdos entre familias o a la expectativa de que la mujer asuma el rol de madre y esposa desde la infancia. Entre 2014 y 2023 se registraron 4.804 matrimonios de adolescentes de 16 a 17 a\u00f1os con \u201cconsecuencias alarmantes\u201d, de acuerdo a datos oficiales.<\/p>\n<h3 class=\"\">\u201cEl trabajo contin\u00faa\u201d<\/h3>\n<p class=\"\">Bolivia se suma a una lista cada vez m\u00e1s larga de pa\u00edses latinoamericanos que reconocen el derecho de las ni\u00f1as a ser eso: ni\u00f1as. 14 pa\u00edses de la regi\u00f3n (Colombia, Chile, M\u00e9xico y Rep\u00fablica Dominicana, entre otros) han prohibido totalmente estas uniones entendiendo la deuda hist\u00f3rica con las infancias. Y es que el 21% de las mujeres de Latinoam\u00e9rica y el Caribe que ahora tienen entre 20 y 24 a\u00f1os se hab\u00edan casado o vivido con su pareja por primera vez antes de los 18 a\u00f1os en 2023, seg\u00fan Unicef. Este es un porcentaje que se mantiene estable desde hace 25 a\u00f1os y un 2% mayor que el promedio mundial.<\/p>\n<p class=\"\">Tras la euforia inicial, la senadora Velasco record\u00f3 que \u201cel trabajo contin\u00faa\u201d y que se llevar\u00e1 a cabo tambi\u00e9n en las comunidades rurales. \u201cHay que hablar en diferentes idiomas, yo hablar\u00e9 en aimara en los territorios. Ya veremos c\u00f3mo sacar cu\u00f1as publicitarias y posts en redes sociales para llevar esta conversaci\u00f3n a todos los rincones de Bolivia, pero este es un gran primer paso. Hoy es una celebraci\u00f3n\u201d.<\/p>\n<\/div>\n<\/div>\n<\/div>\n","protected":false},"excerpt":{"rendered":"<p>&nbsp; &nbsp; El pa\u00eds es el 14.\u00ba de la regi\u00f3n en hacerlo, despu\u00e9s de Colombia. El movimiento feminista celebra la medida y exige pol\u00edticas de&hellip;<\/p>\n","protected":false},"author":99,"featured_media":536167,"comment_status":"open","ping_status":"open","sticky":false,"template":"","format":"standard","meta":{"footnotes":""},"categories":[23],"tags":[],"class_list":["post-536166","post","type-post","status-publish","format-standard","has-post-thumbnail","hentry","category-latinoamerica"],"_links":{"self":[{"href":"https:\/\/diarioelpopular.com\/index.php\/wp-json\/wp\/v2\/posts\/536166","targetHints":{"allow":["GET"]}}],"collection":[{"href":"https:\/\/diarioelpopular.com\/index.php\/wp-json\/wp\/v2\/posts"}],"about":[{"href":"https:\/\/diarioelpopular.com\/index.php\/wp-json\/wp\/v2\/types\/post"}],"author":[{"embeddable":true,"href":"https:\/\/diarioelpopular.com\/index.php\/wp-json\/wp\/v2\/users\/99"}],"replies":[{"embeddable":true,"href":"https:\/\/diarioelpopular.com\/index.php\/wp-json\/wp\/v2\/comments?post=536166"}],"version-history":[{"count":1,"href":"https:\/\/diarioelpopular.com\/index.php\/wp-json\/wp\/v2\/posts\/536166\/revisions"}],"predecessor-version":[{"id":536168,"href":"https:\/\/diarioelpopular.com\/index.php\/wp-json\/wp\/v2\/posts\/536166\/revisions\/536168"}],"wp:featuredmedia":[{"embeddable":true,"href":"https:\/\/diarioelpopular.com\/index.php\/wp-json\/wp\/v2\/media\/536167"}],"wp:attachment":[{"href":"https:\/\/diarioelpopular.com\/index.php\/wp-json\/wp\/v2\/media?parent=536166"}],"wp:term":[{"taxonomy":"category","embeddable":true,"href":"https:\/\/diarioelpopular.com\/index.php\/wp-json\/wp\/v2\/categories?post=536166"},{"taxonomy":"post_tag","embeddable":true,"href":"https:\/\/diarioelpopular.com\/index.php\/wp-json\/wp\/v2\/tags?post=536166"}],"curies":[{"name":"wp","href":"https:\/\/api.w.org\/{rel}","templated":true}]}}