{"id":536189,"date":"2025-09-19T09:36:55","date_gmt":"2025-09-19T13:36:55","guid":{"rendered":"https:\/\/diarioelpopular.com\/?p=536189"},"modified":"2025-09-19T09:36:55","modified_gmt":"2025-09-19T13:36:55","slug":"los-colegas-de-parrilla-televisiva-se-vuelcan-con-jimmy-kimmel-jon-stewart-presenta-un-programa-extra-y-colbert-habla-de-censura-descarada","status":"publish","type":"post","link":"https:\/\/diarioelpopular.com\/index.php\/2025\/09\/19\/los-colegas-de-parrilla-televisiva-se-vuelcan-con-jimmy-kimmel-jon-stewart-presenta-un-programa-extra-y-colbert-habla-de-censura-descarada\/","title":{"rendered":"Los colegas de parrilla televisiva se vuelcan con Jimmy Kimmel: Jon Stewart presenta un programa extra y Colbert habla de \u201ccensura descarada\u201d"},"content":{"rendered":"<div id=\"attachment_536190\" style=\"width: 1210px\" class=\"wp-caption alignnone\"><img loading=\"lazy\" decoding=\"async\" aria-describedby=\"caption-attachment-536190\" class=\"wp-image-536190 size-custom-big-size\" src=\"https:\/\/diarioelpopular.com\/wp-content\/uploads\/2025\/09\/Screen-Shot-2025-09-19-at-9.36.12-AM-1200x576.png\" alt=\"\" width=\"1200\" height=\"576\" srcset=\"https:\/\/diarioelpopular.com\/wp-content\/uploads\/2025\/09\/Screen-Shot-2025-09-19-at-9.36.12-AM-1200x576.png 1200w, https:\/\/diarioelpopular.com\/wp-content\/uploads\/2025\/09\/Screen-Shot-2025-09-19-at-9.36.12-AM-300x144.png 300w, https:\/\/diarioelpopular.com\/wp-content\/uploads\/2025\/09\/Screen-Shot-2025-09-19-at-9.36.12-AM-768x369.png 768w, https:\/\/diarioelpopular.com\/wp-content\/uploads\/2025\/09\/Screen-Shot-2025-09-19-at-9.36.12-AM-1536x737.png 1536w, https:\/\/diarioelpopular.com\/wp-content\/uploads\/2025\/09\/Screen-Shot-2025-09-19-at-9.36.12-AM-636x305.png 636w, https:\/\/diarioelpopular.com\/wp-content\/uploads\/2025\/09\/Screen-Shot-2025-09-19-at-9.36.12-AM-146x70.png 146w, https:\/\/diarioelpopular.com\/wp-content\/uploads\/2025\/09\/Screen-Shot-2025-09-19-at-9.36.12-AM.png 1024w\" sizes=\"auto, (max-width: 1200px) 100vw, 1200px\" \/><p id=\"caption-attachment-536190\" class=\"wp-caption-text\">on Stewart, en un evento en Nueva York en septiembre de 2024. Foto: John Nacion (Variety via Getty Images)<\/p><\/div>\n<p>&nbsp;<\/p>\n<p>&nbsp;<\/p>\n<h4><strong><em>&#8211; Los presentadores de los \u2018late night shows\u2019 bromean con la censura y lanzan mensajes de apoyo al cancelado Kimmel. \u201cEs un tipo decente, divertido y cari\u00f1oso. Espero que vuelva\u201d, afirm\u00f3 Fallon<\/em><\/strong><\/h4>\n<p>&nbsp;<\/p>\n<p class=\"\">Era jueves, pero Jon Stewart decidi\u00f3 que era lunes. El\u00a0<a title=\"https:\/\/elpais.com\/television\/2024-01-24\/jon-stewart-vuelve-a-la-television-durante-el-ano-electoral-de-estados-unidos.html\" href=\"https:\/\/elpais.com\/television\/2024-01-24\/jon-stewart-vuelve-a-la-television-durante-el-ano-electoral-de-estados-unidos.html\" target=\"_blank\" rel=\"noopener noreferrer\" data-link-track-dtm=\"\" data-mrf-link=\"https:\/\/elpais.com\/television\/2024-01-24\/jon-stewart-vuelve-a-la-television-durante-el-ano-electoral-de-estados-unidos.html\">m\u00e1s pol\u00edtico de todos los presentadores de\u00a0<i>late night shows<\/i>\u00a0<\/a>estadounidenses ha decidido convertir este 18 de septiembre en lunes: ese es el \u00fanico d\u00eda de la semana en el que presenta su\u00a0<i>The Daily Show.\u00a0<\/i>Sin embargo, los acontecimientos extraordinarios que est\u00e1n teniendo lugar en la parrilla televisiva estadounidense, con\u00a0<a title=\"https:\/\/elpais.com\/internacional\/2025-09-19\/trump-emplea-el-asesinato-de-charlie-kirk-para-intensificar-sus-ataques-a-la-prensa-y-a-libertad-de-expresion.html\" href=\"https:\/\/elpais.com\/internacional\/2025-09-19\/trump-emplea-el-asesinato-de-charlie-kirk-para-intensificar-sus-ataques-a-la-prensa-y-a-libertad-de-expresion.html\" target=\"_blank\" rel=\"noopener noreferrer\" data-link-track-dtm=\"\" data-mrf-link=\"https:\/\/elpais.com\/internacional\/2025-09-19\/trump-emplea-el-asesinato-de-charlie-kirk-para-intensificar-sus-ataques-a-la-prensa-y-a-libertad-de-expresion.html\">el silenciamiento de voces cr\u00edticas con la Administraci\u00f3n de Trump<\/a>\u00a0y tras\u00a0<a title=\"https:\/\/elpais.com\/internacional\/2025-09-17\/abc-suspende-indefinidamente-el-programa-de-jimmy-kimmel-por-un-comentario-del-comico-sobre-charlie-kirk.html\" href=\"https:\/\/elpais.com\/internacional\/2025-09-17\/abc-suspende-indefinidamente-el-programa-de-jimmy-kimmel-por-un-comentario-del-comico-sobre-charlie-kirk.html\" target=\"_blank\" rel=\"noopener noreferrer\" data-link-track-dtm=\"\" data-mrf-link=\"https:\/\/elpais.com\/internacional\/2025-09-17\/abc-suspende-indefinidamente-el-programa-de-jimmy-kimmel-por-un-comentario-del-comico-sobre-charlie-kirk.html\">la cancelaci\u00f3n repentina de\u00a0<i>Jimmy Kimmel Live!<\/i><\/a>, han hecho que el neoyorquino, de 62 a\u00f1os, realice una emisi\u00f3n extraordinaria de su programa: \u00e9l solo presenta el primer d\u00eda y durante el resto de la semana lo hace uno de sus colaboradores.<\/p>\n<p class=\"\">Tras la suspensi\u00f3n\u00a0<i>sine die<\/i>\u00a0el mi\u00e9rcoles del programa de ABC tras un\u00a0<a title=\"https:\/\/elpais.com\/television\/2025-09-18\/que-dijo-jimmy-kimmel-sobre-charlie-kirk-estas-son-las-palabras-que-han-provocado-su-despedido.html\" href=\"https:\/\/elpais.com\/television\/2025-09-18\/que-dijo-jimmy-kimmel-sobre-charlie-kirk-estas-son-las-palabras-que-han-provocado-su-despedido.html\" target=\"_blank\" rel=\"noopener noreferrer\" data-link-track-dtm=\"\" data-mrf-link=\"https:\/\/elpais.com\/television\/2025-09-18\/que-dijo-jimmy-kimmel-sobre-charlie-kirk-estas-son-las-palabras-que-han-provocado-su-despedido.html\">comentario realizado por Kimmel acerca del asesino de Charlie Kirk<\/a>, toda la parrilla televisiva estadounidense se ha volcado con el presentador. Adem\u00e1s de\u00a0<a title=\"https:\/\/elpais.com\/television\/2025-09-18\/de-ben-stiller-a-los-sindicatos-hollywood-alza-la-voz-contra-el-despido-de-jimmy-kimmel-la-verdadera-cultura-de-la-cancelacion.html\" href=\"https:\/\/elpais.com\/television\/2025-09-18\/de-ben-stiller-a-los-sindicatos-hollywood-alza-la-voz-contra-el-despido-de-jimmy-kimmel-la-verdadera-cultura-de-la-cancelacion.html\" target=\"_self\" rel=\"\" data-link-track-dtm=\"\" data-mrf-link=\"https:\/\/elpais.com\/television\/2025-09-18\/de-ben-stiller-a-los-sindicatos-hollywood-alza-la-voz-contra-el-despido-de-jimmy-kimmel-la-verdadera-cultura-de-la-cancelacion.html\">numerosos nombres del mundo de la cultura,<\/a>\u00a0sus colegas y excolegas de franja han lamentado la cancelaci\u00f3n, hablando en graves t\u00e9rminos como \u201ccensura\u201d y \u201cautoritarismo criminal\u201d.\u00a0<span style=\"box-sizing: border-box; margin: 0px; padding: 0px;\">Pero Stewart ha dado un paso m\u00e1s all\u00e1 al presentar su\u00a0<em>show<\/em>, con toda una franja de nada menos que 23 minutos dedicada a la cuesti\u00f3n, y titulado, con toda ret\u00f3rica,\u00a0<em>El manual de Jon Stewart sobre la libertad de expresi\u00f3n en la gloriosa era Trump tras su paso por el programa de Kimmel<\/em>.<\/span>\u00a0Adem\u00e1s, llev\u00f3 como invitada a la periodista filipina y\u00a0<a title=\"https:\/\/elpais.com\/ideas\/2023-02-05\/maria-ressa-premio-nobel-de-la-paz-las-grandes-tecnologicas-son-como-las-companias-tabaqueras-saben-que-lo-que-hacen-es-danino.html\" href=\"https:\/\/elpais.com\/ideas\/2023-02-05\/maria-ressa-premio-nobel-de-la-paz-las-grandes-tecnologicas-son-como-las-companias-tabaqueras-saben-que-lo-que-hacen-es-danino.html\" target=\"_self\" rel=\"\" data-link-track-dtm=\"\" data-mrf-link=\"https:\/\/elpais.com\/ideas\/2023-02-05\/maria-ressa-premio-nobel-de-la-paz-las-grandes-tecnologicas-son-como-las-companias-tabaqueras-saben-que-lo-que-hacen-es-danino.html\">premio Nobel de la Paz Maria Ressa<\/a>, que present\u00f3\u00a0<a title=\"https:\/\/elpais.com\/internacional\/2023-03-02\/maria-ressa-una-periodista-contra-el-autoritarismo.html\" href=\"https:\/\/elpais.com\/internacional\/2023-03-02\/maria-ressa-una-periodista-contra-el-autoritarismo.html\" target=\"_blank\" rel=\"noopener noreferrer\" data-link-track-dtm=\"\" data-mrf-link=\"https:\/\/elpais.com\/internacional\/2023-03-02\/maria-ressa-una-periodista-contra-el-autoritarismo.html\">su libro\u00a0<i>C\u00f3mo luchar contra un dictador<\/i><\/a>.<\/p>\n<p class=\"\">\u201cDesde Comedy Central, el completamente renovado, aprobado por el gobierno,\u00a0<i>The Daily Show<\/i>\u201d, arrancaba el segmento, cargado de im\u00e1genes puramente estadounidenses y dejando caer lo que se ven\u00eda. \u201cCon su anfitri\u00f3n obedientemente patri\u00f3tico, Jon Stewart\u201d. El presentador, con corbata roja y pin de la bandera, fing\u00eda estar nervioso. Haciendo pucheros y con la mirada perdida, dejaba ver que iba a presentar otro \u201c<i>show\u00a0<\/i>divertido, que cumple con la Administraci\u00f3n\u201d. Lo hac\u00eda desde un sal\u00f3n cargado de dorados,<a title=\"https:\/\/elpais.com\/internacional\/elecciones-usa\/2021-01-22\/la-nueva-e-intencionada-decoracion-del-despacho-oval-de-biden-nuevos-simbolos-y-una-roca-lunar.html\" href=\"https:\/\/elpais.com\/internacional\/elecciones-usa\/2021-01-22\/la-nueva-e-intencionada-decoracion-del-despacho-oval-de-biden-nuevos-simbolos-y-una-roca-lunar.html\" target=\"_self\" rel=\"\" data-link-track-dtm=\"\" data-mrf-link=\"https:\/\/elpais.com\/internacional\/elecciones-usa\/2021-01-22\/la-nueva-e-intencionada-decoracion-del-despacho-oval-de-biden-nuevos-simbolos-y-una-roca-lunar.html\">\u00a0muy del gusto del nuevo Despacho Oval.<\/a> Stewart se hab\u00eda convertido, por 20 minutos, en una divertida pelota del trumpismo.<\/p>\n<p class=\"\">Comenz\u00f3 el presentador criticando a Nueva York, \u201cun tremendo desastre, \u00a1alguien deber\u00eda mandar a la Guardia Nacional!\u201c. Explic\u00f3 que todo era causado porque \u201cnuestro Padre&#8221; no estaba en casa, sino \u201cen Inglaterra\u201d, en referencia<a title=\"https:\/\/elpais.com\/gente\/2025-09-17\/el-encuentro-de-los-trump-con-los-reyes-carlos-iii-y-camila-y-los-principes-de-gales-en-imagenes.html\" href=\"https:\/\/elpais.com\/gente\/2025-09-17\/el-encuentro-de-los-trump-con-los-reyes-carlos-iii-y-camila-y-los-principes-de-gales-en-imagenes.html\" target=\"_self\" rel=\"\" data-link-track-dtm=\"\" data-mrf-link=\"https:\/\/elpais.com\/gente\/2025-09-17\/el-encuentro-de-los-trump-con-los-reyes-carlos-iii-y-camila-y-los-principes-de-gales-en-imagenes.html\">\u00a0a la visita de Trump al Reino Unido<\/a>. Como si se tratara de un r\u00e9gimen autoritario, se refer\u00eda a \u00e9l como \u201cnuestro querido l\u00edder\u201d, haciendo que alabara, pero con iron\u00eda y fingida pesadez y tensi\u00f3n, cada acto del presidente, como sus discursos ante los reyes: \u201cTodo el mundo est\u00e1 embelesado\u201d, bromeaba. \u201cEl presidente, casi despreciablemente humilde, le permiti\u00f3 a los <i>reyes <\/i>poder tener una visi\u00f3n \u00fanica de su lado m\u00e1s tranquilo, aunque orgulloso\u201d, dec\u00eda entre la pompa y la burla, mostrando retazos del discurso, demasiado informal y poco adecuado para una cena de gala en Windsor, del presidente.<\/p>\n<p>&nbsp;<\/p>\n<div id=\"sum_youtube\" class=\"a_em _df _rt _rt-16x9\" data-oembed-type=\"youtube\"><iframe loading=\"lazy\" title=\"Jon Stewart's Post-Kimmel Primer on Free Speech in the Glorious Trump Era | The Daily Show\" src=\"https:\/\/www.youtube.com\/embed\/_GXNJ3V9lzg?feature=oembed\" width=\"560\" height=\"315\" frameborder=\"0\" allowfullscreen=\"allowfullscreen\" data-mce-fragment=\"1\"><\/iframe><\/div>\n<p>&nbsp;<\/p>\n<p class=\"\">Stewart tambi\u00e9n habl\u00f3\u00a0<a title=\"https:\/\/elpais.com\/internacional\/2025-09-18\/trump-y-starmer-cierran-con-una-reunion-de-trabajo-la-visita-de-estado-del-presidente-al-reino-unido.html\" href=\"https:\/\/elpais.com\/internacional\/2025-09-18\/trump-y-starmer-cierran-con-una-reunion-de-trabajo-la-visita-de-estado-del-presidente-al-reino-unido.html\" target=\"_blank\" rel=\"noopener noreferrer\" data-link-track-dtm=\"\" data-mrf-link=\"https:\/\/elpais.com\/internacional\/2025-09-18\/trump-y-starmer-cierran-con-una-reunion-de-trabajo-la-visita-de-estado-del-presidente-al-reino-unido.html\">del encuentro de Trump con el primer ministro brit\u00e1nico, Keir Starmer<\/a>, donde no supo pronunciar Azerbaiy\u00e1n, y cambi\u00f3 la zeta por una be; adem\u00e1s, afirm\u00f3 que ese\u00a0<i>Aberbaiy\u00e1n<\/i>\u00a0estaba en guerra contra Albania,\u00a0<a title=\"https:\/\/elpais.com\/internacional\/2025-03-13\/armenia-y-azerbaiyan-alcanzan-un-acuerdo-de-paz-para-poner-fin-a-mas-de-30-anos-de-conflicto.html\" href=\"https:\/\/elpais.com\/internacional\/2025-03-13\/armenia-y-azerbaiyan-alcanzan-un-acuerdo-de-paz-para-poner-fin-a-mas-de-30-anos-de-conflicto.html\" target=\"_self\" rel=\"\" data-link-track-dtm=\"\" data-mrf-link=\"https:\/\/elpais.com\/internacional\/2025-03-13\/armenia-y-azerbaiyan-alcanzan-un-acuerdo-de-paz-para-poner-fin-a-mas-de-30-anos-de-conflicto.html\">cuando en realidad se refer\u00eda a Armenia.<\/a><\/p>\n<p class=\"\">Y Stewart sigui\u00f3 con ese rollo pelota y humor\u00edstico: \u201cQuiero ofrecer mis disculpas, no es Azerbaiy\u00e1n, se pronuncia\u00a0<i>Aberbaiy\u00e1n<\/i>\u201d, cont\u00f3, tembloroso, tachando la palabra correcta en un mapa y sec\u00e1ndose el sudor. En ocasiones como esa, el propio Stewart no pod\u00eda aguantar la risa. Tras mostrar un clip de un periodista pregunt\u00e1ndole a Trump si, con la cancelaci\u00f3n de Kimmel, la libertad de expresi\u00f3n no estaba en peligro, empez\u00f3 a gritar a la pantalla: \u201c\u00a1C\u00f3mo te atreves! \u00a1C\u00f3mo te atreves! \u00bfDe qu\u00e9 peri\u00f3dico eres, del\u00a0<i>Antifa Herald Tribune<\/i>?\u201d.<\/p>\n<p class=\"\">Con ello, entr\u00f3 al trapo con el tema. \u201cEn el Reino Unido tienen libertad de expresi\u00f3n, pero aqu\u00ed tenemos algo llamado primera enmienda. Hay algo llamado <i>talent\u00f3metro<\/i>, completamente cient\u00edfico, instalado en la mesa del presidente. Y le dice al presidente el QT, el cociente de talento, medido sobre todo por la simpat\u00eda hacia el presidente. Cuando baja de un punto hay que avisar a la FCC (la Comisi\u00f3n Federal de Comunicaciones) para amenazar las perspectivas de compra en fusiones multimillonarias de cadenas&#8221;, afirmaba, para seguir explic\u00e1ndolo hasta perder el aliento; en referencia a<a title=\"https:\/\/elpais.com\/economia\/2025-07-25\/la-administracion-de-trump-aprueba-la-fusion-entre-paramount-y-skydance-tras-el-despido-de-colbert-y-el-pago-de-16-millones-de-la-cbs.html\" href=\"https:\/\/elpais.com\/economia\/2025-07-25\/la-administracion-de-trump-aprueba-la-fusion-entre-paramount-y-skydance-tras-el-despido-de-colbert-y-el-pago-de-16-millones-de-la-cbs.html\" target=\"_blank\" rel=\"noopener noreferrer\" data-link-track-dtm=\"\" data-mrf-link=\"https:\/\/elpais.com\/economia\/2025-07-25\/la-administracion-de-trump-aprueba-la-fusion-entre-paramount-y-skydance-tras-el-despido-de-colbert-y-el-pago-de-16-millones-de-la-cbs.html\">\u00a0la fusi\u00f3n de Paramount con Skydance (tambi\u00e9n sus jefes) que se llev\u00f3 por delante el programa de Stephen Colbert en julio<\/a>. \u201c\u00a1Lean la Constituci\u00f3n!\u201d, clamaba.<\/p>\n<p>&nbsp;<\/p>\n<figure class=\"a_m a_m-h \">\n<p><div style=\"width: 424px\" class=\"wp-caption alignnone\"><img loading=\"lazy\" decoding=\"async\" class=\"_re lazyload a_m-h\" src=\"https:\/\/imagenes.elpais.com\/resizer\/v2\/FVQPOPUOPJFHXFI6X2HLMKO2UQ.png?auth=bfc1d1a35b768155cb56a829dcb04043b3d3c93049b43d789495753a720ca511&amp;width=414\" sizes=\"auto, (min-width:1199px) 1155px,(min-width:1001px) calc(100vw - 44px),(min-width:768px) 767px, 100vw\" srcset=\"https:\/\/imagenes.elpais.com\/resizer\/v2\/FVQPOPUOPJFHXFI6X2HLMKO2UQ.png?auth=bfc1d1a35b768155cb56a829dcb04043b3d3c93049b43d789495753a720ca511&amp;width=414 414w,https:\/\/imagenes.elpais.com\/resizer\/v2\/FVQPOPUOPJFHXFI6X2HLMKO2UQ.png?auth=bfc1d1a35b768155cb56a829dcb04043b3d3c93049b43d789495753a720ca511&amp;width=828 640w,https:\/\/imagenes.elpais.com\/resizer\/v2\/FVQPOPUOPJFHXFI6X2HLMKO2UQ.png?auth=bfc1d1a35b768155cb56a829dcb04043b3d3c93049b43d789495753a720ca511&amp;width=980 1000w,https:\/\/imagenes.elpais.com\/resizer\/v2\/FVQPOPUOPJFHXFI6X2HLMKO2UQ.png?auth=bfc1d1a35b768155cb56a829dcb04043b3d3c93049b43d789495753a720ca511&amp;width=1960 1960w\" alt=\"\" width=\"414\" height=\"232\" \/><p class=\"wp-caption-text\">Jon Stewart, en un momento de su &#8216;The Daily Show&#8217;, burl\u00e1ndose de la pronunciaci\u00f3n de Trump, que cambi\u00f3 Azerbaiy\u00e1n por Aberbaiy\u00e1n. THE DAILY SHOW<\/p><\/div><figcaption class=\"a_m_p\" aria-hidden=\"true\"><\/figcaption><\/figure>\n<p>&nbsp;<\/p>\n<p class=\"\">Stewart alab\u00f3 la capacidad, \u201cuna maldici\u00f3n\u201d, de Trump para ver el futuro, citando un tuit suyo de hace dos meses donde se le\u00eda: \u201cKimmel es el siguiente\u201d. Tambi\u00e9n puso media docena de clips\u00a0<a title=\"https:\/\/elpais.com\/internacional\/2023-04-23\/las-mentiras-de-medios-como-la-fox-pasan-factura-en-dolares-y-en-votos.html\" href=\"https:\/\/elpais.com\/internacional\/2023-04-23\/las-mentiras-de-medios-como-la-fox-pasan-factura-en-dolares-y-en-votos.html\" target=\"_self\" rel=\"\" data-link-track-dtm=\"\" data-mrf-link=\"https:\/\/elpais.com\/internacional\/2023-04-23\/las-mentiras-de-medios-como-la-fox-pasan-factura-en-dolares-y-en-votos.html\">de Fox News de noticias falsas<\/a>, desde la negaci\u00f3n del cambio clim\u00e1tico a afirmar que los asaltantes del Congreso del 6 de enero eran \u201cpac\u00edficos, ordenados y mansos, visitantes\u201d. \u201c\u00a1Todo cierto!\u201d, gritaba. Adem\u00e1s, compar\u00f3 clips de republicanos \u2014entre ellos, Donald Trump Jr.\u2014 afirmando que no se puede criticar a nadie usando palabras como \u201cnazi\u201d o \u201cfascista\u201d&#8230; para despu\u00e9s colocar al presidente usando los mismos t\u00e9rminos o llamando a Nancy Pelosi \u201canimal\u201d. \u201cT\u00e9cnicamente, es correcto: no es un mineral\u201d, observaba.<\/p>\n<p class=\"\">Sigui\u00f3 hablando sobre burlas a la violencia, con im\u00e1genes de la conservadora Fox News y un par de comentaristas burl\u00e1ndose\u00a0<a title=\"https:\/\/elpais.com\/internacional\/2022-10-28\/el-marido-de-nancy-pelosi-agredido-violentamente-en-su-casa-en-san-francisco.html\" href=\"https:\/\/elpais.com\/internacional\/2022-10-28\/el-marido-de-nancy-pelosi-agredido-violentamente-en-su-casa-en-san-francisco.html\" target=\"_blank\" rel=\"noopener noreferrer\" data-link-track-dtm=\"\" data-mrf-link=\"https:\/\/elpais.com\/internacional\/2022-10-28\/el-marido-de-nancy-pelosi-agredido-violentamente-en-su-casa-en-san-francisco.html\">del brutal ataque recibido por el marido de Pelosi en su casa en 2022.<\/a>\u00a0\u201c\u00a1Hubo consecuencias, este tipo tuvo que dejar la televisi\u00f3n! No s\u00e9 bien d\u00f3nde fue, pero imagino que no es un puesto prestigioso para el que est\u00e9 remotamente cualificado\u201d, afirmaba sobre el comentarista&#8230; nada menos que\u00a0<a title=\"https:\/\/elpais.com\/internacional\/2024-11-13\/trump-nombra-al-presentador-de-fox-pete-hegseth-como-secretario-de-defensa.html\" href=\"https:\/\/elpais.com\/internacional\/2024-11-13\/trump-nombra-al-presentador-de-fox-pete-hegseth-como-secretario-de-defensa.html\" target=\"_self\" rel=\"\" data-link-track-dtm=\"\" data-mrf-link=\"https:\/\/elpais.com\/internacional\/2024-11-13\/trump-nombra-al-presentador-de-fox-pete-hegseth-como-secretario-de-defensa.html\">Pete Hegseth, hoy secretario de Defensa<\/a>\u00a0(o,\u00a0<a title=\"https:\/\/elpais.com\/internacional\/2025-09-04\/departamento-de-guerra-no-de-defensa-trump-ordena-cambiar-de-nombre-al-pentagono.html\" href=\"https:\/\/elpais.com\/internacional\/2025-09-04\/departamento-de-guerra-no-de-defensa-trump-ordena-cambiar-de-nombre-al-pentagono.html\" target=\"_blank\" rel=\"noopener noreferrer\" data-link-track-dtm=\"\" data-mrf-link=\"https:\/\/elpais.com\/internacional\/2025-09-04\/departamento-de-guerra-no-de-defensa-trump-ordena-cambiar-de-nombre-al-pentagono.html\">ahora, de Guerra<\/a>) de EE UU.<\/p>\n<p class=\"\">\u201cAlgunos negacionistas argumentar\u00e1n que las preocupaciones por la libertad de expresi\u00f3n de esta administraci\u00f3n son una estratagema c\u00ednica, un pastiche de artima\u00f1as, una cortina de humo para oscurecer una consolidaci\u00f3n sin precedentes del poder y la intimidaci\u00f3n, sin principios y fr\u00edamente antit\u00e9tica a cualquier experimento de gobierno en una rep\u00fablica constitucional. Algunos dir\u00e1n eso\u201d, dijo, en la parte m\u00e1s seria de su discurso. \u201cNo yo, creo que es genial\u201d, rompi\u00f3, haciendo re\u00edr al p\u00fablico. Adem\u00e1s de presentar a sus corresponsales, todos con corbata roja y micr\u00f3fono de Trump, se fue a publicidad cant\u00e1ndole una cancioncilla de alabanza a Trump.<\/p>\n<p>&nbsp;<\/p>\n<div id=\"sum_youtube\" class=\"a_em _df _rt _rt-16x9\" data-oembed-type=\"youtube\"><iframe loading=\"lazy\" title=\"Trump Returns from U.K. Visit and the White House Cracks Down on Free Speech: A Closer Look\" src=\"https:\/\/www.youtube.com\/embed\/bGpYFjwClr8?feature=oembed\" width=\"560\" height=\"315\" frameborder=\"0\" allowfullscreen=\"allowfullscreen\" data-mce-fragment=\"1\"><\/iframe><\/div>\n<p>&nbsp;<\/p>\n<p class=\"\">La de Stewart quiz\u00e1 ha sido la cr\u00edtica m\u00e1s larga, fina y preparada contra la fulminante cancelaci\u00f3n de\u00a0<i>Jimmy Kimmel Live!<\/i>, pero no la \u00fanica.\u00a0<a title=\"https:\/\/elpais.com\/cultura\/2018\/01\/04\/television\/1515079585_064957.html\" href=\"https:\/\/elpais.com\/cultura\/2018\/01\/04\/television\/1515079585_064957.html\" target=\"_self\" rel=\"\" data-link-track-dtm=\"\" data-mrf-link=\"https:\/\/elpais.com\/cultura\/2018\/01\/04\/television\/1515079585_064957.html\">Seth Meyers tambi\u00e9n ha tenido<\/a>, en su programa, algunos toques de humor similares a los de Stewart, explicando que la administraci\u00f3n de Trump \u201cest\u00e1 tomando medidas dr\u00e1sticas contra la libertad de expresi\u00f3n\u201d. \u201cAntes de empezar quiero decir que siempre he admirado y respetado a Trump\u201d, bromeaba, dejando constancia, medio broma medio en serio, de un posible miedo a la cancelaci\u00f3n. \u201cSiempre he cre\u00eddo que era un visionario, un innovador, un gran presidente y un golfista a\u00fan mejor. Y si alguna vez me has visto decir algo negativo sobre \u00e9l, solo es inteligencia artificial\u201d.<\/p>\n<p class=\"\">Meyers tambi\u00e9n mostr\u00f3 segmentos de personas cr\u00edticas con la decisi\u00f3n <a title=\"https:\/\/elpais.com\/television\/2025-09-18\/de-ben-stiller-a-los-sindicatos-hollywood-alza-la-voz-contra-el-despido-de-jimmy-kimmel-la-verdadera-cultura-de-la-cancelacion.html\" href=\"https:\/\/elpais.com\/television\/2025-09-18\/de-ben-stiller-a-los-sindicatos-hollywood-alza-la-voz-contra-el-despido-de-jimmy-kimmel-la-verdadera-cultura-de-la-cancelacion.html\" target=\"_self\" rel=\"\" data-link-track-dtm=\"\" data-mrf-link=\"https:\/\/elpais.com\/television\/2025-09-18\/de-ben-stiller-a-los-sindicatos-hollywood-alza-la-voz-contra-el-despido-de-jimmy-kimmel-la-verdadera-cultura-de-la-cancelacion.html\">del expresidente Barack Obama<\/a> al senador Bernie Sanders. \u201cEs un honor y un privilegio llamar amigo a Jimmy Kimmel\u201d, aseguraba el presentador. \u201cIgual que es un honor presentar este programa cada noche, y bendigo levantarme cada d\u00eda en un pa\u00eds que honra la libertad de expresi\u00f3n. Por eso vamos a seguir haciendo este programa como siempre, con entusiasmo e integridad\u201d, aseguraba, mientras se escuchaba una pedorreta para rebajar el tono. \u201cEste es un momento importante para nuestra democracia, y debemos ponernos en pie por la libertad de expresi\u00f3n. Hay un motivo por el que el libre discurso est\u00e1 en la primera enmienda, porque va antes que todos los dem\u00e1s\u201d.<\/p>\n<p class=\"\"><a title=\"https:\/\/elpais.com\/television\/2025-07-20\/stephen-colbert-el-comico-antitrumpista-cuyo-despido-supone-el-fin-de-una-era-en-television.html\" href=\"https:\/\/elpais.com\/television\/2025-07-20\/stephen-colbert-el-comico-antitrumpista-cuyo-despido-supone-el-fin-de-una-era-en-television.html\" target=\"_blank\" rel=\"noopener noreferrer\" data-link-track-dtm=\"\" data-mrf-link=\"https:\/\/elpais.com\/television\/2025-07-20\/stephen-colbert-el-comico-antitrumpista-cuyo-despido-supone-el-fin-de-una-era-en-television.html\">Stephen Colbert, que en julio conoci\u00f3 que su programa enfrenta su \u00faltima temporada<\/a>, y que acabar\u00e1 en mayo sin reemplazo, tambi\u00e9n habl\u00f3 al respecto en su mon\u00f3logo del jueves por la noche. \u201c\u00bfSabes cu\u00e1les son mis valores, imb\u00e9cil?\u201c, apel\u00f3 a Brendan Carr, jefe de la FCC. \u201dLa libertad de expresi\u00f3n\u201d, dijo entre v\u00edtores. \u201cLa gente de todo el pa\u00eds est\u00e1 sorprendida por esta censura descarada de la libertad de expresi\u00f3n\u201d.<\/p>\n<p class=\"\">En la antena tambi\u00e9n queda Jimmy Fallon, que tambi\u00e9n recibi\u00f3 las amenazas del presidente. Cariacontecido, apareci\u00f3 el jueves en su programa,<i>\u00a0The Tonight Show<\/i>, en la cadena NBC, con algunas bromas sobre su tocayo: \u201cEsta ma\u00f1ana ten\u00eda un mont\u00f3n de mensajes de mi padre dici\u00e9ndome: \u2018Siento que hayan cancelado tu programa\u2019\u201d. Ya en un tono m\u00e1s serio, afirm\u00f3: \u201cPara ser sincero con ustedes, no s\u00e9 qu\u00e9 est\u00e1 pasando, nadie lo sabe. Pero conozco a Jimmy Kimmel, y es un tipo decente, divertido y cari\u00f1oso. Espero que vuelva\u201d. Adem\u00e1s, asegur\u00f3 estar \u201cmuy agradecido\u201d porque la gente se preocupe por lo que dice y c\u00f3mo lo dice, pero afirm\u00f3 que iba a hablar de Trump, y de su viaje a Reino Unido, tal y como lo har\u00eda normalmente. Pero cada vez que iba a decir algo cr\u00edtico sobre el presidente, una voz lo cambiaba por algo positivo: \u201cEst\u00e1 realmente guapo\u201d, o \u201csu amigo Jeff&#8230; Goldblum\u201d, el actor <a title=\"https:\/\/elpais.com\/internacional\/2025-09-09\/chistes-de-mal-gusto-fotos-comprometedoras-y-el-dibujo-de-una-mujer-desnuda-atribuido-a-trump-que-hay-en-el-libro-de-cumpleanos-de-epstein.html\" href=\"https:\/\/elpais.com\/internacional\/2025-09-09\/chistes-de-mal-gusto-fotos-comprometedoras-y-el-dibujo-de-una-mujer-desnuda-atribuido-a-trump-que-hay-en-el-libro-de-cumpleanos-de-epstein.html\" target=\"_blank\" rel=\"noopener noreferrer\" data-link-track-dtm=\"\" data-mrf-link=\"https:\/\/elpais.com\/internacional\/2025-09-09\/chistes-de-mal-gusto-fotos-comprometedoras-y-el-dibujo-de-una-mujer-desnuda-atribuido-a-trump-que-hay-en-el-libro-de-cumpleanos-de-epstein.html\">en vez del magnate acusado de pederastia Jeffrey Epstein.<\/a>\u00a0\u201c\u00bfVeis? Podemos decir lo que queramos&#8221;.<\/p>\n<p>&nbsp;<\/p>\n<div id=\"sum_youtube\" class=\"a_em _df _rt _rt-16x9\" data-oembed-type=\"youtube\"><iframe loading=\"lazy\" title=\"Jimmy Reacts to Kimmel's Suspension After FCC Pressure; Trump Wraps Up U.K. Visit | The Tonight Show\" src=\"https:\/\/www.youtube.com\/embed\/_Gma4TPZCXg?feature=oembed\" width=\"560\" height=\"315\" frameborder=\"0\" allowfullscreen=\"allowfullscreen\" data-mce-fragment=\"1\"><\/iframe><\/div>\n<p>&nbsp;<\/p>\n<p class=\"\">Por su parte, el veterano David Letterman tambi\u00e9n habl\u00f3 el jueves, en el marco de un festival. \u201c\u00bfTodos vemos hacia d\u00f3nde va esto, verdad? Hacia el control de los medios de comunicaci\u00f3n&#8221;, afirmaba. \u201cNo se puede ir por ah\u00ed despidiendo a gente porque se tiene miedo o porque se quiere quedar bien con la administraci\u00f3n autoritaria y criminal que est\u00e1 en el Despacho Oval. As\u00ed no es como funcionan las cosas\u201d. <a title=\"https:\/\/elpais.com\/cultura\/2014\/04\/04\/television\/1396563946_713890.html\" href=\"https:\/\/elpais.com\/cultura\/2014\/04\/04\/television\/1396563946_713890.html\" target=\"_blank\" rel=\"noopener noreferrer\" data-link-track-dtm=\"\" data-mrf-link=\"https:\/\/elpais.com\/cultura\/2014\/04\/04\/television\/1396563946_713890.html\">Letterman, que pas\u00f3 m\u00e1s de tres d\u00e9cadas en antena por las noches con su programa, hasta 2015<\/a>, afirm\u00f3 que nunca recibi\u00f3 cr\u00edticas por re\u00edrse o criticar a presidentes. \u201cLa cuesti\u00f3n es criticarles, con o sin raz\u00f3n, con o sin precisi\u00f3n, en nombre de la comedia. Ni una sola vez nos presion\u00f3 nadie de ninguna agencia gubernamental, y mucho menos la temida FCC\u201d.<\/p>\n","protected":false},"excerpt":{"rendered":"<p>&nbsp; &nbsp; &#8211; Los presentadores de los \u2018late night shows\u2019 bromean con la censura y lanzan mensajes de apoyo al cancelado Kimmel. \u201cEs un tipo&hellip;<\/p>\n","protected":false},"author":99,"featured_media":536190,"comment_status":"open","ping_status":"open","sticky":false,"template":"","format":"standard","meta":{"footnotes":""},"categories":[24],"tags":[],"class_list":["post-536189","post","type-post","status-publish","format-standard","has-post-thumbnail","hentry","category-mundo"],"_links":{"self":[{"href":"https:\/\/diarioelpopular.com\/index.php\/wp-json\/wp\/v2\/posts\/536189","targetHints":{"allow":["GET"]}}],"collection":[{"href":"https:\/\/diarioelpopular.com\/index.php\/wp-json\/wp\/v2\/posts"}],"about":[{"href":"https:\/\/diarioelpopular.com\/index.php\/wp-json\/wp\/v2\/types\/post"}],"author":[{"embeddable":true,"href":"https:\/\/diarioelpopular.com\/index.php\/wp-json\/wp\/v2\/users\/99"}],"replies":[{"embeddable":true,"href":"https:\/\/diarioelpopular.com\/index.php\/wp-json\/wp\/v2\/comments?post=536189"}],"version-history":[{"count":1,"href":"https:\/\/diarioelpopular.com\/index.php\/wp-json\/wp\/v2\/posts\/536189\/revisions"}],"predecessor-version":[{"id":536191,"href":"https:\/\/diarioelpopular.com\/index.php\/wp-json\/wp\/v2\/posts\/536189\/revisions\/536191"}],"wp:featuredmedia":[{"embeddable":true,"href":"https:\/\/diarioelpopular.com\/index.php\/wp-json\/wp\/v2\/media\/536190"}],"wp:attachment":[{"href":"https:\/\/diarioelpopular.com\/index.php\/wp-json\/wp\/v2\/media?parent=536189"}],"wp:term":[{"taxonomy":"category","embeddable":true,"href":"https:\/\/diarioelpopular.com\/index.php\/wp-json\/wp\/v2\/categories?post=536189"},{"taxonomy":"post_tag","embeddable":true,"href":"https:\/\/diarioelpopular.com\/index.php\/wp-json\/wp\/v2\/tags?post=536189"}],"curies":[{"name":"wp","href":"https:\/\/api.w.org\/{rel}","templated":true}]}}