{"id":536263,"date":"2025-09-22T09:33:13","date_gmt":"2025-09-22T13:33:13","guid":{"rendered":"https:\/\/diarioelpopular.com\/?p=536263"},"modified":"2025-09-22T09:33:13","modified_gmt":"2025-09-22T13:33:13","slug":"el-salvador-de-bukele-tambien-se-construye-despojando-a-los-mas-pobres","status":"publish","type":"post","link":"https:\/\/diarioelpopular.com\/index.php\/2025\/09\/22\/el-salvador-de-bukele-tambien-se-construye-despojando-a-los-mas-pobres\/","title":{"rendered":"El Salvador de Bukele tambi\u00e9n se construye despojando a los m\u00e1s pobres"},"content":{"rendered":"<div id=\"attachment_536264\" style=\"width: 1210px\" class=\"wp-caption alignnone\"><img loading=\"lazy\" decoding=\"async\" aria-describedby=\"caption-attachment-536264\" class=\"wp-image-536264 size-custom-big-size\" src=\"https:\/\/diarioelpopular.com\/wp-content\/uploads\/2025\/09\/Screen-Shot-2025-09-22-at-9.32.09-AM-1200x802.png\" alt=\"\" width=\"1200\" height=\"802\" srcset=\"https:\/\/diarioelpopular.com\/wp-content\/uploads\/2025\/09\/Screen-Shot-2025-09-22-at-9.32.09-AM-1200x802.png 1200w, https:\/\/diarioelpopular.com\/wp-content\/uploads\/2025\/09\/Screen-Shot-2025-09-22-at-9.32.09-AM-300x201.png 300w, https:\/\/diarioelpopular.com\/wp-content\/uploads\/2025\/09\/Screen-Shot-2025-09-22-at-9.32.09-AM-768x513.png 768w, https:\/\/diarioelpopular.com\/wp-content\/uploads\/2025\/09\/Screen-Shot-2025-09-22-at-9.32.09-AM-636x425.png 636w, https:\/\/diarioelpopular.com\/wp-content\/uploads\/2025\/09\/Screen-Shot-2025-09-22-at-9.32.09-AM-109x73.png 109w, https:\/\/diarioelpopular.com\/wp-content\/uploads\/2025\/09\/Screen-Shot-2025-09-22-at-9.32.09-AM.png 1024w\" sizes=\"auto, (max-width: 1200px) 100vw, 1200px\" \/><p id=\"caption-attachment-536264\" class=\"wp-caption-text\">Vecinos de la barriada Primero de Diciembre en el municipio de Soyapango, en El Salvador. Foto Marta Maroto Novales<\/p><\/div>\n<p>&nbsp;<\/p>\n<p>&nbsp;<\/p>\n<ul>\n<li><em><strong>En los m\u00e1rgenes de San Salvador, una inmobiliaria amenaza con expulsar a los vecinos de la barriada Primero de Diciembre. Este patr\u00f3n se repite en el pa\u00eds en un proceso acelerado de privatizaci\u00f3n y gentrificaci\u00f3n de la tierra<\/strong><\/em><\/li>\n<\/ul>\n<p>&nbsp;<\/p>\n<p class=\"\">El puesto de tortillas hecho de hojalata y cartones de Mar\u00eda Magdalena Vel\u00e1zquez, de 54 a\u00f1os, alimenta a sus seis nietos. Los juegos infantiles se escuchan en la trastienda y ella pide a la mayor que le lea los t\u00edtulos de un manojo de papeles. \u201cAqu\u00ed\u201d, se\u00f1ala la ni\u00f1a de memoria, dice que \u201c<a title=\"https:\/\/elpais.com\/mexico\/2023-01-29\/kurt-hollander-la-gentrificacion-es-culpa-de-los-gringos-pero-no-podria-existir-sin-los-gobiernos-de-mexico.html\" href=\"https:\/\/elpais.com\/mexico\/2023-01-29\/kurt-hollander-la-gentrificacion-es-culpa-de-los-gringos-pero-no-podria-existir-sin-los-gobiernos-de-mexico.html\" target=\"_self\" rel=\"\" data-link-track-dtm=\"\" data-mrf-link=\"https:\/\/elpais.com\/mexico\/2023-01-29\/kurt-hollander-la-gentrificacion-es-culpa-de-los-gringos-pero-no-podria-existir-sin-los-gobiernos-de-mexico.html\">si no pagamos nos vayamos<\/a>, pero para d\u00f3nde si no tenemos\u201d, relata refiri\u00e9ndose a un documento que fue repartido en la comunidad por una empresa salvadore\u00f1a, Quebec S.A., nueva due\u00f1a de la tierra desde 2023.<\/p>\n<p class=\"\">En el municipio de Soyapango, cientos de personas que hu\u00edan de la pobreza y el abandono levantaron en 2004 hogares de chapa sobre un vertedero. Llegaron un primero de diciembre y as\u00ed, con esa fecha, nombraron a la comunidad. Hoy los vecinos calculan que son en torno a 5.000 personas. La mayor\u00eda sobrevive de la venta ambulante, el reciclado de chatarra o\u00a0<a title=\"https:\/\/elpais.com\/elpais\/2019\/12\/17\/seres_urbanos\/1576595646_662643.html\" href=\"https:\/\/elpais.com\/elpais\/2019\/12\/17\/seres_urbanos\/1576595646_662643.html\" target=\"_self\" rel=\"\" data-link-track-dtm=\"\" data-mrf-link=\"https:\/\/elpais.com\/elpais\/2019\/12\/17\/seres_urbanos\/1576595646_662643.html\">la mendicidad<\/a>. Pese a las calles de barro, el trabajo colectivo logr\u00f3 nivelar el terreno y organizar el trazado de las viviendas, adem\u00e1s de llevar agua y electricidad p\u00fablicas.<\/p>\n<div id=\"elpais_gpt-INTEXT\" data-google-query-id=\"CLz19Zq87I8DFXaepgQdgc0suw\">\n<div id=\"google_ads_iframe_7811748\/elpais_america_web_5__container__\" class=\"primisslate\">\n<div id=\"primis_container_div_68d14e749b538\">\n<p class=\"\">\u201c\u00bfC\u00f3mo es posible que, tras 20 a\u00f1os viviendo ac\u00e1, venga ahora a surgir due\u00f1o? Cuando aqu\u00ed era relleno sanitario, eran barrancos por todos lados, nunca apareci\u00f3\u201d, se\u00f1ala con el ce\u00f1o fruncido Gilberto Rodas, que tiene tatuada una cruz cristiana en la frente con una tinta que se apaga. De 65 a\u00f1os, vive junto a su mujer con entre dos y tres d\u00f3lares diarios que saca de vender alimentos y productos de limpieza.<\/p>\n<p>&nbsp;<\/p>\n<figure class=\"a_m a_m-h \">\n<p><div style=\"width: 424px\" class=\"wp-caption alignnone\"><img loading=\"lazy\" decoding=\"async\" class=\"_re lazyload a_m-h\" src=\"https:\/\/imagenes.elpais.com\/resizer\/v2\/DF7DGTHA7RGANEAEOAR5SYFQE4.jpg?auth=2ca1e69c88ba9fef8b6e9216f1c8d2881723134c4f452d4176113c09f3421133&amp;width=414\" sizes=\"auto, (min-width:1199px) 1155px,(min-width:1001px) calc(100vw - 44px),(min-width:768px) 767px, 100vw\" srcset=\"https:\/\/imagenes.elpais.com\/resizer\/v2\/DF7DGTHA7RGANEAEOAR5SYFQE4.jpg?auth=2ca1e69c88ba9fef8b6e9216f1c8d2881723134c4f452d4176113c09f3421133&amp;width=414 414w,https:\/\/imagenes.elpais.com\/resizer\/v2\/DF7DGTHA7RGANEAEOAR5SYFQE4.jpg?auth=2ca1e69c88ba9fef8b6e9216f1c8d2881723134c4f452d4176113c09f3421133&amp;width=828 640w,https:\/\/imagenes.elpais.com\/resizer\/v2\/DF7DGTHA7RGANEAEOAR5SYFQE4.jpg?auth=2ca1e69c88ba9fef8b6e9216f1c8d2881723134c4f452d4176113c09f3421133&amp;width=980 1000w,https:\/\/imagenes.elpais.com\/resizer\/v2\/DF7DGTHA7RGANEAEOAR5SYFQE4.jpg?auth=2ca1e69c88ba9fef8b6e9216f1c8d2881723134c4f452d4176113c09f3421133&amp;width=1960 1960w\" alt=\"\" width=\"414\" height=\"277\" \/><p class=\"wp-caption-text\">Gilberto Rodas vecino de la barriada Primero de Diciembre.\u00a0 \u00a0 \u00a0 Foto Marta Maroto Novales<\/p><\/div><figcaption class=\"a_m_p\" aria-hidden=\"true\"><\/figcaption><\/figure>\n<p>&nbsp;<\/p>\n<p class=\"\">A mediados de 2023,\u00a0<a title=\"https:\/\/quebec.earth\" href=\"https:\/\/quebec.earth\/\" target=\"_blank\" rel=\"noopener\" data-link-track-dtm=\"\" data-mrf-link=\"https:\/\/quebec.earth\/\">Quebec S.A.<\/a> se present\u00f3 ante la comunidad como la due\u00f1a de la tierra. Un a\u00f1o despu\u00e9s, reparti\u00f3 a cada vivienda, por m\u00e1s precaria que fuera, un contrato de arrendamiento y un documento con el precio de compra de cada lote. Las rentas solicitadas se sit\u00faan entre los 120 y los 300 d\u00f3lares mensuales y la adquisici\u00f3n de la tierra entre los 25.000 y los 30.000 d\u00f3lares, seg\u00fan los papeles que tienen en sus manos los vecinos.<\/p>\n<p class=\"\">Junto a la inmobiliaria llegaron trabajadores de bancos a tocar la puerta. Ofrecieron pr\u00e9stamos para los que solicitaban documentaci\u00f3n, como escrituras o titularidad, que los inquilinos no ten\u00edan. La empresa, dicen, tampoco les facilit\u00f3 ning\u00fan papel que demuestre que ahora es due\u00f1a de la tierra.<\/p>\n<p class=\"\">\u201cQuebec S.A. te da la oportunidad de legalizar tu terreno y tener una propiedad con condiciones muy adecuadas a tus posibilidades\u201d, reza un folleto de la empresa en el que desglosa un men\u00fa de opciones: comprar al contado o a cr\u00e9dito, pagar alquiler o \u201cliberar el terreno\u201d, es decir, desalojar. El mismo papel situ\u00f3 el 31 de agosto como fecha l\u00edmite para el desahucio de quienes no empezaran los tr\u00e1mites de pago. Sin embargo, y de acuerdo con <a title=\"https:\/\/diarioelsalvador.com\/familias-de-comunidad-de-soyapango-reciben-primeras-escrituras-de-propiedad\/692422\/\" href=\"https:\/\/diarioelsalvador.com\/familias-de-comunidad-de-soyapango-reciben-primeras-escrituras-de-propiedad\/692422\/\" target=\"_self\" rel=\"\" data-link-track-dtm=\"\" data-mrf-link=\"https:\/\/diarioelsalvador.com\/familias-de-comunidad-de-soyapango-reciben-primeras-escrituras-de-propiedad\/692422\/\">medios locales<\/a>, el Ministerio de Vivienda decidi\u00f3 intervenir. En un acto junto a Quebec S.A., la jefa de cartera, Michelle Sol, entreg\u00f3 las primeras 15 escrituras de propiedad a vecinos que s\u00ed hab\u00edan podido abonar los montos, e inform\u00f3 que les ofrecer\u00edan diversas opciones de pago para formalizar su situaci\u00f3n.<\/p>\n<p>&nbsp;<\/p>\n<figure class=\"a_m a_m-h \">\n<p><div style=\"width: 424px\" class=\"wp-caption alignnone\"><img loading=\"lazy\" decoding=\"async\" class=\"_re lazyload a_m-h\" src=\"https:\/\/imagenes.elpais.com\/resizer\/v2\/PG7NW3BUJFFM7FJK22FUT4BUPY.jpg?auth=04e2885f7088e153078ff58ad08e24fa6f033bb295670f01379eb8fa16404189&amp;width=414\" sizes=\"auto, (min-width:1199px) 1155px,(min-width:1001px) calc(100vw - 44px),(min-width:768px) 767px, 100vw\" srcset=\"https:\/\/imagenes.elpais.com\/resizer\/v2\/PG7NW3BUJFFM7FJK22FUT4BUPY.jpg?auth=04e2885f7088e153078ff58ad08e24fa6f033bb295670f01379eb8fa16404189&amp;width=414 414w,https:\/\/imagenes.elpais.com\/resizer\/v2\/PG7NW3BUJFFM7FJK22FUT4BUPY.jpg?auth=04e2885f7088e153078ff58ad08e24fa6f033bb295670f01379eb8fa16404189&amp;width=828 640w,https:\/\/imagenes.elpais.com\/resizer\/v2\/PG7NW3BUJFFM7FJK22FUT4BUPY.jpg?auth=04e2885f7088e153078ff58ad08e24fa6f033bb295670f01379eb8fa16404189&amp;width=980 1000w,https:\/\/imagenes.elpais.com\/resizer\/v2\/PG7NW3BUJFFM7FJK22FUT4BUPY.jpg?auth=04e2885f7088e153078ff58ad08e24fa6f033bb295670f01379eb8fa16404189&amp;width=1960 1960w\" alt=\"\" width=\"414\" height=\"276\" \/><p class=\"wp-caption-text\">Los vecinos de la barriada Primero de Diciembre reciben un comunicado de la inmobiliaria Quebec S.A. Foto Marta Maroto Novales<\/p><\/div><figcaption class=\"a_m_p\" aria-hidden=\"true\"><\/figcaption><\/figure>\n<p>&nbsp;<\/p>\n<p class=\"\">Eso los ha tranquilizado en cierto modo. Sin recursos para un abogado, conoc\u00edan su situaci\u00f3n administrativa a trav\u00e9s de visitas a diferentes instituciones ante las que denuncian una falta de coherencia por parte de la empresa. \u201cNo tienen una sola versi\u00f3n, no es claro cu\u00e1nto terreno compraron, tampoco sabemos qui\u00e9n es en realidad el due\u00f1o y no nos dan los documentos que dicen tener para que se nos conceda un pr\u00e9stamo\u201d, apunta Mercedes Alvarado, conocida como Menchi, hist\u00f3rica lideresa de la comunidad, de 68 a\u00f1os.<\/p>\n<p class=\"\">\u201cTen\u00edamos miedo de que fuera una estafa, pero con esto se comprueba que ellos son los due\u00f1os\u201d, explica otro vecino de la comunidad que prefiere no dar su nombre. \u201cA algunos no nos daban cr\u00e9ditos en el fondo social, nos dec\u00edan que esta instituci\u00f3n [Quebec S.A.] no estaba legalizada\u201d, a\u00f1ade. Am\u00e9rica Futura envi\u00f3 una solicitud de informaci\u00f3n a la empresa, pero hasta la fecha no ha recibido respuesta. Mientras tanto, la comunidad espera que esta intervenci\u00f3n inesperada sirva para establecer un di\u00e1logo con las autoridades y que a los vecinos de menos recursos se les permita \u201cpagar poco a poco\u201d.<\/p>\n<h3 class=\"\">Despojo de tierras como pol\u00edtica<\/h3>\n<p class=\"\">El caso de Primero de Diciembre es parte de una din\u00e1mica nacional de despojo de tierras. Los megaproyectos inmobiliarios y tur\u00edsticos, centrales en la estrategia econ\u00f3mica del\u00a0<a title=\"https:\/\/elpais.com\/america\/2025-08-02\/sin-contrapesos-y-con-reeleccion-indefinida-bukele-mas-cerca-de-chavez-es-el-mismo-libreto.html\" href=\"https:\/\/elpais.com\/america\/2025-08-02\/sin-contrapesos-y-con-reeleccion-indefinida-bukele-mas-cerca-de-chavez-es-el-mismo-libreto.html\" target=\"_self\" rel=\"\" data-link-track-dtm=\"\" data-mrf-link=\"https:\/\/elpais.com\/america\/2025-08-02\/sin-contrapesos-y-con-reeleccion-indefinida-bukele-mas-cerca-de-chavez-es-el-mismo-libreto.html\">presidente Nayib Bukele<\/a>,\u00a0est\u00e1n provocando el desplazamiento forzoso de comunidades originarias y familias de pocos recursos.<\/p>\n<p class=\"\">Poblaciones que llevan d\u00e9cadas habitando un terreno son desplazadas \u201cpor entidades gubernamentales o grupos empresariales que han obtenido la propiedad de la tierra en apenas el \u00faltimo a\u00f1o a trav\u00e9s de enga\u00f1os a los habitantes y de procesos judiciales arbitrarios e incompletos\u201d, explica \u00c1ngel Flores, coordinador del Movimiento Ind\u00edgena para la Articulaci\u00f3n de las Luchas de los Pueblos Ancestrales (MILPA).<\/p>\n<p class=\"\">A finales de 2024, m\u00e1s de 200 familias de Condadillo y Flor del Mangle, en el sureste de El Salvador, tuvieron que dejar sus casas para la construcci\u00f3n del aeropuerto del Pac\u00edfico, una de las promesas estrella del Gobierno que cuenta con financiaci\u00f3n internacional. Incumpliendo el deber de una \u201cjusta indemnizaci\u00f3n\u201d, como dice la ley que permite la\u00a0<a title=\"https:\/\/www.asamblea.gob.sv\/sites\/default\/files\/documents\/dictamenes\/F25854FE-FA80-4137-A488-BDBD00E990C5.pdf\" href=\"https:\/\/www.asamblea.gob.sv\/sites\/default\/files\/documents\/dictamenes\/F25854FE-FA80-4137-A488-BDBD00E990C5.pdf\" target=\"_blank\" rel=\"noopener\" data-link-track-dtm=\"\" data-mrf-link=\"https:\/\/www.asamblea.gob.sv\/sites\/default\/files\/documents\/dictamenes\/F25854FE-FA80-4137-A488-BDBD00E990C5.pdf\">expropiaci\u00f3n de tierras para uso p\u00fablico<\/a>, elaborada durante el periodo constitucional de Bukele, muchos habitantes no recibieron indemnizaciones y terminaron por quedarse en la calle, denuncia MILPA.<\/p>\n<p class=\"\">La privatizaci\u00f3n de la tierra no es un fen\u00f3meno nuevo en El Salvador. Durante d\u00e9cadas, se han impulsado reformas que han permitido el acaparamiento por parte de grandes tenedores. Sin embargo, ahora avanza a pasos gigantes. En los \u00faltimos a\u00f1os, el Gobierno bukelista se ha armado de un marco legal que permite el despojo de tierras a cooperativas, como la citada ley de expropiaciones, y ha revivido las pol\u00edticas extractivistas, como muestra la reactivaci\u00f3n de la prohibida explotaci\u00f3n minera.<\/p>\n<p>&nbsp;<\/p>\n<figure class=\"a_m a_m-h \">\n<p><div style=\"width: 424px\" class=\"wp-caption alignnone\"><img loading=\"lazy\" decoding=\"async\" class=\"_re lazyload a_m-h\" src=\"https:\/\/imagenes.elpais.com\/resizer\/v2\/OSEL5Y4XPNDSLDJF5QMB5RDSZY.jpg?auth=8f1d3eec4a5dd476a4765c1d68e6519b8cb60ecaea9f67bafa9e85790a49fb8c&amp;width=414\" sizes=\"auto, (min-width:1199px) 1155px,(min-width:1001px) calc(100vw - 44px),(min-width:768px) 767px, 100vw\" srcset=\"https:\/\/imagenes.elpais.com\/resizer\/v2\/OSEL5Y4XPNDSLDJF5QMB5RDSZY.jpg?auth=8f1d3eec4a5dd476a4765c1d68e6519b8cb60ecaea9f67bafa9e85790a49fb8c&amp;width=414 414w,https:\/\/imagenes.elpais.com\/resizer\/v2\/OSEL5Y4XPNDSLDJF5QMB5RDSZY.jpg?auth=8f1d3eec4a5dd476a4765c1d68e6519b8cb60ecaea9f67bafa9e85790a49fb8c&amp;width=828 640w,https:\/\/imagenes.elpais.com\/resizer\/v2\/OSEL5Y4XPNDSLDJF5QMB5RDSZY.jpg?auth=8f1d3eec4a5dd476a4765c1d68e6519b8cb60ecaea9f67bafa9e85790a49fb8c&amp;width=980 1000w,https:\/\/imagenes.elpais.com\/resizer\/v2\/OSEL5Y4XPNDSLDJF5QMB5RDSZY.jpg?auth=8f1d3eec4a5dd476a4765c1d68e6519b8cb60ecaea9f67bafa9e85790a49fb8c&amp;width=1960 1960w\" alt=\"\" width=\"414\" height=\"276\" \/><p class=\"wp-caption-text\">Vista de la barriada Primero de Diciembre en El Salvador.\u00a0 \u00a0 \u00a0 \u00a0 \u00a0Foto Marta Maroto Novales<\/p><\/div><figcaption class=\"a_m_p\" aria-hidden=\"true\"><\/figcaption><\/figure>\n<h3 class=\"\">R\u00e9gimen de excepci\u00f3n para privatizar tierra<\/h3>\n<p class=\"\">La estrategia de despojo cuenta como aliada con el R\u00e9gimen de Excepci\u00f3n, una herramienta que, en principio, fue concebida como temporal para terminar con la violencia de las maras. Sin embargo, tras m\u00e1s de tres a\u00f1os de ampliaciones sucesivas, el R\u00e9gimen ha situado a El Salvador como el pa\u00eds con el mayor \u00edndice de encarcelamiento del mundo, con m\u00e1s de 88.000 personas privadas de libertad en c\u00e1rceles en las que es habitual la tortura e, incluso, el asesinato, seg\u00fan han documentado organizaciones de derechos humanos.<\/p>\n<p class=\"\">El r\u00e9gimen tambi\u00e9n ha suspendido toda garant\u00eda constitucional, aseguran desde MILPA. La misma entidad ha identificado en todo el pa\u00eds al menos 45 comunidades en procesos judiciales por desalojo, un total de 11.000 familias. Un ejemplo de c\u00f3mo se utiliza para acallar a activistas y voces disonantes al Gobierno es el caso de la Cooperativa Agr\u00edcola El Bosque, de Santa Tecla. Ante el riesgo de desalojo de 300 familias, una manifestaci\u00f3n el pasado mayo fue reprimida con violencia policial y con la detenci\u00f3n arbitraria de sus l\u00edderes, a quienes, <a title=\"https:\/\/www.elsalvador.com\/h-noticias\/h-nacional\/cooperativas-agrarias-juzgados-regimen-de-excepcion\/1220323\/2025\/\" href=\"https:\/\/www.elsalvador.com\/h-noticias\/h-nacional\/cooperativas-agrarias-juzgados-regimen-de-excepcion\/1220323\/2025\/\" target=\"_blank\" rel=\"noopener\" data-link-track-dtm=\"\" data-mrf-link=\"https:\/\/www.elsalvador.com\/h-noticias\/h-nacional\/cooperativas-agrarias-juzgados-regimen-de-excepcion\/1220323\/2025\/\">seg\u00fan la prensa salvadore\u00f1a<\/a>, les fueron aplicadas condiciones del R\u00e9gimen de Excepci\u00f3n.<\/p>\n<p class=\"\">MILPA tambi\u00e9n ha denunciado la detenci\u00f3n de hasta seis pescadores artesanales de la Comunidad del Icacal, en el departamento oriental de La Uni\u00f3n. Un mes despu\u00e9s de la detenci\u00f3n de \u00d3scar Ren\u00e9 Mart\u00ednez, miembro fundador de MILPA, la empresa de Desarrollos Tur\u00edsticos El Pac\u00edfico S.A. apareci\u00f3 como due\u00f1a de la tierra para la construcci\u00f3n de complejos tur\u00edsticos.<\/p>\n<p class=\"\">Los casos contin\u00faan bajo un patr\u00f3n definido en el que tanto activistas como vecinos se quejan ante la falta de protecci\u00f3n de las poblaciones m\u00e1s vulnerables. \u201cEst\u00e1n metidos gente de corbata, por eso se sienten con apoyo\u201d, se\u00f1ala Rodas sobre Quebec S.A. y ante la permanente amenaza de desalojo que no se ha ido del todo de Primero de Diciembre.<\/p>\n<p class=\"\">Sus pobladores m\u00e1s ancianos enumeran una vida de sufrimiento y miseria: muchos formaron parte de la guerrilla o de las Fuerzas Armadas, y la falta de apoyo institucional les llev\u00f3 a encontrar en un vertedero un espacio en el que volver a empezar. A partir de 2010, fueron v\u00edctimas de la sa\u00f1a de las pandillas. \u201cEn esta comunidad hab\u00eda muertos todos los d\u00edas\u201d, sentencia Vel\u00e1zquez en su venta de tortillas. \u201cY hoy son los ricos los que vienen a molestar, a quitarnos la paz a nosotros. Solo Dios nos puede ayudar\u201d.<\/p>\n<\/div>\n<\/div>\n<\/div>\n","protected":false},"excerpt":{"rendered":"<p>&nbsp; &nbsp; En los m\u00e1rgenes de San Salvador, una inmobiliaria amenaza con expulsar a los vecinos de la barriada Primero de Diciembre. Este patr\u00f3n se&hellip;<\/p>\n","protected":false},"author":99,"featured_media":536264,"comment_status":"open","ping_status":"open","sticky":false,"template":"","format":"standard","meta":{"footnotes":""},"categories":[23,11354],"tags":[],"class_list":["post-536263","post","type-post","status-publish","format-standard","has-post-thumbnail","hentry","category-latinoamerica","category-sucesos"],"_links":{"self":[{"href":"https:\/\/diarioelpopular.com\/index.php\/wp-json\/wp\/v2\/posts\/536263","targetHints":{"allow":["GET"]}}],"collection":[{"href":"https:\/\/diarioelpopular.com\/index.php\/wp-json\/wp\/v2\/posts"}],"about":[{"href":"https:\/\/diarioelpopular.com\/index.php\/wp-json\/wp\/v2\/types\/post"}],"author":[{"embeddable":true,"href":"https:\/\/diarioelpopular.com\/index.php\/wp-json\/wp\/v2\/users\/99"}],"replies":[{"embeddable":true,"href":"https:\/\/diarioelpopular.com\/index.php\/wp-json\/wp\/v2\/comments?post=536263"}],"version-history":[{"count":1,"href":"https:\/\/diarioelpopular.com\/index.php\/wp-json\/wp\/v2\/posts\/536263\/revisions"}],"predecessor-version":[{"id":536265,"href":"https:\/\/diarioelpopular.com\/index.php\/wp-json\/wp\/v2\/posts\/536263\/revisions\/536265"}],"wp:featuredmedia":[{"embeddable":true,"href":"https:\/\/diarioelpopular.com\/index.php\/wp-json\/wp\/v2\/media\/536264"}],"wp:attachment":[{"href":"https:\/\/diarioelpopular.com\/index.php\/wp-json\/wp\/v2\/media?parent=536263"}],"wp:term":[{"taxonomy":"category","embeddable":true,"href":"https:\/\/diarioelpopular.com\/index.php\/wp-json\/wp\/v2\/categories?post=536263"},{"taxonomy":"post_tag","embeddable":true,"href":"https:\/\/diarioelpopular.com\/index.php\/wp-json\/wp\/v2\/tags?post=536263"}],"curies":[{"name":"wp","href":"https:\/\/api.w.org\/{rel}","templated":true}]}}