{"id":536341,"date":"2025-09-24T10:10:12","date_gmt":"2025-09-24T14:10:12","guid":{"rendered":"https:\/\/diarioelpopular.com\/?p=536341"},"modified":"2025-09-24T10:10:12","modified_gmt":"2025-09-24T14:10:12","slug":"jimmy-kimmel-regresa-con-un-monologo-emotivo-y-desafiante-nuestro-gobierno-no-debe-controlar-lo-que-decimos","status":"publish","type":"post","link":"https:\/\/diarioelpopular.com\/index.php\/2025\/09\/24\/jimmy-kimmel-regresa-con-un-monologo-emotivo-y-desafiante-nuestro-gobierno-no-debe-controlar-lo-que-decimos\/","title":{"rendered":"Jimmy Kimmel regresa con un mon\u00f3logo emotivo y desafiante: \u201cNuestro Gobierno no debe controlar lo que decimos\u201d"},"content":{"rendered":"<div id=\"attachment_536343\" style=\"width: 1210px\" class=\"wp-caption alignnone\"><img loading=\"lazy\" decoding=\"async\" aria-describedby=\"caption-attachment-536343\" class=\"wp-image-536343 size-custom-big-size\" src=\"https:\/\/diarioelpopular.com\/wp-content\/uploads\/2025\/09\/Screen-Shot-2025-09-24-at-10.09.27-AM-1200x553.png\" alt=\"\" width=\"1200\" height=\"553\" srcset=\"https:\/\/diarioelpopular.com\/wp-content\/uploads\/2025\/09\/Screen-Shot-2025-09-24-at-10.09.27-AM-1200x553.png 1200w, https:\/\/diarioelpopular.com\/wp-content\/uploads\/2025\/09\/Screen-Shot-2025-09-24-at-10.09.27-AM-300x138.png 300w, https:\/\/diarioelpopular.com\/wp-content\/uploads\/2025\/09\/Screen-Shot-2025-09-24-at-10.09.27-AM-768x354.png 768w, https:\/\/diarioelpopular.com\/wp-content\/uploads\/2025\/09\/Screen-Shot-2025-09-24-at-10.09.27-AM-1536x708.png 1536w, https:\/\/diarioelpopular.com\/wp-content\/uploads\/2025\/09\/Screen-Shot-2025-09-24-at-10.09.27-AM-636x293.png 636w, https:\/\/diarioelpopular.com\/wp-content\/uploads\/2025\/09\/Screen-Shot-2025-09-24-at-10.09.27-AM-146x67.png 146w, https:\/\/diarioelpopular.com\/wp-content\/uploads\/2025\/09\/Screen-Shot-2025-09-24-at-10.09.27-AM.png 1024w\" sizes=\"auto, (max-width: 1200px) 100vw, 1200px\" \/><p id=\"caption-attachment-536343\" class=\"wp-caption-text\">Kimmel, durante el regreso de su programa en Los \u00c1ngeles. Foto: Randy Holmes (AP)<\/p><\/div>\n<p>&nbsp;<\/p>\n<p>&nbsp;<\/p>\n<h4><em>&#8211; El c\u00f3mico, suspendido hace una semana por un comentario sobre el activista MAGA Charlie Kirk, se ceba con Trump y alaba en su vuelta el perd\u00f3n de la viuda al asesino de su marido.<\/em><\/h4>\n<p>&nbsp;<\/p>\n<p class=\"\">El\u00a0<a title=\"https:\/\/elpais.com\/us\/entretenimiento\/2025-09-18\/jimmy-kimmel-el-buen-tipo-al-que-la-administracion-trump-fulmino-tras-dos-decadas-de-humor-blanco.html\" href=\"https:\/\/elpais.com\/us\/entretenimiento\/2025-09-18\/jimmy-kimmel-el-buen-tipo-al-que-la-administracion-trump-fulmino-tras-dos-decadas-de-humor-blanco.html\" target=\"_self\" rel=\"\" data-link-track-dtm=\"\" data-mrf-link=\"https:\/\/elpais.com\/us\/entretenimiento\/2025-09-18\/jimmy-kimmel-el-buen-tipo-al-que-la-administracion-trump-fulmino-tras-dos-decadas-de-humor-blanco.html\">c\u00f3mico Jimmy Kimmel<\/a>\u00a0ha presentado los premios Oscar cuatro veces. Los Emmy, tres. Pero tal vez nunca uno de sus mon\u00f3logos fue esperado con tanta expectaci\u00f3n como el de este martes, siete d\u00edas despu\u00e9s de la \u00faltima emisi\u00f3n de su programa nocturno y ocho noches despu\u00e9s de que\u00a0<a title=\"https:\/\/elpais.com\/television\/2025-09-18\/que-dijo-jimmy-kimmel-sobre-charlie-kirk-estas-son-las-palabras-que-han-provocado-su-despedido.html\" href=\"https:\/\/elpais.com\/television\/2025-09-18\/que-dijo-jimmy-kimmel-sobre-charlie-kirk-estas-son-las-palabras-que-han-provocado-su-despedido.html\" target=\"_self\" rel=\"\" data-link-track-dtm=\"\" data-mrf-link=\"https:\/\/elpais.com\/television\/2025-09-18\/que-dijo-jimmy-kimmel-sobre-charlie-kirk-estas-son-las-palabras-que-han-provocado-su-despedido.html\">un comentario sobre la identidad<\/a>\u00a0y las motivaciones del presunto asesino del activista trumpista Charlie Kirk provocara una pol\u00e9mica que\u00a0<a title=\"https:\/\/elpais.com\/internacional\/2025-09-17\/abc-suspende-indefinidamente-el-programa-de-jimmy-kimmel-por-un-comentario-del-comico-sobre-charlie-kirk.html\" href=\"https:\/\/elpais.com\/internacional\/2025-09-17\/abc-suspende-indefinidamente-el-programa-de-jimmy-kimmel-por-un-comentario-del-comico-sobre-charlie-kirk.html\" target=\"_self\" rel=\"\" data-link-track-dtm=\"\" data-mrf-link=\"https:\/\/elpais.com\/internacional\/2025-09-17\/abc-suspende-indefinidamente-el-programa-de-jimmy-kimmel-por-un-comentario-del-comico-sobre-charlie-kirk.html\">desemboc\u00f3 en la \u201csuspensi\u00f3n indefinida\u201d del\u00a0<i>late night,<\/i><\/a>\u00a0ordenada por su cadena, ABC, y asumida por la multinacional propietaria, Disney.<\/p>\n<p class=\"\">Aquella decisi\u00f3n, instigada por Trump, coloc\u00f3 al c\u00f3mico en <a title=\"https:\/\/elpais.com\/opinion\/2025-09-19\/una-nueva-caza-de-brujas.html\" href=\"https:\/\/elpais.com\/opinion\/2025-09-19\/una-nueva-caza-de-brujas.html\" target=\"_self\" rel=\"\" data-link-track-dtm=\"\" data-mrf-link=\"https:\/\/elpais.com\/opinion\/2025-09-19\/una-nueva-caza-de-brujas.html\">el centro de un debate sobre la libertad de expresi\u00f3n<\/a>\u00a0en la segunda era de Donald Trump, y este martes a eso de las 23:35 (hora de la costa este) regres\u00f3, un d\u00eda despu\u00e9s de<a title=\"https:\/\/elpais.com\/internacional\/2025-09-22\/el-programa-de-jimmy-kimmel-volvera-a-emitirse-el-martes-tras-una-semana-de-suspension.html\" href=\"https:\/\/elpais.com\/internacional\/2025-09-22\/el-programa-de-jimmy-kimmel-volvera-a-emitirse-el-martes-tras-una-semana-de-suspension.html\" target=\"_self\" rel=\"\" data-link-track-dtm=\"\" data-mrf-link=\"https:\/\/elpais.com\/internacional\/2025-09-22\/el-programa-de-jimmy-kimmel-volvera-a-emitirse-el-martes-tras-una-semana-de-suspension.html\">\u00a0que Disney revocara la\u00a0<i>cancelaci\u00f3n<\/i><\/a>, con un emotivo y desafiante mon\u00f3logo. Dur\u00f3 casi media hora (en lugar de los 10 minutos acostumbrados), durante la que se rio de Trump, subray\u00f3 las tantas contradicciones de su Administraci\u00f3n con la Primera Enmienda \u2014la que garantiza la libertad de expresi\u00f3n\u2014, critic\u00f3 los ataques a la prensa de la Casa Blanca y, al borde de las l\u00e1grimas, alab\u00f3 a la viuda de Kirk, que el domingo dijo en <a title=\"https:\/\/elpais.com\/expres\/2025-09-22\/mas-de-70000-personas-se-despiden-de-charlie-kirk-en-un-funeral-de-estado-con-donald-trump.html\" href=\"https:\/\/elpais.com\/expres\/2025-09-22\/mas-de-70000-personas-se-despiden-de-charlie-kirk-en-un-funeral-de-estado-con-donald-trump.html\" target=\"_self\" rel=\"\" data-link-track-dtm=\"\" data-mrf-link=\"https:\/\/elpais.com\/expres\/2025-09-22\/mas-de-70000-personas-se-despiden-de-charlie-kirk-en-un-funeral-de-estado-con-donald-trump.html\">un memorial multitudinario<\/a>\u00a0que hab\u00eda perdonado al asesino de su marido.<\/p>\n<p class=\"\">\u201cSi cre\u00e9is en las ense\u00f1anzas de Jes\u00fas como yo creo, he ah\u00ed un acto desinteresado de gracia, el perd\u00f3n de una viuda afligida; me conmovi\u00f3 profundamente.\u201d, afirm\u00f3 Kimmel en un mon\u00f3logo que acumul\u00f3 un mill\u00f3n de visitas en Youtube en media hora.<\/p>\n<aside class=\"a_ei\"><\/aside>\n<p class=\"\">Kimmel empez\u00f3 con la frase: \u201cComo estaba diciendo antes de que me interrumpieran&#8230;\u201d. Despu\u00e9s, se lanz\u00f3 al ataque y pidi\u00f3 una disculpa con la voz rota. \u201cNuestro Gobierno no debe poder controlar lo que decimos o no en televisi\u00f3n\u201d, proclam\u00f3. \u201cHe estado pensando mucho en lo que contar esta noche, y no creo que vaya a marcar mucho la diferencia: si os gusto, os gusto; si no, pues no. Pero hay algo que quiero dejar claro, porque me importa como ser humano. Que entend\u00e1is que nunca fue mi intenci\u00f3n burlarme del asesinato de un hombre joven\u201d.<\/p>\n<p class=\"\">El c\u00f3mico, que varias veces contuvo la emoci\u00f3n, record\u00f3 que el d\u00eda que mataron a Kirk colg\u00f3 un mensaje en su cuenta de Instagram mand\u00e1ndole cari\u00f1o a su familia y pidiendo compasi\u00f3n. \u201cY lo dec\u00eda en serio. Todav\u00eda lo digo en serio. Nunca fue mi intenci\u00f3n culpar a ning\u00fan grupo espec\u00edfico de las acciones de un individuo claramente desequilibrado. Intentaba justamente lo contrario\u201d.<\/p>\n<p>&nbsp;<\/p>\n<div id=\"sum_youtube\" class=\"a_em _df _rt _rt-16x9\" data-oembed-type=\"youtube\"><iframe loading=\"lazy\" title=\"Jimmy Kimmel is Back!\" src=\"https:\/\/www.youtube.com\/embed\/c1tjh_ZO_tY?feature=oembed\" width=\"560\" height=\"315\" frameborder=\"0\" allowfullscreen=\"allowfullscreen\" data-mce-fragment=\"1\"><\/iframe><\/div>\n<p>&nbsp;<\/p>\n<p class=\"\">Kimmel se estaba<a title=\"https:\/\/elpais.com\/television\/2025-09-18\/que-dijo-jimmy-kimmel-sobre-charlie-kirk-estas-son-las-palabras-que-han-provocado-su-despedido.html\" href=\"https:\/\/elpais.com\/television\/2025-09-18\/que-dijo-jimmy-kimmel-sobre-charlie-kirk-estas-son-las-palabras-que-han-provocado-su-despedido.html\" target=\"_self\" rel=\"\" data-link-track-dtm=\"\" data-mrf-link=\"https:\/\/elpais.com\/television\/2025-09-18\/que-dijo-jimmy-kimmel-sobre-charlie-kirk-estas-son-las-palabras-que-han-provocado-su-despedido.html\">\u00a0refiriendo al comentario de la pol\u00e9mica<\/a>. \u201cHemos tocado fondo durante el fin de semana con la pandilla MAGA [de las siglas\u00a0<i>Make America Great Again<\/i>, que piden devolver su grandeza a Estados Unidos] intentando caracterizar a este chico que mat\u00f3 a\u00a0<a title=\"https:\/\/elpais.com\/noticias\/charlie-kirk\/\" href=\"https:\/\/elpais.com\/noticias\/charlie-kirk\/\" rel=\"\" data-link-track-dtm=\"\" data-mrf-link=\"https:\/\/elpais.com\/noticias\/charlie-kirk\/\">Charlie Kirk<\/a>\u00a0como algo distinto a uno de ellos\u201d, dijo Kimmel hace un par de lunes. Esto es, la noche anterior a que las autoridades ofrecieran m\u00e1s detalles sobre el viaje al \u201cizquierdismo\u201d de Tyler Robinson, el joven proveniente de una familia mormona y republicana que se enfrenta a la pena de muerte por haber disparado presuntamente en el cuello al l\u00edder juvenil MAGA mientras este hablaba en una universidad de Utah.<\/p>\n<p class=\"\">\u201cEntiendo que algunos se sintieran molestos, o no lo entendieran, o ambas cosas. Y para los que se vieron se\u00f1alados, comprendo su enfado. Si la cosa hubiera sido al rev\u00e9s, me habr\u00eda pasado lo mismo\u201d, continu\u00f3 Kimmel en el mon\u00f3logo de su retorno. \u201cNo creo que el asesino de Charlie Kirk representara a nadie. Era una persona enferma que cre\u00eda que la violencia era la soluci\u00f3n y no, nunca lo es\u201d.<\/p>\n<p class=\"\">El humorista dio las gracias a su audiencia; a quienes lo hab\u00edan llamado estos d\u00edas para apoyarlo; a los c\u00f3micos de pa\u00edses en los que la censura es pol\u00edtica de Estado y a los de su propia competencia, los\u00a0<em>Colbert<\/em>,\u00a0<em>Fallon<\/em>\u00a0o\u00a0<em>Meyers<\/em> que salieron estos d\u00edas en su defensa en sus respectivos programas. Tambi\u00e9n, a sus jefes, por permitirle, en 23 a\u00f1os y m\u00e1s de 4.000 programas, criticarles y \u201censanchar los l\u00edmites del humor\u201d.<\/p>\n<p class=\"\">\u201cSobre todo, quiero agradecer a quienes no me apoyan a m\u00ed, ni a mis creencias, pero aun as\u00ed apoyan mi derecho a compartirlas\u201d, a\u00f1adi\u00f3 Kimmel, antes de repasar las voces de la derecha que estos d\u00edas han sacado la cara por \u00e9l. \u201cNunca imagin\u00e9 que Ben Shapiro, Clay Travis, Mitch McConnell, Rand Paul, ni siquiera mi viejo amigo [el senador] Ted Cruz, ser\u00edan quienes, cr\u00e9anlo o no, dir\u00edan algo tan bonito de m\u00ed. Se necesita valent\u00eda para alzar la voz contra esta Administraci\u00f3n. Lo hicieron y merecen reconocimiento\u201d.<\/p>\n<p class=\"\">En otro momento del mon\u00f3logo, la estrella televisiva se acord\u00f3 de lo que aprendi\u00f3 de los grandes humoristas de este pa\u00eds, de Lenny Bruce a Howard Stern: \u201cNo hay nada m\u00e1s antiestadounidense que cancelar a un c\u00f3mico\u201d.<\/p>\n<p>&nbsp;<\/p>\n<figure class=\"a_m a_m-h \">\n<p><div style=\"width: 424px\" class=\"wp-caption alignnone\"><img loading=\"lazy\" decoding=\"async\" class=\"_re lazyload a_m-h\" src=\"https:\/\/imagenes.elpais.com\/resizer\/v2\/CSI2RV4LJ5LCDPO42MCQF34E3I.jpg?auth=a8d40974f8507bc4f4960040c7307ae9577e4b5c79e79c109f85a8ca09492478&amp;width=414\" sizes=\"auto, (min-width:1199px) 1155px,(min-width:1001px) calc(100vw - 44px),(min-width:768px) 767px, 100vw\" srcset=\"https:\/\/imagenes.elpais.com\/resizer\/v2\/CSI2RV4LJ5LCDPO42MCQF34E3I.jpg?auth=a8d40974f8507bc4f4960040c7307ae9577e4b5c79e79c109f85a8ca09492478&amp;width=414 414w,https:\/\/imagenes.elpais.com\/resizer\/v2\/CSI2RV4LJ5LCDPO42MCQF34E3I.jpg?auth=a8d40974f8507bc4f4960040c7307ae9577e4b5c79e79c109f85a8ca09492478&amp;width=828 640w,https:\/\/imagenes.elpais.com\/resizer\/v2\/CSI2RV4LJ5LCDPO42MCQF34E3I.jpg?auth=a8d40974f8507bc4f4960040c7307ae9577e4b5c79e79c109f85a8ca09492478&amp;width=980 1000w,https:\/\/imagenes.elpais.com\/resizer\/v2\/CSI2RV4LJ5LCDPO42MCQF34E3I.jpg?auth=a8d40974f8507bc4f4960040c7307ae9577e4b5c79e79c109f85a8ca09492478&amp;width=1960 1960w\" alt=\"\" width=\"414\" height=\"281\" \/><p class=\"wp-caption-text\">El actor Glen Powell es entrevistado por Jimmy Kimmel en su programa, este martes. Foto Randy Holmes (AP)<\/p><\/div><figcaption class=\"a_m_p\" aria-hidden=\"true\"><\/figcaption><\/figure>\n<p>&nbsp;<\/p>\n<p class=\"\">Ante la inminente resurrecci\u00f3n de Kimmel, al que ya daba por enterrado,\u00a0<a title=\"https:\/\/elpais.com\/internacional\/2025-09-24\/la-reaccion-de-trump-ante-el-regreso-de-kimmel-abc-le-dijo-a-la-casa-blanca-que-habia-sido-cancelado.html\" href=\"https:\/\/elpais.com\/internacional\/2025-09-24\/la-reaccion-de-trump-ante-el-regreso-de-kimmel-abc-le-dijo-a-la-casa-blanca-que-habia-sido-cancelado.html\" target=\"_self\" rel=\"\" data-link-track-dtm=\"\" data-mrf-link=\"https:\/\/elpais.com\/internacional\/2025-09-24\/la-reaccion-de-trump-ante-el-regreso-de-kimmel-abc-le-dijo-a-la-casa-blanca-que-habia-sido-cancelado.html\">Trump public\u00f3 un mensaje amenazante en su red social<\/a>\u00a0una hora antes del principio del programa en el que expres\u00f3 su incredulidad por la noticia: \u201c\u00a1ABC le dijo a la Casa Blanca que hab\u00eda sido cancelado!\u201c.<\/p>\n<p class=\"\">\u201c\u00bfPor qu\u00e9 querr\u00edan de vuelta a alguien que lo hace tan mal, que no es gracioso y que pone en peligro a la cadena al presentar basura al 99% a favor de los dem\u00f3cratas? Creo que vamos a someter a examen a ABC con esto. A ver qu\u00e9 tal. La \u00faltima vez que fui tras ellos, me dieron 16 millones de d\u00f3lares. (&#8230;) \u00a1Son una panda de perdedores!\u201d, dijo el presidente de Estados Unidos. Trump se estaba refiriendo <a title=\"https:\/\/elpais.com\/internacional\/2025-07-02\/donald-trump-le-gana-la-guerra-a-paramount-pedia-20000-millones-y-logra-16-y-un-enorme-triunfo-moral.html\" href=\"https:\/\/elpais.com\/internacional\/2025-07-02\/donald-trump-le-gana-la-guerra-a-paramount-pedia-20000-millones-y-logra-16-y-un-enorme-triunfo-moral.html\" target=\"_blank\" rel=\"noopener noreferrer\" data-link-track-dtm=\"\" data-mrf-link=\"https:\/\/elpais.com\/internacional\/2025-07-02\/donald-trump-le-gana-la-guerra-a-paramount-pedia-20000-millones-y-logra-16-y-un-enorme-triunfo-moral.html\">al acuerdo extrajudicial para evitar que prosperara una demanda de Trump a la cadena<\/a>, uno de cuyos presentadores inform\u00f3 err\u00f3neamente sobre el delito por el que hab\u00eda sido condenado el republicano en el juicio civil por abusos sexuales que le gan\u00f3 la columnista E. Jean Carroll.<\/p>\n<p class=\"\">El\u00a0<i>show<\/i>\u00a0de Kimmel, con todo, no se emiti\u00f3 en las televisiones de la Casa Blanca&#8230; ni en el resto de Washington (como destac\u00f3 Kimmel en su mon\u00f3logo). Dos cadenas de emisoras locales afiliadas a ABC que cubren en torno al 25% del territorio \u2014Sinclair, cuyo propietario es un reconocido trumpista, y Nexstar, la m\u00e1s extendida por Estados Unidos y la que estuvo en el origen de la primera suspensi\u00f3n\u2014\u00a0<a title=\"https:\/\/elpais.com\/us\/entretenimiento\/2025-09-23\/las-cadenas-locales-no-emitiran-el-programa-de-jimmy-kimmel-nexstar-y-sinclair-mantienen-el-boicot.html\" href=\"https:\/\/elpais.com\/us\/entretenimiento\/2025-09-23\/las-cadenas-locales-no-emitiran-el-programa-de-jimmy-kimmel-nexstar-y-sinclair-mantienen-el-boicot.html\" target=\"_self\" rel=\"\" data-link-track-dtm=\"\" data-mrf-link=\"https:\/\/elpais.com\/us\/entretenimiento\/2025-09-23\/las-cadenas-locales-no-emitiran-el-programa-de-jimmy-kimmel-nexstar-y-sinclair-mantienen-el-boicot.html\">decidieron eliminar el programa de Kimmel de la parrilla del martes.<\/a><\/p>\n<p class=\"\">Sinclair prefiri\u00f3 ofrecer a sus espectadores de Washington la reposici\u00f3n de un aburrido programa de noticias. En una ciudad donde la pol\u00edtica es una droga que tiene enganchada a buena parte de su poblaci\u00f3n, los mismos adictos que suelen estar a esas horas pegados a la CNN, a la MSNBC o a Fox News con la en\u00e9sima vuelta de tuerca del tema del d\u00eda pasaron la tarde viendo de qu\u00e9 manera no perderse el mon\u00f3logo de Kimmel.<\/p>\n<p class=\"\">Tampoco lleg\u00f3 el mon\u00f3logo al sal\u00f3n de otro vecino de la capital: Brendan Carr, presidente del regulador federal de las comunicaciones (FCC son sus siglas en ingl\u00e9s), que fue quien presion\u00f3 a ABC para la suspensi\u00f3n. Carr dijo la semana pasada en un p\u00f3dcast que el comentario de Kimmel era merecedor de un despido. Tambi\u00e9n dijo: \u201cLo podemos hacer por las buenas o por las malas\u201d. Esa misma tarde, Nexstar, que posee 200 emisoras que ofrecen los contenidos de ABC y anda pendiente del permiso de la FCC de un fenomenal negocio que tiene entre manos, dijo que sacaba a Kimmel de antena. La cadena propiedad de Disney replic\u00f3 esa decisi\u00f3n poco despu\u00e9s.<\/p>\n<p>&nbsp;<\/p>\n<figure class=\"a_m a_m-h \">\n<p><div style=\"width: 424px\" class=\"wp-caption alignnone\"><img loading=\"lazy\" decoding=\"async\" class=\"_re lazyload a_m-h\" src=\"https:\/\/imagenes.elpais.com\/resizer\/v2\/GCAQ7HG2IBKAFGAWDX4SOMHQCQ.jpg?auth=55dd1e880afabbcd3ed1efa6cf52b63391030e47e8d32bde8c697694ba9640fc&amp;width=414\" sizes=\"auto, (min-width:1199px) 1155px,(min-width:1001px) calc(100vw - 44px),(min-width:768px) 767px, 100vw\" srcset=\"https:\/\/imagenes.elpais.com\/resizer\/v2\/GCAQ7HG2IBKAFGAWDX4SOMHQCQ.jpg?auth=55dd1e880afabbcd3ed1efa6cf52b63391030e47e8d32bde8c697694ba9640fc&amp;width=414 414w,https:\/\/imagenes.elpais.com\/resizer\/v2\/GCAQ7HG2IBKAFGAWDX4SOMHQCQ.jpg?auth=55dd1e880afabbcd3ed1efa6cf52b63391030e47e8d32bde8c697694ba9640fc&amp;width=828 640w,https:\/\/imagenes.elpais.com\/resizer\/v2\/GCAQ7HG2IBKAFGAWDX4SOMHQCQ.jpg?auth=55dd1e880afabbcd3ed1efa6cf52b63391030e47e8d32bde8c697694ba9640fc&amp;width=980 1000w,https:\/\/imagenes.elpais.com\/resizer\/v2\/GCAQ7HG2IBKAFGAWDX4SOMHQCQ.jpg?auth=55dd1e880afabbcd3ed1efa6cf52b63391030e47e8d32bde8c697694ba9640fc&amp;width=1960 1960w\" alt=\"\" width=\"414\" height=\"332\" \/><p class=\"wp-caption-text\">Jimmy Kimmel, este martes durante la emisi\u00f3n de su programa en Los \u00c1ngeles. Foto Randy Holmes (AP)<\/p><\/div><figcaption class=\"a_m_p\" aria-hidden=\"true\"><\/figcaption><\/figure>\n<p>&nbsp;<\/p>\n<p class=\"\">En su mon\u00f3logo de este martes, el funcionario se llev\u00f3 la peor parte. Kimmel resucit\u00f3 un tuit en el que Carr hab\u00eda defendido la s\u00e1tira pol\u00edtica como el s\u00fammum de la libertad de expresi\u00f3n, y dijo de \u00e9l que \u201ces lo m\u00e1s vergonzoso que tienen los republicanos\u201d, junto al Cybertruck, esa camioneta de Tesla de l\u00edneas angulosas (el juego de palabras, que solo funciona en ingl\u00e9s, equipara \u201cCarr\u201d con &#8220;<i>car&#8221;<\/i>, auto en espa\u00f1ol).<\/p>\n<p class=\"\">Hacia el final del mon\u00f3logo, Robert De Niro, el g\u00e1nster por antonomasia de las pel\u00edculas, se hizo pasar por el presidente de la FCC en uno de los momentos m\u00e1s graciosos de la noche. Despu\u00e9s de eso, Kimmel pas\u00f3 a criticar la actualidad del presidente; en concreto,\u00a0<a title=\"https:\/\/elpais.com\/internacional\/2025-09-23\/trump-arremete-contra-la-onu-en-un-discurso-destinado-a-dinamitar-las-instituciones-globales.html\" href=\"https:\/\/elpais.com\/internacional\/2025-09-23\/trump-arremete-contra-la-onu-en-un-discurso-destinado-a-dinamitar-las-instituciones-globales.html\" target=\"_self\" rel=\"\" data-link-track-dtm=\"\" data-mrf-link=\"https:\/\/elpais.com\/internacional\/2025-09-23\/trump-arremete-contra-la-onu-en-un-discurso-destinado-a-dinamitar-las-instituciones-globales.html\">su explosiva aparici\u00f3n de este martes en la Asamblea General de la ONU<\/a>.<\/p>\n<h3 class=\"\">Despu\u00e9s de Colbert<\/h3>\n<p class=\"\">Trump ya hab\u00eda puesto al c\u00f3mico en la diana<a title=\"https:\/\/elpais.com\/us\/entretenimiento\/2025-07-18\/the-late-show-with-stephen-colbert-acabara-en-mayo-de-2026-y-no-tendra-reemplazo-en-las-noches-de-cbs.html\" href=\"https:\/\/elpais.com\/us\/entretenimiento\/2025-07-18\/the-late-show-with-stephen-colbert-acabara-en-mayo-de-2026-y-no-tendra-reemplazo-en-las-noches-de-cbs.html\" target=\"_self\" rel=\"\" data-link-track-dtm=\"\" data-mrf-link=\"https:\/\/elpais.com\/us\/entretenimiento\/2025-07-18\/the-late-show-with-stephen-colbert-acabara-en-mayo-de-2026-y-no-tendra-reemplazo-en-las-noches-de-cbs.html\">\u00a0despu\u00e9s de que Stephen Colbert anunciara\u00a0<\/a>en julio que su programa, en la vecina CBS, terminar\u00eda al final de esta temporada por decisi\u00f3n de la cadena y despu\u00e9s de que esta tuviera <a title=\"https:\/\/elpais.com\/internacional\/2025-07-02\/donald-trump-le-gana-la-guerra-a-paramount-pedia-20000-millones-y-logra-16-y-un-enorme-triunfo-moral.html\" href=\"https:\/\/elpais.com\/internacional\/2025-07-02\/donald-trump-le-gana-la-guerra-a-paramount-pedia-20000-millones-y-logra-16-y-un-enorme-triunfo-moral.html\" target=\"_self\" rel=\"\" data-link-track-dtm=\"\" data-mrf-link=\"https:\/\/elpais.com\/internacional\/2025-07-02\/donald-trump-le-gana-la-guerra-a-paramount-pedia-20000-millones-y-logra-16-y-un-enorme-triunfo-moral.html\">que pagar 16 millones de d\u00f3lares a Trump para enterrar un juicio<\/a> por difamaci\u00f3n. El presidente celebr\u00f3 inmediatamente la desaparici\u00f3n de Kimmel de la parrilla. La achac\u00f3 a \u201cla falta de talento\u201d del c\u00f3mico y a que su espacio \u201cno tiene audiencia\u201d. \u201cBueno\u201d, le contest\u00f3 Kimmel en su regreso, desatando la euforia del p\u00fablico: \u201c\u00a1Hoy s\u00ed la tengo!\u201d. A lo que a\u00f1adi\u00f3 con sarcasmo: \u201cPara superar este \u00e9xito, tendr\u00e1 que <a title=\"https:\/\/elpais.com\/internacional\/2025-08-21\/un-juez-en-nueva-york-rechaza-publicar-los-documentos-del-gran-jurado-en-el-caso-epstein.html\" href=\"https:\/\/elpais.com\/internacional\/2025-08-21\/un-juez-en-nueva-york-rechaza-publicar-los-documentos-del-gran-jurado-en-el-caso-epstein.html\" target=\"_self\" rel=\"\" data-link-track-dtm=\"\" data-mrf-link=\"https:\/\/elpais.com\/internacional\/2025-08-21\/un-juez-en-nueva-york-rechaza-publicar-los-documentos-del-gran-jurado-en-el-caso-epstein.html\">liberar los archivos<\/a>\u00a0de [el multimillonario pederasta] Epstein\u201d.<\/p>\n<p class=\"\">En los d\u00edas siguientes a la cancelaci\u00f3n, Trump fue m\u00e1s all\u00e1: dado que \u201clas cadenas\u201d que emiten programas de entretenimiento nocturno est\u00e1n en su contra, dijo a los reporteros en la Casa Blanca, \u201ctal vez no sea mala idea\u201d quitarles las licencias, porque \u201clas usan ilegalmente, incorrectamente y a prop\u00f3sito de una manera horrible\u201d al criticarlo a \u00e9l.<\/p>\n<p class=\"\">La sola idea de silenciar el discurso de un c\u00f3mico por criticar al presidente a base de presionar a una cadena privada hizo saltar las alarmas en un pa\u00eds\u00a0<a title=\"https:\/\/elpais.com\/internacional\/2025-09-19\/trump-emplea-el-asesinato-de-charlie-kirk-para-intensificar-sus-ataques-a-la-prensa-y-a-libertad-de-expresion.html\" href=\"https:\/\/elpais.com\/internacional\/2025-09-19\/trump-emplea-el-asesinato-de-charlie-kirk-para-intensificar-sus-ataques-a-la-prensa-y-a-libertad-de-expresion.html\" target=\"_self\" rel=\"\" data-link-track-dtm=\"\" data-mrf-link=\"https:\/\/elpais.com\/internacional\/2025-09-19\/trump-emplea-el-asesinato-de-charlie-kirk-para-intensificar-sus-ataques-a-la-prensa-y-a-libertad-de-expresion.html\">que siente veneraci\u00f3n por la Primera Enmienda<\/a>, de la que el propio Kirk era un absolutista. Carr (y Trump) tambi\u00e9n recibieron duras cr\u00edticas entre destacados l\u00edderes MAGA.<\/p>\n<p class=\"\">En un tono m\u00e1s serio, Kimmel asegur\u00f3: \u201cEl presidente de Estados Unidos fue claro: quer\u00eda verme a m\u00ed, y a los cientos de personas que trabajan aqu\u00ed, perder nuestros trabajos. Nuestro l\u00edder celebrando que sus compatriotas perdieran sus medios de subsistencia porque no puede soportar un chiste\u201d. Y sigui\u00f3: \u201cFue capaz de sacar a Colbert de la CBS, ahora ha puesto sus ojos sobre m\u00ed y quiere que la NBC despida a Jimmy Fallon y <a title=\"https:\/\/elpais.com\/cultura\/2018\/01\/04\/television\/1515079585_064957.html\" href=\"https:\/\/elpais.com\/cultura\/2018\/01\/04\/television\/1515079585_064957.html\" target=\"_self\" rel=\"\" data-link-track-dtm=\"\" data-mrf-link=\"https:\/\/elpais.com\/cultura\/2018\/01\/04\/television\/1515079585_064957.html\">Seth Meyers<\/a>, as\u00ed como a los cientos de estadounidenses que trabajan all\u00ed y que no ganan millones de d\u00f3lares. Y espero que, si eso sucede, o haya la m\u00e1s m\u00ednima insinuaci\u00f3n de ello, hagan diez veces m\u00e1s ruido que esta semana. Tenemos que levantar la voz contra esto. Porque no va a parar\u201d.<\/p>\n<p class=\"\">Este lunes, siete d\u00edas despu\u00e9s, Disney la levant\u00f3 contra Trump con su marcha atr\u00e1s. En su mon\u00f3logo de apertura del martes, Kimmel agradeci\u00f3 el gesto y brome\u00f3 sobre la espantada de suscriptores que la pol\u00e9mica ha tra\u00eddo esta semana a la plataforma. Fingi\u00f3 que le hab\u00edan puesto como condici\u00f3n para el regreso leer un comunicado de la compa\u00f1\u00eda.<\/p>\n<p class=\"\">En otro de los golpes de un mon\u00f3logo divertido, emotivo y desafiante, el supuesto comunicado result\u00f3 ser las instrucciones para reactivar las cuentas de Disney, y de su filial Hulu, canceladas por miles de usuarios a modo de solidaridad con la risa de un c\u00f3mico frente al todopoderoso mat\u00f3n de la Casa Blanca.<\/p>\n","protected":false},"excerpt":{"rendered":"<p>&nbsp; &nbsp; &#8211; El c\u00f3mico, suspendido hace una semana por un comentario sobre el activista MAGA Charlie Kirk, se ceba con Trump y alaba en&hellip;<\/p>\n","protected":false},"author":99,"featured_media":536343,"comment_status":"open","ping_status":"open","sticky":false,"template":"","format":"standard","meta":{"footnotes":""},"categories":[24],"tags":[],"class_list":["post-536341","post","type-post","status-publish","format-standard","has-post-thumbnail","hentry","category-mundo"],"_links":{"self":[{"href":"https:\/\/diarioelpopular.com\/index.php\/wp-json\/wp\/v2\/posts\/536341","targetHints":{"allow":["GET"]}}],"collection":[{"href":"https:\/\/diarioelpopular.com\/index.php\/wp-json\/wp\/v2\/posts"}],"about":[{"href":"https:\/\/diarioelpopular.com\/index.php\/wp-json\/wp\/v2\/types\/post"}],"author":[{"embeddable":true,"href":"https:\/\/diarioelpopular.com\/index.php\/wp-json\/wp\/v2\/users\/99"}],"replies":[{"embeddable":true,"href":"https:\/\/diarioelpopular.com\/index.php\/wp-json\/wp\/v2\/comments?post=536341"}],"version-history":[{"count":2,"href":"https:\/\/diarioelpopular.com\/index.php\/wp-json\/wp\/v2\/posts\/536341\/revisions"}],"predecessor-version":[{"id":536344,"href":"https:\/\/diarioelpopular.com\/index.php\/wp-json\/wp\/v2\/posts\/536341\/revisions\/536344"}],"wp:featuredmedia":[{"embeddable":true,"href":"https:\/\/diarioelpopular.com\/index.php\/wp-json\/wp\/v2\/media\/536343"}],"wp:attachment":[{"href":"https:\/\/diarioelpopular.com\/index.php\/wp-json\/wp\/v2\/media?parent=536341"}],"wp:term":[{"taxonomy":"category","embeddable":true,"href":"https:\/\/diarioelpopular.com\/index.php\/wp-json\/wp\/v2\/categories?post=536341"},{"taxonomy":"post_tag","embeddable":true,"href":"https:\/\/diarioelpopular.com\/index.php\/wp-json\/wp\/v2\/tags?post=536341"}],"curies":[{"name":"wp","href":"https:\/\/api.w.org\/{rel}","templated":true}]}}