{"id":536351,"date":"2025-09-24T10:24:55","date_gmt":"2025-09-24T14:24:55","guid":{"rendered":"https:\/\/diarioelpopular.com\/?p=536351"},"modified":"2025-09-24T10:24:55","modified_gmt":"2025-09-24T14:24:55","slug":"la-peligrosa-e-irresponsable-regresion-anticientifica-de-trump","status":"publish","type":"post","link":"https:\/\/diarioelpopular.com\/index.php\/2025\/09\/24\/la-peligrosa-e-irresponsable-regresion-anticientifica-de-trump\/","title":{"rendered":"La peligrosa e irresponsable regresi\u00f3n anticient\u00edfica de Trump"},"content":{"rendered":"<p><img loading=\"lazy\" decoding=\"async\" class=\"alignnone size-custom-full-size wp-image-536352\" src=\"https:\/\/diarioelpopular.com\/wp-content\/uploads\/2025\/09\/Screen-Shot-2025-09-24-at-10.24.24-AM-636x427.png\" alt=\"\" width=\"636\" height=\"427\" srcset=\"https:\/\/diarioelpopular.com\/wp-content\/uploads\/2025\/09\/Screen-Shot-2025-09-24-at-10.24.24-AM-636x427.png 636w, https:\/\/diarioelpopular.com\/wp-content\/uploads\/2025\/09\/Screen-Shot-2025-09-24-at-10.24.24-AM-300x201.png 300w, https:\/\/diarioelpopular.com\/wp-content\/uploads\/2025\/09\/Screen-Shot-2025-09-24-at-10.24.24-AM-768x516.png 768w, https:\/\/diarioelpopular.com\/wp-content\/uploads\/2025\/09\/Screen-Shot-2025-09-24-at-10.24.24-AM-80x55.png 80w, https:\/\/diarioelpopular.com\/wp-content\/uploads\/2025\/09\/Screen-Shot-2025-09-24-at-10.24.24-AM-109x73.png 109w, https:\/\/diarioelpopular.com\/wp-content\/uploads\/2025\/09\/Screen-Shot-2025-09-24-at-10.24.24-AM.png 876w\" sizes=\"auto, (max-width: 636px) 100vw, 636px\" \/><\/p>\n<p>&nbsp;<\/p>\n<ul>\n<li><em><strong>La irresponsable difusi\u00f3n de bulos por parte del presidente de EE UU y de su Gobierno pone en riesgo la salud p\u00fablica<\/strong><\/em><\/li>\n<\/ul>\n<p>&nbsp;<\/p>\n<p class=\"\">El asalto contra la verdad cient\u00edfica desde el Gobierno de Estados Unidos dio este lunes un nuevo paso con la propagaci\u00f3n\u00a0<a title=\"https:\/\/elpais.com\/sociedad\/2025-09-22\/trump-vincula-el-paracetamol-con-el-autismo-pese-a-la-evidencia-cientifica.html\" href=\"https:\/\/elpais.com\/sociedad\/2025-09-22\/trump-vincula-el-paracetamol-con-el-autismo-pese-a-la-evidencia-cientifica.html\" target=\"_self\" rel=\"\" data-link-track-dtm=\"\" data-mrf-link=\"https:\/\/elpais.com\/sociedad\/2025-09-22\/trump-vincula-el-paracetamol-con-el-autismo-pese-a-la-evidencia-cientifica.html\">de un bulo por boca del propio Donald Trump.<\/a> Para arropar a su secretario de Salud, el conspiracionista antivacunas, el inepto Robert Kennedy Jr., Trump utiliz\u00f3 el p\u00falpito de la presidencia para decir que tomar paracetamol durante el embarazo causa autismo en los ni\u00f1os.<\/p>\n<p class=\"\">Este desprop\u00f3sito sin ning\u00fan respaldo cient\u00edfico es ahora la pol\u00edtica oficial de la Administraci\u00f3n federal. Es un triunfo del conspiracionismo anticient\u00edfico que, lejos de ayudar a nadie, abre el camino para la confusi\u00f3n y siembra una irresponsable semilla de desconfianza hacia la ciencia m\u00e9dica que pondr\u00e1 a ciudadanos en peligro. Es importante que esta regresi\u00f3n, promocionada desde la c\u00fapula del poder, no se normalice.<\/p>\n<p class=\"\">La relaci\u00f3n causal del acetaminofeno (paracetamol) con el autismo es una sospecha conspirativa que parte de un estudio menor que nunca ha sido corroborado por investigaciones, que va en contra de todo el consenso cient\u00edfico y cuya interpretaci\u00f3n trumpista\u00a0<a title=\"https:\/\/elpais.com\/sociedad\/2025-09-23\/la-oms-y-la-agencia-europea-del-medicamento-rechazan-el-vinculo-entre-paracetamol-y-autismo-que-defiende-trump.html\" href=\"https:\/\/elpais.com\/sociedad\/2025-09-23\/la-oms-y-la-agencia-europea-del-medicamento-rechazan-el-vinculo-entre-paracetamol-y-autismo-que-defiende-trump.html\" target=\"_self\" rel=\"\" data-link-track-dtm=\"\" data-mrf-link=\"https:\/\/elpais.com\/sociedad\/2025-09-23\/la-oms-y-la-agencia-europea-del-medicamento-rechazan-el-vinculo-entre-paracetamol-y-autismo-que-defiende-trump.html\">ha sido desmentida por la Agencia Europea del Medicamento y la OMS.<\/a> Por supuesto, para los aficionados a la conspiraci\u00f3n, esta no es una prueba de la debilidad de su teor\u00eda, sino una prueba de que los gobiernos de todo el mundo, la \u00e9lite cient\u00edfica y las grandes farmac\u00e9uticas est\u00e1n concertados para enga\u00f1ar a los ciudadanos y poner en riesgo la salud p\u00fablica. Como en tantas otras cosas, Trump ha convertido un infundio de internet en discurso formal de la Casa Blanca.<\/p>\n<p class=\"\">Donald Trump dej\u00f3 muy claro hace tiempo que el nombramiento de Robert Kennedy Jr. como secretario de Salud no ten\u00eda nada que ver con su pobre cualificaci\u00f3n para el puesto, sino que era una forma de pagarle su apoyo (en d\u00f3lares) electoral. Kennedy fue confirmado por el Senado porque convenci\u00f3 a los republicanos de que respetar\u00eda el consenso sobre las vacunas, cosa que ha incumplido desde el primer d\u00eda.<\/p>\n<p class=\"\">En este tiempo ha despedido a los calificados cient\u00edficos que formaban el comit\u00e9 de vacunas de los Centros de Control de Enfermedades (CDC) para nombrar a otros que, bajo su ignorante dictado, han revertido la recomendaci\u00f3n de la vacuna cu\u00e1druple v\u00edrica (varicela, paperas, sarampi\u00f3n y rub\u00e9ola).<\/p>\n<p class=\"\">Los ciudadanos estadounidenses, y todos los \u00f3rganos cient\u00edficos que tienen a los CDC como referencia mundial en prevenci\u00f3n de enfermedades, ya no pueden estar seguros de que las recomendaciones de EE UU est\u00e9n basadas en la verdad cient\u00edfica en vez de servir al capricho de un ministro que decide por su cuenta lo que es bueno y luego busca quien le d\u00e9 la raz\u00f3n.<\/p>\n<p class=\"\"><a href=\"https:\/\/elpais.com\/expres\/2025-09-23\/no-el-paracetamol-no-provoca-autismo-por-que-trump-apoya-esta-teoria-sin-fundamento-cientifico.html\" target=\"_blank\" rel=\"noopener\">La alarma por esta manera de operar en el Departamento de Salud se extiende por EE. UU.<\/a> Kennedy fue asediado con preguntas por dem\u00f3cratas y republicanos la semana pasada en el Congreso.\u00a0Su papel es cada vez m\u00e1s cuestionado en los c\u00edrculos cercanos a Trump. Sin embargo, la actuaci\u00f3n del lunes fue un espaldarazo en toda regla. \u201cNo tomen Tylenol [el nombre comercial del paracetamol en EE UU]\u201d, advirti\u00f3 nada menos que el presidente en persona a las mujeres embarazadas desde la Casa Blanca.<\/p>\n<p class=\"\">El episodio record\u00f3 a la rueda de prensa en la que recomend\u00f3 tomar desinfectante para combatir la covid-19 mientras en su propio pa\u00eds se desarrollaba la vacuna que fren\u00f3 la pandemia. Esa es la esperanza en este momento siniestro.<\/p>\n<p class=\"\">Que la ciencia haga o\u00eddos sordos y siga su camino, que la realidad, en alg\u00fan momento, ponga en evidencia la mentira y la irresponsabilidad. La pregunta es cu\u00e1ntas v\u00edctimas dejar\u00e1 por el camino la desinformaci\u00f3n hasta que eso ocurra.<\/p>\n","protected":false},"excerpt":{"rendered":"<p>&nbsp; La irresponsable difusi\u00f3n de bulos por parte del presidente de EE UU y de su Gobierno pone en riesgo la salud p\u00fablica &nbsp; El&hellip;<\/p>\n","protected":false},"author":99,"featured_media":536352,"comment_status":"open","ping_status":"open","sticky":false,"template":"","format":"standard","meta":{"footnotes":""},"categories":[24],"tags":[],"class_list":["post-536351","post","type-post","status-publish","format-standard","has-post-thumbnail","hentry","category-mundo"],"_links":{"self":[{"href":"https:\/\/diarioelpopular.com\/index.php\/wp-json\/wp\/v2\/posts\/536351","targetHints":{"allow":["GET"]}}],"collection":[{"href":"https:\/\/diarioelpopular.com\/index.php\/wp-json\/wp\/v2\/posts"}],"about":[{"href":"https:\/\/diarioelpopular.com\/index.php\/wp-json\/wp\/v2\/types\/post"}],"author":[{"embeddable":true,"href":"https:\/\/diarioelpopular.com\/index.php\/wp-json\/wp\/v2\/users\/99"}],"replies":[{"embeddable":true,"href":"https:\/\/diarioelpopular.com\/index.php\/wp-json\/wp\/v2\/comments?post=536351"}],"version-history":[{"count":1,"href":"https:\/\/diarioelpopular.com\/index.php\/wp-json\/wp\/v2\/posts\/536351\/revisions"}],"predecessor-version":[{"id":536353,"href":"https:\/\/diarioelpopular.com\/index.php\/wp-json\/wp\/v2\/posts\/536351\/revisions\/536353"}],"wp:featuredmedia":[{"embeddable":true,"href":"https:\/\/diarioelpopular.com\/index.php\/wp-json\/wp\/v2\/media\/536352"}],"wp:attachment":[{"href":"https:\/\/diarioelpopular.com\/index.php\/wp-json\/wp\/v2\/media?parent=536351"}],"wp:term":[{"taxonomy":"category","embeddable":true,"href":"https:\/\/diarioelpopular.com\/index.php\/wp-json\/wp\/v2\/categories?post=536351"},{"taxonomy":"post_tag","embeddable":true,"href":"https:\/\/diarioelpopular.com\/index.php\/wp-json\/wp\/v2\/tags?post=536351"}],"curies":[{"name":"wp","href":"https:\/\/api.w.org\/{rel}","templated":true}]}}