{"id":536359,"date":"2025-09-24T10:48:21","date_gmt":"2025-09-24T14:48:21","guid":{"rendered":"https:\/\/diarioelpopular.com\/?p=536359"},"modified":"2025-09-24T10:48:21","modified_gmt":"2025-09-24T14:48:21","slug":"sus-paises-se-estan-yendo-al-infierno-el-incendiario-discurso-de-trump-ante-la-asamblea-general-de-la-onu-que-dejo-en-silencio-a-los-asistentes","status":"publish","type":"post","link":"https:\/\/diarioelpopular.com\/index.php\/2025\/09\/24\/sus-paises-se-estan-yendo-al-infierno-el-incendiario-discurso-de-trump-ante-la-asamblea-general-de-la-onu-que-dejo-en-silencio-a-los-asistentes\/","title":{"rendered":"&#8220;Sus pa\u00edses se est\u00e1n yendo al infierno&#8221;: el incendiario discurso de Trump ante la Asamblea General de la ONU que dej\u00f3 en silencio a los asistentes"},"content":{"rendered":"<p><img loading=\"lazy\" decoding=\"async\" class=\"alignnone size-custom-full-size wp-image-536360\" src=\"https:\/\/diarioelpopular.com\/wp-content\/uploads\/2025\/09\/Screen-Shot-2025-09-24-at-10.47.39-AM-636x357.png\" alt=\"\" width=\"636\" height=\"357\" srcset=\"https:\/\/diarioelpopular.com\/wp-content\/uploads\/2025\/09\/Screen-Shot-2025-09-24-at-10.47.39-AM-636x357.png 636w, https:\/\/diarioelpopular.com\/wp-content\/uploads\/2025\/09\/Screen-Shot-2025-09-24-at-10.47.39-AM-300x168.png 300w, https:\/\/diarioelpopular.com\/wp-content\/uploads\/2025\/09\/Screen-Shot-2025-09-24-at-10.47.39-AM-768x431.png 768w, https:\/\/diarioelpopular.com\/wp-content\/uploads\/2025\/09\/Screen-Shot-2025-09-24-at-10.47.39-AM-130x73.png 130w, https:\/\/diarioelpopular.com\/wp-content\/uploads\/2025\/09\/Screen-Shot-2025-09-24-at-10.47.39-AM.png 862w\" sizes=\"auto, (max-width: 636px) 100vw, 636px\" \/><\/p>\n<p>&nbsp;<\/p>\n<div class=\"bbc-19j92fr ebmt73l0\" dir=\"ltr\">\n<ul>\n<li class=\"bbc-hhl7in e17g058b0\" dir=\"ltr\"><em><b>El discurso de Donald Trump este martes ante la Asamblea General de las Naciones Unidas fue una de las exposiciones m\u00e1s claras de su visi\u00f3n del mundo y de su ideolog\u00eda en su forma m\u00e1s pura.<\/b><\/em><\/li>\n<\/ul>\n<\/div>\n<div class=\"bbc-19j92fr ebmt73l0\" dir=\"ltr\">\n<p dir=\"ltr\">\n<p class=\"bbc-hhl7in e17g058b0\" dir=\"ltr\">Para sus seguidores, se ver\u00e1 como el trumpismo sin tapujos; para sus cr\u00edticos, como el trumpismo desquiciado.<\/p>\n<\/div>\n<div class=\"bbc-19j92fr ebmt73l0\" dir=\"ltr\">\n<p class=\"bbc-hhl7in e17g058b0\" dir=\"ltr\">Durante casi una hora, apunt\u00f3 contra sus oponentes y sus ideas, elimin\u00e1ndolos y minimiz\u00e1ndolos uno por uno mientras recorr\u00eda el mundo.<\/p>\n<\/div>\n<div class=\"bbc-19j92fr ebmt73l0\" dir=\"ltr\">\n<p class=\"bbc-hhl7in e17g058b0\" dir=\"ltr\">Comenz\u00f3 en casa, elogiando a Estados Unidos y a s\u00ed mismo. Dijo que Estados Unidos estaba viviendo una edad de oro y repiti\u00f3 su controvertida afirmaci\u00f3n de que \u00e9l personalmente hab\u00eda puesto fin a siete guerras (completa mentira), algo que, seg\u00fan \u00e9l, merece el Premio Nobel de la Paz.<\/p>\n<\/div>\n<section class=\"bbc-geybui\" role=\"region\" aria-label=\"Publicidad 2\" aria-hidden=\"true\" data-e2e=\"advertisement\">\n<div id=\"dotcom-mpu\" class=\"dotcom-ad active\" aria-hidden=\"true\">\n<div class=\"dotcom-ad-inner\"><\/div>\n<\/div>\n<\/section>\n<div class=\"bbc-19j92fr ebmt73l0\" dir=\"ltr\">\n<p class=\"bbc-hhl7in e17g058b0\" dir=\"ltr\">Pero luego arremeti\u00f3 contra sus anfitriones. La ONU, dijo, no hab\u00eda ayudado a su labor de pacificaci\u00f3n. Cuestion\u00f3 el prop\u00f3sito de la organizaci\u00f3n, diciendo que ten\u00eda un enorme potencial, pero que no estaba a la altura. Seg\u00fan \u00e9l, lo \u00fanico que hac\u00eda era escribir cartas en\u00e9rgicas a las que no daba seguimiento. Las palabras vac\u00edas, dijo, no pon\u00edan fin a las guerras.<\/p>\n<\/div>\n<div class=\"bbc-19j92fr ebmt73l0\" dir=\"ltr\">\n<p class=\"bbc-hhl7in e17g058b0\" dir=\"ltr\">Tambi\u00e9n atac\u00f3 a la ONU por la ayuda que prestaba a los solicitantes de asilo que esperaban entrar en Estados Unidos: &#8220;Se supone que la ONU debe detener las invasiones, no crearlas ni financiarlas&#8221;, dijo. Incluso critic\u00f3 al organismo por una escalera mec\u00e1nica y un teleprompter averiados que, &#8220;por coincidencia&#8221;, interrumpieron su visita y su discurso.<\/p>\n<\/div>\n<div class=\"bbc-19j92fr ebmt73l0\" dir=\"ltr\">\n<p class=\"bbc-hhl7in e17g058b0\" dir=\"ltr\">En cierto modo, tiene raz\u00f3n. Muchos analistas cuestionan la eficacia de la ONU para resolver conflictos en la actualidad, se\u00f1alando en particular el estancamiento del Consejo de Seguridad y la burocracia del organismo.<\/p>\n<\/div>\n<div class=\"bbc-19j92fr ebmt73l0\" dir=\"ltr\">\n<p class=\"bbc-hhl7in e17g058b0\" dir=\"ltr\">Pero en otro sentido se puede considerar que el propio Trump es una causa y un s\u00edntoma de la falta de eficacia de la ONU, ya que cree que las crisis mundiales se resuelven mejor cuando hombres poderosos como \u00e9l se re\u00fanen y llegan a un acuerdo, en lugar de recurrir a organismos multilaterales como la ONU para encontrar soluciones colectivas.<\/p>\n<\/div>\n<div class=\"bbc-19j92fr ebmt73l0\" dir=\"ltr\">\n<p class=\"bbc-hhl7in e17g058b0\" dir=\"ltr\">Bajo el mandato de Trump, Estados Unidos ha retirado gran parte de su financiaci\u00f3n a la ONU, lo que ha obligado al organismo a recortar su labor humanitaria en todo el mundo.<\/p>\n<p dir=\"ltr\">\n<\/div>\n<figure class=\"bbc-1qn0xuy\">\n<div class=\"bbc-1gbs0ve\">\n<div style=\"width: 1071px\" class=\"wp-caption alignnone\"><img loading=\"lazy\" decoding=\"async\" class=\"bbc-139onq\" src=\"https:\/\/ichef.bbci.co.uk\/ace\/ws\/640\/cpsprodpb\/9844\/live\/31081d40-98c5-11f0-928c-71dbb8619e94.png.webp\" alt=\"Donald Trump lee su discurso ante la Asamblea General de Naciones Unidas\" width=\"1061\" height=\"694\" \/><p class=\"wp-caption-text\">Fuente de la imagen,EPA. Trump tuvo que leer su discurso en papel debido a un fallo del teleprompter, que solo le sucedi\u00f3 a \u00e9l.<\/p><\/div>\n<\/div>\n<p class=\"bbc-by8ykd\" role=\"text\">\n<\/figure>\n<div class=\"bbc-19j92fr ebmt73l0\" dir=\"ltr\">\n<p class=\"bbc-hhl7in e17g058b0\" dir=\"ltr\">Trump reserv\u00f3 quiz\u00e1s sus mayores cr\u00edticas para sus aliados europeos, atacando al continente por invertir en energ\u00edas renovables y abrir sus fronteras a la migraci\u00f3n.<\/p>\n<\/div>\n<div class=\"bbc-19j92fr ebmt73l0\" dir=\"ltr\">\n<p class=\"bbc-hhl7in e17g058b0\" dir=\"ltr\">&#8220;Europa est\u00e1 en serios problemas. Ha sido invadida por una fuerza de inmigrantes ilegales como nunca antes se hab\u00eda visto&#8230; Tanto la inmigraci\u00f3n como las ideas suicidas sobre la energ\u00eda ser\u00e1n la muerte de Europa occidental&#8221;, afirm\u00f3.<\/p>\n<\/div>\n<div class=\"bbc-19j92fr ebmt73l0\" dir=\"ltr\">\n<p class=\"bbc-hhl7in e17g058b0\" dir=\"ltr\">El cambio clim\u00e1tico, afirm\u00f3 entre exclamaciones audibles, fue &#8220;la mayor estafa jam\u00e1s perpetrada en el mundo&#8221;. Dijo que estaba cargando a los pa\u00edses europeos con costos elevados de energ\u00eda en comparaci\u00f3n con los combustibles f\u00f3siles. Critic\u00f3 en particular al gobierno del Reino Unido por imponer nuevos impuestos al petr\u00f3leo del Mar del Norte.<\/p>\n<\/div>\n<div class=\"bbc-19j92fr ebmt73l0\" dir=\"ltr\">\n<p class=\"bbc-hhl7in e17g058b0\" dir=\"ltr\">&#8220;Si no se alejan de la estafa de la energ\u00eda verde, su pa\u00eds fracasar\u00e1&#8221;, afirm\u00f3.<\/p>\n<\/div>\n<div class=\"bbc-19j92fr ebmt73l0\" dir=\"ltr\">\n<p class=\"bbc-hhl7in e17g058b0\" dir=\"ltr\">&#8220;Amo a Europa. Amo a los europeos. Y detesto ver c\u00f3mo la energ\u00eda y la inmigraci\u00f3n la est\u00e1n devastando. Este monstruo de dos cabezas lo destruye todo a su paso&#8230; Quieren ser pol\u00edticamente correctos y est\u00e1n destruyendo su patrimonio&#8221;.<\/p>\n<\/div>\n<div class=\"bbc-19j92fr ebmt73l0\" dir=\"ltr\">\n<p class=\"bbc-hhl7in e17g058b0\" dir=\"ltr\">Cabe destacar este \u00faltimo punto, que se hace eco de lo que el presidente afirm\u00f3 durante su visita de Estado al Reino Unido la semana pasada, cuando habl\u00f3 de la importancia de defender los valores de lo que \u00e9l denomin\u00f3 &#8220;el mundo angloparlante&#8221;.<\/p>\n<\/div>\n<div class=\"bbc-19j92fr ebmt73l0\" dir=\"ltr\">\n<p class=\"bbc-hhl7in e17g058b0\" dir=\"ltr\">Hay un matiz cultural en las cr\u00edticas de Trump a Europa, una sensaci\u00f3n de que cree que la inmigraci\u00f3n descontrolada est\u00e1 amenazando el patrimonio europeo. No en vano Trump es el l\u00edder de un gobierno que muestra su religi\u00f3n con orgullo.<\/p>\n<\/div>\n<div class=\"bbc-19j92fr ebmt73l0\" dir=\"ltr\">\n<p class=\"bbc-hhl7in e17g058b0\" dir=\"ltr\">&#8220;Protejamos la libertad religiosa&#8221;, dijo en su discurso, &#8220;incluida la religi\u00f3n m\u00e1s perseguida del planeta en la actualidad: el cristianismo&#8221;.<\/p>\n<p dir=\"ltr\">\n<\/div>\n<figure class=\"bbc-1qn0xuy\">\n<div class=\"bbc-1gbs0ve\">\n<div style=\"width: 1034px\" class=\"wp-caption alignnone\"><img loading=\"lazy\" decoding=\"async\" class=\"bbc-139onq\" src=\"https:\/\/ichef.bbci.co.uk\/ace\/ws\/640\/cpsprodpb\/04ae\/live\/928a3e60-98c8-11f0-858a-a904eacbef23.jpg.webp\" alt=\"Trump y su esposa tuvieron que subir a pie las escaleras mec\u00e1nicas porque estas no funcionaban.\" width=\"1024\" height=\"683\" \/><p class=\"wp-caption-text\">Fuente de la imagen,Getty Images. Trump y su esposa tuvieron que subir a pie las escaleras mec\u00e1nicas porque estas coincidencialmente no funcionaron cuando intentaron subir<\/p><\/div>\n<p class=\"bbc-by8ykd\" role=\"text\">\n<\/div>\n<\/figure>\n<div class=\"bbc-19j92fr ebmt73l0\" dir=\"ltr\">\n<h2 id=\"La-guerra-en-Ucrania\" class=\"bbc-1lgzob2 eglt09e0\" tabindex=\"-1\">La guerra en Ucrania<\/h2>\n<\/div>\n<div class=\"bbc-19j92fr ebmt73l0\" dir=\"ltr\">\n<p class=\"bbc-hhl7in e17g058b0\" dir=\"ltr\">En cuanto a una cuesti\u00f3n pol\u00edtica concreta, la advertencia m\u00e1s clara de Trump se refiri\u00f3 a la guerra de Rusia contra Ucrania.<\/p>\n<\/div>\n<div class=\"bbc-19j92fr ebmt73l0\" dir=\"ltr\">\n<p class=\"bbc-hhl7in e17g058b0\" dir=\"ltr\">Dijo que la negativa del presidente ruso Vladimir Putin a poner fin al conflicto &#8220;no estaba dando una buena imagen de Rusia&#8221;. Afirm\u00f3 que Estados Unidos estaba dispuesto a &#8220;imponer una ronda muy fuerte de aranceles poderosos&#8221; para poner fin al derramamiento de sangre.<\/p>\n<\/div>\n<div class=\"bbc-19j92fr ebmt73l0\" dir=\"ltr\">\n<p class=\"bbc-hhl7in e17g058b0\" dir=\"ltr\">Pero dijo que las naciones europeas ten\u00edan que dejar de comprar energ\u00eda rusa, alegando que solo hac\u00eda dos semanas que se hab\u00eda enterado de que algunas lo estaban haciendo.<\/p>\n<\/div>\n<div class=\"bbc-19j92fr ebmt73l0\" dir=\"ltr\">\n<p class=\"bbc-hhl7in e17g058b0\" dir=\"ltr\">En la pr\u00e1ctica, Hungr\u00eda y Eslovaquia son los \u00fanicos compradores europeos importantes de petr\u00f3leo ruso. Los diplom\u00e1ticos afirman que Trump se esconde detr\u00e1s de esto para no tener que imponer sanciones secundarias a India y China, que est\u00e1n comprando enormes cantidades de energ\u00eda rusa barata, y a las que Trump mencion\u00f3.<\/p>\n<\/div>\n<div class=\"bbc-19j92fr ebmt73l0\" dir=\"ltr\">\n<p class=\"bbc-hhl7in e17g058b0\" dir=\"ltr\">Quiz\u00e1s m\u00e1s importante que su discurso fue la publicaci\u00f3n de Trump en las redes sociales poco despu\u00e9s, en la que afirmaba por primera vez que Ucrania podr\u00eda estar en condiciones de recuperar todo su territorio.<\/p>\n<\/div>\n<div class=\"bbc-19j92fr ebmt73l0\" dir=\"ltr\">\n<p class=\"bbc-hhl7in e17g058b0\" dir=\"ltr\">Su descalificaci\u00f3n de Rusia, describiendo el pa\u00eds como un &#8220;tigre de papel&#8221; y no como una &#8220;potencia militar real&#8221;, herir\u00e1 al presidente Putin, que es sensible a cualquier sugerencia de que su pa\u00eds no es un actor global. Los diplom\u00e1ticos dijeron que este era el \u00faltimo ejemplo del camino de Trump hacia una posici\u00f3n m\u00e1s cr\u00edtica con Rusia.<\/p>\n<p dir=\"ltr\">\n<\/div>\n<figure class=\"bbc-1qn0xuy\">\n<div class=\"bbc-1gbs0ve\">\n<div style=\"width: 1075px\" class=\"wp-caption alignnone\"><img loading=\"lazy\" decoding=\"async\" class=\"bbc-139onq\" src=\"https:\/\/ichef.bbci.co.uk\/ace\/ws\/640\/cpsprodpb\/c24b\/live\/62a67220-98c5-11f0-928c-71dbb8619e94.png.webp\" alt=\"Volodymyr Zelensky y Donald Trump en un encuentro en la sede de la ONU\" width=\"1065\" height=\"699\" \/><p class=\"wp-caption-text\">Fuente de la imagen,EPA. Trump se reuni\u00f3 este martes con el presidente de Ucrania, Volodymyr Zelensky.<\/p><\/div>\n<p class=\"bbc-by8ykd\" role=\"text\">\n<\/div>\n<\/figure>\n<div class=\"bbc-19j92fr ebmt73l0\" dir=\"ltr\">\n<h2 id=\"Silencio-en-la-sala\" class=\"bbc-1lgzob2 eglt09e0\" tabindex=\"-1\">Silencio en la sala<\/h2>\n<\/div>\n<div class=\"bbc-19j92fr ebmt73l0\" dir=\"ltr\">\n<p class=\"bbc-hhl7in e17g058b0\" dir=\"ltr\">Pero siempre hay que tomar las palabras de Trump con mucha cautela. Se mostr\u00f3 optimista solo unos momentos despu\u00e9s de reunirse con el presidente ucraniano en la sede de la ONU.<\/p>\n<\/div>\n<div class=\"bbc-19j92fr ebmt73l0\" dir=\"ltr\">\n<p class=\"bbc-hhl7in e17g058b0\" dir=\"ltr\">Y dijo que Ucrania podr\u00eda recuperar territorio con el apoyo de la Uni\u00f3n Europea y la Organizaci\u00f3n para el Tratado del Atl\u00e1ntico Norte (OTAN); no mencion\u00f3 la participaci\u00f3n de Estados Unidos.<\/p>\n<\/div>\n<div class=\"bbc-19j92fr ebmt73l0\" dir=\"ltr\">\n<p class=\"bbc-hhl7in e17g058b0\" dir=\"ltr\">Todas las pruebas de los \u00faltimos a\u00f1os indican que se trata de una guerra de desgaste lento y que Ucrania no recuperar\u00eda territorio de Rusia sin un apoyo militar masivo de Estados Unidos.<\/p>\n<\/div>\n<div class=\"bbc-19j92fr ebmt73l0\" dir=\"ltr\">\n<p class=\"bbc-hhl7in e17g058b0\" dir=\"ltr\">As\u00ed que esto era Trump en estado puro: una defensa de Estados Unidos y del Estado-naci\u00f3n, un ataque al multilateralismo y al globalismo, un torrente de conciencia con afirmaciones cuestionables.<\/p>\n<\/div>\n<div class=\"bbc-19j92fr ebmt73l0\" dir=\"ltr\">\n<p class=\"bbc-hhl7in e17g058b0\" dir=\"ltr\">Hace seis a\u00f1os, el p\u00fablico de Trump en la ONU se ri\u00f3 de sus afirmaciones, a veces poco objetivas; este a\u00f1o, escuch\u00f3 en gran parte en silencio.<\/p>\n<\/div>\n<div class=\"bbc-19j92fr ebmt73l0\" dir=\"ltr\">\n<p class=\"bbc-hhl7in e17g058b0\" dir=\"ltr\">&#8220;Soy muy bueno en esto&#8221;, dijo a los l\u00edderes mundiales. &#8220;Sus pa\u00edses se est\u00e1n yendo al infierno&#8221;.<\/p>\n<\/div>\n","protected":false},"excerpt":{"rendered":"<p>&nbsp; El discurso de Donald Trump este martes ante la Asamblea General de las Naciones Unidas fue una de las exposiciones m\u00e1s claras de su&hellip;<\/p>\n","protected":false},"author":99,"featured_media":536360,"comment_status":"open","ping_status":"open","sticky":false,"template":"","format":"standard","meta":{"footnotes":""},"categories":[24],"tags":[],"class_list":["post-536359","post","type-post","status-publish","format-standard","has-post-thumbnail","hentry","category-mundo"],"_links":{"self":[{"href":"https:\/\/diarioelpopular.com\/index.php\/wp-json\/wp\/v2\/posts\/536359","targetHints":{"allow":["GET"]}}],"collection":[{"href":"https:\/\/diarioelpopular.com\/index.php\/wp-json\/wp\/v2\/posts"}],"about":[{"href":"https:\/\/diarioelpopular.com\/index.php\/wp-json\/wp\/v2\/types\/post"}],"author":[{"embeddable":true,"href":"https:\/\/diarioelpopular.com\/index.php\/wp-json\/wp\/v2\/users\/99"}],"replies":[{"embeddable":true,"href":"https:\/\/diarioelpopular.com\/index.php\/wp-json\/wp\/v2\/comments?post=536359"}],"version-history":[{"count":1,"href":"https:\/\/diarioelpopular.com\/index.php\/wp-json\/wp\/v2\/posts\/536359\/revisions"}],"predecessor-version":[{"id":536361,"href":"https:\/\/diarioelpopular.com\/index.php\/wp-json\/wp\/v2\/posts\/536359\/revisions\/536361"}],"wp:featuredmedia":[{"embeddable":true,"href":"https:\/\/diarioelpopular.com\/index.php\/wp-json\/wp\/v2\/media\/536360"}],"wp:attachment":[{"href":"https:\/\/diarioelpopular.com\/index.php\/wp-json\/wp\/v2\/media?parent=536359"}],"wp:term":[{"taxonomy":"category","embeddable":true,"href":"https:\/\/diarioelpopular.com\/index.php\/wp-json\/wp\/v2\/categories?post=536359"},{"taxonomy":"post_tag","embeddable":true,"href":"https:\/\/diarioelpopular.com\/index.php\/wp-json\/wp\/v2\/tags?post=536359"}],"curies":[{"name":"wp","href":"https:\/\/api.w.org\/{rel}","templated":true}]}}