{"id":536405,"date":"2025-09-25T10:10:16","date_gmt":"2025-09-25T14:10:16","guid":{"rendered":"https:\/\/diarioelpopular.com\/?p=536405"},"modified":"2025-09-25T10:10:16","modified_gmt":"2025-09-25T14:10:16","slug":"sueldos-bajos-y-sobrecarga-laboral-historias-de-los-que-salvan-vidas-en-el-mayor-hospital-pediatrico-de-argentina","status":"publish","type":"post","link":"https:\/\/diarioelpopular.com\/index.php\/2025\/09\/25\/sueldos-bajos-y-sobrecarga-laboral-historias-de-los-que-salvan-vidas-en-el-mayor-hospital-pediatrico-de-argentina\/","title":{"rendered":"Sueldos bajos y sobrecarga laboral: historias de los que salvan vidas en el mayor hospital pedi\u00e1trico de Argentina"},"content":{"rendered":"<div id=\"attachment_536406\" style=\"width: 1210px\" class=\"wp-caption alignnone\"><img loading=\"lazy\" decoding=\"async\" aria-describedby=\"caption-attachment-536406\" class=\"wp-image-536406 size-custom-big-size\" src=\"https:\/\/diarioelpopular.com\/wp-content\/uploads\/2025\/09\/Screen-Shot-2025-09-25-at-10.09.17-AM-1200x805.png\" alt=\"\" width=\"1200\" height=\"805\" srcset=\"https:\/\/diarioelpopular.com\/wp-content\/uploads\/2025\/09\/Screen-Shot-2025-09-25-at-10.09.17-AM-1200x805.png 1200w, https:\/\/diarioelpopular.com\/wp-content\/uploads\/2025\/09\/Screen-Shot-2025-09-25-at-10.09.17-AM-300x201.png 300w, https:\/\/diarioelpopular.com\/wp-content\/uploads\/2025\/09\/Screen-Shot-2025-09-25-at-10.09.17-AM-768x515.png 768w, https:\/\/diarioelpopular.com\/wp-content\/uploads\/2025\/09\/Screen-Shot-2025-09-25-at-10.09.17-AM-636x426.png 636w, https:\/\/diarioelpopular.com\/wp-content\/uploads\/2025\/09\/Screen-Shot-2025-09-25-at-10.09.17-AM-80x55.png 80w, https:\/\/diarioelpopular.com\/wp-content\/uploads\/2025\/09\/Screen-Shot-2025-09-25-at-10.09.17-AM-109x73.png 109w, https:\/\/diarioelpopular.com\/wp-content\/uploads\/2025\/09\/Screen-Shot-2025-09-25-at-10.09.17-AM.png 1024w\" sizes=\"auto, (max-width: 1200px) 100vw, 1200px\" \/><p id=\"caption-attachment-536406\" class=\"wp-caption-text\">Trabajadores del Hospital Garrahan protestan en contra del veto a la salud p\u00fablica en Buenos Aires.\u00a0 \u00a0 \u00a0 \u00a0 \u00a0 \u00a0 \u00a0 \u00a0 \u00a0 \u00a0 \u00a0 \u00a0 \u00a0 \u00a0 \u00a0Foto Tiago Ram\u00edrez Baquero<\/p><\/div>\n<p>&nbsp;<\/p>\n<p>&nbsp;<\/p>\n<h4><em>&#8211; Personal de salud y familiares de pacientes cuentan como viven el d\u00eda a d\u00eda en medio del pulso que libran con Milei por m\u00e1s fondos<\/em><\/h4>\n<p>&nbsp;<\/p>\n<p class=\"\">La argentina Milagros Gonz\u00e1lez asegura que estar\u00e1 siempre en deuda con los m\u00e9dicos del hospital pedi\u00e1trico Garrahan porque salvaron a su hijo Patricio, hoy de cuatro a\u00f1os. \u201cMi hijo fue v\u00edctima de mala praxis en el momento del parto, le provocaron una par\u00e1lisis cerebral. Lo enviaron al Garrahan y lleg\u00f3 ac\u00e1 a las tres horas en una condici\u00f3n deplorable, pero le salvaron la vida\u201d, recuerda esta mujer de 45 a\u00f1os, madre de dos hijos. Milagros asiste a cada marcha que puede en defensa de este hospital nacional con casi 3.200 trabajadores.<\/p>\n<p class=\"\">En \u00e9l se atienden casos de alta complejidad de toda Argentina y\u00a0<a title=\"https:\/\/elpais.com\/argentina\/2024-10-08\/garrahan-el-mayor-hospital-pediatrico-de-argentina-encabeza-la-lucha-de-la-sanidad-publica-contra-los-recortes-de-milei.html\" href=\"https:\/\/elpais.com\/argentina\/2024-10-08\/garrahan-el-mayor-hospital-pediatrico-de-argentina-encabeza-la-lucha-de-la-sanidad-publica-contra-los-recortes-de-milei.html\" target=\"_self\" rel=\"\" data-link-track-dtm=\"\" data-mrf-link=\"https:\/\/elpais.com\/argentina\/2024-10-08\/garrahan-el-mayor-hospital-pediatrico-de-argentina-encabeza-la-lucha-de-la-sanidad-publica-contra-los-recortes-de-milei.html\">atraviesa la peor crisis de su historia por el recorte de fondos ordenado por el Gobierno de Javier Milei<\/a>. El bono complementario de 450.000 pesos (unos 320 d\u00f3lares) durante cuatro meses reci\u00e9n anunciado por la direcci\u00f3n del hospital fue considerado un parche por los trabajadores, que este mi\u00e9rcoles comenzaron una nueva jornada de huelga por 24 horas. El sueldo de los residentes equivale a\u00a0<a title=\"https:\/\/www.argentina.gob.ar\/salud\/residencias\/preguntas-frecuentes\" href=\"https:\/\/www.argentina.gob.ar\/salud\/residencias\/preguntas-frecuentes\" target=\"_blank\" rel=\"noopener noreferrer\" data-link-track-dtm=\"\" data-mrf-link=\"https:\/\/www.argentina.gob.ar\/salud\/residencias\/preguntas-frecuentes\">poco m\u00e1s de mil d\u00f3lares por un trabajo de 60 horas semanales<\/a>.<\/p>\n<p class=\"\">Los equipos de salud del Garrahan reclaman una ley de emergencia pedi\u00e1trica que les devuelva el poder adquisitivo perdido en los \u00faltimos a\u00f1os y que garantice que este hospital de referencia en Am\u00e9rica Latina mantenga su nivel de excelencia y deje de perder personal. \u201cPor cada tres enfermeros que se van porque renuncian o se jubilan, se repone uno\u201d, advierte el cardi\u00f3logo Jos\u00e9 Alonso, de 61 a\u00f1os, preocupado por la sobrecarga de trabajo y las condiciones en que se realiza.\u00a0<a title=\"https:\/\/elpais.com\/argentina\/2025-09-17\/el-congreso-argentino-rechaza-el-veto-de-milei-a-las-leyes-de-financiamiento-universitario-y-emergencia-pediatrica.html\" href=\"https:\/\/elpais.com\/argentina\/2025-09-17\/el-congreso-argentino-rechaza-el-veto-de-milei-a-las-leyes-de-financiamiento-universitario-y-emergencia-pediatrica.html\" target=\"_blank\" rel=\"noopener noreferrer\" data-link-track-dtm=\"\" data-mrf-link=\"https:\/\/elpais.com\/argentina\/2025-09-17\/el-congreso-argentino-rechaza-el-veto-de-milei-a-las-leyes-de-financiamiento-universitario-y-emergencia-pediatrica.html\">La ley de emergencia pedi\u00e1trica fue aprobada en agosto, pero Milei la vet\u00f3<\/a>\u00a0y los trabajadores conf\u00edan en que el Senado re\u00fana el pr\u00f3ximo 2 de octubre los votos suficientes para revertir el veto presidencial.<\/p>\n<p class=\"\">A la espera de esa votaci\u00f3n, la prensa habl\u00f3 con algunos de los trabajadores del Garrahan para conocer su trabajo en el hospital en el que se realizan la mitad de los transplantes infantiles que se hacen en Argentina, se trata a pacientes con enfermedades raras y de alta complejidad procedentes de todas las provincias y se atiende cada a\u00f1o m\u00e1s de 600.000 consultas. El deterioro socioecon\u00f3mico que vive el pa\u00eds repercute en la situaci\u00f3n de las familias que llegan a este centro como su \u00faltima esperanza.<\/p>\n<h3 class=\"\">Jos\u00e9 Alonso, cardi\u00f3logo, 61 a\u00f1os<\/h3>\n<p class=\"\">El cardi\u00f3logo Jos\u00e9 Alonso dice con orgullo que fue el primer m\u00e9dico de su familia, pero no el \u00faltimo, ya que su hija sigui\u00f3 sus pasos. Licenciado en la Universidad de Buenos Aires, Alonso lleva m\u00e1s de la mitad de su vida trabajando en el Garrahan y en ese hospital forma tambi\u00e9n a las nuevas generaciones de profesionales en hemodinamia infantil. \u201cEste es un hospital universitario de excelencia y la educaci\u00f3n que tenemos es continua. Hay m\u00e9dicos formados en este hospital que trabajan por todo el mundo y que son invitados a congresos internacionales para dar su opini\u00f3n\u201d, dice Alonso.<\/p>\n<p>&nbsp;<\/p>\n<figure class=\"a_m a_m-h \">\n<p><div style=\"width: 424px\" class=\"wp-caption alignnone\"><img loading=\"lazy\" decoding=\"async\" class=\"_re lazyload a_m-h\" src=\"https:\/\/imagenes.elpais.com\/resizer\/v2\/WKDMH6PS3RAHLKFOAX2W37RFCM.jpg?auth=d28f5ed3529d47fecfe7430dc45a0bb6b2699ad742b7a82d0421f49c3828a035&amp;width=414\" sizes=\"auto, (min-width:1199px) 1155px,(min-width:1001px) calc(100vw - 44px),(min-width:768px) 767px, 100vw\" srcset=\"https:\/\/imagenes.elpais.com\/resizer\/v2\/WKDMH6PS3RAHLKFOAX2W37RFCM.jpg?auth=d28f5ed3529d47fecfe7430dc45a0bb6b2699ad742b7a82d0421f49c3828a035&amp;width=414 414w,https:\/\/imagenes.elpais.com\/resizer\/v2\/WKDMH6PS3RAHLKFOAX2W37RFCM.jpg?auth=d28f5ed3529d47fecfe7430dc45a0bb6b2699ad742b7a82d0421f49c3828a035&amp;width=828 640w,https:\/\/imagenes.elpais.com\/resizer\/v2\/WKDMH6PS3RAHLKFOAX2W37RFCM.jpg?auth=d28f5ed3529d47fecfe7430dc45a0bb6b2699ad742b7a82d0421f49c3828a035&amp;width=980 1000w,https:\/\/imagenes.elpais.com\/resizer\/v2\/WKDMH6PS3RAHLKFOAX2W37RFCM.jpg?auth=d28f5ed3529d47fecfe7430dc45a0bb6b2699ad742b7a82d0421f49c3828a035&amp;width=1960 1960w\" alt=\"\" width=\"414\" height=\"276\" \/><p class=\"wp-caption-text\">Jos\u00e9 Alonso, m\u00e9dico cardi\u00f3logo del hospital Garrahan.\u00a0 \u00a0 \u00a0 \u00a0 \u00a0 \u00a0 \u00a0 \u00a0Foto Tiago Ram\u00edrez Baquero<\/p><\/div><figcaption class=\"a_m_p\" aria-hidden=\"true\"><\/figcaption><\/figure>\n<p>&nbsp;<\/p>\n<p class=\"\">Su especializaci\u00f3n consiste en realizar intervenciones quir\u00fargicas m\u00ednimamente invasivas con cat\u00e9teres para diagnosticar y tratar enfermedades del coraz\u00f3n y los vasos sangu\u00edneos. \u201cAtendemos casos muy dif\u00edciles en condiciones cada vez m\u00e1s adversas porque tenemos menos personal y m\u00e1s demanda\u201d, lamenta. Este cardi\u00f3logo se\u00f1ala que en el Garrahan cada enfermero, al igual que los m\u00e9dicos, es especialista en su \u00e1rea y cada baja supone un golpe para los equipos. De cada tres que se van, solo se reemplaza uno y eso aumenta la sobrecarga y el cansancio de los que quedan. \u201cM\u00e9dicos tambi\u00e9n, no s\u00e9 cu\u00e1ntos exactamente, pero muchos se han ido a trabajar en la actividad privada porque no tienen c\u00f3mo vivir con lo que ganan ac\u00e1\u201d, lamenta.<\/p>\n<p class=\"\">Alonso subraya que est\u00e1 a favor de que realicen auditor\u00edas en el hospital, como exige el Gobierno, y que lo vuelvan m\u00e1s eficiente, pero se opone a que instalen un sistema de reconocimiento facial para controlar las entradas y salidas del personal como si el hospital fuese una oficina. \u201cEs una cuesti\u00f3n de sentido com\u00fan que no puedo obligar a nadie a que se quede en un horario porque despu\u00e9s, cuando hay una emergencia, alguien del equipo viene y no nos lo paga, venimos gratis porque nos preocupa el paciente. Usted puede decir: \u00bfson bobos? Puede que s\u00ed, pero en este hospital nadie trabaja por el horario\u201d, dice sobre otro de los motivos de desencuentro con las autoridades del hospital, adem\u00e1s de la bajada de sueldos.<\/p>\n<h3 class=\"\">Guillermina Manevy, residente, 30 a\u00f1os<\/h3>\n<p class=\"\">Un perro mordi\u00f3 la cara de Guillermina Manevy cuando ten\u00eda tres a\u00f1os y sus padres la llevaron al Garrahan. \u201cTen\u00edan los recursos para atenderme en otro lado si quer\u00edan, pero me trajeron ac\u00e1 porque estaba el mejor equipo de cirug\u00eda pl\u00e1stica\u201d, cuenta. A sus 28 volvi\u00f3 de nuevo, pero esta vez para comenzar su residencia en trabajo social.<\/p>\n<p class=\"\">Manevy est\u00e1 ahora en su tercer y \u00faltimo a\u00f1o de residencia y aunque pensaba continuar su carrera en este hospital p\u00fablico, el deterioro de las condiciones salariales y la sobrecarga le han hecho cambiar de idea. \u201cEs contradictorio porque me gusta el trabajo ac\u00e1, pero uno no vive de la vocaci\u00f3n, sino que necesita pagar las cuentas. Hoy me ir\u00eda\u201d, dice. Enumera una larga lista de razones por las que alejarse del Garrahan, entre las que destaca la p\u00e9rdida de poder adquisitivo \u2014 \u201cSi no tuviera pareja o si tuviera hijos hoy no podr\u00eda sostener la residencia\u201d\u2014, la renuncia de cuatro puestos que no se cubrieron y el aumento no s\u00f3lo de la demanda sino de la complejidad. \u201cSomos menos para situaciones mucho m\u00e1s complejas\u201d, resume.<\/p>\n<p>&nbsp;<\/p>\n<figure class=\"a_m a_m-h \">\n<p><div style=\"width: 424px\" class=\"wp-caption alignnone\"><img loading=\"lazy\" decoding=\"async\" class=\"_re lazyload a_m-h\" src=\"https:\/\/imagenes.elpais.com\/resizer\/v2\/Y2FATNI7HVG2XKV6P5IYZYDFQY.jpg?auth=945cf9469215cbbf281dee659398867873127cdbdff1d48a38ed1474e33b53a9&amp;width=414\" sizes=\"auto, (min-width:1199px) 1155px,(min-width:1001px) calc(100vw - 44px),(min-width:768px) 767px, 100vw\" srcset=\"https:\/\/imagenes.elpais.com\/resizer\/v2\/Y2FATNI7HVG2XKV6P5IYZYDFQY.jpg?auth=945cf9469215cbbf281dee659398867873127cdbdff1d48a38ed1474e33b53a9&amp;width=414 414w,https:\/\/imagenes.elpais.com\/resizer\/v2\/Y2FATNI7HVG2XKV6P5IYZYDFQY.jpg?auth=945cf9469215cbbf281dee659398867873127cdbdff1d48a38ed1474e33b53a9&amp;width=828 640w,https:\/\/imagenes.elpais.com\/resizer\/v2\/Y2FATNI7HVG2XKV6P5IYZYDFQY.jpg?auth=945cf9469215cbbf281dee659398867873127cdbdff1d48a38ed1474e33b53a9&amp;width=980 1000w,https:\/\/imagenes.elpais.com\/resizer\/v2\/Y2FATNI7HVG2XKV6P5IYZYDFQY.jpg?auth=945cf9469215cbbf281dee659398867873127cdbdff1d48a38ed1474e33b53a9&amp;width=1960 1960w\" alt=\"\" width=\"414\" height=\"276\" \/><p class=\"wp-caption-text\">Guillermina, residente de Trabajo Social.\u00a0 \u00a0 \u00a0 \u00a0 \u00a0 \u00a0 \u00a0 \u00a0 \u00a0 \u00a0 \u00a0 \u00a0 \u00a0 \u00a0 \u00a0 \u00a0 \u00a0 \u00a0 \u00a0 \u00a0 Foto Tiago Ram\u00edrez Baquero<\/p><\/div><figcaption class=\"a_m_p\" aria-hidden=\"true\"><\/figcaption><\/figure>\n<p>&nbsp;<\/p>\n<p class=\"\">Como trabajadora social, Manevy est\u00e1 en contacto permanente con las familias y ve que muchas tienen cada vez m\u00e1s dificultades para trasladar a sus hijos hasta el hospital para que cumplan en tiempo y forma los tratamientos. \u201cEnfermedades como las que se atienden ac\u00e1 generan todo un desorden familiar que hay que acompa\u00f1ar, pero ahora se le suma el desempleo creciente de los cuidadores y cuestiones econ\u00f3micas, como que hay familias que no llegan al hospital porque no tienen plata para viajar o que llegan pero est\u00e1n sin comer mientras el hijo est\u00e1 ingresado\u201d, relata.<\/p>\n<h3 class=\"\">Javier Medina, enfermero, 61 a\u00f1os<\/h3>\n<p class=\"\">La defensa f\u00e9rrea que hacen los argentinos de la universidad p\u00fablica gratuita tiene que ver con que ha actuado como ascensor social para varias generaciones. Es el caso del enfermero y docente Javier Medina: \u201cVengo de un origen muy bajo, muy pobre y para m\u00ed el estudio y la universidad fueron mi ascenso social\u201d. A los doce a\u00f1os, su hermano mayor qued\u00f3 cuadripl\u00e9jico y su padre falleci\u00f3, as\u00ed que Medina tuvo que salir a trabajar. Una vecina se compadeci\u00f3 de la familia y lo ayud\u00f3 a instalar un peque\u00f1o kiosco de golosinas frente a la estaci\u00f3n de Lan\u00fas, en la periferia sur de Buenos Aires, donde todav\u00eda vive. Compaginaba ese trabajo con la venta de diarios por la calle, de pa\u00f1uelos en el autob\u00fas y con lo que encontraba. \u201cHac\u00eda de todo, todo lo que me sal\u00eda\u201d, recuerda.<\/p>\n<p class=\"\">Aunque en ese momento tuvo que dejar la escuela, la retom\u00f3 cuando pudo y nunca m\u00e1s par\u00f3. \u201cEn la universidad me encontr\u00e9 todo otro mundo. Toda mi vida hab\u00eda so\u00f1ado con ser m\u00e9dico, pero no me gust\u00f3 la carrera, era muy impersonal y descubr\u00ed que mi vocaci\u00f3n estaba en la enfermer\u00eda\u201d, dice Medina, quien lleva ya casi un cuarto de siglo como enfermero en el Garrahan.<\/p>\n<p>&nbsp;<\/p>\n<figure class=\"a_m a_m-h \">\n<p><div style=\"width: 424px\" class=\"wp-caption alignnone\"><img loading=\"lazy\" decoding=\"async\" class=\"_re lazyload a_m-h\" src=\"https:\/\/imagenes.elpais.com\/resizer\/v2\/A5HNCJE4C5FCDNDTRCYYYNGMSU.jpg?auth=d22b318c601db750b90cc02640ac3687bae10af11b5e88769df04f8c993a6f97&amp;width=414\" sizes=\"auto, (min-width:1199px) 1155px,(min-width:1001px) calc(100vw - 44px),(min-width:768px) 767px, 100vw\" srcset=\"https:\/\/imagenes.elpais.com\/resizer\/v2\/A5HNCJE4C5FCDNDTRCYYYNGMSU.jpg?auth=d22b318c601db750b90cc02640ac3687bae10af11b5e88769df04f8c993a6f97&amp;width=414 414w,https:\/\/imagenes.elpais.com\/resizer\/v2\/A5HNCJE4C5FCDNDTRCYYYNGMSU.jpg?auth=d22b318c601db750b90cc02640ac3687bae10af11b5e88769df04f8c993a6f97&amp;width=828 640w,https:\/\/imagenes.elpais.com\/resizer\/v2\/A5HNCJE4C5FCDNDTRCYYYNGMSU.jpg?auth=d22b318c601db750b90cc02640ac3687bae10af11b5e88769df04f8c993a6f97&amp;width=980 1000w,https:\/\/imagenes.elpais.com\/resizer\/v2\/A5HNCJE4C5FCDNDTRCYYYNGMSU.jpg?auth=d22b318c601db750b90cc02640ac3687bae10af11b5e88769df04f8c993a6f97&amp;width=1960 1960w\" alt=\"\" width=\"414\" height=\"276\" \/><p class=\"wp-caption-text\">Javier Medina, enfermero y docente del Hospital Garrahan desde hace 24 a\u00f1os. Foto Tiago Ram\u00edrez Baquero<\/p><\/div><figcaption class=\"a_m_p\" aria-hidden=\"true\"><\/figcaption><\/figure>\n<p>&nbsp;<\/p>\n<p class=\"\">\u201cLos chicos que atendemos son h\u00e9roes, aguantan tratamientos dur\u00edsimos, y su fuerza nos da fuerza a nosotros tambi\u00e9n. Yo nac\u00ed cobarde, pero me volv\u00ed valiente por ellos\u201d, dice sobre los v\u00ednculos que \u00e9l y el resto del equipo de oncolog\u00eda infantil del Garrahan establecen con pacientes que pelean entre la vida y la muerte. Medina celebra cada paciente que supera un c\u00e1ncer y sale curado de all\u00ed. \u201cUna nos invit\u00f3 a su cumplea\u00f1os de quince y nos hizo entrar de la mano con ella\u201d, relata emocionado. \u201cA veces es muy triste porque se intenta todo, pero no los podemos salvar\u201d, contin\u00faa.<\/p>\n<p class=\"\">Este enfermero est\u00e1 convencido de que luchar sirve y que al final obtendr\u00e1n una recomposici\u00f3n salarial porque la sociedad argentina los acompa\u00f1a. A\u00fan as\u00ed, de todas las crisis que vivi\u00f3 la salud p\u00fablica en Argentina siente que esta es la peor. \u201cLa salud nunca puede ser un privilegio\u201d, opina sobre los ataques de Milei al Estado y sobre la desfinanciaci\u00f3n de todos los hospitales p\u00fablicos nacionales, que hasta ahora siempre tuvieron sueldos por encima de los que ten\u00edan los provinciales. \u201cTengo colegas que est\u00e1n haciendo de Uber u otros trabajos parecidos y no se puede porque con la complejidad de nuestro laburo tenemos que estar bien descansados, la situaci\u00f3n actual genera mucho desgaste\u201d, advierte.<\/p>\n<h3 class=\"\">Jorge Morales, radi\u00f3logo, 42 a\u00f1os<\/h3>\n<p class=\"\">Entre los recuerdos de infancia de Jorge Morales est\u00e1 jugar por los pasillos del Garrahan porque sus dos padres eran administrativos del hospital. \u00c9l continu\u00f3 con la tradici\u00f3n familiar, pero desde otro sitio: entr\u00f3 como t\u00e9cnico radi\u00f3logo hace 19 a\u00f1os.<\/p>\n<p class=\"\">Morales pelea ahora junto a los sindicatos por la mejora de su salario y del de los otros casi 3.200 trabajadores del hospital. \u201cEl Garrahan es \u00fanico a nivel nacional y tambi\u00e9n un referente en Am\u00e9rica Latina. Es un hospital de alta complejidad de excelencia, con trabajadores muy comprometidos, que no vamos a dejar que lo vac\u00eden como\u00a0<a title=\"https:\/\/elpais.com\/argentina\/2025-03-21\/la-lucha-del-gran-hospital-de-salud-mental-de-argentina-contra-los-recortes-de-milei-en-imagenes.html\" href=\"https:\/\/elpais.com\/argentina\/2025-03-21\/la-lucha-del-gran-hospital-de-salud-mental-de-argentina-contra-los-recortes-de-milei-en-imagenes.html\" target=\"_self\" rel=\"\" data-link-track-dtm=\"\" data-mrf-link=\"https:\/\/elpais.com\/argentina\/2025-03-21\/la-lucha-del-gran-hospital-de-salud-mental-de-argentina-contra-los-recortes-de-milei-en-imagenes.html\">el Bonaparte, que est\u00e1 a solo una cuadra de ac\u00e1\u201d<\/a>, dice en referencia al cercano hospital especializado en salud mental y adicciones, que Milei ha dejado en m\u00ednimos tras despedir a personal y reducir servicios.<\/p>\n<p>&nbsp;<\/p>\n<figure class=\"a_m a_m-h \">\n<p><div style=\"width: 424px\" class=\"wp-caption alignnone\"><img loading=\"lazy\" decoding=\"async\" class=\"_re lazyload a_m-h\" src=\"https:\/\/imagenes.elpais.com\/resizer\/v2\/3UCR5EXZ35CBPM2XNCJJWNZXVY.jpg?auth=15a6a2dbc629e4fc403bedf217cc30100a8c497c9b4a4c3fb6dae2b81c08cb10&amp;width=414\" sizes=\"auto, (min-width:1199px) 1155px,(min-width:1001px) calc(100vw - 44px),(min-width:768px) 767px, 100vw\" srcset=\"https:\/\/imagenes.elpais.com\/resizer\/v2\/3UCR5EXZ35CBPM2XNCJJWNZXVY.jpg?auth=15a6a2dbc629e4fc403bedf217cc30100a8c497c9b4a4c3fb6dae2b81c08cb10&amp;width=414 414w,https:\/\/imagenes.elpais.com\/resizer\/v2\/3UCR5EXZ35CBPM2XNCJJWNZXVY.jpg?auth=15a6a2dbc629e4fc403bedf217cc30100a8c497c9b4a4c3fb6dae2b81c08cb10&amp;width=828 640w,https:\/\/imagenes.elpais.com\/resizer\/v2\/3UCR5EXZ35CBPM2XNCJJWNZXVY.jpg?auth=15a6a2dbc629e4fc403bedf217cc30100a8c497c9b4a4c3fb6dae2b81c08cb10&amp;width=980 1000w,https:\/\/imagenes.elpais.com\/resizer\/v2\/3UCR5EXZ35CBPM2XNCJJWNZXVY.jpg?auth=15a6a2dbc629e4fc403bedf217cc30100a8c497c9b4a4c3fb6dae2b81c08cb10&amp;width=1960 1960w\" alt=\"\" width=\"414\" height=\"276\" \/><p class=\"wp-caption-text\">Jorge Morales, t\u00e9cnico radi\u00f3logo desde hace 18 a\u00f1os.\u00a0 \u00a0 \u00a0 \u00a0 \u00a0 \u00a0 \u00a0 \u00a0 \u00a0 Foto Tiago Ram\u00edrez Baquero<\/p><\/div><figcaption class=\"a_m_p\" aria-hidden=\"true\"><\/figcaption><\/figure>\n<p>&nbsp;<\/p>\n<p class=\"\">\u201cAc\u00e1 cada d\u00eda ves casos que nunca hab\u00edas visto antes, cada uno con una particularidad distinta\u201d, afirma. Pone como ejemplo un paciente ciego que padec\u00eda osteog\u00e9nesis imperfecta, una enfermedad tambi\u00e9n conocida como \u201chuesos de cristal\u201d porque se parten solos, y una ni\u00f1a trasplantada del coraz\u00f3n que le regal\u00f3 una pulsera hecha por ella que todav\u00eda conserva. \u201cEstos detalles te ayudan a seguir, porque lo que vivimos ahora es un desastre. Trabajamos 42 horas semanales al 100%, pero ven\u00eds desmotivados porque est\u00e1s pensando en que no sab\u00e9s c\u00f3mo vas a pagar el alquiler, la alimentaci\u00f3n, la vestimenta y la escuela de tus hijos\u201d, lamenta este padre de dos adolescentes. \u201cLos compa\u00f1eros que empiezan cobran menos de un mill\u00f3n de pesos (unos 700 d\u00f3lares) por un trabajo tan complejo\u201d, critica.<\/p>\n<h3 class=\"\">Rodrigo M\u00f3rtola, padre de un paciente<\/h3>\n<p class=\"\">Rodrigo M\u00f3rtola trabaja como ganadero en una finca en Corrientes, en el norte de Argentina, pero hace tres meses que pidi\u00f3 licencia para viajar a Buenos Aires y que su hijo reci\u00e9n nacido quedase en manos de los m\u00e9dicos del Garrahan. \u201cEstuvo internado en una cl\u00ednica privada en Corrientes, pero lo tuvieron 15 d\u00edas sin darnos ning\u00fan diagn\u00f3stico y nos mandaron para ac\u00e1. Hoy vemos que nuestro hijo est\u00e1 un 90% saliendo adelante gracias a la atenci\u00f3n excelente que recibe\u201d, dice.<\/p>\n<p class=\"\">\u201cPara todos los padres y madres que estamos ac\u00e1 de todas las provincias del pa\u00eds, lo que est\u00e1 haciendo el Gobierno con el Garrahan nos duele porque en ning\u00fan lugar hay la atenci\u00f3n que hay ac\u00e1. Los enfermeros est\u00e1n todo el d\u00eda trabajando, los m\u00e9dicos cuando hay un problema los ves corriendo en neonatolog\u00eda, donde est\u00e1 mi hijo. No se puede creer que los maltraten y los paguen mal, es una verg\u00fcenza\u201d, opina M\u00f3rtola. \u201cEn ning\u00fan hospital de Corrientes hay la tecnolog\u00eda ni los m\u00e9dicos que hay ac\u00e1. Salvan vidas cada d\u00eda\u201d, subraya.<\/p>\n<p>&nbsp;<\/p>\n<figure class=\"a_m a_m-h \">\n<p><div style=\"width: 424px\" class=\"wp-caption alignnone\"><img loading=\"lazy\" decoding=\"async\" class=\"_re lazyload a_m-h\" src=\"https:\/\/imagenes.elpais.com\/resizer\/v2\/MKK6442IWZBP3GIV7KVY52JT7I.jpg?auth=b13690f9245b05321e922af10dbd9d6bf12194024d000443f76b8dba356ace76&amp;width=414\" sizes=\"auto, (min-width:1199px) 1155px,(min-width:1001px) calc(100vw - 44px),(min-width:768px) 767px, 100vw\" srcset=\"https:\/\/imagenes.elpais.com\/resizer\/v2\/MKK6442IWZBP3GIV7KVY52JT7I.jpg?auth=b13690f9245b05321e922af10dbd9d6bf12194024d000443f76b8dba356ace76&amp;width=414 414w,https:\/\/imagenes.elpais.com\/resizer\/v2\/MKK6442IWZBP3GIV7KVY52JT7I.jpg?auth=b13690f9245b05321e922af10dbd9d6bf12194024d000443f76b8dba356ace76&amp;width=828 640w,https:\/\/imagenes.elpais.com\/resizer\/v2\/MKK6442IWZBP3GIV7KVY52JT7I.jpg?auth=b13690f9245b05321e922af10dbd9d6bf12194024d000443f76b8dba356ace76&amp;width=980 1000w,https:\/\/imagenes.elpais.com\/resizer\/v2\/MKK6442IWZBP3GIV7KVY52JT7I.jpg?auth=b13690f9245b05321e922af10dbd9d6bf12194024d000443f76b8dba356ace76&amp;width=1960 1960w\" alt=\"\" width=\"414\" height=\"276\" \/><p class=\"wp-caption-text\">Lorena y Rodrigo, padres de una menor atendida en el Hospital Garrahan. Foto Tiago Ram\u00edrez Baquero<\/p><\/div><figcaption class=\"a_m_p\" aria-hidden=\"true\"><\/figcaption><\/figure>\n","protected":false},"excerpt":{"rendered":"<p>&nbsp; &nbsp; &#8211; Personal de salud y familiares de pacientes cuentan como viven el d\u00eda a d\u00eda en medio del pulso que libran con Milei&hellip;<\/p>\n","protected":false},"author":99,"featured_media":536406,"comment_status":"open","ping_status":"open","sticky":false,"template":"","format":"standard","meta":{"footnotes":""},"categories":[23,11354],"tags":[],"class_list":["post-536405","post","type-post","status-publish","format-standard","has-post-thumbnail","hentry","category-latinoamerica","category-sucesos"],"_links":{"self":[{"href":"https:\/\/diarioelpopular.com\/index.php\/wp-json\/wp\/v2\/posts\/536405","targetHints":{"allow":["GET"]}}],"collection":[{"href":"https:\/\/diarioelpopular.com\/index.php\/wp-json\/wp\/v2\/posts"}],"about":[{"href":"https:\/\/diarioelpopular.com\/index.php\/wp-json\/wp\/v2\/types\/post"}],"author":[{"embeddable":true,"href":"https:\/\/diarioelpopular.com\/index.php\/wp-json\/wp\/v2\/users\/99"}],"replies":[{"embeddable":true,"href":"https:\/\/diarioelpopular.com\/index.php\/wp-json\/wp\/v2\/comments?post=536405"}],"version-history":[{"count":1,"href":"https:\/\/diarioelpopular.com\/index.php\/wp-json\/wp\/v2\/posts\/536405\/revisions"}],"predecessor-version":[{"id":536407,"href":"https:\/\/diarioelpopular.com\/index.php\/wp-json\/wp\/v2\/posts\/536405\/revisions\/536407"}],"wp:featuredmedia":[{"embeddable":true,"href":"https:\/\/diarioelpopular.com\/index.php\/wp-json\/wp\/v2\/media\/536406"}],"wp:attachment":[{"href":"https:\/\/diarioelpopular.com\/index.php\/wp-json\/wp\/v2\/media?parent=536405"}],"wp:term":[{"taxonomy":"category","embeddable":true,"href":"https:\/\/diarioelpopular.com\/index.php\/wp-json\/wp\/v2\/categories?post=536405"},{"taxonomy":"post_tag","embeddable":true,"href":"https:\/\/diarioelpopular.com\/index.php\/wp-json\/wp\/v2\/tags?post=536405"}],"curies":[{"name":"wp","href":"https:\/\/api.w.org\/{rel}","templated":true}]}}