{"id":536409,"date":"2025-09-25T10:17:09","date_gmt":"2025-09-25T14:17:09","guid":{"rendered":"https:\/\/diarioelpopular.com\/?p=536409"},"modified":"2025-09-25T10:17:09","modified_gmt":"2025-09-25T14:17:09","slug":"la-victimizacion-de-los-agentes-del-ice-la-nueva-bandera-de-trump-para-promover-el-terror-migratorio","status":"publish","type":"post","link":"https:\/\/diarioelpopular.com\/index.php\/2025\/09\/25\/la-victimizacion-de-los-agentes-del-ice-la-nueva-bandera-de-trump-para-promover-el-terror-migratorio\/","title":{"rendered":"La victimizaci\u00f3n de los agentes del ICE, la nueva bandera de Trump para promover el terror migratorio"},"content":{"rendered":"<div id=\"attachment_536410\" style=\"width: 1210px\" class=\"wp-caption alignnone\"><img loading=\"lazy\" decoding=\"async\" aria-describedby=\"caption-attachment-536410\" class=\"wp-image-536410 size-custom-big-size\" src=\"https:\/\/diarioelpopular.com\/wp-content\/uploads\/2025\/09\/Screen-Shot-2025-09-25-at-10.16.21-AM-1200x799.png\" alt=\"\" width=\"1200\" height=\"799\" srcset=\"https:\/\/diarioelpopular.com\/wp-content\/uploads\/2025\/09\/Screen-Shot-2025-09-25-at-10.16.21-AM-1200x799.png 1200w, https:\/\/diarioelpopular.com\/wp-content\/uploads\/2025\/09\/Screen-Shot-2025-09-25-at-10.16.21-AM-300x200.png 300w, https:\/\/diarioelpopular.com\/wp-content\/uploads\/2025\/09\/Screen-Shot-2025-09-25-at-10.16.21-AM-768x511.png 768w, https:\/\/diarioelpopular.com\/wp-content\/uploads\/2025\/09\/Screen-Shot-2025-09-25-at-10.16.21-AM-636x423.png 636w, https:\/\/diarioelpopular.com\/wp-content\/uploads\/2025\/09\/Screen-Shot-2025-09-25-at-10.16.21-AM-110x73.png 110w, https:\/\/diarioelpopular.com\/wp-content\/uploads\/2025\/09\/Screen-Shot-2025-09-25-at-10.16.21-AM.png 1024w\" sizes=\"auto, (max-width: 1200px) 100vw, 1200px\" \/><p id=\"caption-attachment-536410\" class=\"wp-caption-text\">Agentes del FBI en la azotea del edificio frente a la oficina del ICE, en Dallas, Texas, el 24 de septiembre.\u00a0 \u00a0 \u00a0 \u00a0 \u00a0 \u00a0 \u00a0 \u00a0 \u00a0 \u00a0 \u00a0Foto Jeffrey McWhorter (REUTERS)<\/p><\/div>\n<p>&nbsp;<\/p>\n<p>&nbsp;<\/p>\n<h4><em>&#8211; El tiroteo de este mi\u00e9rcoles en Dallas fue el tercero que se produce contra una oficina de inmigraci\u00f3n en Texas en lo que va de a\u00f1o. El Gobierno denuncia que las agresiones contra los oficiales han aumentado en un 1.000%<\/em><\/h4>\n<p>&nbsp;<\/p>\n<p class=\"\">Un hombre dispar\u00f3 este mi\u00e9rcoles contra una oficina del Servicio de Inmigraci\u00f3n y Control de Aduanas (ICE, por sus siglas en ingl\u00e9s) en Dallas (Texas), donde se encontraban migrantes detenidos, presuntamente con el objetivo de agredir a los agentes. Pero al final fueron los migrantes quienes pagaron el ataque.\u00a0<a title=\"https:\/\/elpais.com\/us\/migracion\/2025-09-24\/al-menos-tres-personas-resultan-heridas-en-un-tiroteo-en-una-oficinal-del-ice-en-dallas.html\" href=\"https:\/\/elpais.com\/us\/migracion\/2025-09-24\/al-menos-tres-personas-resultan-heridas-en-un-tiroteo-en-una-oficinal-del-ice-en-dallas.html\" target=\"_self\" rel=\"\" data-link-track-dtm=\"\" data-mrf-link=\"https:\/\/elpais.com\/us\/migracion\/2025-09-24\/al-menos-tres-personas-resultan-heridas-en-un-tiroteo-en-una-oficinal-del-ice-en-dallas.html\">Uno de ellos result\u00f3 muerto y otros dos, heridos.<\/a>\u00a0El autor del tiroteo tambi\u00e9n falleci\u00f3 por un disparo propio. Las comunicaciones iniciales de las autoridades sugirieron el motivo del ataque y el Gobierno lo enmarc\u00f3 en el aumento de las agresiones contra los agentes migratorios.<\/p>\n<p class=\"\">Donald Trump de inmediato y sin tener evidencia alguna culpabiliz\u00f3 del suceso a \u201clos dem\u00f3cratas de la izquierda radical\u201d que \u201cdemonizan constantemente a las fuerzas del orden, piden que el ICE sea desmantelado y comparan a los agentes del ICE con \u2018nazis\u2019\u201d. \u201cLos Valientes Hombres y Mujeres del ICE solo intentan hacer su trabajo y sacar a los \u2018PEORES de los PEORES\u2019 criminales de nuestro pa\u00eds, pero est\u00e1n enfrentando un aumento sin precedentes de amenazas, violencia y ataques por parte de Radicales de Izquierda desquiciados\u201d, escribi\u00f3 en su red social Truth, repitiendo afirmaciones que otros miembros de su Administraci\u00f3n estuvieron haciendo todo el d\u00eda.<\/p>\n<p class=\"\">Ning\u00fan agente result\u00f3 herido en el tiroteo en Dallas, pero el responsable del FBI en la ciudad texana, Joe Rothrock, afirm\u00f3 que se hab\u00edan encontrado balas con \u201cmensajes de naturaleza anti-ICE\u201d en el lugar donde se hallaba el presunto francotirador. M\u00e1s tarde, el director del FBI, Kash Patel, public\u00f3 una imagen en X que, seg\u00fan \u00e9l, mostraba casquillos de bala sin utilizar del tirador, incluido uno con la palabra \u201cANTI-ICE\u201d escrita en tinta azul.<\/p>\n<p>&nbsp;<\/p>\n<figure class=\"a_m a_m-h \">\n<p><div style=\"width: 424px\" class=\"wp-caption alignnone\"><img loading=\"lazy\" decoding=\"async\" class=\"_re lazyload a_m-h\" src=\"https:\/\/imagenes.elpais.com\/resizer\/v2\/LOCF27F5ANL45PEHV27P3HCN3E.jpg?auth=ebaf473fe9394bbe737347a884966590724f370991f7fbda301c97a9b5218e19&amp;width=414\" sizes=\"auto, (min-width:1199px) 1155px,(min-width:1001px) calc(100vw - 44px),(min-width:768px) 767px, 100vw\" srcset=\"https:\/\/imagenes.elpais.com\/resizer\/v2\/LOCF27F5ANL45PEHV27P3HCN3E.jpg?auth=ebaf473fe9394bbe737347a884966590724f370991f7fbda301c97a9b5218e19&amp;width=414 414w,https:\/\/imagenes.elpais.com\/resizer\/v2\/LOCF27F5ANL45PEHV27P3HCN3E.jpg?auth=ebaf473fe9394bbe737347a884966590724f370991f7fbda301c97a9b5218e19&amp;width=828 640w,https:\/\/imagenes.elpais.com\/resizer\/v2\/LOCF27F5ANL45PEHV27P3HCN3E.jpg?auth=ebaf473fe9394bbe737347a884966590724f370991f7fbda301c97a9b5218e19&amp;width=980 1000w,https:\/\/imagenes.elpais.com\/resizer\/v2\/LOCF27F5ANL45PEHV27P3HCN3E.jpg?auth=ebaf473fe9394bbe737347a884966590724f370991f7fbda301c97a9b5218e19&amp;width=1960 1960w\" alt=\"\" width=\"414\" height=\"312\" \/><p class=\"wp-caption-text\">Casquillos recuperados con la inscripci\u00f3n &#8216;ANTI ICE&#8217;, fotograf\u00eda publicada por el director del FBI, Kash Patel, a trav\u00e9s de X.@FBIDirectorKash via X (via REUTERS)<\/p><\/div><figcaption class=\"a_m_p\" aria-hidden=\"true\"><\/figcaption><\/figure>\n<p>&nbsp;<\/p>\n<p class=\"\">La Administraci\u00f3n lleva meses denunciando el aumento de las agresiones a los agentes del ICE, encargados de las redadas que se suceden en las calles de todo el pa\u00eds para conseguir\u00a0<a title=\"https:\/\/elpais.com\/us\/migracion\/2025-09-20\/mas-deportaciones-pero-muy-lejos-de-la-mayor-de-la-historia-nueve-meses-de-cruzada-migratoria-de-trump-en-graficos.html\" href=\"https:\/\/elpais.com\/us\/migracion\/2025-09-20\/mas-deportaciones-pero-muy-lejos-de-la-mayor-de-la-historia-nueve-meses-de-cruzada-migratoria-de-trump-en-graficos.html\" target=\"_self\" rel=\"\" data-link-track-dtm=\"\" data-mrf-link=\"https:\/\/elpais.com\/us\/migracion\/2025-09-20\/mas-deportaciones-pero-muy-lejos-de-la-mayor-de-la-historia-nueve-meses-de-cruzada-migratoria-de-trump-en-graficos.html\">la mayor deportaci\u00f3n de la historia,\u00a0<\/a>objetivo prioritario del presidente.<\/p>\n<h3 class=\"\">Un aumento \u201cdel 1.000%\u201d<\/h3>\n<p class=\"\">\u201cEsta demonizaci\u00f3n est\u00e1 inspirando violencia en todo el pa\u00eds. Nuestros agentes del ICE se enfrentan a un aumento de m\u00e1s del 1.000% en las agresiones contra ellos. Tenemos que bajar la temperatura antes de que alguien m\u00e1s muera. Esta violencia debe terminar\u201d, dijo la semana pasada\u00a0<a title=\"https:\/\/www.dhs.gov\/news\/2025\/09\/17\/dhs-calls-media-and-far-left-stop-demonization-president-trump-his-supporters-and\" href=\"https:\/\/www.dhs.gov\/news\/2025\/09\/17\/dhs-calls-media-and-far-left-stop-demonization-president-trump-his-supporters-and\" target=\"_blank\" rel=\"noopener\" data-link-track-dtm=\"\" data-mrf-link=\"https:\/\/www.dhs.gov\/news\/2025\/09\/17\/dhs-calls-media-and-far-left-stop-demonization-president-trump-his-supporters-and\">la subsecretaria del Departamento de Seguridad Nacional (DHS), Tricia McLaughlin.<\/a><\/p>\n<p class=\"\">Los datos que se manejan muestran que entre el 21 de enero y el 30 de junio se produjeron 79 agresiones contra agentes del ICE, en comparaci\u00f3n con 10 durante el mismo per\u00edodo de 2024, bajo la Administraci\u00f3n del dem\u00f3crata Joe Biden.<\/p>\n<p class=\"\">Las autoridades federales no han proporcionado detalles sobre todos los incidentes, docenas de los cuales han resultado en cargos penales, seg\u00fan una revisi\u00f3n de los registros judiciales realizada por\u00a0<i>The Washington Post<\/i>. La gran mayor\u00eda implica amenazas verbales, ya sea en persona o en l\u00ednea, o altercados f\u00edsicos durante los arrestos de inmigrantes por parte del ICE que se tornaron violentos.<\/p>\n<p class=\"\">El columnista del\u00a0<i>Post<\/i>\u00a0<a title=\"https:\/\/www.washingtonpost.com\/opinions\/2025\/06\/19\/brad-lander-ice-assault-masking\/\" href=\"https:\/\/www.washingtonpost.com\/opinions\/2025\/06\/19\/brad-lander-ice-assault-masking\/\" target=\"_blank\" rel=\"noopener\" data-link-track-dtm=\"\" data-mrf-link=\"https:\/\/www.washingtonpost.com\/opinions\/2025\/06\/19\/brad-lander-ice-assault-masking\/\">Philip Bump<\/a>\u00a0investig\u00f3 los ataques a los agentes migratorios en junio y encontr\u00f3 que el n\u00famero de agresiones a los oficiales de la Oficina de Aduanas y Protecci\u00f3n Fronteriza (CBP) fue hasta esa fecha un 20% inferior al de 2024. En cuanto a las agresiones a sus agentes, \u201cel ICE no me proporcion\u00f3 ning\u00fan ejemplo de oficiales de inmigraci\u00f3n que fueran identificados, atacados y agredidos fuera del contexto de un arresto\u201d, escribi\u00f3.<\/p>\n<p class=\"\">El Gobierno ha dado publicidad a los ataques m\u00e1s graves sufridos por los agentes del ICE en los \u00faltimos meses. El 4 de julio, cuando se celebra la Independencia de Estados Unidos, un grupo de unas 12 personas atac\u00f3 a los agentes del\u00a0<a title=\"https:\/\/elpais.com\/us\/migracion\/2025-09-17\/un-informe-del-ice-revela-la-violacion-de-60-normas-tras-la-apertura-del-mayor-centro-de-detencion-del-pais-en-texas.html\" href=\"https:\/\/elpais.com\/us\/migracion\/2025-09-17\/un-informe-del-ice-revela-la-violacion-de-60-normas-tras-la-apertura-del-mayor-centro-de-detencion-del-pais-en-texas.html\" target=\"_self\" rel=\"\" data-link-track-dtm=\"\" data-mrf-link=\"https:\/\/elpais.com\/us\/migracion\/2025-09-17\/un-informe-del-ice-revela-la-violacion-de-60-normas-tras-la-apertura-del-mayor-centro-de-detencion-del-pais-en-texas.html\">Centro de Detenci\u00f3n<\/a>\u00a0Prairieland en Alvarado, Texas. Los atacantes dispararon fuegos artificiales, destrozaron veh\u00edculos con lemas contra el ICE y abrieron fuego contra agentes, hiriendo a uno. Diez personas fueron arrestadas posteriormente y acusadas de intento de asesinato de un agente federal.<\/p>\n<p>&nbsp;<\/p>\n<figure class=\"a_m a_m-h \">\n<p><div style=\"width: 424px\" class=\"wp-caption alignnone\"><img loading=\"lazy\" decoding=\"async\" class=\"_re lazyload a_m-h\" src=\"https:\/\/imagenes.elpais.com\/resizer\/v2\/MFYXH7YDABAYPAWSVMNWTDSHEA.jpg?auth=6da045d5f120aa643de8e996932ec54f66a0f5c63f482f729a474d3f9eaef426&amp;width=414\" sizes=\"auto, (min-width:1199px) 1155px,(min-width:1001px) calc(100vw - 44px),(min-width:768px) 767px, 100vw\" srcset=\"https:\/\/imagenes.elpais.com\/resizer\/v2\/MFYXH7YDABAYPAWSVMNWTDSHEA.jpg?auth=6da045d5f120aa643de8e996932ec54f66a0f5c63f482f729a474d3f9eaef426&amp;width=414 414w,https:\/\/imagenes.elpais.com\/resizer\/v2\/MFYXH7YDABAYPAWSVMNWTDSHEA.jpg?auth=6da045d5f120aa643de8e996932ec54f66a0f5c63f482f729a474d3f9eaef426&amp;width=828 640w,https:\/\/imagenes.elpais.com\/resizer\/v2\/MFYXH7YDABAYPAWSVMNWTDSHEA.jpg?auth=6da045d5f120aa643de8e996932ec54f66a0f5c63f482f729a474d3f9eaef426&amp;width=980 1000w,https:\/\/imagenes.elpais.com\/resizer\/v2\/MFYXH7YDABAYPAWSVMNWTDSHEA.jpg?auth=6da045d5f120aa643de8e996932ec54f66a0f5c63f482f729a474d3f9eaef426&amp;width=1960 1960w\" alt=\"\" width=\"414\" height=\"311\" \/><p class=\"wp-caption-text\">Centro de detenci\u00f3n Prairieland en Alvarado, Texas, el 4 de julio. Foto Mark David Smith (TNS v\u00eda Getty Images)<\/p><\/div><figcaption class=\"a_m_p\" aria-hidden=\"true\"><\/figcaption><\/figure>\n<p>&nbsp;<\/p>\n<p class=\"\">Tres d\u00edas despu\u00e9s, un hombre con un rifle de asalto dispar\u00f3 decenas de veces contra agentes de la Patrulla Fronteriza en McAllen, Texas, hiriendo a un polic\u00eda. Las autoridades dispararon y abatieron al atacante.<\/p>\n<p class=\"\">El 25 de agosto, en la oficina del ICE en Dallas que fue atacada este mi\u00e9rcoles, un hombre de 36 a\u00f1os fue arrestado bajo sospecha de hacer amenazas terroristas despu\u00e9s de que le dijo a un oficial de seguridad que ten\u00eda una bomba en su mochila.<\/p>\n<p class=\"\">Pero mientras la Administraci\u00f3n presenta sin pruebas a los agentes del ICE como v\u00edctimas de un ataque orquestado por la izquierda y los medios de comunicaci\u00f3n, las denuncias por la brutalidad en la que se producen muchos de los arrestos y dentro de los centros de detecci\u00f3n, probadas por la difusi\u00f3n de v\u00eddeos y numerosos testimonios, indican que la realidad es todo lo contrario.<\/p>\n<p class=\"\">Las incursiones de los agentes en barrios latinos, lugares de trabajo, tribunales de inmigraci\u00f3n y hasta en los alrededores de lugares sensibles como las escuelas para detener a personas que, en la mayor\u00eda de los casos, no tiene ning\u00fan historial delictivo, ha propagado el miedo entre la comunidad migrante y con ello, el rechazo a los funcionarios, que han sido comparados con la temida Gestapo, la polic\u00eda del nazismo. En los centros de detenci\u00f3n operados por el ICE, al menos 17 personas han muerto en lo que va de a\u00f1o.<\/p>\n<p class=\"\">A diario, testigos de las redadas increpan a los agentes cuando intentan detener a alg\u00fan migrante. Rotura de los cristales de los veh\u00edculos en los que viajan, golpes, separaciones de padres e hijos, uso desmesurado de la fuerza\u2026 son dram\u00e1ticas escenas que se repiten y difunden en las redes sociales. Los ciudadanos se avisan solidariamente de d\u00f3nde se han avistado los funcionarios\u00a0<a title=\"https:\/\/elpais.com\/us\/migracion\/2025-08-15\/usuarios-de-waze-usan-el-codigo-carretera-helada-para-advertir-sobre-la-existencia-de-redadas-del-ice.html\" href=\"https:\/\/elpais.com\/us\/migracion\/2025-08-15\/usuarios-de-waze-usan-el-codigo-carretera-helada-para-advertir-sobre-la-existencia-de-redadas-del-ice.html\" target=\"_blank\" rel=\"noopener noreferrer\" data-link-track-dtm=\"\" data-mrf-link=\"https:\/\/elpais.com\/us\/migracion\/2025-08-15\/usuarios-de-waze-usan-el-codigo-carretera-helada-para-advertir-sobre-la-existencia-de-redadas-del-ice.html\">mediante aplicaciones de tel\u00e9fono m\u00f3vil<\/a>\u00a0y hasta hay p\u00e1ginas para identificarlos, ya que los agentes ocultan su identidad detr\u00e1s de m\u00e1scaras y recorren las calles en veh\u00edculos no identificables. Pol\u00edticos y organizaciones civiles han exigido que los agentes no vayan enmascarados, pero desde el Gobierno se defiende que es la manera de protegerlos de las agresiones.<\/p>\n<h3 class=\"\">Pulso con California<\/h3>\n<p class=\"\">Esconder la identidad de los agentes ha propiciado el \u00faltimo pulso entre el Gobierno central y\u00a0<a title=\"https:\/\/elpais.com\/internacional\/2025-09-08\/el-supremo-de-estados-unidos-autoriza-que-continuen-las-redadas-indiscriminadas-contra-inmigrantes-en-los-angeles.html\" href=\"https:\/\/elpais.com\/internacional\/2025-09-08\/el-supremo-de-estados-unidos-autoriza-que-continuen-las-redadas-indiscriminadas-contra-inmigrantes-en-los-angeles.html\" target=\"_self\" rel=\"\" data-link-track-dtm=\"\" data-mrf-link=\"https:\/\/elpais.com\/internacional\/2025-09-08\/el-supremo-de-estados-unidos-autoriza-que-continuen-las-redadas-indiscriminadas-contra-inmigrantes-en-los-angeles.html\">el Estado de California.<\/a>\u00a0El gobernador, el dem\u00f3crata Gavin Newsom, firm\u00f3 un decreto el s\u00e1bado por el que obliga a todos los agentes del orden a mostrar su rostro y no ocultarse. El Departamento de Seguridad Nacional respondi\u00f3 con un mensaje en X: \u201cPara ser claros: NO cumpliremos con la prohibici\u00f3n inconstitucional de m\u00e1scaras de Gavin Newsom\u201d.<\/p>\n<p>&nbsp;<\/p>\n<figure class=\"a_m a_m-h \">\n<p><div style=\"width: 424px\" class=\"wp-caption alignnone\"><img loading=\"lazy\" decoding=\"async\" class=\"_re lazyload a_m-h\" src=\"https:\/\/imagenes.elpais.com\/resizer\/v2\/PNIMPHKOGVJMRAYZPLPRW377UU.jpg?auth=b3c4b6d49c99b564d27bb85edf84a44c43bec331abe9c305c6c2461ef41e4306&amp;width=414\" sizes=\"auto, (min-width:1199px) 1155px,(min-width:1001px) calc(100vw - 44px),(min-width:768px) 767px, 100vw\" srcset=\"https:\/\/imagenes.elpais.com\/resizer\/v2\/PNIMPHKOGVJMRAYZPLPRW377UU.jpg?auth=b3c4b6d49c99b564d27bb85edf84a44c43bec331abe9c305c6c2461ef41e4306&amp;width=414 414w,https:\/\/imagenes.elpais.com\/resizer\/v2\/PNIMPHKOGVJMRAYZPLPRW377UU.jpg?auth=b3c4b6d49c99b564d27bb85edf84a44c43bec331abe9c305c6c2461ef41e4306&amp;width=828 640w,https:\/\/imagenes.elpais.com\/resizer\/v2\/PNIMPHKOGVJMRAYZPLPRW377UU.jpg?auth=b3c4b6d49c99b564d27bb85edf84a44c43bec331abe9c305c6c2461ef41e4306&amp;width=980 1000w,https:\/\/imagenes.elpais.com\/resizer\/v2\/PNIMPHKOGVJMRAYZPLPRW377UU.jpg?auth=b3c4b6d49c99b564d27bb85edf84a44c43bec331abe9c305c6c2461ef41e4306&amp;width=1960 1960w\" alt=\"\" width=\"414\" height=\"276\" \/><p class=\"wp-caption-text\">Un agente federal traslada a un detenido en el centro de detenci\u00f3n del ICE en Broadview, Illinois, el 19 de septiembre.\u00a0 \u00a0 \u00a0 \u00a0 \u00a0 \u00a0 \u00a0 \u00a0 \u00a0 \u00a0 \u00a0 Foto Jim Vondruska (REUTERS)<\/p><\/div><figcaption class=\"a_m_p\" aria-hidden=\"true\"><\/figcaption><\/figure>\n<p>&nbsp;<\/p>\n<p class=\"\">Newsom, un probable candidato dem\u00f3crata a la presidencia, firm\u00f3 el s\u00e1bado pasado la primera ley de un estado contra el uso de las m\u00e1scaras. El gobernador dijo que los agentes del ICE ya no estar\u00edan \u201cocultos de la rendici\u00f3n de cuentas\u201d, argumentando que las m\u00e1scaras impiden la \u201ctransparencia\u201d para los ciudadanos y obstaculizan la \u201csupervisi\u00f3n\u201d.<\/p>\n<p class=\"\">Es probable que la ley sea recurrida en los tribunales antes de que pueda entrar en vigor en enero porque no est\u00e1 claro si California puede aplicar tales restricciones a las fuerzas del orden federales.<\/p>\n<h3 class=\"\">El caso de Silverio Villegas Gonz\u00e1lez<\/h3>\n<p class=\"\">El pen\u00faltimo ataque a un agente del ICE, ocurrido en Chicago, sobre el que el Departamento de Seguridad Nacional se ha pronunciado, ha dejado dudas sobre la veracidad de sus declaraciones. El mexicano de 38 a\u00f1os Silverio Villegas Gonz\u00e1lez result\u00f3 muerto por los disparos de un agente del ICE cuando intentaba huir de sus perseguidores. El DHS declar\u00f3 que el agente que dispar\u00f3 result\u00f3 \u201cgravemente herido\u201d porque Villegas Gonz\u00e1lez le atropell\u00f3 arrastr\u00e1ndole \u201cuna distancia considerable\u201d y dej\u00e1ndolo \u201ctemiendo por su vida\u201d.<\/p>\n<p class=\"\">La versi\u00f3n oficial se puso en evidencia este martes cuando se revel\u00f3 el contenido de un v\u00eddeo que grab\u00f3 la detenci\u00f3n momentos despu\u00e9s de que el agente disparara. Las im\u00e1genes muestran al oficial describiendo sus propias lesiones como \u201cnada grave\u201d. \u201cMe arrastraron un poco\u201d, dijo el funcionario herido, a quien se le puede ver caminando.<\/p>\n<p>&nbsp;<\/p>\n<figure class=\"a_m a_m-h \">\n<p><div style=\"width: 424px\" class=\"wp-caption alignnone\"><img loading=\"lazy\" decoding=\"async\" class=\"_re lazyload a_m-h\" src=\"https:\/\/imagenes.elpais.com\/resizer\/v2\/FI7RBZUB3RKOPPC7PO6YHY7V7A.jpg?auth=edefcfaf084f7b564820bf652836f936e04f32232d7867d1c357f9c87fb19b23&amp;width=414\" sizes=\"auto, (min-width:1199px) 1155px,(min-width:1001px) calc(100vw - 44px),(min-width:768px) 767px, 100vw\" srcset=\"https:\/\/imagenes.elpais.com\/resizer\/v2\/FI7RBZUB3RKOPPC7PO6YHY7V7A.jpg?auth=edefcfaf084f7b564820bf652836f936e04f32232d7867d1c357f9c87fb19b23&amp;width=414 414w,https:\/\/imagenes.elpais.com\/resizer\/v2\/FI7RBZUB3RKOPPC7PO6YHY7V7A.jpg?auth=edefcfaf084f7b564820bf652836f936e04f32232d7867d1c357f9c87fb19b23&amp;width=828 640w,https:\/\/imagenes.elpais.com\/resizer\/v2\/FI7RBZUB3RKOPPC7PO6YHY7V7A.jpg?auth=edefcfaf084f7b564820bf652836f936e04f32232d7867d1c357f9c87fb19b23&amp;width=980 1000w,https:\/\/imagenes.elpais.com\/resizer\/v2\/FI7RBZUB3RKOPPC7PO6YHY7V7A.jpg?auth=edefcfaf084f7b564820bf652836f936e04f32232d7867d1c357f9c87fb19b23&amp;width=1960 1960w\" alt=\"\" width=\"414\" height=\"277\" \/><p class=\"wp-caption-text\">Altar por Silverio Villegas-Gonzalez en Franklin Park, Illinois, el 15 de septiembre. Foto Jim Vondruska (REUTERS)<\/p><\/div><figcaption class=\"a_m_p\" aria-hidden=\"true\"><\/figcaption><\/figure>\n<p>&nbsp;<\/p>\n<p class=\"\">Defensores de los derechos de los inmigrantes, el gobernador de Illinois, JB Pritzker, y la presidente de M\u00e9xico, Claudia Sheinbaum, han exigido una investigaci\u00f3n exhaustiva sobre lo ocurrido. \u201cQueremos respuestas a las preguntas que hemos planteado\u201d, declar\u00f3 el martes el congresista de Chicago Jes\u00fas \u201cChuy\u201d Garc\u00eda. \u201cLa familia tiene derecho a ellas. La comunidad quiere saber qu\u00e9 est\u00e1 pasando, y el p\u00fablico tambi\u00e9n merece respuestas\u201d, dijo el representante dem\u00f3crata.<\/p>\n<p class=\"\">Villegas Gonz\u00e1lez, que trabajaba como cocinero, acababa de dejar a uno de sus hijos en la guarder\u00eda la ma\u00f1ana del tiroteo. El DHS indic\u00f3 que ten\u00eda antecedentes de conducci\u00f3n imprudente y no ten\u00eda permiso legal para vivir en Estados Unidos. El director de la guarder\u00eda lo describi\u00f3 como un buen padre, mientras que muchos residentes de Franklin Park asistieron a las vigilias y lo recordaron como un buen hombre de familia. El Consulado General de M\u00e9xico en Chicago afirm\u00f3 que seguir\u00eda de cerca la investigaci\u00f3n.<\/p>\n","protected":false},"excerpt":{"rendered":"<p>&nbsp; &nbsp; &#8211; El tiroteo de este mi\u00e9rcoles en Dallas fue el tercero que se produce contra una oficina de inmigraci\u00f3n en Texas en lo&hellip;<\/p>\n","protected":false},"author":99,"featured_media":536410,"comment_status":"open","ping_status":"open","sticky":false,"template":"","format":"standard","meta":{"footnotes":""},"categories":[24],"tags":[],"class_list":["post-536409","post","type-post","status-publish","format-standard","has-post-thumbnail","hentry","category-mundo"],"_links":{"self":[{"href":"https:\/\/diarioelpopular.com\/index.php\/wp-json\/wp\/v2\/posts\/536409","targetHints":{"allow":["GET"]}}],"collection":[{"href":"https:\/\/diarioelpopular.com\/index.php\/wp-json\/wp\/v2\/posts"}],"about":[{"href":"https:\/\/diarioelpopular.com\/index.php\/wp-json\/wp\/v2\/types\/post"}],"author":[{"embeddable":true,"href":"https:\/\/diarioelpopular.com\/index.php\/wp-json\/wp\/v2\/users\/99"}],"replies":[{"embeddable":true,"href":"https:\/\/diarioelpopular.com\/index.php\/wp-json\/wp\/v2\/comments?post=536409"}],"version-history":[{"count":1,"href":"https:\/\/diarioelpopular.com\/index.php\/wp-json\/wp\/v2\/posts\/536409\/revisions"}],"predecessor-version":[{"id":536411,"href":"https:\/\/diarioelpopular.com\/index.php\/wp-json\/wp\/v2\/posts\/536409\/revisions\/536411"}],"wp:featuredmedia":[{"embeddable":true,"href":"https:\/\/diarioelpopular.com\/index.php\/wp-json\/wp\/v2\/media\/536410"}],"wp:attachment":[{"href":"https:\/\/diarioelpopular.com\/index.php\/wp-json\/wp\/v2\/media?parent=536409"}],"wp:term":[{"taxonomy":"category","embeddable":true,"href":"https:\/\/diarioelpopular.com\/index.php\/wp-json\/wp\/v2\/categories?post=536409"},{"taxonomy":"post_tag","embeddable":true,"href":"https:\/\/diarioelpopular.com\/index.php\/wp-json\/wp\/v2\/tags?post=536409"}],"curies":[{"name":"wp","href":"https:\/\/api.w.org\/{rel}","templated":true}]}}