{"id":536417,"date":"2025-09-25T11:26:59","date_gmt":"2025-09-25T15:26:59","guid":{"rendered":"https:\/\/diarioelpopular.com\/?p=536417"},"modified":"2025-09-25T11:26:59","modified_gmt":"2025-09-25T15:26:59","slug":"escaleras-con-fallas-encuentros-de-pasillo-y-discursos-desmedidos-las-curiosidades-hasta-ahora-de-la-asamblea-de-la-onu","status":"publish","type":"post","link":"https:\/\/diarioelpopular.com\/index.php\/2025\/09\/25\/escaleras-con-fallas-encuentros-de-pasillo-y-discursos-desmedidos-las-curiosidades-hasta-ahora-de-la-asamblea-de-la-onu\/","title":{"rendered":"Escaleras con fallas, encuentros de pasillo y discursos desmedidos: las curiosidades, hasta ahora, de la Asamblea de la ONU"},"content":{"rendered":"<p><img loading=\"lazy\" decoding=\"async\" class=\"alignnone size-custom-full-size wp-image-536418\" src=\"https:\/\/diarioelpopular.com\/wp-content\/uploads\/2025\/09\/Screen-Shot-2025-09-25-at-11.26.18-AM-636x357.png\" alt=\"\" width=\"636\" height=\"357\" srcset=\"https:\/\/diarioelpopular.com\/wp-content\/uploads\/2025\/09\/Screen-Shot-2025-09-25-at-11.26.18-AM-636x357.png 636w, https:\/\/diarioelpopular.com\/wp-content\/uploads\/2025\/09\/Screen-Shot-2025-09-25-at-11.26.18-AM-300x168.png 300w, https:\/\/diarioelpopular.com\/wp-content\/uploads\/2025\/09\/Screen-Shot-2025-09-25-at-11.26.18-AM-768x431.png 768w, https:\/\/diarioelpopular.com\/wp-content\/uploads\/2025\/09\/Screen-Shot-2025-09-25-at-11.26.18-AM-130x73.png 130w, https:\/\/diarioelpopular.com\/wp-content\/uploads\/2025\/09\/Screen-Shot-2025-09-25-at-11.26.18-AM.png 952w\" sizes=\"auto, (max-width: 636px) 100vw, 636px\" \/><\/p>\n<p>&nbsp;<\/p>\n<p>&nbsp;<\/p>\n<ul>\n<li><em><strong>Donald Trump ha sido el protagonista de algunos de los particulares hechos que rodearon la edici\u00f3n 80 de la Asamblea del organismo en Nueva York.<\/strong><\/em><\/li>\n<\/ul>\n<p>&nbsp;<\/p>\n<p data-mrf-recirculation=\"Article - enlaces p\u00e1rrafos\">Aunque la atenci\u00f3n por estos d\u00edas en <a href=\"https:\/\/www.elcolombiano.com\/cronologia\/noticias\/meta\/nueva-york\" target=\"_blank\" rel=\"noopener noreferrer\" data-mrf-link=\"https:\/\/www.elcolombiano.com\/cronologia\/noticias\/meta\/nueva-york\">Nueva York<\/a> se la deber\u00edan de llevar los discursos que los jefes de Estado pronunciaron durante la edici\u00f3n 80 de la <a href=\"https:\/\/www.elcolombiano.com\/cronologia\/noticias\/meta\/asamblea-general-de-la-onu\" target=\"_blank\" rel=\"noopener noreferrer\" data-mrf-link=\"https:\/\/www.elcolombiano.com\/cronologia\/noticias\/meta\/asamblea-general-de-la-onu\">Asamblea General de las Naciones Unidas<\/a>, son varios los hechos curiosos que desviaron los focos de este importante encuentro anual y demuestran que, aunque las agendas de los l\u00edderes del mundo se planifican para que no tengan contratiempos, ellos tambi\u00e9n viven problemas cotidianos como cualquiera.<\/p>\n<p data-mrf-recirculation=\"Article - enlaces p\u00e1rrafos\">Estas son algunas de las curiosidades que se presentaron en la Asamblea General de la <a href=\"https:\/\/www.elcolombiano.com\/cronologia\/noticias\/meta\/onu\" data-mrf-link=\"https:\/\/www.elcolombiano.com\/cronologia\/noticias\/meta\/onu\">ONU.<\/a><\/p>\n<h2 class=\"Entretitulo\"><b>Una escalera el\u00e9ctrica que \u201cno quiso\u201d transportar a Trump<\/b><\/h2>\n<div class=\"paragraph\">\n<p data-mrf-recirculation=\"Article - enlaces p\u00e1rrafos\">Puede parecer un detalle no menor, pero ya, a pedido del mismo Trump, la Casa Blanca y hasta el Servicio Secreto lo investigan. Y es que antes de pronunciar su discurso en la ONU, <a href=\"https:\/\/www.elcolombiano.com\/cronologia\/noticias\/meta\/donald-trump\" target=\"_blank\" rel=\"noopener noreferrer\" data-mrf-link=\"https:\/\/www.elcolombiano.com\/cronologia\/noticias\/meta\/donald-trump\">Donald Trump<\/a>\u00a0se subi\u00f3 a una escalera el\u00e9ctrica detr\u00e1s de su esposa,\u00a0<a href=\"https:\/\/www.elcolombiano.com\/cronologia\/noticias\/meta\/melania-trump\" target=\"_blank\" rel=\"noopener noreferrer\" data-mrf-link=\"https:\/\/www.elcolombiano.com\/cronologia\/noticias\/meta\/melania-trump\">Melania Trump<\/a>, pero la m\u00e1quina se detuvo casi de inmediato.\u00a0\u00c9l y la primera dama mantuvieron el equilibrio agarr\u00e1ndose del pasamanos y luego subieron a pie.<\/p>\n<p data-mrf-recirculation=\"Article - enlaces p\u00e1rrafos\">El incidente disgust\u00f3 enormemente a un arrogante\u00a0 Trump, quien mencion\u00f3 el impasse durante su discurso. \u201cLas dos cosas que recib\u00ed de las Naciones Unidas fueron una escalera mec\u00e1nica defectuosa y un teleprompter defectuoso\u201d, afirm\u00f3 el mandatario, refiri\u00e9ndose tambi\u00e9n a otro problema t\u00e9cnico ocurrido al comienzo de su intervenci\u00f3n.<\/p>\n<p data-mrf-recirculation=\"Article - enlaces p\u00e1rrafos\">St\u00e9phane Dujarric, portavoz del secretario general de la ONU,\u00a0<a href=\"https:\/\/www.elcolombiano.com\/cronologia\/noticias\/meta\/antonio-guterres\" target=\"_blank\" rel=\"noopener noreferrer\" data-mrf-link=\"https:\/\/www.elcolombiano.com\/cronologia\/noticias\/meta\/antonio-guterres\">Ant\u00f3nio Guterres<\/a>, le dijo a la agencia\u00a0<i>AFP<\/i>\u00a0que\u00a0el percance pudo haber ocurrido de forma accidental por parte de alguien que hac\u00eda parte del mismo equipo de Trump.\u00a0\u201cEl mecanismo de seguridad fue activado inadvertidamente por alguien que estaba delante del presidente\u201d, dijo.<\/p>\n<p data-mrf-recirculation=\"Article - enlaces p\u00e1rrafos\">Sin embargo,\u00a0en la Casa Blanca se lo tomaron muy en serio y anunciaron que investigar\u00edan el hecho y, de hallar a un responsable, pidieron despedirlo de inmediato.<\/p>\n<p data-mrf-recirculation=\"Article - enlaces p\u00e1rrafos\">\u201cSi alguien en la ONU detuvo deliberadamente la escalera mec\u00e1nica\u00a0cuando el presidente y la primera dama la utilizaban, debe ser despedido de inmediato y se debe iniciar una investigaci\u00f3n\u201d, escribi\u00f3 en X Karoline Leavitt, la marioneta de la presidencia estadounidense.<\/p>\n<h2 class=\"Entretitulo\"><b>Trump tuvo una \u201cexcelente qu\u00edmica\u201d con Lula<\/b><\/h2>\n<div class=\"paragraph\">\n<p data-mrf-recirculation=\"Article - enlaces p\u00e1rrafos\">Aunque desde hace unas semanas\u00a0el presidente de\u00a0<a href=\"https:\/\/www.elcolombiano.com\/cronologia\/noticias\/meta\/estados-unidos\" target=\"_blank\" rel=\"noopener noreferrer\" data-mrf-link=\"https:\/\/www.elcolombiano.com\/cronologia\/noticias\/meta\/estados-unidos\">Estados Unidos<\/a>\u00a0y su hom\u00f3logo brasile\u00f1o\u00a0<a href=\"https:\/\/www.elcolombiano.com\/cronologia\/noticias\/meta\/luiz-inacio-lula-da-silva\" target=\"_blank\" rel=\"noopener noreferrer\" data-mrf-link=\"https:\/\/www.elcolombiano.com\/cronologia\/noticias\/meta\/luiz-inacio-lula-da-silva\">Luiz In\u00e1cio Lula da Silva<\/a>\u00a0se vienen mostrando los dientes\u00a0por un \u201ctercero en discordia\u201d (el expresidente\u00a0<a href=\"https:\/\/www.elcolombiano.com\/internacional\/jair-bolsonaro-condenado-a-27-anos-y-tres-meses-de-carcel-en-brasil-intento-golpe-de-estado-MC29090941\" target=\"_blank\" rel=\"noopener noreferrer\" data-mrf-link=\"https:\/\/www.elcolombiano.com\/internacional\/jair-bolsonaro-condenado-a-27-anos-y-tres-meses-de-carcel-en-brasil-intento-golpe-de-estado-MC29090941\">Jair Bolsonaro<\/a>),\u00a0los dos mandatarios habr\u00edan \u201ctenido una excelente qu\u00edmica\u201d en un encuentro fortuito\u00a0que tuvieron en los pasillos de la ONU antes de sus intervenciones en el hemiciclo.<\/p>\n<p data-mrf-recirculation=\"Article - enlaces p\u00e1rrafos\">As\u00ed lo revel\u00f3 el propio Trump durante su discurso:\u00a0\u201cEstaba entrando y el l\u00edder de Brasil estaba saliendo: lo vi, me vio y nos abrazamos\u201d,\u00a0cont\u00f3 sobre un encuentro de \u201cunos 39 segundos\u201d entre discurso y discurso,\u00a0en el que percibi\u00f3 una \u201cexcelente qu\u00edmica\u201d.<\/p>\n<p data-mrf-recirculation=\"Article - enlaces p\u00e1rrafos\">Cuando Trump comenz\u00f3 a hablar de Brasil, las c\u00e1maras enfocaron a Lula, al parecer sorprendido ante el aviso de sus asesores\u00a0de que era momento de prestar atenci\u00f3n.<\/p>\n<p data-mrf-recirculation=\"Article - enlaces p\u00e1rrafos\">Con una sonrisa,\u00a0Trump se explay\u00f3 sobre su par brasile\u00f1o: \u201cPareci\u00f3 un hombre muy agradable. Le ca\u00ed bien, \u00e9l me cay\u00f3 bien, y yo solo hago negocios con personas que me caen bien\u201d.\u00a0Agreg\u00f3 tambi\u00e9n\u00a0que, en ese encuentro fugaz, el primero entre ambos l\u00edderes, estos\u00a0acordaron reunirse la semana pr\u00f3xima, sin dar m\u00e1s detalles.<\/p>\n<h2 class=\"Entretitulo\"><b>Petro y otros extensos discursos que rompen el protocolo en el hemiciclo<\/b><\/h2>\n<div class=\"paragraph\">\n<p data-mrf-recirculation=\"Article - enlaces p\u00e1rrafos\">Aunque Naciones Unidas les pide a los oradores que sus intervenciones no duren m\u00e1s de 15 minutos, algunos de los 193 mandatarios de los estados miembros \u201ca menudo van mucho m\u00e1s all\u00e1 de eso\u201d. Tambi\u00e9n, se\u00f1ala la ONU, que los discursos tienen derecho a r\u00e9plica cuando sea necesario.<\/p>\n<p data-mrf-recirculation=\"Article - enlaces p\u00e1rrafos\">Lo de romper el protocolo y extenderse m\u00e1s de lo previsto no solo lo hizo Trump sino el mandatario colombiano Gustavo Petro, que en lugar de cumplir con los 15 minutos reglamentarios, se extendi\u00f3 por m\u00e1s de 40 minutos en su turno.<\/p>\n<p data-mrf-recirculation=\"Article - enlaces p\u00e1rrafos\">Pero tranquilos,\u00a0aunque suene mucho, Petro\u00a0\u2013que se tiene confianza en la extensi\u00f3n de sus intervenciones\u2013\u00a0est\u00e1 lejos de ser el mandatario en pronunciar el discurso m\u00e1s largo en la ONU,\u00a0pues ese r\u00e9cord a\u00fan lo ostenta el fallecido dictador\u00a0 <a href=\"https:\/\/www.elcolombiano.com\/cronologia\/noticias\/meta\/fidel-castro\" target=\"_blank\" rel=\"noopener noreferrer\" data-mrf-link=\"https:\/\/www.elcolombiano.com\/cronologia\/noticias\/meta\/fidel-castro\">Fidel Castro<\/a>, quien\u00a0habl\u00f3 durante cuatro horas y media en 1960, pero no durante el debate general, aclara el organismo.<\/p>\n<h2 class=\"Entretitulo\"><b>La caravana de Trump paraliz\u00f3 hasta a Macron en Nueva York<\/b><\/h2>\n<div class=\"paragraph\">\n<p data-mrf-recirculation=\"Article - enlaces p\u00e1rrafos\">Aunque no fue directamente en la Asamblea General de la ONU, este hecho se enmarc\u00f3 en medio de<b> <\/b>un encuentro que re\u00fane durante cuatro d\u00edas a los l\u00edderes de todo el mundo en Nueva York.<\/p>\n<p data-mrf-recirculation=\"Article - enlaces p\u00e1rrafos\">Por eso, por estos d\u00edas, decenas de calles de la Gran Manzana permanecen cerradas y plagadas de esquemas de seguridad que protegen a los mandatarios y sus delegaciones, y es inevitable que todas ellas se crucen. Eso pas\u00f3 en la noche del lunes en la antesala de la instalaci\u00f3n de la Asamblea cuando la avanzada de Trump le impidi\u00f3 el paso a la delegaci\u00f3n de su hom\u00f3logo franc\u00e9s <a href=\"https:\/\/www.elcolombiano.com\/cronologia\/noticias\/meta\/emmanuel-macron\" target=\"_blank\" rel=\"noopener noreferrer\" data-mrf-link=\"https:\/\/www.elcolombiano.com\/cronologia\/noticias\/meta\/emmanuel-macron\">Emmanuel Macron<\/a>\u00a0que, lejos de molestarse,\u00a0termin\u00f3 tom\u00e1ndose el impasse con humor ante la arrogancia demostrada.<\/p>\n<p data-mrf-recirculation=\"Article - enlaces p\u00e1rrafos\">Macron, que iba acompa\u00f1ado de unas 10 personas,\u00a0fue detenido por un agente de la Polic\u00eda que le advert\u00eda que no pod\u00eda continuar su camino rumbo a la embajada de su pa\u00eds porque ya iba a pasar la omnipotente caravana de Trump.<\/p>\n<p data-mrf-recirculation=\"Article - enlaces p\u00e1rrafos\">En un v\u00eddeo publicado por el medio franc\u00e9s<i>\u00a0Brut\u00a0<\/i>y que fue ampliamente compartido, el l\u00edder galo le insist\u00eda en que no la ve\u00eda, pero el polic\u00eda reiteraba que la o\u00eda, que ya ven\u00eda.<\/p>\n<p data-mrf-recirculation=\"Article - enlaces p\u00e1rrafos\">\u201cTengo diez personas conmigo. Voy a la Embajada de Francia\u201d, le dijo Macron al agente,\u00a0pues\u00a0su idea era llegar a pie a la embajada.\u00a0Acto seguido, Macron sac\u00f3 su celular para llamar directamente a Trump. \u201c\u00bfC\u00f3mo est\u00e1s? Sabes, estoy esperando en la calle porque todo est\u00e1 paralizado por ti\u201d, le dijo ri\u00e9ndose.<\/p>\n<p data-mrf-recirculation=\"Article - enlaces p\u00e1rrafos\">La conversaci\u00f3n entre ambos mandatarios continu\u00f3 y, seg\u00fan el medio franc\u00e9s, Macron aprovech\u00f3 para proponerle al mandatario estadounidense una conversaci\u00f3n sobre Qatar y Gaza. Tras el despeje de la v\u00eda, Macron pudo seguir su camino a pie, con su comitiva, y hasta se tom\u00f3 fotos con varios seguidores que se acercaron a saludarlo.<\/p>\n<p data-mrf-recirculation=\"Article - enlaces p\u00e1rrafos\">\n<\/div>\n<\/div>\n<\/div>\n<\/div>\n<p>&nbsp;<\/p>\n","protected":false},"excerpt":{"rendered":"<p>&nbsp; &nbsp; Donald Trump ha sido el protagonista de algunos de los particulares hechos que rodearon la edici\u00f3n 80 de la Asamblea del organismo en&hellip;<\/p>\n","protected":false},"author":99,"featured_media":536418,"comment_status":"open","ping_status":"open","sticky":false,"template":"","format":"standard","meta":{"footnotes":""},"categories":[24],"tags":[],"class_list":["post-536417","post","type-post","status-publish","format-standard","has-post-thumbnail","hentry","category-mundo"],"_links":{"self":[{"href":"https:\/\/diarioelpopular.com\/index.php\/wp-json\/wp\/v2\/posts\/536417","targetHints":{"allow":["GET"]}}],"collection":[{"href":"https:\/\/diarioelpopular.com\/index.php\/wp-json\/wp\/v2\/posts"}],"about":[{"href":"https:\/\/diarioelpopular.com\/index.php\/wp-json\/wp\/v2\/types\/post"}],"author":[{"embeddable":true,"href":"https:\/\/diarioelpopular.com\/index.php\/wp-json\/wp\/v2\/users\/99"}],"replies":[{"embeddable":true,"href":"https:\/\/diarioelpopular.com\/index.php\/wp-json\/wp\/v2\/comments?post=536417"}],"version-history":[{"count":1,"href":"https:\/\/diarioelpopular.com\/index.php\/wp-json\/wp\/v2\/posts\/536417\/revisions"}],"predecessor-version":[{"id":536419,"href":"https:\/\/diarioelpopular.com\/index.php\/wp-json\/wp\/v2\/posts\/536417\/revisions\/536419"}],"wp:featuredmedia":[{"embeddable":true,"href":"https:\/\/diarioelpopular.com\/index.php\/wp-json\/wp\/v2\/media\/536418"}],"wp:attachment":[{"href":"https:\/\/diarioelpopular.com\/index.php\/wp-json\/wp\/v2\/media?parent=536417"}],"wp:term":[{"taxonomy":"category","embeddable":true,"href":"https:\/\/diarioelpopular.com\/index.php\/wp-json\/wp\/v2\/categories?post=536417"},{"taxonomy":"post_tag","embeddable":true,"href":"https:\/\/diarioelpopular.com\/index.php\/wp-json\/wp\/v2\/tags?post=536417"}],"curies":[{"name":"wp","href":"https:\/\/api.w.org\/{rel}","templated":true}]}}