{"id":536450,"date":"2025-09-26T10:07:40","date_gmt":"2025-09-26T14:07:40","guid":{"rendered":"https:\/\/diarioelpopular.com\/?p=536450"},"modified":"2025-09-26T10:07:40","modified_gmt":"2025-09-26T14:07:40","slug":"venganza-el-departamento-de-justicia-imputa-al-exdirector-del-fbi-james-comey-quien-investigo-a-trump-por-vinculos-con-rusia","status":"publish","type":"post","link":"https:\/\/diarioelpopular.com\/index.php\/2025\/09\/26\/venganza-el-departamento-de-justicia-imputa-al-exdirector-del-fbi-james-comey-quien-investigo-a-trump-por-vinculos-con-rusia\/","title":{"rendered":"\u00bfVenganza? El Departamento de Justicia imputa al exdirector del FBI James Comey, quien investig\u00f3 a Trump por v\u00ednculos con Rusia"},"content":{"rendered":"<div id=\"attachment_536451\" style=\"width: 646px\" class=\"wp-caption alignnone\"><img loading=\"lazy\" decoding=\"async\" aria-describedby=\"caption-attachment-536451\" class=\"wp-image-536451 size-custom-full-size\" src=\"https:\/\/diarioelpopular.com\/wp-content\/uploads\/2025\/09\/Screen-Shot-2025-09-26-at-10.06.48-AM-636x356.png\" alt=\"\" width=\"636\" height=\"356\" srcset=\"https:\/\/diarioelpopular.com\/wp-content\/uploads\/2025\/09\/Screen-Shot-2025-09-26-at-10.06.48-AM-636x356.png 636w, https:\/\/diarioelpopular.com\/wp-content\/uploads\/2025\/09\/Screen-Shot-2025-09-26-at-10.06.48-AM-300x168.png 300w, https:\/\/diarioelpopular.com\/wp-content\/uploads\/2025\/09\/Screen-Shot-2025-09-26-at-10.06.48-AM-768x430.png 768w, https:\/\/diarioelpopular.com\/wp-content\/uploads\/2025\/09\/Screen-Shot-2025-09-26-at-10.06.48-AM-130x73.png 130w, https:\/\/diarioelpopular.com\/wp-content\/uploads\/2025\/09\/Screen-Shot-2025-09-26-at-10.06.48-AM.png 858w\" sizes=\"auto, (max-width: 636px) 100vw, 636px\" \/><p id=\"caption-attachment-536451\" class=\"wp-caption-text\">El exdirector del FBI James Comey fue imputado por comentarios que hizo ante el Comit\u00e9 Judicial del Congreso en 2020<\/p><\/div>\n<p>&nbsp;<\/p>\n<p>&nbsp;<\/p>\n<div class=\"bbc-19j92fr ebmt73l0\" dir=\"ltr\">\n<ul>\n<li class=\"bbc-hhl7in e17g058b0\" dir=\"ltr\"><em><b>El exdirector del FBI James Comey fue acusado formalmente de dos delitos este jueves por el Departamento de Justicia de EE.UU.<\/b><\/em><\/li>\n<\/ul>\n<\/div>\n<div class=\"bbc-19j92fr ebmt73l0\" dir=\"ltr\">\n<p dir=\"ltr\">\n<p class=\"bbc-hhl7in e17g058b0\" dir=\"ltr\">Desde hace tiempo, Comey ha estado en la mira de Donald Trump por su investigaci\u00f3n sobre los supuestos v\u00ednculos del republicano con Rusia en el marco de las elecciones de 2016.<\/p>\n<\/div>\n<div class=\"bbc-19j92fr ebmt73l0\" dir=\"ltr\">\n<p class=\"bbc-hhl7in e17g058b0\" dir=\"ltr\">El exdirector del FBI fue acusado por un jurado investigador federal, aliado a Trump, de presuntamente mentir bajo juramento durante su testimonio en septiembre de 2020 frente al Congreso y de obstrucci\u00f3n de la justicia.<\/p>\n<\/div>\n<div class=\"bbc-19j92fr ebmt73l0\" dir=\"ltr\">\n<p class=\"bbc-hhl7in e17g058b0\" dir=\"ltr\">La investigaci\u00f3n contra Comey est\u00e1 dirigida por Lindsey Halligan, fiscal federal del Distrito Este de Virginia, quien anteriormente fue abogada personal de Trump<\/p>\n<\/div>\n<div class=\"bbc-19j92fr ebmt73l0\" dir=\"ltr\">\n<p class=\"bbc-hhl7in e17g058b0\" dir=\"ltr\">Comey public\u00f3 un video en Instagram en el que dijo ser inocente y compar\u00f3 a Trump con un &#8220;tirano&#8221;.<\/p>\n<\/div>\n<div class=\"bbc-19j92fr ebmt73l0\" dir=\"ltr\">\n<p class=\"bbc-hhl7in e17g058b0\" dir=\"ltr\">&#8220;Mi familia y yo sabemos desde hace a\u00f1os que enfrentarse a Donald Trump tiene un precio&#8221;, se\u00f1al\u00f3. &#8220;No vamos a vivir de rodillas.&#8221;<\/p>\n<\/div>\n<div class=\"bbc-19j92fr ebmt73l0\" dir=\"ltr\">\n<p class=\"bbc-hhl7in e17g058b0\" dir=\"ltr\">Asegur\u00f3 que &#8220;el miedo es la herramienta de un tirano&#8221; y que \u00e9l no tiene miedo. Aunque siente un profundo pesar por el Departamento de Justicia, dijo todav\u00eda tener fe en el sistema judicial.<\/p>\n<\/div>\n<div class=\"bbc-19j92fr ebmt73l0\" dir=\"ltr\">\n<p class=\"bbc-hhl7in e17g058b0\" dir=\"ltr\">&#8220;Soy inocente&#8221;, dijo. &#8220;As\u00ed que tengamos un juicio&#8221;.<\/p>\n<\/div>\n<div class=\"bbc-19j92fr ebmt73l0\" dir=\"ltr\">\n<h2 id=\"Una-investigaci\u00f3n-anunciada\" class=\"bbc-1lgzob2 eglt09e0\" tabindex=\"-1\">Una investigaci\u00f3n anunciada<\/h2>\n<\/div>\n<figure class=\"bbc-1qn0xuy\">\n<div class=\"bbc-1gbs0ve\">\n<div style=\"width: 1034px\" class=\"wp-caption alignnone\"><img loading=\"lazy\" decoding=\"async\" class=\"bbc-139onq\" src=\"https:\/\/ichef.bbci.co.uk\/ace\/ws\/640\/cpsprodpb\/bae3\/live\/b16b8bd0-9a72-11f0-97f5-bd38218a3641.jpg.webp\" alt=\"El presidente de EEUU Donald Trump habla con uno de sus asesores en un agitado momento en el sal\u00f3n oval\" width=\"1024\" height=\"683\" \/><p class=\"wp-caption-text\">Fuente de la imagen: Getty Images. Trump ya hab\u00eda pedido que se investigara a Comey en sus redes sociales<\/p><\/div>\n<p class=\"bbc-by8ykd\" role=\"text\">\n<\/div>\n<\/figure>\n<div class=\"bbc-4quw3x e1rfboeq7\" dir=\"ltr\" data-e2e=\"podcast-promo\">\n<section class=\"e1rfboeq6 bbc-12e4ke4 e1s8ztj50\" role=\"region\" aria-labelledby=\"podcast-promo\">\n<div class=\"bbc-bjn8wh eveec6k2\"><\/div>\n<\/section>\n<\/div>\n<div class=\"bbc-19j92fr ebmt73l0\" dir=\"ltr\">\n<p class=\"bbc-hhl7in e17g058b0\" dir=\"ltr\">La fiscal general de Estados Unidos, Pam Bondi, otra aliada, declar\u00f3 que la imputaci\u00f3n de Comey &#8220;refleja el compromiso de este Departamento de Justicia de responsabilizar a quienes abusan de posiciones de poder por enga\u00f1ar al pueblo estadounidense&#8221;. Es iron\u00eda, cuando el republicano es el que ha enga\u00f1ado y mentido a su pueblo.<\/p>\n<\/div>\n<div class=\"bbc-19j92fr ebmt73l0\" dir=\"ltr\">\n<p class=\"bbc-hhl7in e17g058b0\" dir=\"ltr\">Horas antes de la noticia de la tramada acusaci\u00f3n contra Comey, Trump habl\u00f3 con la prensa en la Casa Blanca y calific\u00f3 al exdirector del FBI de &#8220;mala persona&#8221;.<\/p>\n<\/div>\n<div class=\"bbc-19j92fr ebmt73l0\" dir=\"ltr\">\n<p class=\"bbc-hhl7in e17g058b0\" dir=\"ltr\">Cuando se le pregunt\u00f3 si la acusaci\u00f3n contra Comey era inminente, el presidente, lav\u00e1ndose las manos como de costumbre, dijo que dejaba esa decisi\u00f3n en manos de la fiscal general Pam Bondi y su equipo.<\/p>\n<\/div>\n<div class=\"bbc-19j92fr ebmt73l0\" dir=\"ltr\">\n<p class=\"bbc-hhl7in e17g058b0\" dir=\"ltr\">&#8220;Ellos tomar\u00e1n una decisi\u00f3n. Yo no la tomar\u00e9. Creo que podr\u00eda involucrarme si quisiera, pero realmente no lo decido&#8221;, dijo.<\/p>\n<\/div>\n<div class=\"bbc-19j92fr ebmt73l0\" dir=\"ltr\">\n<p class=\"bbc-hhl7in e17g058b0\" dir=\"ltr\">&#8220;No tengo ni idea de qu\u00e9 va a pasar&#8230;&#8221;<\/p>\n<\/div>\n<div class=\"bbc-19j92fr ebmt73l0\" dir=\"ltr\">\n<p class=\"bbc-hhl7in e17g058b0\" dir=\"ltr\">Recientemente, Donald Trump hab\u00eda aumentado la presi\u00f3n sobre Bondi para que investigara de forma m\u00e1s agresiva a todos sus adversarios pol\u00edticos.<\/p>\n<\/div>\n<div class=\"bbc-19j92fr ebmt73l0\" dir=\"ltr\">\n<p class=\"bbc-hhl7in e17g058b0\" dir=\"ltr\">En una extensa publicaci\u00f3n en redes sociales el fin de semana pasado dirigida directamente a Bondi, Trump escribi\u00f3: &#8220;No podemos demorarnos m\u00e1s, est\u00e1 da\u00f1ando nuestra reputaci\u00f3n y credibilidad&#8221;.<\/p>\n<\/div>\n<div class=\"bbc-19j92fr ebmt73l0\" dir=\"ltr\">\n<p class=\"bbc-hhl7in e17g058b0\" dir=\"ltr\">Trump expres\u00f3 su frustraci\u00f3n porque &#8220;no se est\u00e1 haciendo nada&#8221;, antes de pedirle a Bondi que investigara a James Comey, a la fiscal general de Nueva York, Letitia James, y al senador dem\u00f3crata Adam Schiff, quien dirigi\u00f3 la fiscal\u00eda en el primer juicio pol\u00edtico de Trump.<\/p>\n<\/div>\n<div class=\"bbc-19j92fr ebmt73l0\" dir=\"ltr\">\n<p class=\"bbc-hhl7in e17g058b0\" dir=\"ltr\">&#8220;He revisado m\u00e1s de 30 declaraciones y publicaciones que dicen que, en esencia, &#8216;la misma historia de la \u00faltima vez: solo palabras, nada de acci\u00f3n&#8217;.&#8217; No se est\u00e1 haciendo nada. \u00bfQu\u00e9 pasa con Comey, Adam &#8216;Shifty&#8217; Schiff y Leticia? Todos son culpables, pero no se va a hacer nada&#8221;, escribi\u00f3 Trump el s\u00e1bado.<\/p>\n<\/div>\n<div class=\"bbc-19j92fr ebmt73l0\" dir=\"ltr\">\n<p class=\"bbc-hhl7in e17g058b0\" dir=\"ltr\">Varios dem\u00f3cratas condenaron la acusaci\u00f3n contra Comey. El l\u00edder dem\u00f3crata de la C\u00e1mara de Representantes, Hakeem Jeffries, dijo que era &#8220;un ataque vergonzoso al estado de derecho&#8221; y prometi\u00f3 que se har\u00e1 rendir cuentas a &#8220;cualquiera que sea c\u00f3mplice de esta corrupci\u00f3n maligna&#8221;.<\/p>\n<\/div>\n<div class=\"bbc-19j92fr ebmt73l0\" dir=\"ltr\">\n<p class=\"bbc-hhl7in e17g058b0\" dir=\"ltr\">El senador de Virginia Mark Warner, vicepresidente del Comit\u00e9 Selecto de Inteligencia del Senado, acus\u00f3 a Trump de intentar &#8220;convertir nuestro sistema judicial en un arma para castigar y silenciar a sus cr\u00edticos&#8221;.<\/p>\n<\/div>\n<div class=\"bbc-19j92fr ebmt73l0\" dir=\"ltr\">\n<h2 id=\"Los-cargos\" class=\"bbc-1lgzob2 eglt09e0\" tabindex=\"-1\">Los cargos<\/h2>\n<\/div>\n<figure class=\"bbc-1qn0xuy\">\n<div class=\"bbc-1gbs0ve\">\n<div style=\"width: 1034px\" class=\"wp-caption alignnone\"><img loading=\"lazy\" decoding=\"async\" class=\"bbc-139onq\" src=\"https:\/\/ichef.bbci.co.uk\/ace\/ws\/640\/cpsprodpb\/4147\/live\/f87b32c0-9a75-11f0-97f5-bd38218a3641.jpg.webp\" alt=\"Trump y Bondi en febrero pasado en la Casa Blanca.\" width=\"1024\" height=\"683\" \/><p class=\"wp-caption-text\">Fuente de la imagen,Getty Images. Trump y Bondi en febrero pasado en la Casa Blanca<\/p><\/div>\n<p class=\"bbc-by8ykd\" role=\"text\">.<\/p>\n<\/div>\n<\/figure>\n<div class=\"bbc-19j92fr ebmt73l0\" dir=\"ltr\">\n<p dir=\"ltr\">\n<p class=\"bbc-hhl7in e17g058b0\" dir=\"ltr\">La fiscal federal Lindsey Halligan hizo el anuncio este jueves de que un gran jurado federal hab\u00eda presentado una acusaci\u00f3n formal imputando Comey por falso testimonio y obstrucci\u00f3n de una investigaci\u00f3n del Congreso, ambos cargos relacionados con el testimonio que el exdirector del FBI ofreci\u00f3 en una audiencia de un comit\u00e9 del Senado el 30 de septiembre de 2020.<\/p>\n<\/div>\n<div class=\"bbc-19j92fr ebmt73l0\" dir=\"ltr\">\n<p class=\"bbc-hhl7in e17g058b0\" dir=\"ltr\">Comey compareci\u00f3 en esa ocasi\u00f3n para ser interrogado sobre si hab\u00eda autorizado una filtraci\u00f3n de informaci\u00f3n en torno a la investigaci\u00f3n que se le se le hizo a Trump sobre posibles v\u00ednculos de su campa\u00f1a electoral de 2016 con Rusia.<\/p>\n<\/div>\n<div class=\"bbc-19j92fr ebmt73l0\" dir=\"ltr\">\n<p class=\"bbc-hhl7in e17g058b0\" dir=\"ltr\">Cuando Trump lleg\u00f3 al poder en 2017, Comey dirig\u00eda el FBI, aunque el republicano lo ces\u00f3 despu\u00e9s de que anunciara la apertura de una investigaci\u00f3n sobre los presuntos v\u00ednculos con Mosc\u00fa.<\/p>\n<\/div>\n<div class=\"bbc-19j92fr ebmt73l0\" dir=\"ltr\">\n<p class=\"bbc-hhl7in e17g058b0\" dir=\"ltr\">&#8220;Los cargos que se alegan en este caso representan un abuso de la confianza p\u00fablica de un nivel extraordinario&#8221;, declar\u00f3 la fiscal Halligan este jueves.<\/p>\n<\/div>\n<div class=\"bbc-19j92fr ebmt73l0\" dir=\"ltr\">\n<p class=\"bbc-hhl7in e17g058b0\" dir=\"ltr\">Halligan fue nombrada en su cargo hace unos d\u00edas, despu\u00e9s de que el anterior fiscal federal, Erik Siebert, dimitiera tras concluir que no hab\u00eda pruebas suficientes para imputar a Comey.<\/p>\n<\/div>\n<div class=\"bbc-19j92fr ebmt73l0\" dir=\"ltr\">\n<p class=\"bbc-hhl7in e17g058b0\" dir=\"ltr\">Si es declarado culpable, el exdirector del FBI podr\u00eda enfrentar una pena de hasta cinco a\u00f1os de prisi\u00f3n.<\/p>\n<\/div>\n<figure class=\"bbc-1qn0xuy\">\n<div class=\"bbc-1gbs0ve\"><img loading=\"lazy\" decoding=\"async\" class=\"bbc-139onq\" src=\"https:\/\/ichef.bbci.co.uk\/ace\/ws\/640\/cpsprodpb\/9cd0\/live\/3a782560-9a7c-11f0-928c-71dbb8619e94.png.webp\" sizes=\"auto, (min-width: 1008px) 760px, 100vw\" srcset=\"https:\/\/ichef.bbci.co.uk\/ace\/ws\/240\/cpsprodpb\/9cd0\/live\/3a782560-9a7c-11f0-928c-71dbb8619e94.png.webp 240w, https:\/\/ichef.bbci.co.uk\/ace\/ws\/320\/cpsprodpb\/9cd0\/live\/3a782560-9a7c-11f0-928c-71dbb8619e94.png.webp 320w, https:\/\/ichef.bbci.co.uk\/ace\/ws\/480\/cpsprodpb\/9cd0\/live\/3a782560-9a7c-11f0-928c-71dbb8619e94.png.webp 480w, https:\/\/ichef.bbci.co.uk\/ace\/ws\/624\/cpsprodpb\/9cd0\/live\/3a782560-9a7c-11f0-928c-71dbb8619e94.png.webp 624w, https:\/\/ichef.bbci.co.uk\/ace\/ws\/800\/cpsprodpb\/9cd0\/live\/3a782560-9a7c-11f0-928c-71dbb8619e94.png.webp 800w\" alt=\"L\u00ednea\" width=\"800\" height=\"100\" \/><\/div>\n<\/figure>\n<div class=\"bbc-19j92fr ebmt73l0\" dir=\"ltr\">\n<h2 id=\"Caso-aislado-o-presagio-\" class=\"bbc-1lgzob2 eglt09e0\" tabindex=\"-1\">\u00bfCaso aislado o presagio?<\/h2>\n<\/div>\n<div class=\"bbc-19j92fr ebmt73l0\" dir=\"ltr\">\n<p class=\"bbc-hhl7in e17g058b0\" dir=\"ltr\"><i class=\"bbc-h1y5j7 eih42320\"><b>Por Anthony Zurcher<\/b><\/i><\/p>\n<\/div>\n<div class=\"bbc-19j92fr ebmt73l0\" dir=\"ltr\">\n<p class=\"bbc-hhl7in e17g058b0\" dir=\"ltr\">Y ocurri\u00f3 lo que se esperaba. Menos de una semana despu\u00e9s de que Donald Trump publicara en Truth Social un llamado espec\u00edfico para que se investigara a algunos de sus cr\u00edticos, uno de ellos, James Comey, ha sido imputado formalmente.<\/p>\n<\/div>\n<div class=\"bbc-19j92fr ebmt73l0\" dir=\"ltr\">\n<p class=\"bbc-hhl7in e17g058b0\" dir=\"ltr\">No se necesita mucho para atar los cabos, incluso si el Departamento de Justicia de Trump insiste en la existencia de un caso s\u00f3lido contra el exdirector del FBI y que este es un ejemplo de c\u00f3mo los poderosos deben rendir cuentas.<\/p>\n<\/div>\n<div class=\"bbc-19j92fr ebmt73l0\" dir=\"ltr\">\n<p class=\"bbc-hhl7in e17g058b0\" dir=\"ltr\">Si algo quedaba del otrora s\u00f3lido muro de contenci\u00f3n entre el Departamento y la Casa Blanca, considerado durante mucho tiempo sagrado por presidentes de ambos partidos, con Trump ya no existe.<\/p>\n<\/div>\n<div class=\"bbc-19j92fr ebmt73l0\" dir=\"ltr\">\n<p class=\"bbc-hhl7in e17g058b0\" dir=\"ltr\">El caso Comey tambi\u00e9n est\u00e1 a punto de desenterrar el drama, enterrado durante mucho tiempo, de la investigaci\u00f3n sobre la intromisi\u00f3n rusa en las elecciones del primer mandato de Trump, a pesar de que los cargos de perjurio y obstrucci\u00f3n, relacionados con el testimonio ante el Congreso sobre una potencial filtraci\u00f3n a un medio de comunicaci\u00f3n, son bastante tangenciales y de poca monta.<\/p>\n<\/div>\n<div class=\"bbc-19j92fr ebmt73l0\" dir=\"ltr\">\n<p class=\"bbc-hhl7in e17g058b0\" dir=\"ltr\">Trump y sus partidarios seguramente van a usar la imputaci\u00f3n de Comey como una v\u00eda para socavar la credibilidad de la investigaci\u00f3n sobre Rusia. Si bien dicha investigaci\u00f3n hall\u00f3 amplia evidencia de intentos de intromisi\u00f3n en las elecciones presidenciales de 2016, no arroj\u00f3 ninguna prueba concreta que vincule directamente a Trump con esos esfuerzos.<\/p>\n<\/div>\n<div class=\"bbc-19j92fr ebmt73l0\" dir=\"ltr\">\n<p class=\"bbc-hhl7in e17g058b0\" dir=\"ltr\">A lo mejor, la mayor pregunta que se cierne sobre todo esto es si se trata solo de un evento aislado \u2014una medida que podr\u00eda apaciguar a un presidente claramente enojado\u2014 o si es una se\u00f1al de que se avecinan m\u00e1s procesamientos.<\/p>\n<\/div>\n","protected":false},"excerpt":{"rendered":"<p>&nbsp; &nbsp; El exdirector del FBI James Comey fue acusado formalmente de dos delitos este jueves por el Departamento de Justicia de EE.UU. Desde hace&hellip;<\/p>\n","protected":false},"author":99,"featured_media":536451,"comment_status":"open","ping_status":"open","sticky":false,"template":"","format":"standard","meta":{"footnotes":""},"categories":[24],"tags":[],"class_list":["post-536450","post","type-post","status-publish","format-standard","has-post-thumbnail","hentry","category-mundo"],"_links":{"self":[{"href":"https:\/\/diarioelpopular.com\/index.php\/wp-json\/wp\/v2\/posts\/536450","targetHints":{"allow":["GET"]}}],"collection":[{"href":"https:\/\/diarioelpopular.com\/index.php\/wp-json\/wp\/v2\/posts"}],"about":[{"href":"https:\/\/diarioelpopular.com\/index.php\/wp-json\/wp\/v2\/types\/post"}],"author":[{"embeddable":true,"href":"https:\/\/diarioelpopular.com\/index.php\/wp-json\/wp\/v2\/users\/99"}],"replies":[{"embeddable":true,"href":"https:\/\/diarioelpopular.com\/index.php\/wp-json\/wp\/v2\/comments?post=536450"}],"version-history":[{"count":1,"href":"https:\/\/diarioelpopular.com\/index.php\/wp-json\/wp\/v2\/posts\/536450\/revisions"}],"predecessor-version":[{"id":536452,"href":"https:\/\/diarioelpopular.com\/index.php\/wp-json\/wp\/v2\/posts\/536450\/revisions\/536452"}],"wp:featuredmedia":[{"embeddable":true,"href":"https:\/\/diarioelpopular.com\/index.php\/wp-json\/wp\/v2\/media\/536451"}],"wp:attachment":[{"href":"https:\/\/diarioelpopular.com\/index.php\/wp-json\/wp\/v2\/media?parent=536450"}],"wp:term":[{"taxonomy":"category","embeddable":true,"href":"https:\/\/diarioelpopular.com\/index.php\/wp-json\/wp\/v2\/categories?post=536450"},{"taxonomy":"post_tag","embeddable":true,"href":"https:\/\/diarioelpopular.com\/index.php\/wp-json\/wp\/v2\/tags?post=536450"}],"curies":[{"name":"wp","href":"https:\/\/api.w.org\/{rel}","templated":true}]}}