{"id":536491,"date":"2025-09-27T11:05:24","date_gmt":"2025-09-27T15:05:24","guid":{"rendered":"https:\/\/diarioelpopular.com\/?p=536491"},"modified":"2025-09-27T11:05:24","modified_gmt":"2025-09-27T15:05:24","slug":"trump-amenaza-con-nuevas-represalias-contra-sus-adversarios-tras-la-imputacion-del-exdirector-del-fbi","status":"publish","type":"post","link":"https:\/\/diarioelpopular.com\/index.php\/2025\/09\/27\/trump-amenaza-con-nuevas-represalias-contra-sus-adversarios-tras-la-imputacion-del-exdirector-del-fbi\/","title":{"rendered":"Trump amenaza con nuevas represalias contra sus adversarios tras la imputaci\u00f3n del exdirector del FBI"},"content":{"rendered":"<div id=\"attachment_536492\" style=\"width: 1210px\" class=\"wp-caption alignnone\"><img loading=\"lazy\" decoding=\"async\" aria-describedby=\"caption-attachment-536492\" class=\"wp-image-536492 size-custom-big-size\" src=\"https:\/\/diarioelpopular.com\/wp-content\/uploads\/2025\/09\/Screen-Shot-2025-09-27-at-11.04.35-AM-1200x786.png\" alt=\"\" width=\"1200\" height=\"786\" srcset=\"https:\/\/diarioelpopular.com\/wp-content\/uploads\/2025\/09\/Screen-Shot-2025-09-27-at-11.04.35-AM-1200x786.png 1200w, https:\/\/diarioelpopular.com\/wp-content\/uploads\/2025\/09\/Screen-Shot-2025-09-27-at-11.04.35-AM-300x197.png 300w, https:\/\/diarioelpopular.com\/wp-content\/uploads\/2025\/09\/Screen-Shot-2025-09-27-at-11.04.35-AM-768x503.png 768w, https:\/\/diarioelpopular.com\/wp-content\/uploads\/2025\/09\/Screen-Shot-2025-09-27-at-11.04.35-AM-85x55.png 85w, https:\/\/diarioelpopular.com\/wp-content\/uploads\/2025\/09\/Screen-Shot-2025-09-27-at-11.04.35-AM-1536x1007.png 1536w, https:\/\/diarioelpopular.com\/wp-content\/uploads\/2025\/09\/Screen-Shot-2025-09-27-at-11.04.35-AM-636x417.png 636w, https:\/\/diarioelpopular.com\/wp-content\/uploads\/2025\/09\/Screen-Shot-2025-09-27-at-11.04.35-AM-111x73.png 111w, https:\/\/diarioelpopular.com\/wp-content\/uploads\/2025\/09\/Screen-Shot-2025-09-27-at-11.04.35-AM.png 1024w\" sizes=\"auto, (max-width: 1200px) 100vw, 1200px\" \/><p id=\"caption-attachment-536492\" class=\"wp-caption-text\">Trump, en el Air Force One, antes de partir hacia Nueva York en la Base Conjunta Andrews, Maryland (EE UU), el 26 de septiembre. Foto Elizabeth Frantz (REUTERS)<\/p><\/div>\n<p>&nbsp;<\/p>\n<p>&nbsp;<\/p>\n<ul>\n<li><em><strong>\u201cHabr\u00e1 otros\u201d, ha asegurado el mat\u00f3n tras la presentaci\u00f3n de cargos por perjurio y obstrucci\u00f3n a la justicia contra James Comey, exdirector del FBI.<\/strong><\/em><\/li>\n<\/ul>\n<p>&nbsp;<\/p>\n<p class=\"\">\u201cOdio a mis oponentes y no quiero lo mejor para ellos\u201d, asegur\u00f3 Donald Trump en su discurso durante\u00a0<a title=\"https:\/\/elpais.com\/internacional\/2025-09-22\/trump-convierte-el-homenaje-a-charlie-kirk-en-un-punto-de-inflexion-para-el-avance-del-nacionalismo-cristiano-en-estados-unidos.html\" href=\"https:\/\/elpais.com\/internacional\/2025-09-22\/trump-convierte-el-homenaje-a-charlie-kirk-en-un-punto-de-inflexion-para-el-avance-del-nacionalismo-cristiano-en-estados-unidos.html\" target=\"_self\" rel=\"\" data-link-track-dtm=\"\" data-mrf-link=\"https:\/\/elpais.com\/internacional\/2025-09-22\/trump-convierte-el-homenaje-a-charlie-kirk-en-un-punto-de-inflexion-para-el-avance-del-nacionalismo-cristiano-en-estados-unidos.html\">el funeral por el activista conservador asesinado Charlie Kirk<\/a>\u00a0el domingo pasado.<\/p>\n<p class=\"\">Menos de una semana despu\u00e9s, se ha desatado la campa\u00f1a de venganza judicial contra quienes \u00e9l considera sus enemigos. Uno de sus grandes adversarios pol\u00edticos,\u00a0<a title=\"https:\/\/elpais.com\/internacional\/2025-09-26\/el-departamento-de-justicia-de-trump-imputa-al-exdirector-del-fbi-james-comey.html\" href=\"https:\/\/elpais.com\/internacional\/2025-09-26\/el-departamento-de-justicia-de-trump-imputa-al-exdirector-del-fbi-james-comey.html\" target=\"_self\" rel=\"\" data-link-track-dtm=\"\" data-mrf-link=\"https:\/\/elpais.com\/internacional\/2025-09-26\/el-departamento-de-justicia-de-trump-imputa-al-exdirector-del-fbi-james-comey.html\">el exdirector del FBI James Comey<\/a>, ha sido imputado a \u00faltima hora de este jueves por perjurio y obstrucci\u00f3n a la justicia, apenas d\u00edas despu\u00e9s de que Trump exigiera p\u00fablicamente que se presentaran cargos contra \u00e9l. Y el republicano ya apunta que Comey no ser\u00e1 el \u00fanico en ser sometido a ese tratamiento.<\/p>\n<p class=\"\">La imputaci\u00f3n pone de relieve la determinaci\u00f3n de castigar a sus oponentes de un presidente decidido a poner a prueba los l\u00edmites de su mandato y expandirlos hasta donde sea posible. Sus presiones p\u00fablicas al Departamento de Justicia, que forma parte del Gobierno, pero que solo en teor\u00eda opera de modo independiente, se suman a una serie de maniobras desde su regreso al poder de hostigamiento hacia sus adversarios: desde la retirada de la escolta a la excandidata presidencial dem\u00f3crata, Kamala Harris, y a algunos de sus propios antiguos asesores, al registro de la vivienda del exconsejero de Seguridad Nacional John Bolton, pasando por las amenazas de investigaci\u00f3n contra el multimillonario George Soros.<\/p>\n<p class=\"\">El paso dado por Trump carece de precedentes. Al menos en p\u00fablico, sus predecesores respetaron la condici\u00f3n de independencia del Departamento de Justicia y evitaron pronunciarse sobre sus decisiones de presentar \u2014o no presentar\u2014 cargos contra nadie. Algo que se percib\u00eda como fundamental para mantener el principio de la separaci\u00f3n de poderes y el Estado de derecho.<\/p>\n<p class=\"\">En el caso de Comey, en cambio, el presidente<a title=\"https:\/\/elpais.com\/internacional\/2025-09-21\/trump-ordena-en-redes-sociales-a-su-fiscal-general-que-persiga-ya-a-los-enemigos-del-presidente-de-ee-uu.html#?rel=mas\" href=\"https:\/\/elpais.com\/internacional\/2025-09-21\/trump-ordena-en-redes-sociales-a-su-fiscal-general-que-persiga-ya-a-los-enemigos-del-presidente-de-ee-uu.html#?rel=mas\" target=\"_self\" rel=\"\" data-link-track-dtm=\"\" data-mrf-link=\"https:\/\/elpais.com\/internacional\/2025-09-21\/trump-ordena-en-redes-sociales-a-su-fiscal-general-que-persiga-ya-a-los-enemigos-del-presidente-de-ee-uu.html\">\u00a0ha presionado muy p\u00fablicamente a la secretaria de Justicia, Pam Bondi,<\/a> ha forzado la dimisi\u00f3n del fiscal encargado del caso de investigar al exjefe del FBI, Erik Siebert, y lo ha reemplazado por su antigua abogada que es ardiente partidaria suya, Lindsey Halligan.<\/p>\n<p class=\"\">Aunque el presidente negaba, horas antes de la presentaci\u00f3n de cargos, que hubiera tenido un papel en el caso, tambi\u00e9n apuntaba en declaraciones en el Despacho Oval: \u201cCreo que me estar\u00eda permitido implicarme\u201d.<\/p>\n<p class=\"\">E inmediatamente antes de marcharse este viernes de la Casa Blanca para viajar a Nueva York, donde asistir\u00e1 a la Copa Ryder de golf, Trump avisaba de que otros adversarios pol\u00edticos podr\u00edan verse en la misma situaci\u00f3n que el antiguo jefe de la Polic\u00eda federal. \u201cNo hay una lista, pero creo que habr\u00e1 otros\u201d, apuntaba antes de subir al helic\u00f3ptero <i>Marine One.<\/i><\/p>\n<p class=\"\">Sin exponer pruebas, dijo que: \u201cSon corruptos. Dem\u00f3cratas corruptos, de la izquierda radical\u2026 habr\u00e1 otros. Es mi opini\u00f3n. Convirtieron el Departamento de Justicia en un arma pol\u00edtica como nadie antes en la historia. Lo que han hecho es terrible, y espero de verdad que haya otros, porque no se puede dejar que esto le pase a un pa\u00eds\u201d, declar\u00f3.<\/p>\n<p class=\"\">Trump ya hab\u00eda celebrado con abierto regocijo la decisi\u00f3n de un gran jurado en la ciudad de Alexandria, en el noreste de Virginia, de imputar al antiguo director del FBI. El jueves, describ\u00eda a Comey en redes sociales como \u201cuno de los peores seres humanos\u201d. Este viernes, volv\u00eda a arremeter contra \u00e9l y le acusaba de ser un \u201cpolic\u00eda corrupto\u201d y de haber mentido. Seg\u00fan el republicano, es \u201cun destructor de vidas\u201d. Sab\u00eda exactamente lo que estaba haciendo, y su mentira fue muy grave y con muchas consecuencias, por lo que tiene que pagar un precio muy alto\u201d<\/p>\n<p class=\"\">Las acusaciones contra Comey tienen su origen en una declaraci\u00f3n bajo juramento del ex alto cargo ante el Congreso el 30 de septiembre de 2020. Compareci\u00f3 para aclarar si hab\u00eda autorizado una filtraci\u00f3n de informaci\u00f3n en torno a la investigaci\u00f3n que se le realiz\u00f3 a Trump sobre sus posibles v\u00ednculos con Rusia en la campa\u00f1a electoral de 2016&#8230; Y ahora llega la venganza.<\/p>\n<p>&nbsp;<\/p>\n<figure class=\"a_m a_m-h \">\n<p><div style=\"width: 424px\" class=\"wp-caption alignnone\"><img loading=\"lazy\" decoding=\"async\" class=\"_re lazyload a_m-h\" src=\"https:\/\/imagenes.elpais.com\/resizer\/v2\/NCRZEK7NFBG7FPZRTNBTSK7TWY.jpg?auth=17689b732c78afb76ea9eb2062323fd0d89c8516649b7b8f2a23e26cc1b5b57c&amp;width=414\" sizes=\"auto, (min-width:1199px) 1155px,(min-width:1001px) calc(100vw - 44px),(min-width:768px) 767px, 100vw\" srcset=\"https:\/\/imagenes.elpais.com\/resizer\/v2\/NCRZEK7NFBG7FPZRTNBTSK7TWY.jpg?auth=17689b732c78afb76ea9eb2062323fd0d89c8516649b7b8f2a23e26cc1b5b57c&amp;width=414 414w,https:\/\/imagenes.elpais.com\/resizer\/v2\/NCRZEK7NFBG7FPZRTNBTSK7TWY.jpg?auth=17689b732c78afb76ea9eb2062323fd0d89c8516649b7b8f2a23e26cc1b5b57c&amp;width=828 640w,https:\/\/imagenes.elpais.com\/resizer\/v2\/NCRZEK7NFBG7FPZRTNBTSK7TWY.jpg?auth=17689b732c78afb76ea9eb2062323fd0d89c8516649b7b8f2a23e26cc1b5b57c&amp;width=980 1000w,https:\/\/imagenes.elpais.com\/resizer\/v2\/NCRZEK7NFBG7FPZRTNBTSK7TWY.jpg?auth=17689b732c78afb76ea9eb2062323fd0d89c8516649b7b8f2a23e26cc1b5b57c&amp;width=1960 1960w\" alt=\"\" width=\"414\" height=\"291\" \/><p class=\"wp-caption-text\">Donald Trump saluda a James Comey durante una recepci\u00f3n en la Sala Azul de la Casa Blanca, en enero de 2017.\u00a0 \u00a0 \u00a0 \u00a0 \u00a0 \u00a0 \u00a0 \u00a0 \u00a0 \u00a0 \u00a0 \u00a0 \u00a0 \u00a0 \u00a0 \u00a0Foto Alex Brandon (AP)<\/p><\/div><figcaption class=\"a_m_p\" aria-hidden=\"true\"><\/figcaption><\/figure>\n<p>&nbsp;<\/p>\n<p class=\"\"><a title=\"https:\/\/elpais.com\/internacional\/2017\/06\/10\/estados_unidos\/1497097536_693741.html\" href=\"https:\/\/elpais.com\/internacional\/2017\/06\/10\/estados_unidos\/1497097536_693741.html\" target=\"_self\" rel=\"\" data-link-track-dtm=\"\" data-mrf-link=\"https:\/\/elpais.com\/internacional\/2017\/06\/10\/estados_unidos\/1497097536_693741.html\">Comey dirig\u00eda el FBI\u00a0<\/a>cuando Trump lleg\u00f3 al poder en su primer mandato en 2017, pero este le ces\u00f3 ese mismo a\u00f1o, apenas d\u00edas despu\u00e9s de que anunciase la apertura de una investigaci\u00f3n sobre aquellos posibles v\u00ednculos rusos. Desde entonces, Comey se ha convertido, entre otros, en uno de los blancos pol\u00edticos constantes del republicano por esa pesquisa.<\/p>\n<p class=\"\">El exdirector de la Polic\u00eda federal, que est\u00e1 citado para responder a las acusaciones en un tribunal de Alexandria el 9 de octubre, se ha declarado inocente de las acusaciones. \u201cSe me rompe el coraz\u00f3n por el Departamento de Justicia, pero tengo gran confianza en el sistema de justicia federal. Soy inocente, as\u00ed que vayamos a juicio y mantengamos la confianza\u201d, afirm\u00f3 en un v\u00eddeo colgado en redes sociales. \u201cNo voy a vivir de rodillas, y ustedes tampoco deber\u00edan hacerlo\u201d, apunt\u00f3.<\/p>\n<p class=\"\">La gran interrogante ahora es si, como avisa Trump, el martillo judicial se utilizar\u00e1 contra otros adversarios pol\u00edticos suyos. En su mensaje a Bondi el fin de semana pasado, Trump le hab\u00eda reclamado tambi\u00e9n que actuara contra otras dos de las grandes n\u00e9mesis presidenciales: el senador Adam Schiff y la fiscal federal de Nueva York Letitia James.<\/p>\n<p>&nbsp;<\/p>\n<figure class=\"a_m a_m-h \">\n<p><div style=\"width: 424px\" class=\"wp-caption alignnone\"><img loading=\"lazy\" decoding=\"async\" class=\"_re lazyload a_m-h\" src=\"https:\/\/imagenes.elpais.com\/resizer\/v2\/2TDZJ2PRMFGUDJCRRDLOQ6WTGM.JPG?auth=d39d873c06de7aaf036ec5b32929aed18e2c1796c7d66becbbc28e4538c7c454&amp;width=414\" sizes=\"auto, (min-width:1199px) 1155px,(min-width:1001px) calc(100vw - 44px),(min-width:768px) 767px, 100vw\" srcset=\"https:\/\/imagenes.elpais.com\/resizer\/v2\/2TDZJ2PRMFGUDJCRRDLOQ6WTGM.JPG?auth=d39d873c06de7aaf036ec5b32929aed18e2c1796c7d66becbbc28e4538c7c454&amp;width=414 414w,https:\/\/imagenes.elpais.com\/resizer\/v2\/2TDZJ2PRMFGUDJCRRDLOQ6WTGM.JPG?auth=d39d873c06de7aaf036ec5b32929aed18e2c1796c7d66becbbc28e4538c7c454&amp;width=828 640w,https:\/\/imagenes.elpais.com\/resizer\/v2\/2TDZJ2PRMFGUDJCRRDLOQ6WTGM.JPG?auth=d39d873c06de7aaf036ec5b32929aed18e2c1796c7d66becbbc28e4538c7c454&amp;width=980 1000w,https:\/\/imagenes.elpais.com\/resizer\/v2\/2TDZJ2PRMFGUDJCRRDLOQ6WTGM.JPG?auth=d39d873c06de7aaf036ec5b32929aed18e2c1796c7d66becbbc28e4538c7c454&amp;width=1960 1960w\" alt=\"\" width=\"414\" height=\"282\" \/><p class=\"wp-caption-text\">Donald Trump escucha a la fiscal general de EE UU, Pam Bondi, en el Despacho Oval de la Casa Blanca, el 15 de septiembre. Foto Jonathan Ernst (REUTERS)<\/p><\/div><figcaption class=\"a_m_p\" aria-hidden=\"true\"><\/figcaption><\/figure>\n<p>&nbsp;<\/p>\n<p class=\"\">La fiscal James llev\u00f3 a Trump y su empresa a juicio por fraude. En esa causa civil, un juez de Manhattan conden\u00f3 al presidente y a su familia a pagar 454 millones de d\u00f3lares en concepto de multa, en un fallo que limit\u00f3 la capacidad de la Organizaci\u00f3n Trump para obtener pr\u00e9stamos y bloque\u00f3 que los hijos mayores del republicano, Eric y Donald Junior, pudieran administrar el negocio familiar durante dos a\u00f1os. Pero el mes pasado, <a title=\"https:\/\/elpais.com\/internacional\/2025-08-21\/un-tribunal-anula-la-multa-de-454-millones-de-dolares-a-trump-y-su-familia-por-fraude.html\" href=\"https:\/\/elpais.com\/internacional\/2025-08-21\/un-tribunal-anula-la-multa-de-454-millones-de-dolares-a-trump-y-su-familia-por-fraude.html\" target=\"_self\" rel=\"\" data-link-track-dtm=\"\" data-mrf-link=\"https:\/\/elpais.com\/internacional\/2025-08-21\/un-tribunal-anula-la-multa-de-454-millones-de-dolares-a-trump-y-su-familia-por-fraude.html\">un tribunal de apelaciones, af\u00edn a Trump, tumb\u00f3 esa decisi\u00f3n judicial.<\/a>\u00a0Por su parte, Schiff encabez\u00f3 uno de los intentos de juicio pol\u00edtico contra el republicano durante su primer mandato.<\/p>\n<p class=\"\">El pr\u00f3ximo en estar en la diana podr\u00eda ser John Bolton, el antiguo consejero de Seguridad Nacional de Trump y hoy un prol\u00edfico cr\u00edtico de su antiguo jefe en los medios de comunicaci\u00f3n. Tras el registro de su vivienda en agosto, el Departamento de Justicia pretende imputarle por supuesta tenencia de documentos clasificados, algo que puede ocurrir, seg\u00fan la cadena de televisi\u00f3n CNN.<\/p>\n<p class=\"\">Est\u00e1 pendiente tambi\u00e9n de dirimirse en el Tribunal Supremo el caso de Lisa Cook, la gobernadora de la Reserva Federal a la que el presidente pretende cesar. La antigua y respetable acad\u00e9mica denuncia que Trump quiere, con su despido, poner fin a la independencia del banco central, considerada clave para la buena marcha de la econom\u00eda del pa\u00eds.<\/p>\n<p class=\"\">En el punto de mira presidencial se encuentra tambi\u00e9n\u00a0<a title=\"https:\/\/elpais.com\/internacional\/2017\/05\/23\/estados_unidos\/1495550359_836956.html\" href=\"https:\/\/elpais.com\/internacional\/2017\/05\/23\/estados_unidos\/1495550359_836956.html\" target=\"_self\" rel=\"\" data-link-track-dtm=\"\" data-mrf-link=\"https:\/\/elpais.com\/internacional\/2017\/05\/23\/estados_unidos\/1495550359_836956.html\">el exdirector de la CIA John Brennan,<\/a>\u00a0objeto de la animadversi\u00f3n de Trump, y de pesquisas del Departamento de Justicia por las investigaciones de la agencia en torno a los contactos de Rusia en 2016.<\/p>\n<p class=\"\">Y podr\u00eda estarlo tambi\u00e9n el multimillonario George Soros y su Open Society Foundation, una sociedad ben\u00e9fica para la promoci\u00f3n de las libertades, seg\u00fan el peri\u00f3dico\u00a0<i>The New York Times<\/i>, que cita un memor\u00e1ndum que apunta entre los posibles cargos el de \u201capoyo material al terrorismo\u201d. La directriz indica el medio: \u201csugiere que los l\u00edderes del Departamento cumplan \u00f3rdenes del mismo Trump para que grupos o personas espec\u00edficas sean sometidos a una investigaci\u00f3n penal\u201d.<\/p>\n","protected":false},"excerpt":{"rendered":"<p>&nbsp; &nbsp; \u201cHabr\u00e1 otros\u201d, ha asegurado el mat\u00f3n tras la presentaci\u00f3n de cargos por perjurio y obstrucci\u00f3n a la justicia contra James Comey, exdirector del&hellip;<\/p>\n","protected":false},"author":99,"featured_media":536492,"comment_status":"open","ping_status":"open","sticky":false,"template":"","format":"standard","meta":{"footnotes":""},"categories":[24],"tags":[],"class_list":["post-536491","post","type-post","status-publish","format-standard","has-post-thumbnail","hentry","category-mundo"],"_links":{"self":[{"href":"https:\/\/diarioelpopular.com\/index.php\/wp-json\/wp\/v2\/posts\/536491","targetHints":{"allow":["GET"]}}],"collection":[{"href":"https:\/\/diarioelpopular.com\/index.php\/wp-json\/wp\/v2\/posts"}],"about":[{"href":"https:\/\/diarioelpopular.com\/index.php\/wp-json\/wp\/v2\/types\/post"}],"author":[{"embeddable":true,"href":"https:\/\/diarioelpopular.com\/index.php\/wp-json\/wp\/v2\/users\/99"}],"replies":[{"embeddable":true,"href":"https:\/\/diarioelpopular.com\/index.php\/wp-json\/wp\/v2\/comments?post=536491"}],"version-history":[{"count":1,"href":"https:\/\/diarioelpopular.com\/index.php\/wp-json\/wp\/v2\/posts\/536491\/revisions"}],"predecessor-version":[{"id":536493,"href":"https:\/\/diarioelpopular.com\/index.php\/wp-json\/wp\/v2\/posts\/536491\/revisions\/536493"}],"wp:featuredmedia":[{"embeddable":true,"href":"https:\/\/diarioelpopular.com\/index.php\/wp-json\/wp\/v2\/media\/536492"}],"wp:attachment":[{"href":"https:\/\/diarioelpopular.com\/index.php\/wp-json\/wp\/v2\/media?parent=536491"}],"wp:term":[{"taxonomy":"category","embeddable":true,"href":"https:\/\/diarioelpopular.com\/index.php\/wp-json\/wp\/v2\/categories?post=536491"},{"taxonomy":"post_tag","embeddable":true,"href":"https:\/\/diarioelpopular.com\/index.php\/wp-json\/wp\/v2\/tags?post=536491"}],"curies":[{"name":"wp","href":"https:\/\/api.w.org\/{rel}","templated":true}]}}