{"id":536495,"date":"2025-09-27T11:12:25","date_gmt":"2025-09-27T15:12:25","guid":{"rendered":"https:\/\/diarioelpopular.com\/?p=536495"},"modified":"2025-09-27T11:12:25","modified_gmt":"2025-09-27T15:12:25","slug":"estados-unidos-revoca-la-visa-de-petro-tras-su-protesta-en-favor-de-palestina-sus-acciones-son-imprudentes-e-incendiarias","status":"publish","type":"post","link":"https:\/\/diarioelpopular.com\/index.php\/2025\/09\/27\/estados-unidos-revoca-la-visa-de-petro-tras-su-protesta-en-favor-de-palestina-sus-acciones-son-imprudentes-e-incendiarias\/","title":{"rendered":"Estados Unidos revoca la visa de Petro tras su protesta en favor de Palestina: \u201cSus acciones son imprudentes e incendiarias\u201d"},"content":{"rendered":"<div id=\"attachment_536496\" style=\"width: 1210px\" class=\"wp-caption alignnone\"><img loading=\"lazy\" decoding=\"async\" aria-describedby=\"caption-attachment-536496\" class=\"wp-image-536496 size-custom-big-size\" src=\"https:\/\/diarioelpopular.com\/wp-content\/uploads\/2025\/09\/Screen-Shot-2025-09-27-at-11.11.32-AM-1200x561.png\" alt=\"\" width=\"1200\" height=\"561\" srcset=\"https:\/\/diarioelpopular.com\/wp-content\/uploads\/2025\/09\/Screen-Shot-2025-09-27-at-11.11.32-AM-1200x561.png 1200w, https:\/\/diarioelpopular.com\/wp-content\/uploads\/2025\/09\/Screen-Shot-2025-09-27-at-11.11.32-AM-300x140.png 300w, https:\/\/diarioelpopular.com\/wp-content\/uploads\/2025\/09\/Screen-Shot-2025-09-27-at-11.11.32-AM-768x359.png 768w, https:\/\/diarioelpopular.com\/wp-content\/uploads\/2025\/09\/Screen-Shot-2025-09-27-at-11.11.32-AM-1536x718.png 1536w, https:\/\/diarioelpopular.com\/wp-content\/uploads\/2025\/09\/Screen-Shot-2025-09-27-at-11.11.32-AM-636x297.png 636w, https:\/\/diarioelpopular.com\/wp-content\/uploads\/2025\/09\/Screen-Shot-2025-09-27-at-11.11.32-AM-146x68.png 146w, https:\/\/diarioelpopular.com\/wp-content\/uploads\/2025\/09\/Screen-Shot-2025-09-27-at-11.11.32-AM.png 1024w\" sizes=\"auto, (max-width: 1200px) 100vw, 1200px\" \/><p id=\"caption-attachment-536496\" class=\"wp-caption-text\">Gustavo Petro durante una movilizaci\u00f3n en la plaza Dag Hammarskj\u00f6ld, en la ciudad de Nueva York, este viernes.\u00a0 \u00a0Foto: Bing Guan (REUTERS)<\/p><\/div>\n<p>&nbsp;<\/p>\n<p>&nbsp;<\/p>\n<div class=\"a_e_txt _df\">\n<h4 class=\"a_st\"><em>&#8211; El Departamento de Estado acusa a Petro de \u201cinstar a los soldados estadounidenses a desobedecer las \u00f3rdenes e incitar a la violencia\u201d<\/em><\/h4>\n<p>&nbsp;<\/p>\n<\/div>\n<div class=\"a_e_m\">\n<figure class=\"a_m\">\n<div class=\"videoTop videoTop-v\">\n<div class=\"core_cover_container\">\n<p class=\"\">Las \u00faltimas acciones y declaraciones del presidente Gustavo Petro han abierto una nueva crisis con Estados Unidos. El Departamento de Estado, dirigido por el exsenador\u00a0<a title=\"https:\/\/elpais.com\/mexico\/2025-09-03\/marco-rubio-no-hay-ningun-gobierno-que-este-cooperando-mas-con-nosotros-que-el-gobierno-de-sheinbaum.html\" href=\"https:\/\/elpais.com\/mexico\/2025-09-03\/marco-rubio-no-hay-ningun-gobierno-que-este-cooperando-mas-con-nosotros-que-el-gobierno-de-sheinbaum.html\" target=\"_self\" rel=\"\" data-link-track-dtm=\"\" data-mrf-link=\"https:\/\/elpais.com\/mexico\/2025-09-03\/marco-rubio-no-hay-ningun-gobierno-que-este-cooperando-mas-con-nosotros-que-el-gobierno-de-sheinbaum.html\">Marco Rubio<\/a>, ha anunciado este viernes a trav\u00e9s de sus redes sociales que cancelar\u00e1 la visa del mandatario colombiano despu\u00e9s de que este liderara una manifestaci\u00f3n en las calles de Nueva York en apoyo al pueblo palestino.<\/p>\n<p class=\"\">\u201cHoy temprano, el presidente colombiano Gustavo Petro se par\u00f3 en una calle de Nueva York e inst\u00f3 a los soldados estadounidenses a desobedecer las \u00f3rdenes e incitar a la violencia\u201d, indica el mensaje del Departamento de Estado. \u201cRevocaremos la visa de Petro debido a sus acciones imprudentes e incendiarias\u201d.<\/p>\n<div>\n<p class=\"\">El mandatario colombiano estaba volando de regreso a Bogot\u00e1 cuando las autoridades norteamericanas hicieron el anuncio. Horas despu\u00e9s, al aterrizar en la madrugada del s\u00e1bado, reaccion\u00f3. \u201cLo que hace el gobierno de EE. UU. conmigo, rompe todas las normas de inmunidad en las que se basa el funcionamiento de las Naciones Unidas y su Asamblea General. Hay total inmunidad para los presidentes que asisten a la Asamblea y el gobierno de EEUU no puede condicionar la opini\u00f3n de los EEUU. El que no se haya permitido la entrada a la Autoridad Palestina y el que se me quite la visa por pedirle al ej\u00e9rcito de EEUU y de Israel que no apoyen un genocidio, que es un crimen contra la humanidad toda, demuestran que el gobierno de EEUU ya no cumple con el derecho internacional. La sede de Naciones Unidas no puede continuar en Nueva York\u201d, escribi\u00f3 en el primero de varios trinos, en los que tambi\u00e9n se\u00f1al\u00f3 que es ciudadano europeo pero que no regresar\u00e1 a Estados Unidos. \u201cNo volver\u00e9 a a ver el Pato Donald, por ahora, eso es todo\u201d.<\/p>\n<p class=\"\">Gustavo Petro ya hab\u00eda propuesto una resoluci\u00f3n esta semana, ante la Asamblea General de las Naciones Unidas, para crear, con dos tercios de los pa\u00edses miembros, \u201c<a title=\"https:\/\/elpais.com\/america-colombia\/2025-09-23\/petro-carga-contra-trump-en-la-onu-y-propone-una-fuerza-especial-para-detener-el-genocidio-en-palestina.html\" href=\"https:\/\/elpais.com\/america-colombia\/2025-09-23\/petro-carga-contra-trump-en-la-onu-y-propone-una-fuerza-especial-para-detener-el-genocidio-en-palestina.html\" target=\"_self\" rel=\"\" data-link-track-dtm=\"\" data-mrf-link=\"https:\/\/elpais.com\/america-colombia\/2025-09-23\/petro-carga-contra-trump-en-la-onu-y-propone-una-fuerza-especial-para-detener-el-genocidio-en-palestina.html\">una fuerza armada para defender la vida del pueblo palestino<\/a>\u201d. Se trata de una idea nueva del presidente, quien lleva ya varios meses denunciando un genocidio en Gaza y pidiendo un boicot al gobierno de Benjamin Netanyahu. Este \u00faltimo jefe de Estado tom\u00f3\u00a0<a title=\"https:\/\/elpais.com\/internacional\/2025-09-26\/netanyahu-niega-la-hambruna-en-gaza-en-una-asamblea-de-la-onu-casi-vacia-como-protesta-por-la-masacre.html\" href=\"https:\/\/elpais.com\/internacional\/2025-09-26\/netanyahu-niega-la-hambruna-en-gaza-en-una-asamblea-de-la-onu-casi-vacia-como-protesta-por-la-masacre.html\" target=\"_self\" rel=\"\" data-link-track-dtm=\"\" data-mrf-link=\"https:\/\/elpais.com\/internacional\/2025-09-26\/netanyahu-niega-la-hambruna-en-gaza-en-una-asamblea-de-la-onu-casi-vacia-como-protesta-por-la-masacre.html\">la palabra hoy en la Asamblea, y varias delegaciones diplom\u00e1ticas salieron del recinto como<\/a>\u00a0forma de protesta, entre ellas la de Colombia. Sin embargo, Petro sali\u00f3 adem\u00e1s a las calles a protestar en una avenida cercana al edificio de la ONU y, con el m\u00fasico Roger Waters a su lado, explic\u00f3 su propuesta de una fuerza armada internacional. En eso a\u00f1adi\u00f3 lo que el Departamento de Estado llama \u201cacciones imprudentes e incendiarias\u201d.<\/p>\n<p class=\"\">\u201cEsta brigada debe ser m\u00e1s grande que la de Estados Unidos, por eso aqu\u00ed, desde Nueva York, les pido a todos los soldados del ej\u00e9rcito de los Estados Unidos que no apunten contra la humanidad con sus fusiles\u201d, dijo con un meg\u00e1fono ante un p\u00fablico atento. El Gobierno estadounidense ha sido el principal apoyo pol\u00edtico y militar para Netanyahu, lo que le ha permitido a este \u00faltimo mantener su ofensiva a pesar de que la mayor\u00eda de los pa\u00edses la desaprueban. \u201cDesobedezcan la orden de Trump, obedezcan la orden de la humanidad\u201d, a\u00f1adi\u00f3 el presidente colombiano.<\/p>\n<p>&nbsp;<\/p>\n<figure class=\"a_m\">\n<div class=\"videoTop videoTop-v\">\n<div id=\"video_20250926171037548\" class=\" core_player_container \">\n<div id=\"player_alfa_inner\" class=\"core_inner\">\n<div class=\"core_cover_container\">\n<div id=\"alfa_player_image_cover\" class=\"core_cover\"><\/div>\n<div class=\"core_cover\">\n<div id=\"ph_video_20250926171037548\" class=\"videoTop videoTop-ph\">\n<div class=\"posicionador\" role=\"button\" aria-label=\"Reproducir v\u00eddeo\" data-link-track-dtm=\"\">\n<div style=\"width: 424px\" class=\"wp-caption alignnone\"><img loading=\"lazy\" decoding=\"async\" class=\"_re lazyload a_m-h\" src=\"https:\/\/imagenes.elpais.com\/resizer\/v2\/65YSLPAUGVOSTAPFQ546XEFCGM.jpg?auth=a94d476d74a6647095d90af4229f436577f9b902bec9258b24f5faf235b230be&amp;width=1200&amp;height=675&amp;smart=true\" alt=\"\" width=\"414\" height=\"233\" \/><p class=\"wp-caption-text\">Petro llama a voluntarios a pelear en Gaza. El presidente de Colombia, Gustavo Petro, durante una manifestaci\u00f3n pro-palestina en Nueva York, este viernes. Foto: REUTERS\/Bing Guan<\/p><\/div>\n<div class=\"_pa _df ph-v_b ph-v_b-lg\">\n<div class=\"_df ph-v_c\"><\/div>\n<\/div>\n<\/div>\n<\/div>\n<\/div>\n<\/div>\n<\/div>\n<\/div>\n<\/div>\n<\/figure>\n<p>&nbsp;<\/p>\n<p class=\"\">El mandatario dio un largo discurso en las calles lanzando otras ideas. \u201cTodos los Consulados y Embajadas de Colombia tienen la orden, en todos los pa\u00edses del mundo, de buscar el voto por el \u2018s\u00ed\u2019 para la liberaci\u00f3n de Palestina\u201d, dijo sobre su resoluci\u00f3n para crear esa fuerza armada que viajar\u00e1 a defender al pueblo palestino. Y, adem\u00e1s, a\u00f1adi\u00f3 que al regresar a Colombia abrir\u00e1 \u201cinscripciones de voluntarios y voluntarias con experiencia militar. Esa experiencia debe ponerse al servicio del pueblo de Palestina\u201d. El presidente a\u00f1adi\u00f3 que quiz\u00e1s \u00e9l mismo se una a dicha fuerza: \u201cSi le toca ir al presidente de la Rep\u00fablica a ese combate, no me asusta, ya estuve en otros, \u00a1pues voy!\u201d. Hizo as\u00ed una referencia a su tiempo en la guerrilla del M-19, que se levant\u00f3 en armas contra el Estado.<\/p>\n<p class=\"\">La noticia ocurre despu\u00e9s de que Colombia\u00a0<a title=\"https:\/\/elpais.com\/america-colombia\/2025-09-16\/gustavo-petro-anuncia-que-trump-descertifica-a-colombia-en-la-lucha-antidrogas.html\" href=\"https:\/\/elpais.com\/america-colombia\/2025-09-16\/gustavo-petro-anuncia-que-trump-descertifica-a-colombia-en-la-lucha-antidrogas.html\" target=\"_self\" rel=\"\" data-link-track-dtm=\"\" data-mrf-link=\"https:\/\/elpais.com\/america-colombia\/2025-09-16\/gustavo-petro-anuncia-que-trump-descertifica-a-colombia-en-la-lucha-antidrogas.html\">perdi\u00f3 su certificaci\u00f3n<\/a>, este mes, como pa\u00eds aliado en la guerra contra las drogas, una noticia en la que el Gobierno de Estados Unidos anunci\u00f3 que se debe \u201cexclusivamente a su liderazgo pol\u00edtico\u201d. El Ejecutivo norteamericano ha mantenido canales de comunicaci\u00f3n con otros pol\u00edticos y empresarios colombianos, adem\u00e1s de continuar con una alianza estrat\u00e9gica militar entre los dos ej\u00e9rcitos, pero ha dejado en claro que no acepta la forma de liderazgo del mandatario colombiano. Revocar la visa de Petro sin imponer sanciones al pa\u00eds es otra forma de enviar el mismo mensaje. Aunque el presidente tiene tambi\u00e9n pasaporte italiano, con el que podr\u00eda entrar a Estados Unidos sin necesidad de una visa, el Departamento de Estado podr\u00eda negarle la entrada si mantiene en firme su posici\u00f3n de excluirlo del territorio norteamericano.<\/p>\n<p class=\"\">La crisis entre los\u00a0<a title=\"https:\/\/elpais.com\/america-colombia\/2025-01-28\/los-deportados-con-los-que-trump-amenazo-a-petro-aterrizan-en-colombia-no-somos-narcos.html\" href=\"https:\/\/elpais.com\/america-colombia\/2025-01-28\/los-deportados-con-los-que-trump-amenazo-a-petro-aterrizan-en-colombia-no-somos-narcos.html\" target=\"_self\" rel=\"\" data-link-track-dtm=\"\" data-mrf-link=\"https:\/\/elpais.com\/america-colombia\/2025-01-28\/los-deportados-con-los-que-trump-amenazo-a-petro-aterrizan-en-colombia-no-somos-narcos.html\">dos jefes de Estado arranc\u00f3 en enero<\/a>, poco despu\u00e9s de que arrancara el mandato de Donald Trump, cuando Petro pidi\u00f3 devolver dos aviones con migrantes encadenados al pa\u00eds, en forma de protesta por la forma indigna en la que se trataba a los ciudadanos colombianos. El presidente de Estados Unidos anunci\u00f3 que impondr\u00eda aranceles a Colombia como castigo, y con ello mostr\u00f3 su poder de amenaza a los pa\u00edses que desafiaran su pol\u00edtica antiinmigraci\u00f3n. La crisis se calm\u00f3 tras un di\u00e1logo diplom\u00e1tico, los vuelos se reanudaron, pero la molestia de los norteamericanos con Petro se mantiene estable.<\/p>\n<\/div>\n<\/div>\n<\/div>\n<\/figure>\n<\/div>\n","protected":false},"excerpt":{"rendered":"<p>&nbsp; &nbsp; &#8211; El Departamento de Estado acusa a Petro de \u201cinstar a los soldados estadounidenses a desobedecer las \u00f3rdenes e incitar a la violencia\u201d&hellip;<\/p>\n","protected":false},"author":99,"featured_media":536496,"comment_status":"open","ping_status":"open","sticky":false,"template":"","format":"standard","meta":{"footnotes":""},"categories":[23],"tags":[],"class_list":["post-536495","post","type-post","status-publish","format-standard","has-post-thumbnail","hentry","category-latinoamerica"],"_links":{"self":[{"href":"https:\/\/diarioelpopular.com\/index.php\/wp-json\/wp\/v2\/posts\/536495","targetHints":{"allow":["GET"]}}],"collection":[{"href":"https:\/\/diarioelpopular.com\/index.php\/wp-json\/wp\/v2\/posts"}],"about":[{"href":"https:\/\/diarioelpopular.com\/index.php\/wp-json\/wp\/v2\/types\/post"}],"author":[{"embeddable":true,"href":"https:\/\/diarioelpopular.com\/index.php\/wp-json\/wp\/v2\/users\/99"}],"replies":[{"embeddable":true,"href":"https:\/\/diarioelpopular.com\/index.php\/wp-json\/wp\/v2\/comments?post=536495"}],"version-history":[{"count":1,"href":"https:\/\/diarioelpopular.com\/index.php\/wp-json\/wp\/v2\/posts\/536495\/revisions"}],"predecessor-version":[{"id":536497,"href":"https:\/\/diarioelpopular.com\/index.php\/wp-json\/wp\/v2\/posts\/536495\/revisions\/536497"}],"wp:featuredmedia":[{"embeddable":true,"href":"https:\/\/diarioelpopular.com\/index.php\/wp-json\/wp\/v2\/media\/536496"}],"wp:attachment":[{"href":"https:\/\/diarioelpopular.com\/index.php\/wp-json\/wp\/v2\/media?parent=536495"}],"wp:term":[{"taxonomy":"category","embeddable":true,"href":"https:\/\/diarioelpopular.com\/index.php\/wp-json\/wp\/v2\/categories?post=536495"},{"taxonomy":"post_tag","embeddable":true,"href":"https:\/\/diarioelpopular.com\/index.php\/wp-json\/wp\/v2\/tags?post=536495"}],"curies":[{"name":"wp","href":"https:\/\/api.w.org\/{rel}","templated":true}]}}