{"id":536526,"date":"2025-09-28T10:19:44","date_gmt":"2025-09-28T14:19:44","guid":{"rendered":"https:\/\/diarioelpopular.com\/?p=536526"},"modified":"2025-09-28T10:19:44","modified_gmt":"2025-09-28T14:19:44","slug":"argentina-clama-justicia-por-el-triple-feminicidio-narco-de-lara-brenda-y-morena","status":"publish","type":"post","link":"https:\/\/diarioelpopular.com\/index.php\/2025\/09\/28\/argentina-clama-justicia-por-el-triple-feminicidio-narco-de-lara-brenda-y-morena\/","title":{"rendered":"Argentina clama justicia por el triple feminicidio narco de Lara, Brenda y Morena"},"content":{"rendered":"<div id=\"attachment_536527\" style=\"width: 1210px\" class=\"wp-caption alignnone\"><img loading=\"lazy\" decoding=\"async\" aria-describedby=\"caption-attachment-536527\" class=\"wp-image-536527 size-custom-big-size\" src=\"https:\/\/diarioelpopular.com\/wp-content\/uploads\/2025\/09\/Screen-Shot-2025-09-28-at-10.18.51-AM-1200x802.png\" alt=\"\" width=\"1200\" height=\"802\" srcset=\"https:\/\/diarioelpopular.com\/wp-content\/uploads\/2025\/09\/Screen-Shot-2025-09-28-at-10.18.51-AM-1200x802.png 1200w, https:\/\/diarioelpopular.com\/wp-content\/uploads\/2025\/09\/Screen-Shot-2025-09-28-at-10.18.51-AM-300x200.png 300w, https:\/\/diarioelpopular.com\/wp-content\/uploads\/2025\/09\/Screen-Shot-2025-09-28-at-10.18.51-AM-768x513.png 768w, https:\/\/diarioelpopular.com\/wp-content\/uploads\/2025\/09\/Screen-Shot-2025-09-28-at-10.18.51-AM-636x425.png 636w, https:\/\/diarioelpopular.com\/wp-content\/uploads\/2025\/09\/Screen-Shot-2025-09-28-at-10.18.51-AM-109x73.png 109w, https:\/\/diarioelpopular.com\/wp-content\/uploads\/2025\/09\/Screen-Shot-2025-09-28-at-10.18.51-AM.png 1024w\" sizes=\"auto, (max-width: 1200px) 100vw, 1200px\" \/><p id=\"caption-attachment-536527\" class=\"wp-caption-text\">Marcha de repudio del triple feminicidio perpetrado hace diez d\u00edas en Argentina. Foto Anita Pouchard Serra<\/p><\/div>\n<p>&nbsp;<\/p>\n<p>&nbsp;<\/p>\n<ul>\n<li><em><strong>La Polic\u00eda busca al capo narco Peque\u00f1o J como presunto autor intelectual de la tortura y el asesinato de las tres mujeres<\/strong><\/em><\/li>\n<\/ul>\n<p>&nbsp;<\/p>\n<p class=\"\">Un desgarrador grito de \u201cjus-ti-cia\u201d recorri\u00f3 este s\u00e1bado todas las grandes ciudades de Argentina. Miles de personas salieron a las calles para repudiar el triple feminicidio de Lara Guti\u00e9rrez, de 15 a\u00f1os, y las primas Brenda del Castillo y Morena Verri, de 20 a\u00f1os, y exigir que todos los responsables vayan presos. Argentina no est\u00e1 acostumbrada a cr\u00edmenes perpetrados con tanta sa\u00f1a como el que puso fin a las vidas de estas tres j\u00f3venes. El pasado 19 de septiembre\u00a0<a title=\"https:\/\/elpais.com\/argentina\/2025-09-24\/un-triple-feminicidio-a-manos-del-narco-indigna-a-argentina.html\" href=\"https:\/\/elpais.com\/argentina\/2025-09-24\/un-triple-feminicidio-a-manos-del-narco-indigna-a-argentina.html\" target=\"_blank\" rel=\"noopener noreferrer\" data-link-track-dtm=\"\" data-mrf-link=\"https:\/\/elpais.com\/argentina\/2025-09-24\/un-triple-feminicidio-a-manos-del-narco-indigna-a-argentina.html\">fueron torturadas a golpes y cuchillazos hasta la muerte<\/a>. Todo fue grabado y transmitido en vivo a m\u00e1s de 40 integrantes de la presunta banda narco que est\u00e1 acusada de haber perpetrado los asesinatos.<\/p>\n<p class=\"\">Los familiares de las v\u00edctimas encabezaron una marcha en la que se respiraba un clima de tristeza y desconcierto. \u201cNecesito saber la verdad. Necesito una verdad para mi hijo, para mi nuera, para mi otra hija\u201d, dijo ante las c\u00e1maras Antonio, el abuelo de Brenda y Morena. \u201cMorena era una chispita y Brenda era muy cari\u00f1osa\u201d, las record\u00f3 frente al Congreso argentino. Antonio asegur\u00f3 que \u201cel pa\u00eds entero est\u00e1\u00a0<i>shockeado<\/i> con lo que pas\u00f3\u201d y agradeci\u00f3 el apoyo de las miles de personas que marcharon de la Plaza de Mayo hasta el edificio legislativo.<\/p>\n<p>&nbsp;<\/p>\n<div id=\"gallery-summary-13\" class=\"gallery-summary-container\">\n<div class=\"gal__figs-scl\">\n<div class=\"a_gl\">\n<figure class=\"a_m _pr gallery-photo-1 gallery-slider__photo a_m-h\">\n<p><div style=\"width: 424px\" class=\"wp-caption alignnone\"><img loading=\"lazy\" decoding=\"async\" class=\"_re  a_m-h\" src=\"https:\/\/imagenes.elpais.com\/resizer\/v2\/A3ZXDPPHFRA3JMKEMTQ3SU3TXM.jpg?auth=85129227720a4b848ddbe47a3fcb1e902577bc1225ba60f23312d7ae25ddcf39&amp;width=414\" srcset=\"https:\/\/imagenes.elpais.com\/resizer\/v2\/A3ZXDPPHFRA3JMKEMTQ3SU3TXM.jpg?auth=85129227720a4b848ddbe47a3fcb1e902577bc1225ba60f23312d7ae25ddcf39&amp;width=414 414w,https:\/\/imagenes.elpais.com\/resizer\/v2\/A3ZXDPPHFRA3JMKEMTQ3SU3TXM.jpg?auth=85129227720a4b848ddbe47a3fcb1e902577bc1225ba60f23312d7ae25ddcf39&amp;width=828 828w\" alt=\"\" width=\"414\" height=\"276\" data-src=\"https:\/\/imagenes.elpais.com\/resizer\/v2\/A3ZXDPPHFRA3JMKEMTQ3SU3TXM.jpg?auth=85129227720a4b848ddbe47a3fcb1e902577bc1225ba60f23312d7ae25ddcf39&amp;width=414\" \/><p class=\"wp-caption-text\">Mujeres exigen justicia para Brenda, Lara y Morena, este sabado. Fotos Anita Pouchard Serra<\/p><\/div><figcaption class=\"a_m_p\" aria-hidden=\"true\"><\/figcaption><\/figure>\n<figure class=\"a_m _pr gallery-photo-2 gallery-slider__photo _dn a_m-h \"><span class=\"a_m_w _db\"><img loading=\"lazy\" decoding=\"async\" class=\"_re lazyload a_m-h\" src=\"https:\/\/imagenes.elpais.com\/resizer\/v2\/FKBDDTIHGNCAFPGSDZSBYIOMD4.jpg?auth=81d2b86d4da325d5096ba6443202bc97b91bec3ea14848e7acfe12ae8cd6a9e2&amp;width=414\" srcset=\"https:\/\/imagenes.elpais.com\/resizer\/v2\/FKBDDTIHGNCAFPGSDZSBYIOMD4.jpg?auth=81d2b86d4da325d5096ba6443202bc97b91bec3ea14848e7acfe12ae8cd6a9e2&amp;width=414 414w,https:\/\/imagenes.elpais.com\/resizer\/v2\/FKBDDTIHGNCAFPGSDZSBYIOMD4.jpg?auth=81d2b86d4da325d5096ba6443202bc97b91bec3ea14848e7acfe12ae8cd6a9e2&amp;width=828 828w\" width=\"414\" height=\"276\" data-src=\"https:\/\/imagenes.elpais.com\/resizer\/v2\/FKBDDTIHGNCAFPGSDZSBYIOMD4.jpg?auth=81d2b86d4da325d5096ba6443202bc97b91bec3ea14848e7acfe12ae8cd6a9e2&amp;width=414\" \/><\/span><figcaption class=\"a_m_p\" aria-hidden=\"true\"><\/figcaption><\/figure>\n<figure class=\"a_m _pr gallery-photo-3 gallery-slider__photo _dn a_m-h \"><span class=\"a_m_w _db\"><img loading=\"lazy\" decoding=\"async\" class=\"_re lazyload a_m-h\" src=\"https:\/\/imagenes.elpais.com\/resizer\/v2\/IJ6ZSLTHYZFUFHBGI3OYKI7E6U.jpg?auth=b36b668eaa463fdc4fd11e88705e562d26cebd46bed5e112a70a95093060b705&amp;width=414\" srcset=\"https:\/\/imagenes.elpais.com\/resizer\/v2\/IJ6ZSLTHYZFUFHBGI3OYKI7E6U.jpg?auth=b36b668eaa463fdc4fd11e88705e562d26cebd46bed5e112a70a95093060b705&amp;width=414 414w,https:\/\/imagenes.elpais.com\/resizer\/v2\/IJ6ZSLTHYZFUFHBGI3OYKI7E6U.jpg?auth=b36b668eaa463fdc4fd11e88705e562d26cebd46bed5e112a70a95093060b705&amp;width=828 828w\" width=\"414\" height=\"276\" data-src=\"https:\/\/imagenes.elpais.com\/resizer\/v2\/IJ6ZSLTHYZFUFHBGI3OYKI7E6U.jpg?auth=b36b668eaa463fdc4fd11e88705e562d26cebd46bed5e112a70a95093060b705&amp;width=414\" \/><\/span><figcaption class=\"a_m_p\" aria-hidden=\"true\"><\/figcaption><\/figure>\n<div id=\"gallery-slider-controls\" class=\"_btn a_gl_nav gallery-slider__controls \"><\/div>\n<div id=\"fullscreen-icon\" class=\"a_gl_pl\"><\/div>\n<div id=\"summary-dots\" class=\"a_gl_n _df\"><\/div>\n<\/div>\n<\/div>\n<\/div>\n<p class=\"\">\u201cAgradezco a todos ustedes, a todo el barrio, a todos nuestros vecinos que hoy est\u00e1n presentes\u201d, dijo otra familiar antes de tener que interrumpir el discurso por la emoci\u00f3n. \u201cNo est\u00e1n solos, estamos con ustedes. Fuerza\u201d, los alentaron los manifestantes.<\/p>\n<p class=\"\">Lara, Brenda y Morena salieron de sus casas el viernes por la noche rumbo a una supuesta fiesta que en realidad era una trampa. Subieron enga\u00f1adas a una furgoneta que las llev\u00f3 hasta una casa de Florencio Varela, en la periferia sur de Buenos Aires, de la que no salieron con vida. Tras cinco d\u00edas de b\u00fasqueda,\u00a0<a title=\"https:\/\/elpais.com\/argentina\/2025-09-24\/un-triple-feminicidio-a-manos-del-narco-indigna-a-argentina.html\" href=\"https:\/\/elpais.com\/argentina\/2025-09-24\/un-triple-feminicidio-a-manos-del-narco-indigna-a-argentina.html\" target=\"_blank\" rel=\"noopener noreferrer\" data-link-track-dtm=\"\" data-mrf-link=\"https:\/\/elpais.com\/argentina\/2025-09-24\/un-triple-feminicidio-a-manos-del-narco-indigna-a-argentina.html\">la Polic\u00eda hall\u00f3 sus cuerpos enterrados en el jard\u00edn, con m\u00faltiples signos de golpes y cortes<\/a>. A Lara le cortaron los cinco dedos de una mano y parte de la oreja antes de degollarla. A Brenda la asesinaron de un fuerte golpe en la cabeza y antes la torturaron hundi\u00e9ndole un cuchillo repetidas veces en el cuerpo. A Morena la molieron a golpes en la cara antes de romperle el cuello. Los resultados preliminares de las autopsias mostraron que gran parte de las lesiones se las provocaron en vida.<\/p>\n<h3 class=\"\">Pedido de captura internacional<\/h3>\n<p class=\"\">Hasta el momento hay 12 detenidos por el triple feminicidio. Cuatro fueron arrestados el mi\u00e9rcoles por su relaci\u00f3n con la casa donde se cometi\u00f3 el crimen. Se trata de Andr\u00e9s Parra, Miguel Villanueva Silva, Celeste Gonz\u00e1lez Guerrero y Daniela Ibarra, que est\u00e1n imputados por<b>\u00a0<\/b>\u201chomicidio calificado por haber sido cometido con el concurso premeditado de dos o m\u00e1s personas, por ser cometido por alevos\u00eda y ensa\u00f1amiento y por ser cometido por un hombre contra una mujer mediante violencia de g\u00e9nero\u201d. Uno de ellos dijo a la polic\u00eda que las asesinaron porque una de ellas hab\u00eda robado cinco kilos de coca\u00edna a un capo narco, una hip\u00f3tesis a confirmar.<\/p>\n<p>&nbsp;<\/p>\n<div id=\"gallery-summary-56\" class=\"gallery-summary-container\">\n<div class=\"gal__figs-scl\">\n<div class=\"a_gl\">\n<figure class=\"a_m _pr gallery-photo-1 gallery-slider__photo a_m-h\">\n<p><div style=\"width: 424px\" class=\"wp-caption alignnone\"><img loading=\"lazy\" decoding=\"async\" class=\"_re  a_m-h\" src=\"https:\/\/imagenes.elpais.com\/resizer\/v2\/D5PI37XOZFB5FJ4MVVPS3DEVIA.jpg?auth=fb71a62499c8509e1289a63b43db78cef8fa3dd03ad0f1491fd67b412fcd74dd&amp;width=414\" srcset=\"https:\/\/imagenes.elpais.com\/resizer\/v2\/D5PI37XOZFB5FJ4MVVPS3DEVIA.jpg?auth=fb71a62499c8509e1289a63b43db78cef8fa3dd03ad0f1491fd67b412fcd74dd&amp;width=414 414w,https:\/\/imagenes.elpais.com\/resizer\/v2\/D5PI37XOZFB5FJ4MVVPS3DEVIA.jpg?auth=fb71a62499c8509e1289a63b43db78cef8fa3dd03ad0f1491fd67b412fcd74dd&amp;width=828 828w\" alt=\"\" width=\"414\" height=\"276\" data-src=\"https:\/\/imagenes.elpais.com\/resizer\/v2\/D5PI37XOZFB5FJ4MVVPS3DEVIA.jpg?auth=fb71a62499c8509e1289a63b43db78cef8fa3dd03ad0f1491fd67b412fcd74dd&amp;width=414\" \/><p class=\"wp-caption-text\">Antonio, el abuelo de Brenda y Morena durante la protesta de este s\u00e1bado. Fotos Anita Pouchard Serra<\/p><\/div><figcaption class=\"a_m_p\" aria-hidden=\"true\"><\/figcaption><\/figure>\n<figure class=\"a_m _pr gallery-photo-2 gallery-slider__photo _dn a_m-h \"><span class=\"a_m_w _db\"><img loading=\"lazy\" decoding=\"async\" class=\"_re lazyload a_m-h\" src=\"https:\/\/imagenes.elpais.com\/resizer\/v2\/BU3Q6XLIKBDFBNRK5E7644RE6M.jpg?auth=68f824b556f31387670f6d4e0b30d50b599a97974bd7af18c220d02babfb643c&amp;width=414\" srcset=\"https:\/\/imagenes.elpais.com\/resizer\/v2\/BU3Q6XLIKBDFBNRK5E7644RE6M.jpg?auth=68f824b556f31387670f6d4e0b30d50b599a97974bd7af18c220d02babfb643c&amp;width=414 414w,https:\/\/imagenes.elpais.com\/resizer\/v2\/BU3Q6XLIKBDFBNRK5E7644RE6M.jpg?auth=68f824b556f31387670f6d4e0b30d50b599a97974bd7af18c220d02babfb643c&amp;width=828 828w\" width=\"414\" height=\"276\" data-src=\"https:\/\/imagenes.elpais.com\/resizer\/v2\/BU3Q6XLIKBDFBNRK5E7644RE6M.jpg?auth=68f824b556f31387670f6d4e0b30d50b599a97974bd7af18c220d02babfb643c&amp;width=414\" \/><\/span><figcaption class=\"a_m_p\" aria-hidden=\"true\"><\/figcaption><\/figure>\n<figure class=\"a_m _pr gallery-photo-3 gallery-slider__photo _dn a_m-h \"><span class=\"a_m_w _db\"><img loading=\"lazy\" decoding=\"async\" class=\"_re lazyload a_m-h\" src=\"https:\/\/imagenes.elpais.com\/resizer\/v2\/PL72M26RFVAOTCPLGGQ7AEWVPE.jpg?auth=c6d72422b03ef1fec8ccb8f5f90e6eeb823a1d21408bfd9e533412d47bedbccf&amp;width=414\" srcset=\"https:\/\/imagenes.elpais.com\/resizer\/v2\/PL72M26RFVAOTCPLGGQ7AEWVPE.jpg?auth=c6d72422b03ef1fec8ccb8f5f90e6eeb823a1d21408bfd9e533412d47bedbccf&amp;width=414 414w,https:\/\/imagenes.elpais.com\/resizer\/v2\/PL72M26RFVAOTCPLGGQ7AEWVPE.jpg?auth=c6d72422b03ef1fec8ccb8f5f90e6eeb823a1d21408bfd9e533412d47bedbccf&amp;width=828 828w\" width=\"414\" height=\"276\" data-src=\"https:\/\/imagenes.elpais.com\/resizer\/v2\/PL72M26RFVAOTCPLGGQ7AEWVPE.jpg?auth=c6d72422b03ef1fec8ccb8f5f90e6eeb823a1d21408bfd9e533412d47bedbccf&amp;width=414\" \/><\/span><figcaption class=\"a_m_p\" aria-hidden=\"true\"><\/figcaption><\/figure>\n<div id=\"gallery-slider-controls\" class=\"_btn a_gl_nav gallery-slider__controls \"><\/div>\n<div id=\"fullscreen-icon\" class=\"a_gl_pl\"><\/div>\n<div id=\"summary-dots\" class=\"a_gl_n _df\"><\/div>\n<\/div>\n<\/div>\n<\/div>\n<p class=\"\">Los otros ocho detenidos fueron arrestados en una villa miseria de Buenos Aires, acusados de integrar la organizaci\u00f3n que cometi\u00f3 los cr\u00edmenes. La Polic\u00eda busca al presunto autor intelectual, un narcotraficante peruano conocido como Peque\u00f1o J y sobre el que pesa una orden de captura internacional, y a dos sicarios.<\/p>\n<h3 class=\"\">Bandas narcocriminales en Buenos Aires<\/h3>\n<p class=\"\">El triple feminicidio ha mostrado la crueldad con la que act\u00faan las organizaciones narcocriminales y c\u00f3mo han echado ya ra\u00edces en Buenos Aires y su \u00e1rea metropolitana. Para Esteban Rodr\u00edguez Alzueta, investigador de la Universidad Nacional de Quilmes, se trata de \u201cnuevas bandas m\u00e1s r\u00fasticas, con otra prepotencia y otras expectativas, que se hacen ver y sentir a trav\u00e9s de un uso desmesurado de violencia\u201d. Seg\u00fan Rodr\u00edguez Alzueta, estas bandas usan la violencia \u201cpara mandar un mensaje a la comunidad de vecinos donde se asientan o a los otros grupos con los cuales pueden tener alguna rivalidad; o para inspirar temor o divertirse un rato\u201d. Escenas que\u00a0<a title=\"https:\/\/elpais.com\/argentina\/2024-03-18\/la-narcoviolencia-estalla-en-argentina.html\" href=\"https:\/\/elpais.com\/argentina\/2024-03-18\/la-narcoviolencia-estalla-en-argentina.html\" target=\"_blank\" rel=\"noopener noreferrer\" data-link-track-dtm=\"\" data-mrf-link=\"https:\/\/elpais.com\/argentina\/2024-03-18\/la-narcoviolencia-estalla-en-argentina.html\">s\u00f3lo se hab\u00edan visto en la ciudad de Rosario<\/a>, irrumpen ahora en el \u00e1rea m\u00e1s poblada del pa\u00eds.<\/p>\n<p class=\"\">Uno de los c\u00e1nticos m\u00e1s escuchados en la marcha de este s\u00e1bado acusaba a polic\u00edas y jueces de ser c\u00f3mplices de los criminales. \u201cLos barrios m\u00e1s humildes hoy los maneja el narcotr\u00e1fico con la complicidad policial, es as\u00ed\u201d, dice Vanina, due\u00f1a de un comedor popular en la ciudad bonaerense de Moreno que prefiere no dar su apellido. \u201cQuieren estigmatizar a las v\u00edctimas diciendo que quer\u00edan plata f\u00e1cil o que eran prostitutas como si por eso estuviese bien que las matasen, sin siquiera saber c\u00f3mo es la vida en nuestros barrios, las escasas opciones que se les dan a las pibas para vivir, para sobrevivir\u201d, agrega Vanina.<\/p>\n<p>&nbsp;<\/p>\n<figure class=\"a_m a_m-h \">\n<p><div style=\"width: 424px\" class=\"wp-caption alignnone\"><img loading=\"lazy\" decoding=\"async\" class=\"_re lazyload a_m-h\" src=\"https:\/\/imagenes.elpais.com\/resizer\/v2\/4IL2JX4C6FE47K5LDZGI55NZUE.jpg?auth=99e1b97f9cf05b583ae8adbefd7b43e332922f64f973ed9e8a9c916ab4b1e115&amp;width=414\" sizes=\"auto, (min-width:1199px) 1155px,(min-width:1001px) calc(100vw - 44px),(min-width:768px) 767px, 100vw\" srcset=\"https:\/\/imagenes.elpais.com\/resizer\/v2\/4IL2JX4C6FE47K5LDZGI55NZUE.jpg?auth=99e1b97f9cf05b583ae8adbefd7b43e332922f64f973ed9e8a9c916ab4b1e115&amp;width=414 414w,https:\/\/imagenes.elpais.com\/resizer\/v2\/4IL2JX4C6FE47K5LDZGI55NZUE.jpg?auth=99e1b97f9cf05b583ae8adbefd7b43e332922f64f973ed9e8a9c916ab4b1e115&amp;width=828 640w,https:\/\/imagenes.elpais.com\/resizer\/v2\/4IL2JX4C6FE47K5LDZGI55NZUE.jpg?auth=99e1b97f9cf05b583ae8adbefd7b43e332922f64f973ed9e8a9c916ab4b1e115&amp;width=980 1000w,https:\/\/imagenes.elpais.com\/resizer\/v2\/4IL2JX4C6FE47K5LDZGI55NZUE.jpg?auth=99e1b97f9cf05b583ae8adbefd7b43e332922f64f973ed9e8a9c916ab4b1e115&amp;width=1960 1960w\" alt=\"\" width=\"414\" height=\"276\" \/><p class=\"wp-caption-text\">Cientos de mujeres marcharon exigiendo justicia por las j\u00f3venes asesinadas en Buenos Aires. FotoAnita Pouchard Serra<\/p><\/div><figcaption class=\"a_m_p\" aria-hidden=\"true\"><\/figcaption><\/figure>\n<p>&nbsp;<\/p>\n<p class=\"\">Rodr\u00edguez Alzueta advierte que \u201csi el Estado quiere evitar que la violencia se desmadre, se necesita alg\u00fan tipo de regulaci\u00f3n\u201d. Este investigador, autor del podcast Mundo transa, se\u00f1ala que a d\u00eda de hoy la polic\u00eda es \u201cla mano invisible<i>\u00a0<\/i>de las econom\u00edas criminales&#8221;, pero existe el riesgo de que estas crezcan demasiado, o, por el contrario, se atomicen y la violencia se dispare.<\/p>\n<p class=\"\">Los familiares de las v\u00edctimas reclaman que la causa pase al fuero federal por tratarse de un delito que apunta a una red narcocriminal. \u201cEst\u00e1n queriendo encubrir a alguien\u201d, insinu\u00f3 el padre de Brenda este s\u00e1bado ante la falta de respuesta a ese pedido.<\/p>\n","protected":false},"excerpt":{"rendered":"<p>&nbsp; &nbsp; La Polic\u00eda busca al capo narco Peque\u00f1o J como presunto autor intelectual de la tortura y el asesinato de las tres mujeres &nbsp;&hellip;<\/p>\n","protected":false},"author":99,"featured_media":536527,"comment_status":"open","ping_status":"open","sticky":false,"template":"","format":"standard","meta":{"footnotes":""},"categories":[23],"tags":[],"class_list":["post-536526","post","type-post","status-publish","format-standard","has-post-thumbnail","hentry","category-latinoamerica"],"_links":{"self":[{"href":"https:\/\/diarioelpopular.com\/index.php\/wp-json\/wp\/v2\/posts\/536526","targetHints":{"allow":["GET"]}}],"collection":[{"href":"https:\/\/diarioelpopular.com\/index.php\/wp-json\/wp\/v2\/posts"}],"about":[{"href":"https:\/\/diarioelpopular.com\/index.php\/wp-json\/wp\/v2\/types\/post"}],"author":[{"embeddable":true,"href":"https:\/\/diarioelpopular.com\/index.php\/wp-json\/wp\/v2\/users\/99"}],"replies":[{"embeddable":true,"href":"https:\/\/diarioelpopular.com\/index.php\/wp-json\/wp\/v2\/comments?post=536526"}],"version-history":[{"count":1,"href":"https:\/\/diarioelpopular.com\/index.php\/wp-json\/wp\/v2\/posts\/536526\/revisions"}],"predecessor-version":[{"id":536528,"href":"https:\/\/diarioelpopular.com\/index.php\/wp-json\/wp\/v2\/posts\/536526\/revisions\/536528"}],"wp:featuredmedia":[{"embeddable":true,"href":"https:\/\/diarioelpopular.com\/index.php\/wp-json\/wp\/v2\/media\/536527"}],"wp:attachment":[{"href":"https:\/\/diarioelpopular.com\/index.php\/wp-json\/wp\/v2\/media?parent=536526"}],"wp:term":[{"taxonomy":"category","embeddable":true,"href":"https:\/\/diarioelpopular.com\/index.php\/wp-json\/wp\/v2\/categories?post=536526"},{"taxonomy":"post_tag","embeddable":true,"href":"https:\/\/diarioelpopular.com\/index.php\/wp-json\/wp\/v2\/tags?post=536526"}],"curies":[{"name":"wp","href":"https:\/\/api.w.org\/{rel}","templated":true}]}}