{"id":536530,"date":"2025-09-28T10:24:50","date_gmt":"2025-09-28T14:24:50","guid":{"rendered":"https:\/\/diarioelpopular.com\/?p=536530"},"modified":"2025-09-28T10:24:50","modified_gmt":"2025-09-28T14:24:50","slug":"el-tren-de-aragua-se-abre-paso-en-las-carceles-peruanas-prohibido-afeitarse-las-piernas-o-agarrar-la-escoba","status":"publish","type":"post","link":"https:\/\/diarioelpopular.com\/index.php\/2025\/09\/28\/el-tren-de-aragua-se-abre-paso-en-las-carceles-peruanas-prohibido-afeitarse-las-piernas-o-agarrar-la-escoba\/","title":{"rendered":"El tren de Aragua se abre paso en las c\u00e1rceles peruanas: prohibido afeitarse las piernas o agarrar la escoba"},"content":{"rendered":"<div id=\"attachment_536531\" style=\"width: 1210px\" class=\"wp-caption alignnone\"><img loading=\"lazy\" decoding=\"async\" aria-describedby=\"caption-attachment-536531\" class=\"wp-image-536531 size-custom-big-size\" src=\"https:\/\/diarioelpopular.com\/wp-content\/uploads\/2025\/09\/Screen-Shot-2025-09-28-at-10.23.46-AM-1200x790.png\" alt=\"\" width=\"1200\" height=\"790\" srcset=\"https:\/\/diarioelpopular.com\/wp-content\/uploads\/2025\/09\/Screen-Shot-2025-09-28-at-10.23.46-AM-1200x790.png 1200w, https:\/\/diarioelpopular.com\/wp-content\/uploads\/2025\/09\/Screen-Shot-2025-09-28-at-10.23.46-AM-300x198.png 300w, https:\/\/diarioelpopular.com\/wp-content\/uploads\/2025\/09\/Screen-Shot-2025-09-28-at-10.23.46-AM-768x506.png 768w, https:\/\/diarioelpopular.com\/wp-content\/uploads\/2025\/09\/Screen-Shot-2025-09-28-at-10.23.46-AM-85x55.png 85w, https:\/\/diarioelpopular.com\/wp-content\/uploads\/2025\/09\/Screen-Shot-2025-09-28-at-10.23.46-AM-1536x1011.png 1536w, https:\/\/diarioelpopular.com\/wp-content\/uploads\/2025\/09\/Screen-Shot-2025-09-28-at-10.23.46-AM-636x419.png 636w, https:\/\/diarioelpopular.com\/wp-content\/uploads\/2025\/09\/Screen-Shot-2025-09-28-at-10.23.46-AM-111x73.png 111w, https:\/\/diarioelpopular.com\/wp-content\/uploads\/2025\/09\/Screen-Shot-2025-09-28-at-10.23.46-AM.png 1024w\" sizes=\"auto, (max-width: 1200px) 100vw, 1200px\" \/><p id=\"caption-attachment-536531\" class=\"wp-caption-text\">Vista de la c\u00e1rcel de Lurigancho, Per\u00fa, el 27 de abril de 2023. Foto Angela Ponce<\/p><\/div>\n<p>&nbsp;<\/p>\n<ul>\n<li><em><strong>Los reos venezolanos, que han pasado de 48 a m\u00e1s de 4.000, imponen su cultura presidiaria<\/strong><\/em><\/li>\n<\/ul>\n<p>&nbsp;<\/p>\n<p>A Jos\u00e9 Luis P\u00e9rez Guadalupe \u2014un acad\u00e9mico que ha dedicado su vida a estudiar a Dios y a la delincuencia\u2014 le tom\u00f3 alg\u00fan tiempo comprender esta sentencia. Corr\u00eda mediados de 2022, las prisiones peruanas permit\u00edan visitas despu\u00e9s de dos a\u00f1os de pandemia, y percibi\u00f3 un clima de alta tensi\u00f3n en Lurigancho,\u00a0<a title=\"https:\/\/elpais.com\/internacional\/2023-05-01\/una-vida-en-la-carcel-sin-estar-presa.html\" href=\"https:\/\/elpais.com\/internacional\/2023-05-01\/una-vida-en-la-carcel-sin-estar-presa.html\" target=\"_self\" rel=\"\" data-link-track-dtm=\"\" data-mrf-link=\"https:\/\/elpais.com\/internacional\/2023-05-01\/una-vida-en-la-carcel-sin-estar-presa.html\">ese fort\u00edn hacinado<\/a>, ubicado al este de Lima, al que acude desde hace cuarenta a\u00f1os con una Biblia en la mano. Los internos venezolanos, que all\u00e1 por el 2018 no eran m\u00e1s de cincuenta en todo el Per\u00fa, se hab\u00edan multiplicado, y cada rinc\u00f3n de la c\u00e1rcel echaba chispas.<\/p>\n<p class=\"\">Como agente pastoral \u2014y exjefe del Instituto Nacional Penitenciario\u2014, ubic\u00f3 a los l\u00edderes y se sent\u00f3 a conversar con ellos para desentra\u00f1ar el origen del conflicto, pero adem\u00e1s para evitar motines y matanzas que parec\u00edan inminentes. Descubri\u00f3 que<a title=\"https:\/\/english.elpais.com\/international\/2025-04-06\/truths-lies-and-myths-about-tren-de-aragua.html\" href=\"https:\/\/english.elpais.com\/international\/2025-04-06\/truths-lies-and-myths-about-tren-de-aragua.html\" target=\"_self\" rel=\"\" data-link-track-dtm=\"\" data-mrf-link=\"https:\/\/english.elpais.com\/international\/2025-04-06\/truths-lies-and-myths-about-tren-de-aragua.html\">\u00a0los reos venezolanos se ce\u00f1\u00edan a un c\u00f3digo del hampa<\/a>, denominado rutina, sumamente estricto, a tal punto que incumplirlo era una sentencia de muerte. Esas normas prohib\u00edan agarrar escoba y hacer oficio. Limpiar supon\u00eda mancharse. Convertirse en \u201cbruja\u201d y descender al s\u00f3tano de la cadena delictiva.<\/p>\n<p class=\"\">El asunto provocaba fricciones: los presos nacionales no quer\u00edan ser sirvientes de nadie. Adem\u00e1s se quejaban de la bulla que hac\u00edan los llaneros. La convivencia se agudizaba por el hacinamiento: Lurigancho fue construido para 2.500 internos a inicios de los sesenta, pero se desbord\u00f3 hasta superar los 10.000. Sorprendentemente, compartir una celda con m\u00e1s de veinte reos no era lo que m\u00e1s le irritaba a los venezolanos, sino pasar su encierro junto a homosexuales. \u201c\u00bfC\u00f3mo puede haber parejas de hombres, de la manita? Eso no se puede permitir\u201d, renegaban.<\/p>\n<p class=\"\">El acercamiento a este choque cultural tras los barrotes tom\u00f3 casi tres a\u00f1os y est\u00e1 plasmado en\u00a0<i>E<\/i><a title=\"https:\/\/fondoeditorial.up.edu.pe\/producto\/el-tren-de-aragua-y-el-crimen-organizado-en-america-latina\/\" href=\"https:\/\/fondoeditorial.up.edu.pe\/producto\/el-tren-de-aragua-y-el-crimen-organizado-en-america-latina\/\" target=\"_self\" rel=\"\" data-link-track-dtm=\"\" data-mrf-link=\"https:\/\/fondoeditorial.up.edu.pe\/producto\/el-tren-de-aragua-y-el-crimen-organizado-en-america-latina\/\"><i>l Tren de Aragua y el crimen organizado en Am\u00e9rica Latina<\/i><\/a><i>\u00a0<\/i>(Fondo Editorial de la Universidad del Pac\u00edfico), autor\u00eda de tres investigadores y profesores de dicha casa de estudios: Jos\u00e9 Luis P\u00e9rez Guadalupe, Luc\u00eda Nu\u00f1overo Cisneros y Guillermo Coronado Sialer. A partir de un trabajo de campo \u2014que cont\u00f3 con 36 entrevistas en profundidad a presidiarios y autoridades de establecimientos penitenciarios\u2014 se pudo establecer la ra\u00edz de estos comportamientos: la c\u00e1rcel de Tocor\u00f3n, en el sur del estado Aragua. Un modelo de \u201cc\u00e1rcel abierta\u201d, donde el Gobierno venezolano le entreg\u00f3 el control a los presos \u2014bajo el argumento de reducir las peleas\u2014, quienes instituyeron y exportaron un arquetipo de organizaci\u00f3n delictiva que ha esparcido sus tent\u00e1culos en el continente.<\/p>\n<p>&nbsp;<\/p>\n<figure class=\"a_m a_m-h \">\n<p><div style=\"width: 424px\" class=\"wp-caption alignnone\"><img loading=\"lazy\" decoding=\"async\" class=\"_re lazyload a_m-h\" src=\"https:\/\/imagenes.elpais.com\/resizer\/v2\/YHPLNQYLZBA47OAB5DHDK6NUHM.jpg?auth=6779cc157d0a21d586684ead6daa967879b4c3d1ebb4f3818508aa5f9d83a376&amp;width=414\" sizes=\"auto, (min-width:1199px) 1155px,(min-width:1001px) calc(100vw - 44px),(min-width:768px) 767px, 100vw\" srcset=\"https:\/\/imagenes.elpais.com\/resizer\/v2\/YHPLNQYLZBA47OAB5DHDK6NUHM.jpg?auth=6779cc157d0a21d586684ead6daa967879b4c3d1ebb4f3818508aa5f9d83a376&amp;width=414 414w,https:\/\/imagenes.elpais.com\/resizer\/v2\/YHPLNQYLZBA47OAB5DHDK6NUHM.jpg?auth=6779cc157d0a21d586684ead6daa967879b4c3d1ebb4f3818508aa5f9d83a376&amp;width=828 640w,https:\/\/imagenes.elpais.com\/resizer\/v2\/YHPLNQYLZBA47OAB5DHDK6NUHM.jpg?auth=6779cc157d0a21d586684ead6daa967879b4c3d1ebb4f3818508aa5f9d83a376&amp;width=980 1000w,https:\/\/imagenes.elpais.com\/resizer\/v2\/YHPLNQYLZBA47OAB5DHDK6NUHM.jpg?auth=6779cc157d0a21d586684ead6daa967879b4c3d1ebb4f3818508aa5f9d83a376&amp;width=1960 1960w\" alt=\"\" width=\"414\" height=\"414\" \/><p class=\"wp-caption-text\">Portada del libro El Tren de Aragua y el crimen organizado en Am\u00e9rica Latina.Universidad del Pac\u00edfico<\/p><\/div><figcaption class=\"a_m_p\" aria-hidden=\"true\"><\/figcaption><\/figure>\n<p>&nbsp;<\/p>\n<p class=\"\">El libro postula que el Tren de Aragua, liderado por H\u00e9ctor el \u201cNi\u00f1o\u201d Guerrero, inspir\u00f3 a otras bandas bajo el modelo tren en c\u00e1rceles venezolanas como Tocuyito, Puente Ayala y El Rodeo. Desde all\u00ed profesionalizaron su principal m\u00e9todo delictivo: la extorsi\u00f3n. En Per\u00fa, el pa\u00eds que alberga a m\u00e1s migrantes venezolanos despu\u00e9s de Colombia, el n\u00famero de denuncias por extorsi\u00f3n se multiplic\u00f3 casi siete veces: pas\u00f3 de 3220 en 2018 a 21831 en 2024, seg\u00fan cifras del Ministerio del Interior. Es el mismo periodo en el que la poblaci\u00f3n de internos venezolanos en Per\u00fa se dispar\u00f3 de 48 a m\u00e1s de cuatro mil.<\/p>\n<p class=\"\">Son cuatro los factores que explican la expansi\u00f3n del Tren de Aragua: el proceso migratorio, en el que se camuflaron delincuentes rankeados; el rol del Estado venezolano que a partir de 2011 \u201cle dej\u00f3 la puerta abierta\u201d a las bandas para extender sus redes y nexos; que los criminales hayan fugado de su pa\u00eds \u2014porque su cabeza ten\u00eda precio\u2014 y no tengan mucho que perder, lo cual explicar\u00eda su grado de violencia; y que pa\u00edses como Chile y Per\u00fa no tuviesen una delincuencia tan organizada y letal que termin\u00f3 siendo desplazada a sangre y fuego, como en el negocio de la prostituci\u00f3n y la trata de personas. Dicho de otra manera: ya no hay proxenetas peruanos, porque los mat\u00f3 el Tren.<\/p>\n<p class=\"\">\u201cUn preso me dijo: yo s\u00e9 que aqu\u00ed voy a amanecer vivo. Aqu\u00ed entras vivo y sales vivo. Eso era una novedad para ellos\u201d, recuerda P\u00e9rez Guadalupe. Por la obediencia que los reos peruanos le tienen a los funcionarios de la penitenciar\u00eda sol\u00edan decir que en el pa\u00eds andino \u201cno hay c\u00e1rceles sino jardines de infantes\u201d. \u201cM\u00e1s all\u00e1 de las torpezas del Gobierno o del actual presidente del INPE, lo que prima es una cogesti\u00f3n entre la autoridad y los internos que cumplen esa normatividad. Pero la autoridad nunca ha dejado de ser el INPE. No hay zonas liberadas en el Per\u00fa\u201d, sostiene el exministro del Interior.<\/p>\n<p class=\"\">La c\u00e1rcel de Tocor\u00f3n, donde los presos deb\u00edan pagar cupos de 20 d\u00f3lares semanales para no ser asesinados, se transform\u00f3 en un laboratorio del crimen y a la vez en clubes cuyos lujos solo estaban reservados para los jefes, conocidos como \u201cpranes\u201d. Antes de 2023, a\u00f1o en que Maduro desmantel\u00f3 la prisi\u00f3n, exist\u00edan casas con piscina y parrilla, un zool\u00f3gico de animales ex\u00f3ticos al puro estilo de la Hacienda N\u00e1poles de Pablo Escobar, un estadio de b\u00e9isbol, un banco y una discoteca.<\/p>\n<p class=\"\">All\u00ed se constituy\u00f3 la \u201crutina\u201d, caracterizada por un machismo exacerbado decantado en homofobia y transfobia. Prohibido afeitarse las piernas o darse la mano despu\u00e9s de ir al ba\u00f1o. Prohibido hablar en doble sentido o con voz afeminada. Prohibido hacer demasiadas preguntas. Como narra uno de los testimonios: si por alguna raz\u00f3n, te ca\u00eda la orina de otro interno que se quer\u00eda pasar de listo deb\u00edas matarlo en el acto. Luego el cuerpo era arrojado a los chanchos hasta desaparecer.<\/p>\n<p class=\"\">Despu\u00e9s de largo tiempo, en Lurigancho, uno de los penales m\u00e1s hacinados de Am\u00e9rica Latina, los venezolanos agarraron escoba. Los jefes de los pabellones dieron el ejemplo. Se produjo un proceso de integraci\u00f3n luego del conflicto inicial. No obstante, alerta P\u00e9rez Guadalupe, que a la par se ha producido tambi\u00e9n un proceso de mimetizaci\u00f3n cuyos efectos todav\u00eda est\u00e1n por verse. Por ahora existen visos de bandas binacionales.<\/p>\n<p class=\"\">\u201cEs necesario entender que la lucha no es contra grupos de migrantes que buscan sobrevivir a las condiciones de vida de su pa\u00eds, ni contra delincuentes primerizos u ocasionales, sino contra verdaderos ej\u00e9rcitos de mercenarios que cuentan con gran experiencia delictiva a pesar de su juventud\u201d, se\u00f1ala la publicaci\u00f3n.<\/p>\n<p class=\"\">Pero no solo se trata de eficacia para combatir el crimen, sino tambi\u00e9n de las condiciones m\u00ednimas para reinsertar a un convicto en la sociedad. El sistema penitenciario peruano alberga a m\u00e1s de cien mil internos, cuando su capacidad es de 41.000. A lo \u00faltimo que ha atinado el Gobierno de Dina Boluarte para paliar este problema es anunciar la posibilidad de reabrir El Front\u00f3n, un penal clausurado a mediados de los ochenta, ubicado en una isla del mismo nombre frente a las costas del Callao.<\/p>\n<p class=\"\">Lo cierto es que en 2023, un informe del INPE determin\u00f3 la inviabilidad del proyecto: es costoso y a lo mucho podr\u00eda acoger a 108 presos. \u201cEs puro humo\u201d, han dicho los crimin\u00f3logos. Esa falta de direcci\u00f3n puede comprobarse en las recientes declaraciones del ministro del Interior, Carlos Malaver, quien en un arranque de sinceridad dijo: \u201cAhora primero te disparan o te matan. Quiz\u00e1s ahora en la actualidad extra\u00f1amos a nuestros delincuentes\u201d.<\/p>\n","protected":false},"excerpt":{"rendered":"<p>&nbsp; Los reos venezolanos, que han pasado de 48 a m\u00e1s de 4.000, imponen su cultura presidiaria &nbsp; A Jos\u00e9 Luis P\u00e9rez Guadalupe \u2014un acad\u00e9mico&hellip;<\/p>\n","protected":false},"author":99,"featured_media":536531,"comment_status":"open","ping_status":"open","sticky":false,"template":"","format":"standard","meta":{"footnotes":""},"categories":[23],"tags":[],"class_list":["post-536530","post","type-post","status-publish","format-standard","has-post-thumbnail","hentry","category-latinoamerica"],"_links":{"self":[{"href":"https:\/\/diarioelpopular.com\/index.php\/wp-json\/wp\/v2\/posts\/536530","targetHints":{"allow":["GET"]}}],"collection":[{"href":"https:\/\/diarioelpopular.com\/index.php\/wp-json\/wp\/v2\/posts"}],"about":[{"href":"https:\/\/diarioelpopular.com\/index.php\/wp-json\/wp\/v2\/types\/post"}],"author":[{"embeddable":true,"href":"https:\/\/diarioelpopular.com\/index.php\/wp-json\/wp\/v2\/users\/99"}],"replies":[{"embeddable":true,"href":"https:\/\/diarioelpopular.com\/index.php\/wp-json\/wp\/v2\/comments?post=536530"}],"version-history":[{"count":1,"href":"https:\/\/diarioelpopular.com\/index.php\/wp-json\/wp\/v2\/posts\/536530\/revisions"}],"predecessor-version":[{"id":536532,"href":"https:\/\/diarioelpopular.com\/index.php\/wp-json\/wp\/v2\/posts\/536530\/revisions\/536532"}],"wp:featuredmedia":[{"embeddable":true,"href":"https:\/\/diarioelpopular.com\/index.php\/wp-json\/wp\/v2\/media\/536531"}],"wp:attachment":[{"href":"https:\/\/diarioelpopular.com\/index.php\/wp-json\/wp\/v2\/media?parent=536530"}],"wp:term":[{"taxonomy":"category","embeddable":true,"href":"https:\/\/diarioelpopular.com\/index.php\/wp-json\/wp\/v2\/categories?post=536530"},{"taxonomy":"post_tag","embeddable":true,"href":"https:\/\/diarioelpopular.com\/index.php\/wp-json\/wp\/v2\/tags?post=536530"}],"curies":[{"name":"wp","href":"https:\/\/api.w.org\/{rel}","templated":true}]}}