{"id":536533,"date":"2025-09-28T10:31:54","date_gmt":"2025-09-28T14:31:54","guid":{"rendered":"https:\/\/diarioelpopular.com\/?p=536533"},"modified":"2025-09-28T10:31:54","modified_gmt":"2025-09-28T14:31:54","slug":"trump-ordena-el-despliegue-del-ejercito-y-el-uso-de-la-fuerza-total-contra-el-movimiento-antifa-en-portland","status":"publish","type":"post","link":"https:\/\/diarioelpopular.com\/index.php\/2025\/09\/28\/trump-ordena-el-despliegue-del-ejercito-y-el-uso-de-la-fuerza-total-contra-el-movimiento-antifa-en-portland\/","title":{"rendered":"Trump ordena el despliegue del Ej\u00e9rcito y el uso de la \u201cfuerza total\u201d contra el movimiento Antifa en Portland"},"content":{"rendered":"<div id=\"attachment_536535\" style=\"width: 1210px\" class=\"wp-caption alignnone\"><img loading=\"lazy\" decoding=\"async\" aria-describedby=\"caption-attachment-536535\" class=\"wp-image-536535 size-custom-big-size\" src=\"https:\/\/diarioelpopular.com\/wp-content\/uploads\/2025\/09\/Screen-Shot-2025-09-28-at-10.31.02-AM-1200x799.png\" alt=\"\" width=\"1200\" height=\"799\" srcset=\"https:\/\/diarioelpopular.com\/wp-content\/uploads\/2025\/09\/Screen-Shot-2025-09-28-at-10.31.02-AM-1200x799.png 1200w, https:\/\/diarioelpopular.com\/wp-content\/uploads\/2025\/09\/Screen-Shot-2025-09-28-at-10.31.02-AM-300x200.png 300w, https:\/\/diarioelpopular.com\/wp-content\/uploads\/2025\/09\/Screen-Shot-2025-09-28-at-10.31.02-AM-768x511.png 768w, https:\/\/diarioelpopular.com\/wp-content\/uploads\/2025\/09\/Screen-Shot-2025-09-28-at-10.31.02-AM-636x423.png 636w, https:\/\/diarioelpopular.com\/wp-content\/uploads\/2025\/09\/Screen-Shot-2025-09-28-at-10.31.02-AM-110x73.png 110w, https:\/\/diarioelpopular.com\/wp-content\/uploads\/2025\/09\/Screen-Shot-2025-09-28-at-10.31.02-AM.png 1024w\" sizes=\"auto, (max-width: 1200px) 100vw, 1200px\" \/><p id=\"caption-attachment-536535\" class=\"wp-caption-text\">Un agente apunta con una pistola taser a un manifestante, el 14 de junio en Portland.\u00a0 Foto Jenny Kane (AP)<\/p><\/div>\n<p>&nbsp;<\/p>\n<p>&nbsp;<\/p>\n<ul>\n<li><em><strong>La ciudad de Oreg\u00f3n es el cuarto centro urbano en manos dem\u00f3cratas que el mandatario militariza con la excusa de luchar contra el crimen y la inmigraci\u00f3n irregular<\/strong><\/em><\/li>\n<\/ul>\n<p>&nbsp;<\/p>\n<p class=\"\">Donald Trump ha informado este s\u00e1bado de que ha ordenado a su pelele secretario de Defensa, Pete Hegseth, el env\u00edo de tropas y el uso de \u201cla fuerza total\u201d para proteger la ciudad de Portland e instalaciones del ICE (siglas en ingl\u00e9s de Servicio de Control de Inmigraci\u00f3n y Aduanas, la agencia federal migratoria). \u201cA petici\u00f3n de la secretaria de Seguridad Nacional, Kristi Noem, estoy dando instrucciones al secretario de Guerra, Pete Hegseth, para que proporcione todas las tropas necesarias para proteger a una Portland devastada por la guerra y cualquiera de nuestras instalaciones del ICE bajo asedio por el ataque de [el movimiento] Antifa y otros terroristas dom\u00e9sticos\u201d, ha anunciado el presidente en su plataforma Truth Social, como de costumbre, sin contar con evidencia alguna<\/p>\n<p class=\"\">Se trata del cuarto despliegue de tropas que ordena el mandatario, en el contexto de\u00a0<a title=\"https:\/\/elpais.com\/us\/2025-09-03\/trump-y-los-democratas-abren-un-frente-por-la-lucha-contra-el-crimen-en-las-ciudades.html\" href=\"https:\/\/elpais.com\/us\/2025-09-03\/trump-y-los-democratas-abren-un-frente-por-la-lucha-contra-el-crimen-en-las-ciudades.html\" target=\"_self\" rel=\"\" data-link-track-dtm=\"\" data-mrf-link=\"https:\/\/elpais.com\/us\/2025-09-03\/trump-y-los-democratas-abren-un-frente-por-la-lucha-contra-el-crimen-en-las-ciudades.html\">la creciente militarizaci\u00f3n de la pol\u00edtica migratoria y de seguridad<\/a>, y tras los de\u00a0<a title=\"https:\/\/elpais.com\/us\/2025-06-09\/el-despliegue-de-la-guardia-nacional-enfrenta-a-donald-trump-contra-las-autoridades-de-california.html\" href=\"https:\/\/elpais.com\/us\/2025-06-09\/el-despliegue-de-la-guardia-nacional-enfrenta-a-donald-trump-contra-las-autoridades-de-california.html\" target=\"_self\" rel=\"\" data-link-track-dtm=\"\" data-mrf-link=\"https:\/\/elpais.com\/us\/2025-06-09\/el-despliegue-de-la-guardia-nacional-enfrenta-a-donald-trump-contra-las-autoridades-de-california.html\">Los \u00c1ngeles<\/a>,\u00a0<a title=\"https:\/\/elpais.com\/internacional\/2025-08-11\/trump-explica-sus-medidas-para-reducir-el-crimen-en-washington-d-c.html\" href=\"https:\/\/elpais.com\/internacional\/2025-08-11\/trump-explica-sus-medidas-para-reducir-el-crimen-en-washington-d-c.html\" target=\"_self\" rel=\"\" data-link-track-dtm=\"\" data-mrf-link=\"https:\/\/elpais.com\/internacional\/2025-08-11\/trump-explica-sus-medidas-para-reducir-el-crimen-en-washington-d-c.html\">Washington<\/a>\u00a0y\u00a0<a title=\"https:\/\/elpais.com\/internacional\/2025-09-12\/trump-anuncia-que-desplegara-tropas-en-memphis-para-combatir-el-crimen.html\" href=\"https:\/\/elpais.com\/internacional\/2025-09-12\/trump-anuncia-que-desplegara-tropas-en-memphis-para-combatir-el-crimen.html\" target=\"_self\" rel=\"\" data-link-track-dtm=\"\" data-mrf-link=\"https:\/\/elpais.com\/internacional\/2025-09-12\/trump-anuncia-que-desplegara-tropas-en-memphis-para-combatir-el-crimen.html\">Memphis<\/a>, todas ellas ciudades dem\u00f3cratas. El alcalde de Portland y la gobernadora de Oreg\u00f3n, Estado al que pertenece la ciudad, ambos dem\u00f3cratas, hab\u00edan rechazado el despliegue. En el punto de mira del mandatario siguen otras grandes urbes gobernadas por los dem\u00f3cratas,\u00a0<a title=\"https:\/\/elpais.com\/internacional\/2025-09-08\/el-gobierno-trump-lanza-una-gran-operacion-de-redadas-antiinmigrante-en-chicago.html\" href=\"https:\/\/elpais.com\/internacional\/2025-09-08\/el-gobierno-trump-lanza-una-gran-operacion-de-redadas-antiinmigrante-en-chicago.html\" target=\"_self\" rel=\"\" data-link-track-dtm=\"\" data-mrf-link=\"https:\/\/elpais.com\/internacional\/2025-09-08\/el-gobierno-trump-lanza-una-gran-operacion-de-redadas-antiinmigrante-en-chicago.html\">como Chicago<\/a>, especialmente amenazada; Baltimore, San Francisco, Nueva Orleans o St. Louis.<\/p>\n<p class=\"\">La decisi\u00f3n de Trump se produce despu\u00e9s de varias jornadas de protestas frente a un centro de detenci\u00f3n del ICE en la ciudad, y que el republicano atribuye, entre otros, a la acci\u00f3n desestabilizadora y \u201cterrorista\u201d del movimiento Antifa, que su Administraci\u00f3n design\u00f3 recientemente como grupo terrorista. El tiroteo ocurrido esta semana en Dallas (Texas) contra un centro del ICE, con un inmigrante muerto y otros dos heridos, ha dado argumentos al republicano para endurecer su respuesta a las protestas.<\/p>\n<p class=\"\">El director del FBI, Kash Patel, comparti\u00f3 una foto de un cartucho de balas sin utilizar en el que se ve, escrito con tinta azul, el mensaje \u2018ANTI-ICE\u2019, asegurando que se hab\u00eda encontrado en el lugar de los hechos. Tras el suceso, Trump acus\u00f3 a los dem\u00f3cratas de alentar una respuesta contra las autoridades federales de inmigraci\u00f3n.<\/p>\n<p class=\"\">Es la primera vez, no obstante, que Trump defiende y menciona el uso de la \u201cfuerza total\u201d. Este viernes, el republicano hab\u00eda advertido de la situaci\u00f3n de \u201canarqu\u00eda\u201d que vive Portland por la presencia de \u201clocos\u201d que intentan quemar edificios, incluidas las sedes de organismos federales como la del ICE en Portland Sur.<\/p>\n<p class=\"\">En Portland, curiosamente, fue fundado el grupo Rose City Antifa, uno de los m\u00e1s conocidos del movimiento Antifa en la actualidad.<\/p>\n<p class=\"\">Estableciendo un paralelismo impl\u00edcito entre las ciudades en manos de los dem\u00f3cratas y la acci\u00f3n de los alborotadores, Trump critic\u00f3 a \u201cagitadores profesionales y anarquistas\u201d y advirti\u00f3 de que recurrir\u00eda al \u201cl\u00e1tigo\u201d para \u201cdevolver estas ciudades a su ser\u201d. \u201cEs un ejemplo peque\u00f1o, pero es el m\u00e1s violento. Esto se repite cada noche y lleva a\u00f1os haci\u00e9ndolo\u201d, lament\u00f3 el presidente, sin dar detalles.<\/p>\n<p class=\"\">Una ley federal de 1878, la Ley\u00a0<i>Posse Comitatus<\/i>, proh\u00edbe salvo excepciones muy concretas que un presidente autorice el uso de fuerzas militares como fuerzas de seguridad internas dentro del pa\u00eds. Hasta ahora se hab\u00eda empleado a la Guardia Nacional, que cuenta con equipo y medios militares, pero que act\u00faa generalmente como reserva y apoyo de las unidades militares convencionales, y que, hasta la segunda presidencia de Trump, sol\u00eda centrar su trabajo en la asistencia a la poblaci\u00f3n v\u00edctima de desastres naturales como huracanes o inundaciones.<\/p>\n","protected":false},"excerpt":{"rendered":"<p>&nbsp; &nbsp; La ciudad de Oreg\u00f3n es el cuarto centro urbano en manos dem\u00f3cratas que el mandatario militariza con la excusa de luchar contra el&hellip;<\/p>\n","protected":false},"author":99,"featured_media":536535,"comment_status":"open","ping_status":"open","sticky":false,"template":"","format":"standard","meta":{"footnotes":""},"categories":[24],"tags":[],"class_list":["post-536533","post","type-post","status-publish","format-standard","has-post-thumbnail","hentry","category-mundo"],"_links":{"self":[{"href":"https:\/\/diarioelpopular.com\/index.php\/wp-json\/wp\/v2\/posts\/536533","targetHints":{"allow":["GET"]}}],"collection":[{"href":"https:\/\/diarioelpopular.com\/index.php\/wp-json\/wp\/v2\/posts"}],"about":[{"href":"https:\/\/diarioelpopular.com\/index.php\/wp-json\/wp\/v2\/types\/post"}],"author":[{"embeddable":true,"href":"https:\/\/diarioelpopular.com\/index.php\/wp-json\/wp\/v2\/users\/99"}],"replies":[{"embeddable":true,"href":"https:\/\/diarioelpopular.com\/index.php\/wp-json\/wp\/v2\/comments?post=536533"}],"version-history":[{"count":1,"href":"https:\/\/diarioelpopular.com\/index.php\/wp-json\/wp\/v2\/posts\/536533\/revisions"}],"predecessor-version":[{"id":536536,"href":"https:\/\/diarioelpopular.com\/index.php\/wp-json\/wp\/v2\/posts\/536533\/revisions\/536536"}],"wp:featuredmedia":[{"embeddable":true,"href":"https:\/\/diarioelpopular.com\/index.php\/wp-json\/wp\/v2\/media\/536535"}],"wp:attachment":[{"href":"https:\/\/diarioelpopular.com\/index.php\/wp-json\/wp\/v2\/media?parent=536533"}],"wp:term":[{"taxonomy":"category","embeddable":true,"href":"https:\/\/diarioelpopular.com\/index.php\/wp-json\/wp\/v2\/categories?post=536533"},{"taxonomy":"post_tag","embeddable":true,"href":"https:\/\/diarioelpopular.com\/index.php\/wp-json\/wp\/v2\/tags?post=536533"}],"curies":[{"name":"wp","href":"https:\/\/api.w.org\/{rel}","templated":true}]}}