{"id":536549,"date":"2025-09-29T08:53:55","date_gmt":"2025-09-29T12:53:55","guid":{"rendered":"https:\/\/diarioelpopular.com\/?p=536549"},"modified":"2025-09-29T08:53:55","modified_gmt":"2025-09-29T12:53:55","slug":"deportados-por-trump-desaparecidos-en-las-carceles-de-bukele","status":"publish","type":"post","link":"https:\/\/diarioelpopular.com\/index.php\/2025\/09\/29\/deportados-por-trump-desaparecidos-en-las-carceles-de-bukele\/","title":{"rendered":"Deportados por Trump, desaparecidos en las c\u00e1rceles de Bukele"},"content":{"rendered":"<div id=\"attachment_536550\" style=\"width: 1210px\" class=\"wp-caption alignnone\"><img loading=\"lazy\" decoding=\"async\" aria-describedby=\"caption-attachment-536550\" class=\"wp-image-536550 size-custom-big-size\" src=\"https:\/\/diarioelpopular.com\/wp-content\/uploads\/2025\/09\/Screen-Shot-2025-09-29-at-8.53.06-AM-1200x681.png\" alt=\"\" width=\"1200\" height=\"681\" srcset=\"https:\/\/diarioelpopular.com\/wp-content\/uploads\/2025\/09\/Screen-Shot-2025-09-29-at-8.53.06-AM-1200x681.png 1200w, https:\/\/diarioelpopular.com\/wp-content\/uploads\/2025\/09\/Screen-Shot-2025-09-29-at-8.53.06-AM-300x170.png 300w, https:\/\/diarioelpopular.com\/wp-content\/uploads\/2025\/09\/Screen-Shot-2025-09-29-at-8.53.06-AM-768x436.png 768w, https:\/\/diarioelpopular.com\/wp-content\/uploads\/2025\/09\/Screen-Shot-2025-09-29-at-8.53.06-AM-636x361.png 636w, https:\/\/diarioelpopular.com\/wp-content\/uploads\/2025\/09\/Screen-Shot-2025-09-29-at-8.53.06-AM-129x73.png 129w, https:\/\/diarioelpopular.com\/wp-content\/uploads\/2025\/09\/Screen-Shot-2025-09-29-at-8.53.06-AM.png 1024w\" sizes=\"auto, (max-width: 1200px) 100vw, 1200px\" \/><p id=\"caption-attachment-536550\" class=\"wp-caption-text\">Jos\u00e9 Osm\u00edn Santos, Brandon Sigaran y William Mart\u00ednez, salvadore\u00f1os desaparecidos.<\/p><\/div>\n<p>&nbsp;<\/p>\n<ul>\n<li><em><strong>Los familiares de tres salvadore\u00f1os expulsados de Estados Unidos en los mismos vuelos que cientos de venezolanos acusados sin pruebas de ser pandilleros llevan seis meses sin informaci\u00f3n sobre ellos<\/strong><\/em><\/li>\n<\/ul>\n<p>&nbsp;<\/p>\n<p class=\"\">El \u00faltimo contacto de Sulma Santos con su hermano Jos\u00e9 Osm\u00edn fue el 9 de abril a trav\u00e9s de una llamada desde\u00a0<a title=\"https:\/\/elpais.com\/us\/migracion\/2025-09-26\/deportation-depot-como-florida-repite-la-receta-de-abusos-a-migrantes-de-alligator-alcatraz.html\" href=\"https:\/\/elpais.com\/us\/migracion\/2025-09-26\/deportation-depot-como-florida-repite-la-receta-de-abusos-a-migrantes-de-alligator-alcatraz.html\" target=\"_self\" rel=\"\" data-link-track-dtm=\"\" data-mrf-link=\"https:\/\/elpais.com\/us\/migracion\/2025-09-26\/deportation-depot-como-florida-repite-la-receta-de-abusos-a-migrantes-de-alligator-alcatraz.html\">el centro de detenci\u00f3n migratorio<\/a> en el Estado de Nueva York, donde llevaba un par de semanas. \u201cSulma, yo creo que me van a mover\u201d, me dice. \u2018Vamos a hablar r\u00e1pido, porque puede ser que no volvamos a hablar, porque no creo que me den otro derecho a llamada. Ya vamos camino a El Salvador. Diles all\u00e1, a la Jovelina, que me vayan a esperar alrededor de las doce del mediod\u00eda\u2019. \u2018S\u00ed\u2019, le dije, \u2018yo la voy a llamar y le voy a decir\u2019. Pero no terminamos de despedirnos porque la llamada se cort\u00f3\u201d, cuenta casi seis meses despu\u00e9s la hermana por videollamada desde su casa en el pueblo de Glen Cove, en Long Island (Nueva York).<\/p>\n<div id=\"elpais_gpt-MPU1\" class=\"pbs-a-c ad-loaded\" data-google-query-id=\"CKXj3aiA_o8DFTmBpgQdqgMNwQ\">El vuelo que supuestamente llevaba a Jos\u00e9 Osm\u00edn a El Salvador aterriz\u00f3 a los dos d\u00edas de esa conversaci\u00f3n fugaz, que Sulma repasa a diario como un cable que la conecta con el pasado. Su hermano era para ella un hombre de carne y hueso de 40 a\u00f1os y no un recuerdo o una esperanza como lo es ahora. Pero \u00e9l no sali\u00f3 a abrazar a Jovelina, la otra hermana que lo estaba esperando. Despu\u00e9s de ver c\u00f3mo sal\u00edan los deportados uno tras otro y c\u00f3mo los recib\u00edan sus familias aliviadas y sonrientes, a ella le dijeron que el nombre de su hermano estaba en aquella lista, que tambi\u00e9n inclu\u00eda un pu\u00f1ado de venezolanos\u00a0<a title=\"https:\/\/elpais.com\/us\/migracion\/2025-04-02\/ocho-puntos-equivale-a-ser-del-tren-de-aragua-la-arbitraria-guia-de-la-administracion-trump-para-perseguir-a-los-venezolanos.html\" href=\"https:\/\/elpais.com\/us\/migracion\/2025-04-02\/ocho-puntos-equivale-a-ser-del-tren-de-aragua-la-arbitraria-guia-de-la-administracion-trump-para-perseguir-a-los-venezolanos.html\" target=\"_self\" rel=\"\" data-link-track-dtm=\"\" data-mrf-link=\"https:\/\/elpais.com\/us\/migracion\/2025-04-02\/ocho-puntos-equivale-a-ser-del-tren-de-aragua-la-arbitraria-guia-de-la-administracion-trump-para-perseguir-a-los-venezolanos.html\">acusados sin pruebas de pertenecer a la pandilla del Tren de Aragua<\/a>. Pero estaba tachado. Nunca hab\u00eda abordado el avi\u00f3n, le dijeron. Cuando contactaron a las autoridades estadounidenses, por el contrario, aseguraban que Jos\u00e9 Osm\u00edn s\u00ed hab\u00eda sido deportado en ese vuelo. A partir de entonces, solo se han estrellado contra un muro de silencio.<\/div>\n<div data-google-query-id=\"CKXj3aiA_o8DFTmBpgQdqgMNwQ\">\n<p class=\"\">Ante el mutismo oficial,\u00a0<a title=\"https:\/\/elpais.com\/us\/migracion\/2025-05-06\/juanita-goebertus-hrw-las-deportaciones-a-el-salvador-cumplen-la-definicion-juridica-de-una-desaparicion-forzada.html\" href=\"https:\/\/elpais.com\/us\/migracion\/2025-05-06\/juanita-goebertus-hrw-las-deportaciones-a-el-salvador-cumplen-la-definicion-juridica-de-una-desaparicion-forzada.html\" target=\"_self\" rel=\"\" data-link-track-dtm=\"\" data-mrf-link=\"https:\/\/elpais.com\/us\/migracion\/2025-05-06\/juanita-goebertus-hrw-las-deportaciones-a-el-salvador-cumplen-la-definicion-juridica-de-una-desaparicion-forzada.html\">la definici\u00f3n de \u201cdesaparici\u00f3n forzada\u201d se asoma como la \u00fanica apta<\/a>\u00a0para describir lo sucedido. As\u00ed es como Naciones Unidas define ese t\u00e9rmino: \u201cCualquier privaci\u00f3n de libertad que sea obra de agentes del Estado o por personas o grupos de personas que act\u00faan con la autorizaci\u00f3n, el apoyo o la aquiescencia del Estado, seguida de la negativa a reconocer dicha privaci\u00f3n de libertad o del ocultamiento de la suerte o el paradero de la persona desaparecida\u201d. En consecuencia, el caso de Jos\u00e9 Osm\u00edn Santos, junto con los de Brandon Sigaran y William Mart\u00ednez \u2014tambi\u00e9n presuntamente deportados en\u00a0<a title=\"https:\/\/elpais.com\/us\/migracion\/2025-04-20\/ser-venezolano-ya-es-un-delito-el-terror-de-la-deportacion-de-238-migrantes-a-la-megacarcel-de-el-salvador.html\" href=\"https:\/\/elpais.com\/us\/migracion\/2025-04-20\/ser-venezolano-ya-es-un-delito-el-terror-de-la-deportacion-de-238-migrantes-a-la-megacarcel-de-el-salvador.html\" target=\"_self\" rel=\"\" data-link-track-dtm=\"\" data-mrf-link=\"https:\/\/elpais.com\/us\/migracion\/2025-04-20\/ser-venezolano-ya-es-un-delito-el-terror-de-la-deportacion-de-238-migrantes-a-la-megacarcel-de-el-salvador.html\">los vuelos que llevaron a m\u00e1s de 250 venezolanos<\/a>, acusados sin pruebas de ser pandilleros, a las celdas del Cecot, la infame c\u00e1rcel de m\u00e1xima seguridad del r\u00e9gimen de Nayib Bukele\u2014 han sido denunciados ante la Corte Interamericana de Derechos Humanos como tal.<\/p>\n<p>&nbsp;<\/p>\n<figure class=\"a_m a_m-h \">\n<p><div style=\"width: 424px\" class=\"wp-caption alignnone\"><img loading=\"lazy\" decoding=\"async\" class=\"_re lazyload a_m-h\" src=\"https:\/\/imagenes.elpais.com\/resizer\/v2\/AH4YT5EOFFEDBAJ5D6KBL6MNDQ.jpg?auth=e050d00597f3e234b2870f7b985083e803be1f9d2c24b168776bd7c074677023&amp;width=414\" sizes=\"auto, (min-width:1199px) 1155px,(min-width:1001px) calc(100vw - 44px),(min-width:768px) 767px, 100vw\" srcset=\"https:\/\/imagenes.elpais.com\/resizer\/v2\/AH4YT5EOFFEDBAJ5D6KBL6MNDQ.jpg?auth=e050d00597f3e234b2870f7b985083e803be1f9d2c24b168776bd7c074677023&amp;width=414 414w,https:\/\/imagenes.elpais.com\/resizer\/v2\/AH4YT5EOFFEDBAJ5D6KBL6MNDQ.jpg?auth=e050d00597f3e234b2870f7b985083e803be1f9d2c24b168776bd7c074677023&amp;width=828 640w,https:\/\/imagenes.elpais.com\/resizer\/v2\/AH4YT5EOFFEDBAJ5D6KBL6MNDQ.jpg?auth=e050d00597f3e234b2870f7b985083e803be1f9d2c24b168776bd7c074677023&amp;width=980 1000w,https:\/\/imagenes.elpais.com\/resizer\/v2\/AH4YT5EOFFEDBAJ5D6KBL6MNDQ.jpg?auth=e050d00597f3e234b2870f7b985083e803be1f9d2c24b168776bd7c074677023&amp;width=1960 1960w\" alt=\"\" width=\"414\" height=\"233\" \/><p class=\"wp-caption-text\">Jos\u00e9 Osm\u00edn Santos, en una foto sin datar proporcionada por la familia.<\/p><\/div><figcaption class=\"a_m_p\" aria-hidden=\"true\"><\/figcaption><\/figure>\n<p>&nbsp;<\/p>\n<p class=\"\">Por ahora, sin embargo, el silencio sigue reinando. Ninguno de los tres est\u00e1 acusado oficialmente de pertenecer a una pandilla, solamente constan sus \u00f3rdenes de deportaci\u00f3n en Estados Unidos. Las autoridades salvadore\u00f1as no contestaron las preguntas de EL PA\u00cdS sobre la situaci\u00f3n de los tres hombres. Y el abogado Kelvi Zambrano, que ha asumido los casos\u00a0<i>pro bono<\/i>\u00a0ante las instancias internacionales<i>,\u00a0<\/i>asegura que \u201ctodas las familias han iniciado los procesos de b\u00fasqueda, se han dirigido a todas las instituciones competentes del Estado, incluso han presentado el <i>habeas corpus<\/i>, el recurso id\u00f3neo para esta circunstancia, y en ning\u00fan momento se ha proporcionado informaci\u00f3n\u201d.<\/p>\n<p class=\"\">Lo que les queda a las familias, entonces, es aferrarse a los rumores y a la poca informaci\u00f3n que han podido recabar independientemente. La madre de William, que prefiere que su nombre no se use por miedo a las autoridades migratorias de Estados Unidos en este segundo mandato de Donald Trump, s\u00ed ha visto en fotos a su hijo de 21 a\u00f1os en los \u00faltimos seis meses, y aunque no tiene informaci\u00f3n oficial de su paradero o estado y no ha podido hablar con \u00e9l, est\u00e1 segura de que est\u00e1 en El Salvador.<\/p>\n<p class=\"\">En junio, el presidente Bukele comparti\u00f3 un video tras el regreso a Estados Unidos del salvadore\u00f1o deportado \u201cpor error\u201d\u00a0<a title=\"https:\/\/elpais.com\/us\/migracion\/2025-06-07\/la-historia-de-kilmar-abrego-garcia-de-migrante-deportado-injustamente-a-peligroso-traficante-de-personas.html\" href=\"https:\/\/elpais.com\/us\/migracion\/2025-06-07\/la-historia-de-kilmar-abrego-garcia-de-migrante-deportado-injustamente-a-peligroso-traficante-de-personas.html\" target=\"_self\" rel=\"\" data-link-track-dtm=\"\" data-mrf-link=\"https:\/\/elpais.com\/us\/migracion\/2025-06-07\/la-historia-de-kilmar-abrego-garcia-de-migrante-deportado-injustamente-a-peligroso-traficante-de-personas.html\">Kilmar Abrego Garc\u00eda<\/a>, quien se ha convertido en s\u00edmbolo de la crueldad de la cruzada migratoria trumpista. En la secuencia de im\u00e1genes que pretende mostrar las buenas condiciones en las que estaba recluido en la c\u00e1rcel de Santa Ana, a la que fue trasladado tras la presi\u00f3n pol\u00edtica proveniente de la oposici\u00f3n estadounidense y que se enfoca en la rehabilitaci\u00f3n y reinserci\u00f3n de reos no condenados por delitos graves, tambi\u00e9n estaba William. Fue un rayo de esperanza.<\/p>\n<p class=\"\">La madre de William le escribi\u00f3 a la esposa de Abrego Garc\u00eda por TikTok. \u201cMe dijo que cuando hablara con Kilmar, me regresar\u00eda la llamada. Y as\u00ed fue. Me llam\u00f3 y me dijo que Kilmar dice que William est\u00e1 bien, que solo estuvieron 20 d\u00edas en el Cecot y los trasladaron para Santa Ana\u201d, cuenta desde su casa en Texas. De acuerdo a lo que explic\u00f3 Abrego Garc\u00eda, junto con los venezolanos enviados al Cecot hab\u00eda 23 salvadore\u00f1os, pero solo dos eran miembros activos de una pandilla. A los 21 restantes, los separaron y, de esos, se llevaron a seis, entre ellos Kilmar y William, a Santa Ana, pues los otros 15 ten\u00edan tatuajes.<\/p>\n<p class=\"\">Entre\u00a0<a title=\"https:\/\/elpais.com\/america\/2025-07-25\/el-infierno-del-modulo-8-de-la-megacarcel-de-nayib-bukele-nos-golpeaban-por-todo.html\" href=\"https:\/\/elpais.com\/america\/2025-07-25\/el-infierno-del-modulo-8-de-la-megacarcel-de-nayib-bukele-nos-golpeaban-por-todo.html\" target=\"_self\" rel=\"\" data-link-track-dtm=\"\" data-mrf-link=\"https:\/\/elpais.com\/america\/2025-07-25\/el-infierno-del-modulo-8-de-la-megacarcel-de-nayib-bukele-nos-golpeaban-por-todo.html\">estar en el Cecot<\/a>\u00a0y en Santa Ana hay un abismo. La madre de William respira aliviada desde que le contaron que su hijo estaba ah\u00ed y sabe que \u00e9l sale, le da el sol y trabaja en un taller de carpinter\u00eda o pintando escuelas. Hace unos d\u00edas a la t\u00eda de William le entr\u00f3 una llamada. Era otro preso con un recado: William est\u00e1 bien y quiere que est\u00e9n tranquilas. La llamada la hizo el compa\u00f1ero de William en una salida con un celular prestado, pues los reos no tienen contacto con sus familias y la gente les regala llamadas cuando pueden. Ahora, la madre de William espera cada d\u00eda que salte en su pantalla de celular un n\u00famero desconocido y que cuando conteste, la voz de su hijo suene del otro lado.<\/p>\n<p class=\"\">Se aferra a esa ilusi\u00f3n para mantener lejos la culpa que aparece cuando cuenta las circunstancias de la detenci\u00f3n de su hijo. Entonces, se le llenan los ojos de l\u00e1grimas y se le atasca la garganta. William lleg\u00f3 a Estados Unidos a reunirse con su madre hace unos siete a\u00f1os y entr\u00f3 a estudiar la secundaria, pero con 17 a\u00f1os abandon\u00f3 los estudios porque su novia estaba embarazada y \u00e9l se puso a trabajar para sacar adelante al ni\u00f1o, que ahora tiene cuatro a\u00f1os. Tambi\u00e9n ayudaba a su madre con las facturas de la casa.<\/p>\n<p>&nbsp;<\/p>\n<figure class=\"a_m a_m-h \">\n<p><div style=\"width: 424px\" class=\"wp-caption alignnone\"><img loading=\"lazy\" decoding=\"async\" class=\"_re lazyload a_m-h\" src=\"https:\/\/imagenes.elpais.com\/resizer\/v2\/ZW6EY7U3QBFQ3MDDMAWX4FAMIA.jpeg?auth=8f785187e7319632128a7bc86155ce2f5e16034f803a03412514cbeda89a09f0&amp;width=414\" sizes=\"auto, (min-width:1199px) 1155px,(min-width:1001px) calc(100vw - 44px),(min-width:768px) 767px, 100vw\" srcset=\"https:\/\/imagenes.elpais.com\/resizer\/v2\/ZW6EY7U3QBFQ3MDDMAWX4FAMIA.jpeg?auth=8f785187e7319632128a7bc86155ce2f5e16034f803a03412514cbeda89a09f0&amp;width=414 414w,https:\/\/imagenes.elpais.com\/resizer\/v2\/ZW6EY7U3QBFQ3MDDMAWX4FAMIA.jpeg?auth=8f785187e7319632128a7bc86155ce2f5e16034f803a03412514cbeda89a09f0&amp;width=828 640w,https:\/\/imagenes.elpais.com\/resizer\/v2\/ZW6EY7U3QBFQ3MDDMAWX4FAMIA.jpeg?auth=8f785187e7319632128a7bc86155ce2f5e16034f803a03412514cbeda89a09f0&amp;width=980 1000w,https:\/\/imagenes.elpais.com\/resizer\/v2\/ZW6EY7U3QBFQ3MDDMAWX4FAMIA.jpeg?auth=8f785187e7319632128a7bc86155ce2f5e16034f803a03412514cbeda89a09f0&amp;width=1960 1960w\" alt=\"\" width=\"414\" height=\"231\" \/><p class=\"wp-caption-text\">William Mart\u00ednez, el primero a la derecha, en una de las im\u00e1genes de detenidos en Santa Ana compartidas por Bukele en las que su madre lo reconoci\u00f3.<\/p><\/div><figcaption class=\"a_m_p\" aria-hidden=\"true\"><\/figcaption><\/figure>\n<p>&nbsp;<\/p>\n<p class=\"\">Pero una tarde del diciembre pasado, mientras estaba llevando a un amigo en su coche, fue detenido. El amigo, que era menor y ciudadano estadounidense, tra\u00eda una bolsa peque\u00f1a con droga. La madre cuenta que se la adjudicaron a William y en cuesti\u00f3n de d\u00edas estaba en El Salvador, deportado. Dos d\u00edas despu\u00e9s, ella se hab\u00eda gastado todos sus ahorros para que \u00e9l emprendiera\u00a0<a title=\"https:\/\/elpais.com\/us\/migracion\/2025-03-22\/trafico-de-personas-en-tiktok-los-coyotes-esquivan-a-trump-con-ofertas-en-la-red-social-china.html\" href=\"https:\/\/elpais.com\/us\/migracion\/2025-03-22\/trafico-de-personas-en-tiktok-los-coyotes-esquivan-a-trump-con-ofertas-en-la-red-social-china.html\" target=\"_self\" rel=\"\" data-link-track-dtm=\"\" data-mrf-link=\"https:\/\/elpais.com\/us\/migracion\/2025-03-22\/trafico-de-personas-en-tiktok-los-coyotes-esquivan-a-trump-con-ofertas-en-la-red-social-china.html\">el viaje de regreso con un coyote<\/a>, pero lo detuvieron en la frontera a mediados de diciembre. Pas\u00f3 varios meses en un centro migratorio, hasta que el 5 de marzo de este a\u00f1o accedi\u00f3 voluntariamente a su segunda deportaci\u00f3n.<\/p>\n<div id=\"elpais_gpt-MPU4\" class=\"pbs-a-c ad-loaded\" data-google-query-id=\"CPjbg8qA_o8DFYH6TwIdXGg9NQ\">\n<div id=\"google_ads_iframe_7811748\/elpais_us_web\/especiales\/migracion_7__container__\">La \u00faltima vez que hablaron, el 13 de marzo, dijo que ya lo iban a mandar a El Salvador. Pero tras un par de d\u00edas sin noticias, comenz\u00f3 la b\u00fasqueda desesperada en los dos pa\u00edses. En El Salvador, un amigo de la familia recorri\u00f3 oficinas y c\u00e1rceles preguntando por \u00e9l, pero no consigui\u00f3 nada. En Estados Unidos, su expediente en la base de datos de migraci\u00f3n hab\u00eda desaparecido, as\u00ed que la madre llam\u00f3 al \u00faltimo centro de detenci\u00f3n donde estuvo. Contest\u00f3 una mujer. \u201cNos dijo que hab\u00eda salido en un avi\u00f3n err\u00f3neamente donde hab\u00eda muchas personas que se hab\u00edan ido injustamente, pero que la verdad no pod\u00eda decirme m\u00e1s\u201d.<\/div>\n<\/div>\n<p class=\"\">El periplo de Brandon Sigaran, de 22 a\u00f1os, empez\u00f3 mucho antes. En febrero de 2024, cuando sal\u00eda a trabajar de madrugada con su hermano mayor, los detuvo la polic\u00eda. Los agentes se dirigieron directamente a \u00e9l y lo sacaron; a su hermano lo dejaron libre. Pas\u00f3 un poco m\u00e1s de un mes antes de que la familia supiera de su paradero, cuando por fin llam\u00f3 desde el centro de detenci\u00f3n Bluebonnet, cerca de Dallas. Cont\u00f3 que estaba acusado de cruzar ilegalmente la frontera y de pertenecer a una pandilla, algo que \u00e9l siempre ha negado.<\/p>\n<p class=\"\">Entonces, comenzaron los procesos judiciales en los que su familia gast\u00f3 25.000 d\u00f3lares y por los que tuvo que empe\u00f1ar sus camionetas. Con ese dinero, contrataron a tres abogados que no pudieron hacer nada, a pesar de demostrar que Brandon hab\u00eda llegado con nueve a\u00f1os a Estados Unidos, huyendo precisamente del reclutamiento de las pandillas que por ese entonces ten\u00edan a El Salvador sometido a un r\u00e9gimen de terror. Tambi\u00e9n proporcionaron cartas de las directoras de las escuelas donde hab\u00eda estudiado Brandon diciendo que era un chico bueno y honesto. Pero cada juez desestimaba los argumentos, y la orden de deportaci\u00f3n se volv\u00eda inevitable.<\/p>\n<p class=\"\">\u201cLa \u00faltima vez que lo vimos fue en septiembre, hace un a\u00f1o exacto\u201d, cuenta Karla Sigaran, madrastra de Brandon. \u201cMi hijo sufre de una enfermedad que le salen bolas en la piel, y si no le dan la medicina, esas bolas se explotan. Le pregunt\u00e9 si se la estaban dando y \u00e9l solo agachaba la cabeza. Para octubre, estaba desesperado y deprimido y listo para firmar su deportaci\u00f3n\u201d.<\/p>\n<p>&nbsp;<\/p>\n<figure class=\"a_m a_m-h \">\n<p><div style=\"width: 424px\" class=\"wp-caption alignnone\"><img loading=\"lazy\" decoding=\"async\" class=\"_re lazyload a_m-h\" src=\"https:\/\/imagenes.elpais.com\/resizer\/v2\/FD56ILVNLBAKBG2KONJNY4AHYY.jpg?auth=9309bd66232ac20e6212bb66755a74527193a40f072bdab67c81a144eafb4471&amp;width=414\" sizes=\"auto, (min-width:1199px) 1155px,(min-width:1001px) calc(100vw - 44px),(min-width:768px) 767px, 100vw\" srcset=\"https:\/\/imagenes.elpais.com\/resizer\/v2\/FD56ILVNLBAKBG2KONJNY4AHYY.jpg?auth=9309bd66232ac20e6212bb66755a74527193a40f072bdab67c81a144eafb4471&amp;width=414 414w,https:\/\/imagenes.elpais.com\/resizer\/v2\/FD56ILVNLBAKBG2KONJNY4AHYY.jpg?auth=9309bd66232ac20e6212bb66755a74527193a40f072bdab67c81a144eafb4471&amp;width=828 640w,https:\/\/imagenes.elpais.com\/resizer\/v2\/FD56ILVNLBAKBG2KONJNY4AHYY.jpg?auth=9309bd66232ac20e6212bb66755a74527193a40f072bdab67c81a144eafb4471&amp;width=980 1000w,https:\/\/imagenes.elpais.com\/resizer\/v2\/FD56ILVNLBAKBG2KONJNY4AHYY.jpg?auth=9309bd66232ac20e6212bb66755a74527193a40f072bdab67c81a144eafb4471&amp;width=1960 1960w\" alt=\"\" width=\"414\" height=\"233\" \/><p class=\"wp-caption-text\">La familia Sigaran, con Brandon y su madrastra a la derecha.<\/p><\/div><figcaption class=\"a_m_p\" aria-hidden=\"true\"><\/figcaption><\/figure>\n<p>&nbsp;<\/p>\n<p class=\"\">El 13 de marzo, Brandon llam\u00f3 a su familia y anunci\u00f3 que por fin hab\u00eda llegado el momento. A esas alturas, regresar a El Salvador era un alivio dif\u00edcil de explicar. El juez con el que firm\u00f3 la deportaci\u00f3n le dijo que, como \u00e9l no hab\u00eda cometido ning\u00fan delito, cuando llegara, ser\u00eda puesto en libertad. Pero nunca sucedi\u00f3.<\/p>\n<p class=\"\">Frente a la falta de informaci\u00f3n a partir de ese d\u00eda de marzo, la familia tambi\u00e9n contrat\u00f3 una abogada en El Salvador, quien acudi\u00f3 a oficinas gubernamentales y a morgues, sin encontrar respuestas. Hasta que un d\u00eda de mayo logr\u00f3 confirmar que estaba en el Cecot. \u201cPero nos dijo que no pod\u00eda seguir con el caso. Que lo sent\u00eda mucho, pero que ella no pod\u00eda llevar ese caso porque iba a pelear en contra del Gobierno\u201d, cuenta Karla.<\/p>\n<p class=\"\">Unos d\u00edas m\u00e1s tarde, la Cruz Roja llam\u00f3 a la familia. Ellos tambi\u00e9n hab\u00edan logrado confirmar que Brandon estaba en el Cecot, pero que no hab\u00eda nada que hacer, pues \u00e9l hac\u00eda parte de un canje con el Gobierno de Estados Unidos. \u201cNo ten\u00eda nada de sentido una cosa con la otra\u201d, recuerda a\u00fan desesperada Karla.<\/p>\n<p class=\"\">Brandon tiene tres tatuajes. Uno de ellos es la palabra\u00a0<i>bullet<\/i>\u00a0\u2014bala, en ingl\u00e9s\u2014, el nombre de su antiguo perro. Desafortunadamente para Brandon, tambi\u00e9n es el alias de un reconocido pandillero salvadore\u00f1o, y\u00a0<a title=\"https:\/\/elpais.com\/us\/migracion\/2025-03-19\/un-tatuaje-una-oreja-o-el-cuello-madres-venezolanas-reconocen-en-fotos-a-sus-hijos-enviados-como-criminales-a-el-salvador.html\" href=\"https:\/\/elpais.com\/us\/migracion\/2025-03-19\/un-tatuaje-una-oreja-o-el-cuello-madres-venezolanas-reconocen-en-fotos-a-sus-hijos-enviados-como-criminales-a-el-salvador.html\" target=\"_self\" rel=\"\" data-link-track-dtm=\"\" data-mrf-link=\"https:\/\/elpais.com\/us\/migracion\/2025-03-19\/un-tatuaje-una-oreja-o-el-cuello-madres-venezolanas-reconocen-en-fotos-a-sus-hijos-enviados-como-criminales-a-el-salvador.html\">todo apunta a que esas seis letras han sido su condena.<\/a><\/p>\n<p class=\"\">Karla confirm\u00f3 que su hijo vol\u00f3 en el mismo vuelo que los venezolanos deportados a mediados de marzo. As\u00ed se lo contaron dos de ellos que fueron regresados a Venezuela. Sin embargo, le contaron que apenas llegaron al Cecot, los separaron y no lo volvieron a ver.<\/p>\n<p class=\"\">A Jos\u00e9 Osm\u00edn, que presuntamente vol\u00f3 a El Salvador en abril, con un grupo mucho m\u00e1s peque\u00f1o de deportados, nadie ha confirmado haberlo visto desde la ma\u00f1ana de finales de marzo, cuando lo detuvieron a escasos metros de la puerta de su casa, de camino a la estaci\u00f3n de tren para comenzar el largo viaje a Manhattan. Trabajaba en la Quinta Avenida como alba\u00f1il y reparador para varias tiendas de lujo, pero ese d\u00eda no lleg\u00f3.<\/p>\n<p class=\"\">Sus hermanos, en Estados Unidos, El Salvador y Suecia, han agotado todas las instancias pero siguen sin saber realmente d\u00f3nde est\u00e1. A estas alturas asumen que el silencio sepulcral de las autoridades significa que est\u00e1 en el Cecot.<\/p>\n<p class=\"\">De acuerdo a la versi\u00f3n que le dio Kilmar Abrego Garc\u00eda a la madre de William, hay otros 17 salvadore\u00f1os en la misma situaci\u00f3n. Aunque por ahora solo se han denunciado estos tres como desapariciones forzadas. Jos\u00e9 Osm\u00edn cumple a\u00f1os el pr\u00f3ximo 3 de octubre, pero ni \u00e9l ni sus seres queridos van a celebrar. Ante el vac\u00edo de informaci\u00f3n, el desasosiego se asienta en la cabeza y en el pecho de los familiares. Y el peor de los pensamientos nunca se va.<\/p>\n<div id=\"elpais_gpt-MPU8\" class=\"pbs-a-c ad-loaded\" data-google-query-id=\"COXn-82A_o8DFTy7pgQdLpMvoQ\"><\/div>\n<\/div>\n","protected":false},"excerpt":{"rendered":"<p>&nbsp; Los familiares de tres salvadore\u00f1os expulsados de Estados Unidos en los mismos vuelos que cientos de venezolanos acusados sin pruebas de ser pandilleros llevan&hellip;<\/p>\n","protected":false},"author":99,"featured_media":536550,"comment_status":"open","ping_status":"open","sticky":false,"template":"","format":"standard","meta":{"footnotes":""},"categories":[23,11354],"tags":[],"class_list":["post-536549","post","type-post","status-publish","format-standard","has-post-thumbnail","hentry","category-latinoamerica","category-sucesos"],"_links":{"self":[{"href":"https:\/\/diarioelpopular.com\/index.php\/wp-json\/wp\/v2\/posts\/536549","targetHints":{"allow":["GET"]}}],"collection":[{"href":"https:\/\/diarioelpopular.com\/index.php\/wp-json\/wp\/v2\/posts"}],"about":[{"href":"https:\/\/diarioelpopular.com\/index.php\/wp-json\/wp\/v2\/types\/post"}],"author":[{"embeddable":true,"href":"https:\/\/diarioelpopular.com\/index.php\/wp-json\/wp\/v2\/users\/99"}],"replies":[{"embeddable":true,"href":"https:\/\/diarioelpopular.com\/index.php\/wp-json\/wp\/v2\/comments?post=536549"}],"version-history":[{"count":1,"href":"https:\/\/diarioelpopular.com\/index.php\/wp-json\/wp\/v2\/posts\/536549\/revisions"}],"predecessor-version":[{"id":536551,"href":"https:\/\/diarioelpopular.com\/index.php\/wp-json\/wp\/v2\/posts\/536549\/revisions\/536551"}],"wp:featuredmedia":[{"embeddable":true,"href":"https:\/\/diarioelpopular.com\/index.php\/wp-json\/wp\/v2\/media\/536550"}],"wp:attachment":[{"href":"https:\/\/diarioelpopular.com\/index.php\/wp-json\/wp\/v2\/media?parent=536549"}],"wp:term":[{"taxonomy":"category","embeddable":true,"href":"https:\/\/diarioelpopular.com\/index.php\/wp-json\/wp\/v2\/categories?post=536549"},{"taxonomy":"post_tag","embeddable":true,"href":"https:\/\/diarioelpopular.com\/index.php\/wp-json\/wp\/v2\/tags?post=536549"}],"curies":[{"name":"wp","href":"https:\/\/api.w.org\/{rel}","templated":true}]}}