{"id":536598,"date":"2025-09-30T09:21:56","date_gmt":"2025-09-30T13:21:56","guid":{"rendered":"https:\/\/diarioelpopular.com\/?p=536598"},"modified":"2025-09-30T09:21:56","modified_gmt":"2025-09-30T13:21:56","slug":"buscar-desaparecidos-en-medio-de-la-guerra-de-sinaloa","status":"publish","type":"post","link":"https:\/\/diarioelpopular.com\/index.php\/2025\/09\/30\/buscar-desaparecidos-en-medio-de-la-guerra-de-sinaloa\/","title":{"rendered":"Buscar desaparecidos en medio de la guerra de Sinaloa"},"content":{"rendered":"<div id=\"attachment_536599\" style=\"width: 1210px\" class=\"wp-caption alignnone\"><img loading=\"lazy\" decoding=\"async\" aria-describedby=\"caption-attachment-536599\" class=\"wp-image-536599 size-custom-big-size\" src=\"https:\/\/diarioelpopular.com\/wp-content\/uploads\/2025\/09\/Screen-Shot-2025-09-30-at-9.20.52-AM-1200x798.png\" alt=\"\" width=\"1200\" height=\"798\" srcset=\"https:\/\/diarioelpopular.com\/wp-content\/uploads\/2025\/09\/Screen-Shot-2025-09-30-at-9.20.52-AM-1200x798.png 1200w, https:\/\/diarioelpopular.com\/wp-content\/uploads\/2025\/09\/Screen-Shot-2025-09-30-at-9.20.52-AM-300x199.png 300w, https:\/\/diarioelpopular.com\/wp-content\/uploads\/2025\/09\/Screen-Shot-2025-09-30-at-9.20.52-AM-768x511.png 768w, https:\/\/diarioelpopular.com\/wp-content\/uploads\/2025\/09\/Screen-Shot-2025-09-30-at-9.20.52-AM-1536x1021.png 1536w, https:\/\/diarioelpopular.com\/wp-content\/uploads\/2025\/09\/Screen-Shot-2025-09-30-at-9.20.52-AM-636x423.png 636w, https:\/\/diarioelpopular.com\/wp-content\/uploads\/2025\/09\/Screen-Shot-2025-09-30-at-9.20.52-AM-110x73.png 110w, https:\/\/diarioelpopular.com\/wp-content\/uploads\/2025\/09\/Screen-Shot-2025-09-30-at-9.20.52-AM.png 1024w\" sizes=\"auto, (max-width: 1200px) 100vw, 1200px\" \/><p id=\"caption-attachment-536599\" class=\"wp-caption-text\">Baldosas de personas desaparecidas en Culiac\u00e1n, el 2 de septiembre. Foto M\u00f3nica Gonz\u00e1lez Islas<\/p><\/div>\n<p>&nbsp;<\/p>\n<p>&nbsp;<\/p>\n<h4><em>&#8211; El fuego cruzado entre la facci\u00f3n de los hijos de El Chapo y los herederos de El Mayo ha generado un pico de desapariciones en el \u00faltimo a\u00f1o con un patr\u00f3n dominante: hombre, de hasta 40 a\u00f1os y de Culiac\u00e1n<\/em><\/h4>\n<p>&nbsp;<\/p>\n<p class=\"\">&#8211; \u2014Porque, al final, mi mam\u00e1 va a ir con usted para pedirle que vaya a buscarme.<\/p>\n<p class=\"\">Esta fue una breve conversaci\u00f3n de un sicario con la se\u00f1ora Reynalda Pulido, una mujer que en el \u00faltimo a\u00f1o ha llegado a localizar m\u00e1s de 40 cuerpos y restos de personas en Sinaloa, tratando de encontrar a su hijo Javier Ernesto V\u00e9lez Pulido, desaparecido el 8 de diciembre de 2020, un caso que apunta directo a la Polic\u00eda Municipal de Culiac\u00e1n.<\/p>\n<p class=\"\">\u201cLa diferencia es que ahora los sicarios nos ven y mejor se hacen a un lado. Como que saben que ese es su final\u201d, menciona Pulido como si intentara describir de qu\u00e9 manera podr\u00eda terminar la guerra en Sinaloa, la que libran Iv\u00e1n y Alfredo Guzm\u00e1n, hijos de Joaqu\u00edn Guzm\u00e1n Loera, \u201cEl Chapo\u201d, e Ismael Zambada Sicairos, hijo de\u00a0<a title=\"https:\/\/elpais.com\/mexico\/2025-07-25\/el-mayo-zambada-la-caida-del-lider-en-la-sombra-del-cartel-de-sinaloa-que-desato-la-guerra.html\" href=\"https:\/\/elpais.com\/mexico\/2025-07-25\/el-mayo-zambada-la-caida-del-lider-en-la-sombra-del-cartel-de-sinaloa-que-desato-la-guerra.html\" target=\"_self\" rel=\"\" data-link-track-dtm=\"\" data-mrf-link=\"https:\/\/elpais.com\/mexico\/2025-07-25\/el-mayo-zambada-la-caida-del-lider-en-la-sombra-del-cartel-de-sinaloa-que-desato-la-guerra.html\">Ismael Zambada Garc\u00eda, \u201cEl Mayo\u201d<\/a>.<\/p>\n<p class=\"\">Era 2 de abril y ella iba hacia El Pozo, un poblado desolado despu\u00e9s de que el cartel usara drones para tirar explosivos dej\u00e1ndolos caer directamente hacia las casas al azar, mientras sus vecinos corr\u00edan para esconderse en el monte o en otras viviendas. Le dijeron que ah\u00ed encontrar\u00eda al menos una veintena de cuerpos, algunos hasta en fosas. No encontr\u00f3 nada m\u00e1s que al sicario, haciendo de Caronte a la orilla del pueblo que se convirti\u00f3 en los vestigios que retratan el conflicto.<\/p>\n<p class=\"\">-\u201cSi est\u00e1 buscando cuerpos, mejor ya v\u00e1yase, porque los que dejaron, me los encargaron. Me dijeron que los enterrara y no le puedo decir d\u00f3nde, porque si no, sigo yo\u201d, le dijo el hombre a Reynalda.<\/p>\n<p class=\"\">-Por lo menos d\u00e9jame hacer unas fotos.<\/p>\n<p class=\"\">El Pozo es un pueblo \u00e1rido, que vive del ganado, un poco de siembra, con el r\u00edo Tamazula cerca. Por eso, desde hace unos a\u00f1os se llen\u00f3 de laboratorios para producir metanfetamina. Esa droga necesita de afluentes para poder enfriar los contenedores y, de paso, ser el vertedero de los qu\u00edmicos que sobran.<\/p>\n<p class=\"\">La gente de ah\u00ed se convirti\u00f3 en espectadora y poco a poco tambi\u00e9n en v\u00edctima, rodeada de hombres armados, algunos m\u00e1s reclutados para producir la droga y otros tantos enterrados tras morir intoxicados o asesinados.<\/p>\n<p class=\"\">En El Pozo, solo quedaron casas incendiadas, otras con las fachadas destruidas con balas, con cercas de corrales abiertas para dejar ir al ganado y que no se muriera de hambre, o con bombas enterradas en el piso porque no explotaron de inmediato cuando las lanzaron desde el aire.<\/p>\n<p class=\"\">Reynalda se fue de El Pozo, ya no pudo volver, pero dice tener una deuda con las m\u00e1s de 200 familias que se han unido a su colectivo Madres en Lucha durante la\u00a0<a title=\"https:\/\/elpais.com\/mexico\/2024-09-14\/la-vida-se-detiene-en-sinaloa-en-plena-guerra-entre-el-mayo-y-los-chapitos.html\" href=\"https:\/\/elpais.com\/mexico\/2024-09-14\/la-vida-se-detiene-en-sinaloa-en-plena-guerra-entre-el-mayo-y-los-chapitos.html\" target=\"_self\" rel=\"\" data-link-track-dtm=\"\" data-mrf-link=\"https:\/\/elpais.com\/mexico\/2024-09-14\/la-vida-se-detiene-en-sinaloa-en-plena-guerra-entre-el-mayo-y-los-chapitos.html\">confrontaci\u00f3n interna del cartel<\/a>. Todas son v\u00edctimas del mismo conflicto.<\/p>\n<p>&nbsp;<\/p>\n<figure class=\"a_m a_m-h \">\n<p><div style=\"width: 424px\" class=\"wp-caption alignnone\"><img loading=\"lazy\" decoding=\"async\" class=\"_re lazyload a_m-h\" src=\"https:\/\/imagenes.elpais.com\/resizer\/v2\/2MPIFY7LEJEQHFWDPG7ZZ3Q5LA.jpg?auth=c972b4a02de9c9f4dd3e4cd2f84a45d937b75e7729a32401a744ef4c95995a85&amp;width=414\" sizes=\"auto, (min-width:1199px) 1155px,(min-width:1001px) calc(100vw - 44px),(min-width:768px) 767px, 100vw\" srcset=\"https:\/\/imagenes.elpais.com\/resizer\/v2\/2MPIFY7LEJEQHFWDPG7ZZ3Q5LA.jpg?auth=c972b4a02de9c9f4dd3e4cd2f84a45d937b75e7729a32401a744ef4c95995a85&amp;width=414 414w,https:\/\/imagenes.elpais.com\/resizer\/v2\/2MPIFY7LEJEQHFWDPG7ZZ3Q5LA.jpg?auth=c972b4a02de9c9f4dd3e4cd2f84a45d937b75e7729a32401a744ef4c95995a85&amp;width=828 640w,https:\/\/imagenes.elpais.com\/resizer\/v2\/2MPIFY7LEJEQHFWDPG7ZZ3Q5LA.jpg?auth=c972b4a02de9c9f4dd3e4cd2f84a45d937b75e7729a32401a744ef4c95995a85&amp;width=980 1000w,https:\/\/imagenes.elpais.com\/resizer\/v2\/2MPIFY7LEJEQHFWDPG7ZZ3Q5LA.jpg?auth=c972b4a02de9c9f4dd3e4cd2f84a45d937b75e7729a32401a744ef4c95995a85&amp;width=1960 1960w\" alt=\"\" width=\"414\" height=\"276\" \/><p class=\"wp-caption-text\">Protesta del colectivo Sabuesos Guerreras en la explanada del Palacio de Gobierno, el 9 de septiembre. Foto Jos\u00e9 Betanzos Z\u00e1rate (Cuartoscuro)<\/p><\/div><figcaption class=\"a_m_p\" aria-hidden=\"true\"><\/figcaption><\/figure>\n<h3 class=\"\">\u201cTodos los cuerpos eran recientes\u201d<\/h3>\n<p class=\"\">A Marisela le dijeron que Alejandro pod\u00eda estar en uno de los ranchos al norte de Mazatl\u00e1n. Ella busca a su hijo Ismael Alejandro Mart\u00ednez Carrizales, joven desaparecido el 12 de julio de 2020, cuando unos hombres armados lo bajaron de su carro y, frente a su novia, lo desaparecieron.<\/p>\n<p class=\"\">A la se\u00f1ora le hicieron llegar la informaci\u00f3n de manera an\u00f3nima, con mensajes de texto y coordenadas, pero luego de tres d\u00edas de rastrear entre maleza y basura, no pudo encontrar una sola pista que la llevara a su hijo.<\/p>\n<p class=\"\">\u201cNo estoy segura de que est\u00e9 entre los que encontramos, porque todos eran recientes\u201d, dice Marisela mientras hace un\u00a0<a title=\"https:\/\/elpais.com\/mexico\/2025-03-11\/la-esperanza-para-encontrar-a-miles-de-desaparecidos-en-mexico-cabe-en-la-palma-de-la-mano.html\" href=\"https:\/\/elpais.com\/mexico\/2025-03-11\/la-esperanza-para-encontrar-a-miles-de-desaparecidos-en-mexico-cabe-en-la-palma-de-la-mano.html\" target=\"_self\" rel=\"\" data-link-track-dtm=\"\" data-mrf-link=\"https:\/\/elpais.com\/mexico\/2025-03-11\/la-esperanza-para-encontrar-a-miles-de-desaparecidos-en-mexico-cabe-en-la-palma-de-la-mano.html\">recuento de los cuerpos y osamentas que ha podido hallar en un a\u00f1o<\/a>: \u201cSon 50 personas, unas en Miravalle, otras en Villa Verde, han sido en varios lugares, pero de todos ellos, solo a tres los han identificado porque dicen que no tienen genetista que pueda hacer las confrontas\u201d.<\/p>\n<p class=\"\">El \u00faltimo a\u00f1o, se\u00f1ala, se ha convertido en un ir y venir a parajes abandonados, resistiendo al calor y el silencio de las autoridades sobre la gran cantidad de hombres j\u00f3venes desaparecidos.<\/p>\n<p class=\"\">\u201cSon mano de obra y hemos querido que las autoridades nos lleven a la sierra, hacia Durango. Nos dijeron que all\u00e1 hay campamentos donde tienen a muchachos torturados, otros muertos y unos m\u00e1s trabajando. Es informaci\u00f3n que coincide con fotos que nos han ense\u00f1ado y con comentarios de polic\u00edas de investigaci\u00f3n, pero no hacen nada, solo se r\u00eden y se ponen a jugar con las v\u00edctimas\u201d, menciona la mujer.<\/p>\n<h3 class=\"\">La sombra del reclutamiento: hombres menores de 40 a\u00f1os<\/h3>\n<p class=\"\">De acuerdo con datos de la Fiscal\u00eda General de Sinaloa, hay un patr\u00f3n alarmante: la mayor\u00eda de las desapariciones durante el \u00faltimo a\u00f1o corresponden a\u00a0<a title=\"https:\/\/elpais.com\/mexico\/2025-05-14\/las-victimas-de-desapariciones-en-mexico-aumentan-entre-los-mas-jovenes.html\" href=\"https:\/\/elpais.com\/mexico\/2025-05-14\/las-victimas-de-desapariciones-en-mexico-aumentan-entre-los-mas-jovenes.html\" target=\"_self\" rel=\"\" data-link-track-dtm=\"\" data-mrf-link=\"https:\/\/elpais.com\/mexico\/2025-05-14\/las-victimas-de-desapariciones-en-mexico-aumentan-entre-los-mas-jovenes.html\">hombres j\u00f3venes, principalmente de entre 18 y 39 a\u00f1os<\/a>, con una fuerte concentraci\u00f3n en Culiac\u00e1n y un repunte in\u00e9dito a partir de septiembre de 2024.<\/p>\n<p class=\"\">En los registros revisados se puede ver que el 84% de las v\u00edctimas son hombres, mientras que las mujeres representan apenas el 15%. Tambi\u00e9n se documentaron casos de mujeres trans, aunque en una proporci\u00f3n m\u00ednima, \u00fanicamente dos casos.<\/p>\n<p class=\"\">La edad confirma la vulnerabilidad de la juventud: el 44% de los desaparecidos tiene entre 18 y 29 a\u00f1os, mientras que un 28% corresponde al rango de 30 a 39 a\u00f1os. En conjunto, casi tres de cada cuatro desapariciones afectan a personas menores de 40 a\u00f1os. La adolescencia concentra el 13% de los casos, mientras que los adultos mayores de 50 a\u00f1os no superan el 11%.<\/p>\n<p class=\"\">En el mapa estatal,\u00a0<a title=\"https:\/\/elpais.com\/mexico\/2025-07-24\/culiacan-la-ciudad-con-mas-miedo-de-mexico.html\" href=\"https:\/\/elpais.com\/mexico\/2025-07-24\/culiacan-la-ciudad-con-mas-miedo-de-mexico.html\" target=\"_self\" rel=\"\" data-link-track-dtm=\"\" data-mrf-link=\"https:\/\/elpais.com\/mexico\/2025-07-24\/culiacan-la-ciudad-con-mas-miedo-de-mexico.html\">Culiac\u00e1n, la capital de Sinaloa, concentra el 19% de los registros<\/a>, seguida de Mazatl\u00e1n (6%) y Ahome (4%). Otras localidades con casos significativos son la ciudad de Navolato (3%), Villa Ju\u00e1rez (2%) y Eldorado (2%). La distribuci\u00f3n muestra que las desapariciones se focalizan en los principales centros urbanos y sus alrededores. Al menos son sobre los que se tiene una denuncia.<\/p>\n<p class=\"\">El an\u00e1lisis exhibe un quiebre preocupante, ya que desde septiembre de 2024 se acumularon uno de cada seis casos registrados en el periodo, con un 12% del total hist\u00f3rico en un solo mes. En octubre, la cifra se mantuvo casi igual de alta. En contraste, julio y agosto pasados apenas alcanzaron alrededor del 3% cada uno.<\/p>\n<p class=\"\">Los datos dejan ver un patr\u00f3n importante: ser hombre, joven y\u00a0<a title=\"https:\/\/elpais.com\/mexico\/2025-05-20\/las-alianzas-de-las-facciones-del-cartel-de-sinaloa-anaden-mas-fuego-a-la-guerra-en-el-estado.html\" href=\"https:\/\/elpais.com\/mexico\/2025-05-20\/las-alianzas-de-las-facciones-del-cartel-de-sinaloa-anaden-mas-fuego-a-la-guerra-en-el-estado.html\" target=\"_blank\" rel=\"noopener noreferrer\" data-link-track-dtm=\"\" data-mrf-link=\"https:\/\/elpais.com\/mexico\/2025-05-20\/las-alianzas-de-las-facciones-del-cartel-de-sinaloa-anaden-mas-fuego-a-la-guerra-en-el-estado.html\">vivir en Culiac\u00e1n multiplica el riesgo de desaparecer en Sinaloa<\/a>.<\/p>\n<h3 class=\"\">Disparo en el cuello y a una fosa s\u00e9ptica<\/h3>\n<p class=\"\">Ramiro (un nombre ficticio por su seguridad) era un trabajador para una empresa de cable. \u00c9l y tres compa\u00f1eros deb\u00edan regresar de Mazatl\u00e1n, pero decidieron hacerlo sobre la carretera M\u00e9xico 15, la v\u00eda libre de cuotas de sur a norte. Pero fueron interceptados por un grupo de hombres armados a la altura de Tacuichamona, un pueblo al sur de Culiac\u00e1n.<\/p>\n<p class=\"\">Los interrogaron, pregunt\u00e1ndoles si pertenec\u00edan a \u201cla Chapiza\u201d, pero todos lo negaron. Los sicarios no les creyeron. Fueron desnudados a la fuerza y frente a ellos quemaron sus ropas. Luego les dieron un tiro a cada uno. A Ramiro le dieron en el cuello, pero logr\u00f3 sobrevivir. Cay\u00f3 desmayado.<\/p>\n<p class=\"\">Arrastraron sus cuerpos hacia una fosa s\u00e9ptica, al sur de Tacuichamona. Los fueron tirando al agua, algunos de ellos con piedras amarradas a sus pies.<\/p>\n<p class=\"\">Ramiro record\u00f3 que cuando cay\u00f3 al agua pudo sentir que fue amortiguado por otro cuerpo, uno de mujer, al menos eso cree porque ten\u00eda cabello largo. Ah\u00ed pas\u00f3 horas, no sabe bien cu\u00e1ntas, pero las suficientes para que quedara casi en la penumbra de la noche. Abri\u00f3 la compuerta y logr\u00f3 salir, empapado y cubierto de excremento, con sangre que a\u00fan sal\u00eda de su cuerpo.<\/p>\n<p class=\"\">Tom\u00f3 camino entre el monte hasta que se encontr\u00f3 con un hombre que lo resguard\u00f3 y lo llev\u00f3 hasta Culiac\u00e1n para que se curara.<\/p>\n<p>&nbsp;<\/p>\n<figure class=\"a_m a_m-h \">\n<p><div style=\"width: 424px\" class=\"wp-caption alignnone\"><img loading=\"lazy\" decoding=\"async\" class=\"_re lazyload a_m-h\" src=\"https:\/\/imagenes.elpais.com\/resizer\/v2\/QRQKZPYK6NCAZAYVEBG43GSQVM.jpg?auth=046c9862da268193cf529c4a2b15299f6bb0e934e5466492acdf0b97870ec96e&amp;width=414\" sizes=\"auto, (min-width:1199px) 1155px,(min-width:1001px) calc(100vw - 44px),(min-width:768px) 767px, 100vw\" srcset=\"https:\/\/imagenes.elpais.com\/resizer\/v2\/QRQKZPYK6NCAZAYVEBG43GSQVM.jpg?auth=046c9862da268193cf529c4a2b15299f6bb0e934e5466492acdf0b97870ec96e&amp;width=414 414w,https:\/\/imagenes.elpais.com\/resizer\/v2\/QRQKZPYK6NCAZAYVEBG43GSQVM.jpg?auth=046c9862da268193cf529c4a2b15299f6bb0e934e5466492acdf0b97870ec96e&amp;width=828 640w,https:\/\/imagenes.elpais.com\/resizer\/v2\/QRQKZPYK6NCAZAYVEBG43GSQVM.jpg?auth=046c9862da268193cf529c4a2b15299f6bb0e934e5466492acdf0b97870ec96e&amp;width=980 1000w,https:\/\/imagenes.elpais.com\/resizer\/v2\/QRQKZPYK6NCAZAYVEBG43GSQVM.jpg?auth=046c9862da268193cf529c4a2b15299f6bb0e934e5466492acdf0b97870ec96e&amp;width=1960 1960w\" alt=\"\" width=\"414\" height=\"276\" \/><p class=\"wp-caption-text\">Colectivo Sabuesos Guerreras en una b\u00fasqueda de personas en Sinaloa, en julio de 2025. Foto Sabuesos Guerreras A.C.<\/p><\/div><figcaption class=\"a_m_p\" aria-hidden=\"true\"><\/figcaption><\/figure>\n<p>&nbsp;<\/p>\n<p class=\"\">\u201cAl otro d\u00eda me lo trajo su hermano, porque quer\u00eda contarme que ah\u00ed estaban sus amigos, pedirme que fuera por ellos, porque no se merec\u00edan estar ah\u00ed\u201d, cuenta Mar\u00eda Isabel Cruz Bernal, fundadora del colectivo Sabuesos Guerreras y quien busca a Reyes Yosimar Garc\u00eda Cruz desde el 26 de enero de 2017, cuando un comando de hombres armados lo sac\u00f3 de su casa en la colonia Infonavit Humaya.<\/p>\n<p class=\"\">\u201cPero no pod\u00edamos ir nada m\u00e1s porque s\u00ed. De eso te estoy contando que pas\u00f3 hace unos meses y apenas que fuimos nos encontramos con un horror\u201d.<\/p>\n<p class=\"\">Mar\u00eda Isabel y su colectivo que aglutina a m\u00e1s de 800 familias con personas desaparecidas, logr\u00f3 que la Marina hiciera un operativo especial para acompa\u00f1arla a ella y a otras 15 mujeres.<\/p>\n<p class=\"\">Se bajaron de la camioneta y apenas abrieron la primera fosa s\u00e9ptica, ah\u00ed encontraron un cuerpo. Luego otra compuerta y un cr\u00e1neo. Se fueron a otra fosa y de ah\u00ed sacaron cabellos. Una m\u00e1s y m\u00e1s huesos. Abrieron una \u00faltima y ah\u00ed otro cad\u00e1ver. El olor era una combinaci\u00f3n entre aguas negras y muerte.<\/p>\n<p class=\"\">\u201cY tenemos que volver, meter m\u00e1quinas excluidoras porque estoy segura de que hay m\u00e1s cuerpos. Unos ten\u00edan piedras amarradas y a lo mejor siguen en el fondo\u201d, asegura la madre buscadora.<\/p>\n<p class=\"\">Ramiro se fue de Culiac\u00e1n, huy\u00f3 cargando con una cicatriz en el cuello, con el trauma y el dolor de haber sido quien sobrevivi\u00f3 para contarla.<\/p>\n<h3 class=\"\">Una crisis forense que inici\u00f3 en otra guerra<\/h3>\n<p class=\"\">La Comisi\u00f3n Estatal de B\u00fasqueda anunci\u00f3 en el mes de mayo que comenzar\u00eda con un trabajo may\u00fasculo, el de sacar los restos de personas enterradas en el pante\u00f3n 21 de marzo en Culiac\u00e1n. Ah\u00ed reposan los restos de 830 personas sin identificar,\u00a0<a title=\"https:\/\/elpais.com\/mexico\/2025-05-12\/del-culiacanazo-al-acuerdo-con-estados-unidos-el-periplo-criminal-de-ovidio-guzman.html\" href=\"https:\/\/elpais.com\/mexico\/2025-05-12\/del-culiacanazo-al-acuerdo-con-estados-unidos-el-periplo-criminal-de-ovidio-guzman.html\" target=\"_self\" rel=\"\" data-link-track-dtm=\"\" data-mrf-link=\"https:\/\/elpais.com\/mexico\/2025-05-12\/del-culiacanazo-al-acuerdo-con-estados-unidos-el-periplo-criminal-de-ovidio-guzman.html\">algunas de la guerra pasada<\/a>, desde 2006 hasta 2014, y otras de a\u00f1os m\u00e1s recientes, pero ya es un lugar saturado, no caben m\u00e1s cuerpos.<\/p>\n<p class=\"\">La dependencia estatal dur\u00f3 dos semanas trabajando en el camposanto y pudo sacar solo 11 cuerpos. Durante ese tiempo se suspendieron las b\u00fasquedas de los casos actuales, pero los colectivos decidieron ignorar y seguir rastreando.<\/p>\n<p>&nbsp;<\/p>\n<figure class=\"a_m a_m-h \">\n<p><div style=\"width: 424px\" class=\"wp-caption alignnone\"><img loading=\"lazy\" decoding=\"async\" class=\"_re lazyload a_m-h\" src=\"https:\/\/imagenes.elpais.com\/resizer\/v2\/EEET7DUGUNE47IION4F3YYFT7Q.jpg?auth=be91498684748248cbd2a06fa61b30356f5d0c8416090d5b57293e9f6d969547&amp;width=414\" sizes=\"auto, (min-width:1199px) 1155px,(min-width:1001px) calc(100vw - 44px),(min-width:768px) 767px, 100vw\" srcset=\"https:\/\/imagenes.elpais.com\/resizer\/v2\/EEET7DUGUNE47IION4F3YYFT7Q.jpg?auth=be91498684748248cbd2a06fa61b30356f5d0c8416090d5b57293e9f6d969547&amp;width=414 414w,https:\/\/imagenes.elpais.com\/resizer\/v2\/EEET7DUGUNE47IION4F3YYFT7Q.jpg?auth=be91498684748248cbd2a06fa61b30356f5d0c8416090d5b57293e9f6d969547&amp;width=828 640w,https:\/\/imagenes.elpais.com\/resizer\/v2\/EEET7DUGUNE47IION4F3YYFT7Q.jpg?auth=be91498684748248cbd2a06fa61b30356f5d0c8416090d5b57293e9f6d969547&amp;width=980 1000w,https:\/\/imagenes.elpais.com\/resizer\/v2\/EEET7DUGUNE47IION4F3YYFT7Q.jpg?auth=be91498684748248cbd2a06fa61b30356f5d0c8416090d5b57293e9f6d969547&amp;width=1960 1960w\" alt=\"\" width=\"414\" height=\"276\" \/><p class=\"wp-caption-text\">Recuperaci\u00f3n de cuerpos de la fosa com\u00fan del Pante\u00f3n 21 de Marzo, en Culiac\u00e1n, el 11 de julio. Foto Gobierno del Estado de Sinaloa<\/p><\/div><figcaption class=\"a_m_p\" aria-hidden=\"true\"><\/figcaption><\/figure>\n<p>&nbsp;<\/p>\n<p class=\"\">Los cuerpos que yacen en el pante\u00f3n 21 de marzo son la trama de una crisis forense que inici\u00f3 con la otra guerra, en la que los fiscales dejaron apilar los cuerpos en morgues y fosas comunes sin identificarlos. Eran demasiados, dicen m\u00e9dicos forenses entrevistados, tanto que tuvieron que pedir ayuda a funerarias para poder analizar los cuerpos en sus salas fr\u00edas.<\/p>\n<p class=\"\">La historia de aquella guerra es similar a esta. M\u00e9dicos forenses y peritos saturados, armando \u00e1lbumes de fotograf\u00edas muy crudas para mostrarlas a quienes llegan al Servicio M\u00e9dico Forense buscando familiares desaparecidos, intentando saber si fueron localizados muertos.<\/p>\n<p class=\"\">En este periodo de guerra han sido localizadas m\u00e1s de 200 personas que a la fecha no han sido identificadas. A las madres buscadoras les dicen que no hay genetista, pero es que ese equipo est\u00e1 ocupado trabajando en los casos del pasado.<\/p>\n","protected":false},"excerpt":{"rendered":"<p>&nbsp; &nbsp; &#8211; El fuego cruzado entre la facci\u00f3n de los hijos de El Chapo y los herederos de El Mayo ha generado un pico&hellip;<\/p>\n","protected":false},"author":99,"featured_media":536599,"comment_status":"open","ping_status":"open","sticky":false,"template":"","format":"standard","meta":{"footnotes":""},"categories":[23,11354],"tags":[],"class_list":["post-536598","post","type-post","status-publish","format-standard","has-post-thumbnail","hentry","category-latinoamerica","category-sucesos"],"_links":{"self":[{"href":"https:\/\/diarioelpopular.com\/index.php\/wp-json\/wp\/v2\/posts\/536598","targetHints":{"allow":["GET"]}}],"collection":[{"href":"https:\/\/diarioelpopular.com\/index.php\/wp-json\/wp\/v2\/posts"}],"about":[{"href":"https:\/\/diarioelpopular.com\/index.php\/wp-json\/wp\/v2\/types\/post"}],"author":[{"embeddable":true,"href":"https:\/\/diarioelpopular.com\/index.php\/wp-json\/wp\/v2\/users\/99"}],"replies":[{"embeddable":true,"href":"https:\/\/diarioelpopular.com\/index.php\/wp-json\/wp\/v2\/comments?post=536598"}],"version-history":[{"count":1,"href":"https:\/\/diarioelpopular.com\/index.php\/wp-json\/wp\/v2\/posts\/536598\/revisions"}],"predecessor-version":[{"id":536600,"href":"https:\/\/diarioelpopular.com\/index.php\/wp-json\/wp\/v2\/posts\/536598\/revisions\/536600"}],"wp:featuredmedia":[{"embeddable":true,"href":"https:\/\/diarioelpopular.com\/index.php\/wp-json\/wp\/v2\/media\/536599"}],"wp:attachment":[{"href":"https:\/\/diarioelpopular.com\/index.php\/wp-json\/wp\/v2\/media?parent=536598"}],"wp:term":[{"taxonomy":"category","embeddable":true,"href":"https:\/\/diarioelpopular.com\/index.php\/wp-json\/wp\/v2\/categories?post=536598"},{"taxonomy":"post_tag","embeddable":true,"href":"https:\/\/diarioelpopular.com\/index.php\/wp-json\/wp\/v2\/tags?post=536598"}],"curies":[{"name":"wp","href":"https:\/\/api.w.org\/{rel}","templated":true}]}}